{"id":395,"date":"2017-05-27T21:51:57","date_gmt":"2017-05-27T19:51:57","guid":{"rendered":"https:\/\/fatherheartfrance.com\/?p=395"},"modified":"2017-07-02T17:10:25","modified_gmt":"2017-07-02T15:10:25","slug":"groupe-de-maison-dimanche-matin-10h-midi","status":"publish","type":"post","link":"https:\/\/fatherheartfrance.com\/index.php\/2017\/05\/27\/groupe-de-maison-dimanche-matin-10h-midi\/","title":{"rendered":"Groupe de maison &#8211; Dimanche matin &#8211; 10h-Midi"},"content":{"rendered":"<p>Dimanche prochain le 09\/07, dernier dimanche avant la p\u00e9riode de cong\u00e9s, nous vous proposons de passer un moment FARNIENTE, SPORT et JEUX au lac de Revel ! VENEZ EN FAMILLE (chacun am\u00e8ne son repas &#8211; pensez au maillot de bain, cr\u00e8me solaire, lunettes, serviette, casquette &#8230;) .<br \/>\nRendez-vous \u00e0 10:00 \u00e0 la maison avec votre bonne humeur. Nous remplirons les voitures et partirons ensemble apr\u00e8s un court temps d&rsquo;adoration !<br \/>\nPassez une bonne semaine dans ses bras d&rsquo;amour \ud83d\ude42<\/p>\n<p><strong>P\u00e9riode de fermeture du groupe de maison du 15 Juillet au 15 Aout<\/strong><\/p>\n<p>&nbsp;<\/p>\n<p><strong>Nous aimerions vous inviter \u00e0 notre r\u00e9union hebdomadaire du dimanche matin<\/strong>, entre <strong>10h et midi<\/strong>, rue des aub\u00e9pines \u00e0 Saint Orens.<\/p>\n<p>C\u2019est un temps pour ceux qui cherchent \u00e0 <strong>vivre et approfondir la r\u00e9v\u00e9lation de l&rsquo;Amour du P\u00e8re<\/strong>.<br \/>\nNous esp\u00e9rons que ces rencontres nous donneront l&rsquo;occasion de d\u00e9velopper des relations et d&rsquo;exp\u00e9rimenter davantage l&rsquo;Amour de Notre P\u00e8re.<\/p>\n<p>Nous voulons que ces moments soient des temps pour nous encourager mutuellement sur notre chemin dans cette r\u00e9v\u00e9lation.<\/p>\n<p>Ces r\u00e9unions se d\u00e9roulent dans une ambiance d\u00e9contract\u00e9e avec un temps d\u2019\u00e9change, des t\u00e9moignages, des enseignements, des chants \u00ab\u00a0<strong><em>gospel<\/em><\/strong>\u00a0\u00bb et des temps de \u00ab\u00a0<strong><em>soaking<\/em><\/strong>\u00a0\u00bb.<\/p>\n<p>Elles sont ouvertes \u00e0 toutes les personnes qui ont faim de plus\u00a0!<\/p>\n<p><strong>\u00c0 bient\u00f4t\u00a0\u263a<\/strong><\/p>\n<p><em>Prenez contact pour l\u2019adresse exacte.<\/em><\/p>\n","protected":false},"excerpt":{"rendered":"<p>Dimanche prochain le 09\/07, dernier dimanche avant la p\u00e9riode de cong\u00e9s, nous vous proposons de passer un moment FARNIENTE, SPORT et JEUX au lac de Revel ! VENEZ EN FAMILLE (chacun am\u00e8ne son repas &#8211; pensez au maillot de bain, cr\u00e8me solaire, lunettes, serviette, casquette &#8230;) . Rendez-vous \u00e0 10:00 \u00e0 la maison avec votre <a class=\"more-link\" href=\"https:\/\/fatherheartfrance.com\/index.php\/2017\/05\/27\/groupe-de-maison-dimanche-matin-10h-midi\/\">Lire plus &#8230;<\/a><\/p>\n","protected":false},"author":3,"featured_media":396,"comment_status":"open","ping_status":"open","sticky":false,"template":"","format":"standard","meta":{"_crdt_document":"","_exactmetrics_skip_tracking":false,"_exactmetrics_sitenote_active":false,"_exactmetrics_sitenote_note":"","_exactmetrics_sitenote_category":0,"footnotes":""},"categories":[1],"tags":[],"class_list":["post-395","post","type-post","status-publish","format-standard","has-post-thumbnail","hentry","category-non-classe"],"yoast_head":"<!-- This site is optimized with the Yoast SEO plugin v27.5 - https:\/\/yoast.com\/product\/yoast-seo-wordpress\/ -->\n<title>Groupe de maison - Dimanche matin - 10h-Midi - Fatherheart - France<\/title>\n<meta name=\"robots\" content=\"index, follow, max-snippet:-1, max-image-preview:large, max-video-preview:-1\" \/>\n<link rel=\"canonical\" href=\"https:\/\/fatherheartfrance.com\/index.php\/2017\/05\/27\/groupe-de-maison-dimanche-matin-10h-midi\/\" \/>\n<meta property=\"og:locale\" content=\"fr_FR\" \/>\n<meta property=\"og:type\" content=\"article\" \/>\n<meta property=\"og:title\" content=\"Groupe de maison - Dimanche matin - 10h-Midi - Fatherheart - France\" \/>\n<meta property=\"og:description\" content=\"Dimanche prochain le 09\/07, dernier dimanche avant la p\u00e9riode de cong\u00e9s, nous vous proposons de passer un moment FARNIENTE, SPORT et JEUX au lac de Revel ! VENEZ EN FAMILLE (chacun am\u00e8ne son repas &#8211; pensez au maillot de bain, cr\u00e8me solaire, lunettes, serviette, casquette &#8230;) . Rendez-vous \u00e0 10:00 \u00e0 la maison avec votre Lire plus ...\" \/>\n<meta property=\"og:url\" content=\"https:\/\/fatherheartfrance.com\/index.php\/2017\/05\/27\/groupe-de-maison-dimanche-matin-10h-midi\/\" \/>\n<meta property=\"og:site_name\" content=\"Fatherheart - France\" \/>\n<meta property=\"article:publisher\" content=\"https:\/\/www.facebook.com\/ContactFHF\/\" \/>\n<meta property=\"article:published_time\" content=\"2017-05-27T19:51:57+00:00\" \/>\n<meta property=\"article:modified_time\" content=\"2017-07-02T15:10:25+00:00\" \/>\n<meta property=\"og:image\" content=\"https:\/\/fatherheartfrance.com\/wp-content\/uploads\/2017\/05\/family-2112266_1280.png\" \/>\n\t<meta property=\"og:image:width\" content=\"1280\" \/>\n\t<meta property=\"og:image:height\" content=\"640\" \/>\n\t<meta property=\"og:image:type\" content=\"image\/png\" \/>\n<meta name=\"author\" content=\"Fr\u00e9d\u00e9ric C\" \/>\n<meta name=\"twitter:card\" content=\"summary_large_image\" \/>\n<meta name=\"twitter:label1\" content=\"\u00c9crit par\" \/>\n\t<meta name=\"twitter:data1\" content=\"Fr\u00e9d\u00e9ric C\" \/>\n\t<meta name=\"twitter:label2\" content=\"Dur\u00e9e de lecture estim\u00e9e\" \/>\n\t<meta name=\"twitter:data2\" content=\"1 minute\" \/>\n<script type=\"application\/ld+json\" class=\"yoast-schema-graph\">{\"@context\":\"https:\\\/\\\/schema.org\",\"@graph\":[{\"@type\":\"Article\",\"@id\":\"https:\\\/\\\/fatherheartfrance.com\\\/index.php\\\/2017\\\/05\\\/27\\\/groupe-de-maison-dimanche-matin-10h-midi\\\/#article\",\"isPartOf\":{\"@id\":\"https:\\\/\\\/fatherheartfrance.com\\\/index.php\\\/2017\\\/05\\\/27\\\/groupe-de-maison-dimanche-matin-10h-midi\\\/\"},\"author\":{\"name\":\"Fr\u00e9d\u00e9ric C\",\"@id\":\"https:\\\/\\\/fatherheartfrance.com\\\/#\\\/schema\\\/person\\\/a980675cd50a6bb00fc1a61b57ba7420\"},\"headline\":\"Groupe de maison &#8211; Dimanche matin &#8211; 10h-Midi\",\"datePublished\":\"2017-05-27T19:51:57+00:00\",\"dateModified\":\"2017-07-02T15:10:25+00:00\",\"mainEntityOfPage\":{\"@id\":\"https:\\\/\\\/fatherheartfrance.com\\\/index.php\\\/2017\\\/05\\\/27\\\/groupe-de-maison-dimanche-matin-10h-midi\\\/\"},\"wordCount\":235,\"commentCount\":0,\"publisher\":{\"@id\":\"https:\\\/\\\/fatherheartfrance.com\\\/#organization\"},\"image\":{\"@id\":\"https:\\\/\\\/fatherheartfrance.com\\\/index.php\\\/2017\\\/05\\\/27\\\/groupe-de-maison-dimanche-matin-10h-midi\\\/#primaryimage\"},\"thumbnailUrl\":\"https:\\\/\\\/fatherheartfrance.com\\\/wp-content\\\/uploads\\\/2017\\\/05\\\/family-2112266_1280.png\",\"inLanguage\":\"fr-FR\",\"potentialAction\":[{\"@type\":\"CommentAction\",\"name\":\"Comment\",\"target\":[\"https:\\\/\\\/fatherheartfrance.com\\\/index.php\\\/2017\\\/05\\\/27\\\/groupe-de-maison-dimanche-matin-10h-midi\\\/#respond\"]}]},{\"@type\":\"WebPage\",\"@id\":\"https:\\\/\\\/fatherheartfrance.com\\\/index.php\\\/2017\\\/05\\\/27\\\/groupe-de-maison-dimanche-matin-10h-midi\\\/\",\"url\":\"https:\\\/\\\/fatherheartfrance.com\\\/index.php\\\/2017\\\/05\\\/27\\\/groupe-de-maison-dimanche-matin-10h-midi\\\/\",\"name\":\"Groupe de maison - Dimanche matin - 10h-Midi - Fatherheart - France\",\"isPartOf\":{\"@id\":\"https:\\\/\\\/fatherheartfrance.com\\\/#website\"},\"primaryImageOfPage\":{\"@id\":\"https:\\\/\\\/fatherheartfrance.com\\\/index.php\\\/2017\\\/05\\\/27\\\/groupe-de-maison-dimanche-matin-10h-midi\\\/#primaryimage\"},\"image\":{\"@id\":\"https:\\\/\\\/fatherheartfrance.com\\\/index.php\\\/2017\\\/05\\\/27\\\/groupe-de-maison-dimanche-matin-10h-midi\\\/#primaryimage\"},\"thumbnailUrl\":\"https:\\\/\\\/fatherheartfrance.com\\\/wp-content\\\/uploads\\\/2017\\\/05\\\/family-2112266_1280.png\",\"datePublished\":\"2017-05-27T19:51:57+00:00\",\"dateModified\":\"2017-07-02T15:10:25+00:00\",\"breadcrumb\":{\"@id\":\"https:\\\/\\\/fatherheartfrance.com\\\/index.php\\\/2017\\\/05\\\/27\\\/groupe-de-maison-dimanche-matin-10h-midi\\\/#breadcrumb\"},\"inLanguage\":\"fr-FR\",\"potentialAction\":[{\"@type\":\"ReadAction\",\"target\":[\"https:\\\/\\\/fatherheartfrance.com\\\/index.php\\\/2017\\\/05\\\/27\\\/groupe-de-maison-dimanche-matin-10h-midi\\\/\"]}]},{\"@type\":\"ImageObject\",\"inLanguage\":\"fr-FR\",\"@id\":\"https:\\\/\\\/fatherheartfrance.com\\\/index.php\\\/2017\\\/05\\\/27\\\/groupe-de-maison-dimanche-matin-10h-midi\\\/#primaryimage\",\"url\":\"https:\\\/\\\/fatherheartfrance.com\\\/wp-content\\\/uploads\\\/2017\\\/05\\\/family-2112266_1280.png\",\"contentUrl\":\"https:\\\/\\\/fatherheartfrance.com\\\/wp-content\\\/uploads\\\/2017\\\/05\\\/family-2112266_1280.png\",\"width\":1280,\"height\":640,\"caption\":\"Groupe Discussion\"},{\"@type\":\"BreadcrumbList\",\"@id\":\"https:\\\/\\\/fatherheartfrance.com\\\/index.php\\\/2017\\\/05\\\/27\\\/groupe-de-maison-dimanche-matin-10h-midi\\\/#breadcrumb\",\"itemListElement\":[{\"@type\":\"ListItem\",\"position\":1,\"name\":\"Accueil\",\"item\":\"https:\\\/\\\/fatherheartfrance.com\\\/\"},{\"@type\":\"ListItem\",\"position\":2,\"name\":\"Groupe de maison &#8211; Dimanche matin &#8211; 10h-Midi\"}]},{\"@type\":\"WebSite\",\"@id\":\"https:\\\/\\\/fatherheartfrance.com\\\/#website\",\"url\":\"https:\\\/\\\/fatherheartfrance.com\\\/\",\"name\":\"Fatherheart - France\",\"description\":\"Amour du P\u00e8re\",\"publisher\":{\"@id\":\"https:\\\/\\\/fatherheartfrance.com\\\/#organization\"},\"potentialAction\":[{\"@type\":\"SearchAction\",\"target\":{\"@type\":\"EntryPoint\",\"urlTemplate\":\"https:\\\/\\\/fatherheartfrance.com\\\/?s={search_term_string}\"},\"query-input\":{\"@type\":\"PropertyValueSpecification\",\"valueRequired\":true,\"valueName\":\"search_term_string\"}}],\"inLanguage\":\"fr-FR\"},{\"@type\":\"Organization\",\"@id\":\"https:\\\/\\\/fatherheartfrance.com\\\/#organization\",\"name\":\"fatherheartfrance\",\"url\":\"https:\\\/\\\/fatherheartfrance.com\\\/\",\"logo\":{\"@type\":\"ImageObject\",\"inLanguage\":\"fr-FR\",\"@id\":\"https:\\\/\\\/fatherheartfrance.com\\\/#\\\/schema\\\/logo\\\/image\\\/\",\"url\":\"https:\\\/\\\/fatherheartfrance.com\\\/wp-content\\\/uploads\\\/2017\\\/02\\\/logo-3-e1488034589841.png\",\"contentUrl\":\"https:\\\/\\\/fatherheartfrance.com\\\/wp-content\\\/uploads\\\/2017\\\/02\\\/logo-3-e1488034589841.png\",\"width\":300,\"height\":82,\"caption\":\"fatherheartfrance\"},\"image\":{\"@id\":\"https:\\\/\\\/fatherheartfrance.com\\\/#\\\/schema\\\/logo\\\/image\\\/\"},\"sameAs\":[\"https:\\\/\\\/www.facebook.com\\\/ContactFHF\\\/\"]},{\"@type\":\"Person\",\"@id\":\"https:\\\/\\\/fatherheartfrance.com\\\/#\\\/schema\\\/person\\\/a980675cd50a6bb00fc1a61b57ba7420\",\"name\":\"Fr\u00e9d\u00e9ric C\",\"image\":{\"@type\":\"ImageObject\",\"inLanguage\":\"fr-FR\",\"@id\":\"https:\\\/\\\/secure.gravatar.com\\\/avatar\\\/f847814b88f468c211776e97f3b93c066195167c83d3e8cb7e6ca0612f3757a8?s=96&d=mm&r=g\",\"url\":\"https:\\\/\\\/secure.gravatar.com\\\/avatar\\\/f847814b88f468c211776e97f3b93c066195167c83d3e8cb7e6ca0612f3757a8?s=96&d=mm&r=g\",\"contentUrl\":\"https:\\\/\\\/secure.gravatar.com\\\/avatar\\\/f847814b88f468c211776e97f3b93c066195167c83d3e8cb7e6ca0612f3757a8?s=96&d=mm&r=g\",\"caption\":\"Fr\u00e9d\u00e9ric C\"},\"url\":\"https:\\\/\\\/fatherheartfrance.com\\\/index.php\\\/author\\\/frederic\\\/\"}]}<\/script>\n<!-- \/ Yoast SEO plugin. -->","yoast_head_json":{"title":"Groupe de maison - Dimanche matin - 10h-Midi - Fatherheart - France","robots":{"index":"index","follow":"follow","max-snippet":"max-snippet:-1","max-image-preview":"max-image-preview:large","max-video-preview":"max-video-preview:-1"},"canonical":"https:\/\/fatherheartfrance.com\/index.php\/2017\/05\/27\/groupe-de-maison-dimanche-matin-10h-midi\/","og_locale":"fr_FR","og_type":"article","og_title":"Groupe de maison - Dimanche matin - 10h-Midi - Fatherheart - France","og_description":"Dimanche prochain le 09\/07, dernier dimanche avant la p\u00e9riode de cong\u00e9s, nous vous proposons de passer un moment FARNIENTE, SPORT et JEUX au lac de Revel ! VENEZ EN FAMILLE (chacun am\u00e8ne son repas &#8211; pensez au maillot de bain, cr\u00e8me solaire, lunettes, serviette, casquette &#8230;) . Rendez-vous \u00e0 10:00 \u00e0 la maison avec votre Lire plus ...","og_url":"https:\/\/fatherheartfrance.com\/index.php\/2017\/05\/27\/groupe-de-maison-dimanche-matin-10h-midi\/","og_site_name":"Fatherheart - France","article_publisher":"https:\/\/www.facebook.com\/ContactFHF\/","article_published_time":"2017-05-27T19:51:57+00:00","article_modified_time":"2017-07-02T15:10:25+00:00","og_image":[{"width":1280,"height":640,"url":"https:\/\/fatherheartfrance.com\/wp-content\/uploads\/2017\/05\/family-2112266_1280.png","type":"image\/png"}],"author":"Fr\u00e9d\u00e9ric C","twitter_card":"summary_large_image","twitter_misc":{"\u00c9crit par":"Fr\u00e9d\u00e9ric C","Dur\u00e9e de lecture estim\u00e9e":"1 minute"},"schema":{"@context":"https:\/\/schema.org","@graph":[{"@type":"Article","@id":"https:\/\/fatherheartfrance.com\/index.php\/2017\/05\/27\/groupe-de-maison-dimanche-matin-10h-midi\/#article","isPartOf":{"@id":"https:\/\/fatherheartfrance.com\/index.php\/2017\/05\/27\/groupe-de-maison-dimanche-matin-10h-midi\/"},"author":{"name":"Fr\u00e9d\u00e9ric C","@id":"https:\/\/fatherheartfrance.com\/#\/schema\/person\/a980675cd50a6bb00fc1a61b57ba7420"},"headline":"Groupe de maison &#8211; Dimanche matin &#8211; 10h-Midi","datePublished":"2017-05-27T19:51:57+00:00","dateModified":"2017-07-02T15:10:25+00:00","mainEntityOfPage":{"@id":"https:\/\/fatherheartfrance.com\/index.php\/2017\/05\/27\/groupe-de-maison-dimanche-matin-10h-midi\/"},"wordCount":235,"commentCount":0,"publisher":{"@id":"https:\/\/fatherheartfrance.com\/#organization"},"image":{"@id":"https:\/\/fatherheartfrance.com\/index.php\/2017\/05\/27\/groupe-de-maison-dimanche-matin-10h-midi\/#primaryimage"},"thumbnailUrl":"https:\/\/fatherheartfrance.com\/wp-content\/uploads\/2017\/05\/family-2112266_1280.png","inLanguage":"fr-FR","potentialAction":[{"@type":"CommentAction","name":"Comment","target":["https:\/\/fatherheartfrance.com\/index.php\/2017\/05\/27\/groupe-de-maison-dimanche-matin-10h-midi\/#respond"]}]},{"@type":"WebPage","@id":"https:\/\/fatherheartfrance.com\/index.php\/2017\/05\/27\/groupe-de-maison-dimanche-matin-10h-midi\/","url":"https:\/\/fatherheartfrance.com\/index.php\/2017\/05\/27\/groupe-de-maison-dimanche-matin-10h-midi\/","name":"Groupe de maison - Dimanche matin - 10h-Midi - Fatherheart - France","isPartOf":{"@id":"https:\/\/fatherheartfrance.com\/#website"},"primaryImageOfPage":{"@id":"https:\/\/fatherheartfrance.com\/index.php\/2017\/05\/27\/groupe-de-maison-dimanche-matin-10h-midi\/#primaryimage"},"image":{"@id":"https:\/\/fatherheartfrance.com\/index.php\/2017\/05\/27\/groupe-de-maison-dimanche-matin-10h-midi\/#primaryimage"},"thumbnailUrl":"https:\/\/fatherheartfrance.com\/wp-content\/uploads\/2017\/05\/family-2112266_1280.png","datePublished":"2017-05-27T19:51:57+00:00","dateModified":"2017-07-02T15:10:25+00:00","breadcrumb":{"@id":"https:\/\/fatherheartfrance.com\/index.php\/2017\/05\/27\/groupe-de-maison-dimanche-matin-10h-midi\/#breadcrumb"},"inLanguage":"fr-FR","potentialAction":[{"@type":"ReadAction","target":["https:\/\/fatherheartfrance.com\/index.php\/2017\/05\/27\/groupe-de-maison-dimanche-matin-10h-midi\/"]}]},{"@type":"ImageObject","inLanguage":"fr-FR","@id":"https:\/\/fatherheartfrance.com\/index.php\/2017\/05\/27\/groupe-de-maison-dimanche-matin-10h-midi\/#primaryimage","url":"https:\/\/fatherheartfrance.com\/wp-content\/uploads\/2017\/05\/family-2112266_1280.png","contentUrl":"https:\/\/fatherheartfrance.com\/wp-content\/uploads\/2017\/05\/family-2112266_1280.png","width":1280,"height":640,"caption":"Groupe Discussion"},{"@type":"BreadcrumbList","@id":"https:\/\/fatherheartfrance.com\/index.php\/2017\/05\/27\/groupe-de-maison-dimanche-matin-10h-midi\/#breadcrumb","itemListElement":[{"@type":"ListItem","position":1,"name":"Accueil","item":"https:\/\/fatherheartfrance.com\/"},{"@type":"ListItem","position":2,"name":"Groupe de maison &#8211; Dimanche matin &#8211; 10h-Midi"}]},{"@type":"WebSite","@id":"https:\/\/fatherheartfrance.com\/#website","url":"https:\/\/fatherheartfrance.com\/","name":"Fatherheart - France","description":"Amour du P\u00e8re","publisher":{"@id":"https:\/\/fatherheartfrance.com\/#organization"},"potentialAction":[{"@type":"SearchAction","target":{"@type":"EntryPoint","urlTemplate":"https:\/\/fatherheartfrance.com\/?s={search_term_string}"},"query-input":{"@type":"PropertyValueSpecification","valueRequired":true,"valueName":"search_term_string"}}],"inLanguage":"fr-FR"},{"@type":"Organization","@id":"https:\/\/fatherheartfrance.com\/#organization","name":"fatherheartfrance","url":"https:\/\/fatherheartfrance.com\/","logo":{"@type":"ImageObject","inLanguage":"fr-FR","@id":"https:\/\/fatherheartfrance.com\/#\/schema\/logo\/image\/","url":"https:\/\/fatherheartfrance.com\/wp-content\/uploads\/2017\/02\/logo-3-e1488034589841.png","contentUrl":"https:\/\/fatherheartfrance.com\/wp-content\/uploads\/2017\/02\/logo-3-e1488034589841.png","width":300,"height":82,"caption":"fatherheartfrance"},"image":{"@id":"https:\/\/fatherheartfrance.com\/#\/schema\/logo\/image\/"},"sameAs":["https:\/\/www.facebook.com\/ContactFHF\/"]},{"@type":"Person","@id":"https:\/\/fatherheartfrance.com\/#\/schema\/person\/a980675cd50a6bb00fc1a61b57ba7420","name":"Fr\u00e9d\u00e9ric C","image":{"@type":"ImageObject","inLanguage":"fr-FR","@id":"https:\/\/secure.gravatar.com\/avatar\/f847814b88f468c211776e97f3b93c066195167c83d3e8cb7e6ca0612f3757a8?s=96&d=mm&r=g","url":"https:\/\/secure.gravatar.com\/avatar\/f847814b88f468c211776e97f3b93c066195167c83d3e8cb7e6ca0612f3757a8?s=96&d=mm&r=g","contentUrl":"https:\/\/secure.gravatar.com\/avatar\/f847814b88f468c211776e97f3b93c066195167c83d3e8cb7e6ca0612f3757a8?s=96&d=mm&r=g","caption":"Fr\u00e9d\u00e9ric C"},"url":"https:\/\/fatherheartfrance.com\/index.php\/author\/frederic\/"}]}},"_links":{"self":[{"href":"https:\/\/fatherheartfrance.com\/index.php\/wp-json\/wp\/v2\/posts\/395","targetHints":{"allow":["GET"]}}],"collection":[{"href":"https:\/\/fatherheartfrance.com\/index.php\/wp-json\/wp\/v2\/posts"}],"about":[{"href":"https:\/\/fatherheartfrance.com\/index.php\/wp-json\/wp\/v2\/types\/post"}],"author":[{"embeddable":true,"href":"https:\/\/fatherheartfrance.com\/index.php\/wp-json\/wp\/v2\/users\/3"}],"replies":[{"embeddable":true,"href":"https:\/\/fatherheartfrance.com\/index.php\/wp-json\/wp\/v2\/comments?post=395"}],"version-history":[{"count":4,"href":"https:\/\/fatherheartfrance.com\/index.php\/wp-json\/wp\/v2\/posts\/395\/revisions"}],"predecessor-version":[{"id":498,"href":"https:\/\/fatherheartfrance.com\/index.php\/wp-json\/wp\/v2\/posts\/395\/revisions\/498"}],"wp:featuredmedia":[{"embeddable":true,"href":"https:\/\/fatherheartfrance.com\/index.php\/wp-json\/wp\/v2\/media\/396"}],"wp:attachment":[{"href":"https:\/\/fatherheartfrance.com\/index.php\/wp-json\/wp\/v2\/media?parent=395"}],"wp:term":[{"taxonomy":"category","embeddable":true,"href":"https:\/\/fatherheartfrance.com\/index.php\/wp-json\/wp\/v2\/categories?post=395"},{"taxonomy":"post_tag","embeddable":true,"href":"https:\/\/fatherheartfrance.com\/index.php\/wp-json\/wp\/v2\/tags?post=395"}],"curies":[{"name":"wp","href":"https:\/\/api.w.org\/{rel}","templated":true}]}}