{"id":382,"date":"2017-05-27T18:01:08","date_gmt":"2017-05-27T16:01:08","guid":{"rendered":"https:\/\/fatherheartfrance.com\/?p=382"},"modified":"2017-05-27T21:32:22","modified_gmt":"2017-05-27T19:32:22","slug":"le-travail-du-pere","status":"publish","type":"post","link":"https:\/\/fatherheartfrance.com\/index.php\/2017\/05\/27\/le-travail-du-pere\/","title":{"rendered":"Le travail du P\u00e8re"},"content":{"rendered":"<blockquote><p><em>Jean 5\u00a0:36 Moi, j&rsquo;ai un t\u00e9moignage plus grand que celui de Jean; car les \u0153uvres que le P\u00e8re m&rsquo;a donn\u00e9 d&rsquo;accomplir, ces \u0153uvres m\u00eames que je fais, t\u00e9moignent de moi que c&rsquo;est le P\u00e8re qui m&rsquo;a envoy\u00e9. (LSG)<br \/>\n<\/em><\/p><\/blockquote>\n<p>Dans Jean 5:17 J\u00e9sus nous rappelle que c\u2019est son P\u00e8re qui fait les \u0153uvres. Dans ce tandem d&rsquo;amour, P\u00e8re et Fils travaillent main dans la main pour accomplir le plan divin qu\u2019il avait pr\u00e9vu de r\u00e9aliser avant la cr\u00e9ation du monde.<\/p>\n<p>Dans le passage d&rsquo;aujourd&rsquo;hui, J\u00e9sus nous dit que les \u0153uvres qu&rsquo;il a fait t\u00e9moigne de ce que c\u2019est bien son P\u00e8re qui l\u2019a envoy\u00e9 dans le monde. Tout ce que J\u00e9sus a fait a \u00e9t\u00e9 l&rsquo;expression exacte du c\u0153ur de son P\u00e8re. Puisque J\u00e9sus vit en nous, nous sommes nous aussi appel\u00e9s \u00e0 faire les \u0153uvres qui trouvent leur origine dans le c\u0153ur du P\u00e8re c\u00e9leste.<\/p>\n<p>Que nous puissions tous nous rappeler que nous ne travaillons pas nous-m\u00eames. J\u00e9sus nous a dit dans la Grande Commission qu&rsquo;il serait toujours avec nous, m\u00eame jusqu&rsquo;aux extr\u00e9mit\u00e9s de la terre. Aujourd&rsquo;hui, ma pri\u00e8re est que nous ne nous sentions pas d\u00e9courag\u00e9s ou seul dans le travail que Dieu nous a appel\u00e9 \u00e0 r\u00e9aliser. Car le P\u00e8re, l&rsquo;Esprit Saint et Fils sont \u00e0 l&rsquo;\u0153uvre dans nos c\u0153urs, pour nous conduire \u00e0 r\u00e9aliser les \u0153uvres pour lesquelles nous avons \u00e9t\u00e9 cr\u00e9\u00e9s.<\/p>\n<blockquote><p><em>Phil 2\u00a0:12-13 Ainsi, mes bien-aim\u00e9s, comme vous avez toujours ob\u00e9i, travaillez \u00e0 votre salut avec crainte et tremblement, non seulement comme en ma pr\u00e9sence, mais bien plus encore maintenant que je suis absent; car c&rsquo;est Dieu qui produit en vous le vouloir et le faire, selon son bon plaisir. (LSG)<br \/>\n<\/em><\/p><\/blockquote>\n","protected":false},"excerpt":{"rendered":"<p>Jean 5\u00a0:36 Moi, j&rsquo;ai un t\u00e9moignage plus grand que celui de Jean; car les \u0153uvres que le P\u00e8re m&rsquo;a donn\u00e9 d&rsquo;accomplir, ces \u0153uvres m\u00eames que je fais, t\u00e9moignent de moi que c&rsquo;est le P\u00e8re qui m&rsquo;a envoy\u00e9. (LSG) Dans Jean 5:17 J\u00e9sus nous rappelle que c\u2019est son P\u00e8re qui fait les \u0153uvres. Dans ce tandem <a class=\"more-link\" href=\"https:\/\/fatherheartfrance.com\/index.php\/2017\/05\/27\/le-travail-du-pere\/\">Lire plus &#8230;<\/a><\/p>\n","protected":false},"author":3,"featured_media":383,"comment_status":"open","ping_status":"open","sticky":false,"template":"","format":"standard","meta":{"_crdt_document":"","_exactmetrics_skip_tracking":false,"_exactmetrics_sitenote_active":false,"_exactmetrics_sitenote_note":"","_exactmetrics_sitenote_category":0,"footnotes":""},"categories":[1],"tags":[],"class_list":["post-382","post","type-post","status-publish","format-standard","has-post-thumbnail","hentry","category-non-classe"],"yoast_head":"<!-- This site is optimized with the Yoast SEO plugin v27.5 - https:\/\/yoast.com\/product\/yoast-seo-wordpress\/ -->\n<title>Le travail du P\u00e8re - Fatherheart - France<\/title>\n<meta name=\"robots\" content=\"index, follow, max-snippet:-1, max-image-preview:large, max-video-preview:-1\" \/>\n<link rel=\"canonical\" href=\"https:\/\/fatherheartfrance.com\/index.php\/2017\/05\/27\/le-travail-du-pere\/\" \/>\n<meta property=\"og:locale\" content=\"fr_FR\" \/>\n<meta property=\"og:type\" content=\"article\" \/>\n<meta property=\"og:title\" content=\"Le travail du P\u00e8re - Fatherheart - France\" \/>\n<meta property=\"og:description\" content=\"Jean 5\u00a0:36 Moi, j&rsquo;ai un t\u00e9moignage plus grand que celui de Jean; car les \u0153uvres que le P\u00e8re m&rsquo;a donn\u00e9 d&rsquo;accomplir, ces \u0153uvres m\u00eames que je fais, t\u00e9moignent de moi que c&rsquo;est le P\u00e8re qui m&rsquo;a envoy\u00e9. (LSG) Dans Jean 5:17 J\u00e9sus nous rappelle que c\u2019est son P\u00e8re qui fait les \u0153uvres. Dans ce tandem Lire plus ...\" \/>\n<meta property=\"og:url\" content=\"https:\/\/fatherheartfrance.com\/index.php\/2017\/05\/27\/le-travail-du-pere\/\" \/>\n<meta property=\"og:site_name\" content=\"Fatherheart - France\" \/>\n<meta property=\"article:publisher\" content=\"https:\/\/www.facebook.com\/ContactFHF\/\" \/>\n<meta property=\"article:published_time\" content=\"2017-05-27T16:01:08+00:00\" \/>\n<meta property=\"article:modified_time\" content=\"2017-05-27T19:32:22+00:00\" \/>\n<meta property=\"og:image\" content=\"https:\/\/fatherheartfrance.com\/wp-content\/uploads\/2017\/05\/sunset-2180346_1920.jpg\" \/>\n\t<meta property=\"og:image:width\" content=\"1920\" \/>\n\t<meta property=\"og:image:height\" content=\"742\" \/>\n\t<meta property=\"og:image:type\" content=\"image\/jpeg\" \/>\n<meta name=\"author\" content=\"Fr\u00e9d\u00e9ric C\" \/>\n<meta name=\"twitter:card\" content=\"summary_large_image\" \/>\n<meta name=\"twitter:label1\" content=\"\u00c9crit par\" \/>\n\t<meta name=\"twitter:data1\" content=\"Fr\u00e9d\u00e9ric C\" \/>\n\t<meta name=\"twitter:label2\" content=\"Dur\u00e9e de lecture estim\u00e9e\" \/>\n\t<meta name=\"twitter:data2\" content=\"2 minutes\" \/>\n<script type=\"application\/ld+json\" class=\"yoast-schema-graph\">{\"@context\":\"https:\\\/\\\/schema.org\",\"@graph\":[{\"@type\":\"Article\",\"@id\":\"https:\\\/\\\/fatherheartfrance.com\\\/index.php\\\/2017\\\/05\\\/27\\\/le-travail-du-pere\\\/#article\",\"isPartOf\":{\"@id\":\"https:\\\/\\\/fatherheartfrance.com\\\/index.php\\\/2017\\\/05\\\/27\\\/le-travail-du-pere\\\/\"},\"author\":{\"name\":\"Fr\u00e9d\u00e9ric C\",\"@id\":\"https:\\\/\\\/fatherheartfrance.com\\\/#\\\/schema\\\/person\\\/a980675cd50a6bb00fc1a61b57ba7420\"},\"headline\":\"Le travail du P\u00e8re\",\"datePublished\":\"2017-05-27T16:01:08+00:00\",\"dateModified\":\"2017-05-27T19:32:22+00:00\",\"mainEntityOfPage\":{\"@id\":\"https:\\\/\\\/fatherheartfrance.com\\\/index.php\\\/2017\\\/05\\\/27\\\/le-travail-du-pere\\\/\"},\"wordCount\":331,\"commentCount\":0,\"publisher\":{\"@id\":\"https:\\\/\\\/fatherheartfrance.com\\\/#organization\"},\"image\":{\"@id\":\"https:\\\/\\\/fatherheartfrance.com\\\/index.php\\\/2017\\\/05\\\/27\\\/le-travail-du-pere\\\/#primaryimage\"},\"thumbnailUrl\":\"https:\\\/\\\/fatherheartfrance.com\\\/wp-content\\\/uploads\\\/2017\\\/05\\\/sunset-2180346_1920.jpg\",\"inLanguage\":\"fr-FR\",\"potentialAction\":[{\"@type\":\"CommentAction\",\"name\":\"Comment\",\"target\":[\"https:\\\/\\\/fatherheartfrance.com\\\/index.php\\\/2017\\\/05\\\/27\\\/le-travail-du-pere\\\/#respond\"]}]},{\"@type\":\"WebPage\",\"@id\":\"https:\\\/\\\/fatherheartfrance.com\\\/index.php\\\/2017\\\/05\\\/27\\\/le-travail-du-pere\\\/\",\"url\":\"https:\\\/\\\/fatherheartfrance.com\\\/index.php\\\/2017\\\/05\\\/27\\\/le-travail-du-pere\\\/\",\"name\":\"Le travail du P\u00e8re - Fatherheart - France\",\"isPartOf\":{\"@id\":\"https:\\\/\\\/fatherheartfrance.com\\\/#website\"},\"primaryImageOfPage\":{\"@id\":\"https:\\\/\\\/fatherheartfrance.com\\\/index.php\\\/2017\\\/05\\\/27\\\/le-travail-du-pere\\\/#primaryimage\"},\"image\":{\"@id\":\"https:\\\/\\\/fatherheartfrance.com\\\/index.php\\\/2017\\\/05\\\/27\\\/le-travail-du-pere\\\/#primaryimage\"},\"thumbnailUrl\":\"https:\\\/\\\/fatherheartfrance.com\\\/wp-content\\\/uploads\\\/2017\\\/05\\\/sunset-2180346_1920.jpg\",\"datePublished\":\"2017-05-27T16:01:08+00:00\",\"dateModified\":\"2017-05-27T19:32:22+00:00\",\"breadcrumb\":{\"@id\":\"https:\\\/\\\/fatherheartfrance.com\\\/index.php\\\/2017\\\/05\\\/27\\\/le-travail-du-pere\\\/#breadcrumb\"},\"inLanguage\":\"fr-FR\",\"potentialAction\":[{\"@type\":\"ReadAction\",\"target\":[\"https:\\\/\\\/fatherheartfrance.com\\\/index.php\\\/2017\\\/05\\\/27\\\/le-travail-du-pere\\\/\"]}]},{\"@type\":\"ImageObject\",\"inLanguage\":\"fr-FR\",\"@id\":\"https:\\\/\\\/fatherheartfrance.com\\\/index.php\\\/2017\\\/05\\\/27\\\/le-travail-du-pere\\\/#primaryimage\",\"url\":\"https:\\\/\\\/fatherheartfrance.com\\\/wp-content\\\/uploads\\\/2017\\\/05\\\/sunset-2180346_1920.jpg\",\"contentUrl\":\"https:\\\/\\\/fatherheartfrance.com\\\/wp-content\\\/uploads\\\/2017\\\/05\\\/sunset-2180346_1920.jpg\",\"width\":1920,\"height\":742,\"caption\":\"Image de lever de soleil - Fatherheart France\"},{\"@type\":\"BreadcrumbList\",\"@id\":\"https:\\\/\\\/fatherheartfrance.com\\\/index.php\\\/2017\\\/05\\\/27\\\/le-travail-du-pere\\\/#breadcrumb\",\"itemListElement\":[{\"@type\":\"ListItem\",\"position\":1,\"name\":\"Accueil\",\"item\":\"https:\\\/\\\/fatherheartfrance.com\\\/\"},{\"@type\":\"ListItem\",\"position\":2,\"name\":\"Le travail du P\u00e8re\"}]},{\"@type\":\"WebSite\",\"@id\":\"https:\\\/\\\/fatherheartfrance.com\\\/#website\",\"url\":\"https:\\\/\\\/fatherheartfrance.com\\\/\",\"name\":\"Fatherheart - France\",\"description\":\"Amour du P\u00e8re\",\"publisher\":{\"@id\":\"https:\\\/\\\/fatherheartfrance.com\\\/#organization\"},\"potentialAction\":[{\"@type\":\"SearchAction\",\"target\":{\"@type\":\"EntryPoint\",\"urlTemplate\":\"https:\\\/\\\/fatherheartfrance.com\\\/?s={search_term_string}\"},\"query-input\":{\"@type\":\"PropertyValueSpecification\",\"valueRequired\":true,\"valueName\":\"search_term_string\"}}],\"inLanguage\":\"fr-FR\"},{\"@type\":\"Organization\",\"@id\":\"https:\\\/\\\/fatherheartfrance.com\\\/#organization\",\"name\":\"fatherheartfrance\",\"url\":\"https:\\\/\\\/fatherheartfrance.com\\\/\",\"logo\":{\"@type\":\"ImageObject\",\"inLanguage\":\"fr-FR\",\"@id\":\"https:\\\/\\\/fatherheartfrance.com\\\/#\\\/schema\\\/logo\\\/image\\\/\",\"url\":\"https:\\\/\\\/fatherheartfrance.com\\\/wp-content\\\/uploads\\\/2017\\\/02\\\/logo-3-e1488034589841.png\",\"contentUrl\":\"https:\\\/\\\/fatherheartfrance.com\\\/wp-content\\\/uploads\\\/2017\\\/02\\\/logo-3-e1488034589841.png\",\"width\":300,\"height\":82,\"caption\":\"fatherheartfrance\"},\"image\":{\"@id\":\"https:\\\/\\\/fatherheartfrance.com\\\/#\\\/schema\\\/logo\\\/image\\\/\"},\"sameAs\":[\"https:\\\/\\\/www.facebook.com\\\/ContactFHF\\\/\"]},{\"@type\":\"Person\",\"@id\":\"https:\\\/\\\/fatherheartfrance.com\\\/#\\\/schema\\\/person\\\/a980675cd50a6bb00fc1a61b57ba7420\",\"name\":\"Fr\u00e9d\u00e9ric C\",\"image\":{\"@type\":\"ImageObject\",\"inLanguage\":\"fr-FR\",\"@id\":\"https:\\\/\\\/secure.gravatar.com\\\/avatar\\\/f847814b88f468c211776e97f3b93c066195167c83d3e8cb7e6ca0612f3757a8?s=96&d=mm&r=g\",\"url\":\"https:\\\/\\\/secure.gravatar.com\\\/avatar\\\/f847814b88f468c211776e97f3b93c066195167c83d3e8cb7e6ca0612f3757a8?s=96&d=mm&r=g\",\"contentUrl\":\"https:\\\/\\\/secure.gravatar.com\\\/avatar\\\/f847814b88f468c211776e97f3b93c066195167c83d3e8cb7e6ca0612f3757a8?s=96&d=mm&r=g\",\"caption\":\"Fr\u00e9d\u00e9ric C\"},\"url\":\"https:\\\/\\\/fatherheartfrance.com\\\/index.php\\\/author\\\/frederic\\\/\"}]}<\/script>\n<!-- \/ Yoast SEO plugin. -->","yoast_head_json":{"title":"Le travail du P\u00e8re - Fatherheart - France","robots":{"index":"index","follow":"follow","max-snippet":"max-snippet:-1","max-image-preview":"max-image-preview:large","max-video-preview":"max-video-preview:-1"},"canonical":"https:\/\/fatherheartfrance.com\/index.php\/2017\/05\/27\/le-travail-du-pere\/","og_locale":"fr_FR","og_type":"article","og_title":"Le travail du P\u00e8re - Fatherheart - France","og_description":"Jean 5\u00a0:36 Moi, j&rsquo;ai un t\u00e9moignage plus grand que celui de Jean; car les \u0153uvres que le P\u00e8re m&rsquo;a donn\u00e9 d&rsquo;accomplir, ces \u0153uvres m\u00eames que je fais, t\u00e9moignent de moi que c&rsquo;est le P\u00e8re qui m&rsquo;a envoy\u00e9. (LSG) Dans Jean 5:17 J\u00e9sus nous rappelle que c\u2019est son P\u00e8re qui fait les \u0153uvres. Dans ce tandem Lire plus ...","og_url":"https:\/\/fatherheartfrance.com\/index.php\/2017\/05\/27\/le-travail-du-pere\/","og_site_name":"Fatherheart - France","article_publisher":"https:\/\/www.facebook.com\/ContactFHF\/","article_published_time":"2017-05-27T16:01:08+00:00","article_modified_time":"2017-05-27T19:32:22+00:00","og_image":[{"width":1920,"height":742,"url":"https:\/\/fatherheartfrance.com\/wp-content\/uploads\/2017\/05\/sunset-2180346_1920.jpg","type":"image\/jpeg"}],"author":"Fr\u00e9d\u00e9ric C","twitter_card":"summary_large_image","twitter_misc":{"\u00c9crit par":"Fr\u00e9d\u00e9ric C","Dur\u00e9e de lecture estim\u00e9e":"2 minutes"},"schema":{"@context":"https:\/\/schema.org","@graph":[{"@type":"Article","@id":"https:\/\/fatherheartfrance.com\/index.php\/2017\/05\/27\/le-travail-du-pere\/#article","isPartOf":{"@id":"https:\/\/fatherheartfrance.com\/index.php\/2017\/05\/27\/le-travail-du-pere\/"},"author":{"name":"Fr\u00e9d\u00e9ric C","@id":"https:\/\/fatherheartfrance.com\/#\/schema\/person\/a980675cd50a6bb00fc1a61b57ba7420"},"headline":"Le travail du P\u00e8re","datePublished":"2017-05-27T16:01:08+00:00","dateModified":"2017-05-27T19:32:22+00:00","mainEntityOfPage":{"@id":"https:\/\/fatherheartfrance.com\/index.php\/2017\/05\/27\/le-travail-du-pere\/"},"wordCount":331,"commentCount":0,"publisher":{"@id":"https:\/\/fatherheartfrance.com\/#organization"},"image":{"@id":"https:\/\/fatherheartfrance.com\/index.php\/2017\/05\/27\/le-travail-du-pere\/#primaryimage"},"thumbnailUrl":"https:\/\/fatherheartfrance.com\/wp-content\/uploads\/2017\/05\/sunset-2180346_1920.jpg","inLanguage":"fr-FR","potentialAction":[{"@type":"CommentAction","name":"Comment","target":["https:\/\/fatherheartfrance.com\/index.php\/2017\/05\/27\/le-travail-du-pere\/#respond"]}]},{"@type":"WebPage","@id":"https:\/\/fatherheartfrance.com\/index.php\/2017\/05\/27\/le-travail-du-pere\/","url":"https:\/\/fatherheartfrance.com\/index.php\/2017\/05\/27\/le-travail-du-pere\/","name":"Le travail du P\u00e8re - Fatherheart - France","isPartOf":{"@id":"https:\/\/fatherheartfrance.com\/#website"},"primaryImageOfPage":{"@id":"https:\/\/fatherheartfrance.com\/index.php\/2017\/05\/27\/le-travail-du-pere\/#primaryimage"},"image":{"@id":"https:\/\/fatherheartfrance.com\/index.php\/2017\/05\/27\/le-travail-du-pere\/#primaryimage"},"thumbnailUrl":"https:\/\/fatherheartfrance.com\/wp-content\/uploads\/2017\/05\/sunset-2180346_1920.jpg","datePublished":"2017-05-27T16:01:08+00:00","dateModified":"2017-05-27T19:32:22+00:00","breadcrumb":{"@id":"https:\/\/fatherheartfrance.com\/index.php\/2017\/05\/27\/le-travail-du-pere\/#breadcrumb"},"inLanguage":"fr-FR","potentialAction":[{"@type":"ReadAction","target":["https:\/\/fatherheartfrance.com\/index.php\/2017\/05\/27\/le-travail-du-pere\/"]}]},{"@type":"ImageObject","inLanguage":"fr-FR","@id":"https:\/\/fatherheartfrance.com\/index.php\/2017\/05\/27\/le-travail-du-pere\/#primaryimage","url":"https:\/\/fatherheartfrance.com\/wp-content\/uploads\/2017\/05\/sunset-2180346_1920.jpg","contentUrl":"https:\/\/fatherheartfrance.com\/wp-content\/uploads\/2017\/05\/sunset-2180346_1920.jpg","width":1920,"height":742,"caption":"Image de lever de soleil - Fatherheart France"},{"@type":"BreadcrumbList","@id":"https:\/\/fatherheartfrance.com\/index.php\/2017\/05\/27\/le-travail-du-pere\/#breadcrumb","itemListElement":[{"@type":"ListItem","position":1,"name":"Accueil","item":"https:\/\/fatherheartfrance.com\/"},{"@type":"ListItem","position":2,"name":"Le travail du P\u00e8re"}]},{"@type":"WebSite","@id":"https:\/\/fatherheartfrance.com\/#website","url":"https:\/\/fatherheartfrance.com\/","name":"Fatherheart - France","description":"Amour du P\u00e8re","publisher":{"@id":"https:\/\/fatherheartfrance.com\/#organization"},"potentialAction":[{"@type":"SearchAction","target":{"@type":"EntryPoint","urlTemplate":"https:\/\/fatherheartfrance.com\/?s={search_term_string}"},"query-input":{"@type":"PropertyValueSpecification","valueRequired":true,"valueName":"search_term_string"}}],"inLanguage":"fr-FR"},{"@type":"Organization","@id":"https:\/\/fatherheartfrance.com\/#organization","name":"fatherheartfrance","url":"https:\/\/fatherheartfrance.com\/","logo":{"@type":"ImageObject","inLanguage":"fr-FR","@id":"https:\/\/fatherheartfrance.com\/#\/schema\/logo\/image\/","url":"https:\/\/fatherheartfrance.com\/wp-content\/uploads\/2017\/02\/logo-3-e1488034589841.png","contentUrl":"https:\/\/fatherheartfrance.com\/wp-content\/uploads\/2017\/02\/logo-3-e1488034589841.png","width":300,"height":82,"caption":"fatherheartfrance"},"image":{"@id":"https:\/\/fatherheartfrance.com\/#\/schema\/logo\/image\/"},"sameAs":["https:\/\/www.facebook.com\/ContactFHF\/"]},{"@type":"Person","@id":"https:\/\/fatherheartfrance.com\/#\/schema\/person\/a980675cd50a6bb00fc1a61b57ba7420","name":"Fr\u00e9d\u00e9ric C","image":{"@type":"ImageObject","inLanguage":"fr-FR","@id":"https:\/\/secure.gravatar.com\/avatar\/f847814b88f468c211776e97f3b93c066195167c83d3e8cb7e6ca0612f3757a8?s=96&d=mm&r=g","url":"https:\/\/secure.gravatar.com\/avatar\/f847814b88f468c211776e97f3b93c066195167c83d3e8cb7e6ca0612f3757a8?s=96&d=mm&r=g","contentUrl":"https:\/\/secure.gravatar.com\/avatar\/f847814b88f468c211776e97f3b93c066195167c83d3e8cb7e6ca0612f3757a8?s=96&d=mm&r=g","caption":"Fr\u00e9d\u00e9ric C"},"url":"https:\/\/fatherheartfrance.com\/index.php\/author\/frederic\/"}]}},"_links":{"self":[{"href":"https:\/\/fatherheartfrance.com\/index.php\/wp-json\/wp\/v2\/posts\/382","targetHints":{"allow":["GET"]}}],"collection":[{"href":"https:\/\/fatherheartfrance.com\/index.php\/wp-json\/wp\/v2\/posts"}],"about":[{"href":"https:\/\/fatherheartfrance.com\/index.php\/wp-json\/wp\/v2\/types\/post"}],"author":[{"embeddable":true,"href":"https:\/\/fatherheartfrance.com\/index.php\/wp-json\/wp\/v2\/users\/3"}],"replies":[{"embeddable":true,"href":"https:\/\/fatherheartfrance.com\/index.php\/wp-json\/wp\/v2\/comments?post=382"}],"version-history":[{"count":4,"href":"https:\/\/fatherheartfrance.com\/index.php\/wp-json\/wp\/v2\/posts\/382\/revisions"}],"predecessor-version":[{"id":392,"href":"https:\/\/fatherheartfrance.com\/index.php\/wp-json\/wp\/v2\/posts\/382\/revisions\/392"}],"wp:featuredmedia":[{"embeddable":true,"href":"https:\/\/fatherheartfrance.com\/index.php\/wp-json\/wp\/v2\/media\/383"}],"wp:attachment":[{"href":"https:\/\/fatherheartfrance.com\/index.php\/wp-json\/wp\/v2\/media?parent=382"}],"wp:term":[{"taxonomy":"category","embeddable":true,"href":"https:\/\/fatherheartfrance.com\/index.php\/wp-json\/wp\/v2\/categories?post=382"},{"taxonomy":"post_tag","embeddable":true,"href":"https:\/\/fatherheartfrance.com\/index.php\/wp-json\/wp\/v2\/tags?post=382"}],"curies":[{"name":"wp","href":"https:\/\/api.w.org\/{rel}","templated":true}]}}