{"id":2217,"date":"2025-11-06T15:01:33","date_gmt":"2025-11-06T14:01:33","guid":{"rendered":"https:\/\/fatherheartfrance.com\/?p=2217"},"modified":"2025-12-15T19:17:52","modified_gmt":"2025-12-15T18:17:52","slug":"fathers-time-for-you","status":"publish","type":"post","link":"https:\/\/fatherheartfrance.com\/index.php\/2025\/11\/06\/fathers-time-for-you\/","title":{"rendered":"Father&rsquo;s time for you"},"content":{"rendered":"\n<p class=\"wp-block-paragraph\"><strong>PLEASE NOTE &#8211; PLACES ARE LIMITED<\/strong><\/p>\n\n\n\n<p class=\"wp-block-paragraph\"><a href=\"https:\/\/fatherheartfrance.com\/?p=2213\">French Version<\/a><\/p>\n\n\n\n<p class=\"wp-block-paragraph\">A weekend to give a biblical perspective on the nature of the Father&rsquo;s heart, but above all to experience His perfect love, to find or rediscover who you are in Him.<\/p>\n\n\n\n<p class=\"wp-block-paragraph\">The goal is not so much to acquire intellectual knowledge as it is to lead you to a deep personal revelation and discover how God sees you.<\/p>\n\n\n\n<p class=\"wp-block-paragraph\">His authentic love will change your life forever.<\/p>\n\n\n\n<p class=\"wp-block-paragraph\">The meetings will be in English &#8211; translated into French.<\/p>\n\n\n\n<h4 class=\"wp-block-heading\">Agenda from Friday 9th to Sunday 11th January 2026 :<\/h4>\n\n\n\n<p class=\"wp-block-paragraph\">Friday evening : 19:00 \u2013  21:00<br>Saturday :<br>&#8211;&nbsp;&nbsp;&nbsp;&nbsp;&nbsp;&nbsp;&nbsp;&nbsp;&nbsp; 09:30 \u2013 12:00&nbsp;<br>&#8211;&nbsp;&nbsp;&nbsp;&nbsp;&nbsp;&nbsp;&nbsp;&nbsp;&nbsp; 14:00 \u2013 16:00&nbsp;<br>&#8211;&nbsp;&nbsp;&nbsp;&nbsp;&nbsp;&nbsp;&nbsp;&nbsp;&nbsp; 19:00 \u2013 21:00&nbsp;<br>Sunday :<br>&#8211;&nbsp;&nbsp;&nbsp;&nbsp;&nbsp;&nbsp;&nbsp;&nbsp;&nbsp; 09:30 \u2013 12:00&nbsp;<\/p>\n\n\n\n<h4 class=\"wp-block-heading\">Where :<\/h4>\n\n\n\n<p class=\"wp-block-paragraph\">\u201cLes villages sous les pins\u201d<br>2747 Avenue de l&rsquo;Oc\u00e9an<br>40550 L\u00e9on<br>France<\/p>\n\n\n\n<h4 class=\"wp-block-heading\">Rate :<\/h4>\n\n\n\n<p class=\"wp-block-paragraph\">\u20ac49 (-10%) if you register before 25 December 2025 (included)<br>\u20ac55 (full price) after 25 December 2025<br><\/p>\n\n\n\n<h4 class=\"wp-block-heading\">SUBSCRIPTION TO THE CONFERENCE :<\/h4>\n\n\n<p><iframe id=\"haWidget\" allowtransparency=\"true\" src=\"https:\/\/www.helloasso.com\/associations\/fatherheart-france\/evenements\/father-s-time-for-you\/widget-bouton\" style=\"width: 100%; height: 70px; border: none;\" onload=\"window.addEventListener( 'message', function(e) { const dataHeight = e.data.height; const haWidgetElement = document.getElementById('haWidget'); haWidgetElement.height = dataHeight + 'px'; } )\" ><\/iframe><\/p>\n\n\n<p class=\"wp-block-paragraph\"><\/p>\n\n\n\n<p class=\"wp-block-paragraph\">https:\/\/www.helloasso.com\/associations\/fatherheart-france\/evenements\/father-s-time-for-you<\/p>\n\n\n\n<h4 class=\"wp-block-heading\">Accomodation :<\/h4>\n\n\n\n<p class=\"wp-block-paragraph\">Guests can stay at the \u00ab\u00a0Villages sous les Pins\u00a0\u00bb holiday village, which means you won&rsquo;t need to use a car once you arrive to get to the meetings.&nbsp;<\/p>\n\n\n\n<p class=\"wp-block-paragraph\">If you are interested, please contact this number, specifying that you are coming for the \u00ab\u00a0Fatherheart-France\u00a0\u00bb conference taking place from 9 to 11 January 2026:<br>&#8211; <em><strong>Les pins village vacances<\/strong><\/em> <strong>&#8211; 05 58 48 52 89 &#8211; vacanceleon@villagesouslespins.com<\/strong><br>The prices are attractive: for the weekend per bungalow, expect to pay \u20ac130 for 4 people or \u20ac175 for 6 people (plus tourist tax and bed linen hire if required).<br>IMPORTANT: <strong>if you are interested in the seminar and the accommodation on offer &#8211; the accommodation provider \u2018Le Village Sous les Pins\u2019 has informed us that their office will be closed from 19 December until 5 January next year (the seminar is on the 9th). They advise us to book as soon as possible.<\/strong><\/p>\n\n\n\n<p class=\"wp-block-paragraph\">There are other accommodation options in the area to suit all budgets and comfort levels !<\/p>\n\n\n\n<p class=\"wp-block-paragraph\">Visitors can also stay in the surrounding area (campsites, gites, mobile homes), with options to suit all budgets!<\/p>\n\n\n\n<p class=\"wp-block-paragraph\">There are also plenty of places to eat in the surrounding area, including pizzerias, restaurants and supermarkets.<\/p>\n\n\n\n<h4 class=\"wp-block-heading\">How to get to L\u00e9on :<\/h4>\n\n\n\n<p class=\"wp-block-paragraph\">By car through A63 motoroad.<\/p>\n\n\n\n<p class=\"wp-block-paragraph\">Coming to Leon by planes is,<br>&#8211; 50 minutes drive road from Biarritz Airport,<br>&#8211; 1h drive road from San Sebastian (in Spain)<br>&#8211; 1h30 drive road from Pau airport, <br>&#8211; 1h 45 drive road from Bordeaux airport<\/p>\n\n\n\n<p class=\"wp-block-paragraph\">Coming by fast train is 3h30 from Paris &#8211; the nearest stop is at Dax (30 minutes drive to Leon).<\/p>\n\n\n\n<p class=\"wp-block-paragraph\">The cheapest solution is to come by intercity bus to Dax city (30 minutes drive to Leon).<\/p>\n\n\n\n<h4 class=\"wp-block-heading\">Who are Franck Naea &amp; Dass Supperamaniam &nbsp;:<\/h4>\n\n\n\n<p class=\"wp-block-paragraph\">Franck &amp; Dass are pillars in Fatherheart Ministries (world).<\/p>\n\n\n\n<h5 class=\"wp-block-heading\">Franck Naea :<\/h5>\n\n\n\n<p class=\"wp-block-paragraph\">Frank Naea had preached and taught in schools for years after he encountered the Father heart of God in his first DTS in YWAM. This was only superseded when bankruptcy and failure became his doorway to experiencing the Love of the Father, restoration and a whole new way. It has become \u201cthe gospel to me.\u201d<\/p>\n\n\n\n<p class=\"wp-block-paragraph\">Presenting this revelation to others has brought \u201clife to every part of my journey,\u201d Frank says. \u201cSeeing others experience this and come into the reality of this gospel is priceless.\u201d<\/p>\n\n\n\n<p class=\"wp-block-paragraph\">Frank, whose last name Naea rhymes with \u201chigher,\u201d was born in Mt Albert, a suburb of Auckland, New Zealand, the eldest of ten children. His father was Samoan and his mother was Maori.<\/p>\n\n\n\n<p class=\"wp-block-paragraph\">Frank grew up in South Auckland, after living with various relatives for the first five years of his life.<\/p>\n\n\n\n<p class=\"wp-block-paragraph\">He met his wife, Sonia, when she came to his house to consider a musical collaboration. Sonia had been singing in a church music group with cousins of Frank\u2019s, and they wanted her to meet four of Frank\u2019s brothers who were all in a band.<\/p>\n\n\n\n<p class=\"wp-block-paragraph\">\u201cI heard their car arrive and went to see who it was, only to see this beautiful young lady walking up the path to our house,\u201d Frank recounted. \u201cAlmost immediately these words came out of my heart: \u2018If I\u2019m going to get married, that\u2019s the woman I\u2019m going to marry.\u2019 \u201d He and Sonia were wed nine months later, in 1978.<\/p>\n\n\n\n<p class=\"wp-block-paragraph\">In 1981 they joined Youth With A Mission. They and their two children traveled extensively as part of the missions organisation and lived in more than sixty houses in the span of twenty-five years. Fortunately, Frank lists travel and transitions as things he enjoys.<\/p>\n\n\n\n<p class=\"wp-block-paragraph\">He and Sonia first met James and Denise Jordan in 1983 when they came to teach on the Father heart of God at YWAM schools. But Frank\u2019s first encounter with the revelation didn\u2019t come until 2004, when he attended a Fatherheart Ministries event in British Columbia, Canada.<\/p>\n\n\n\n<p class=\"wp-block-paragraph\">\u201cI was met by the lavish love of the Father when my obsession with trying to please him was met by His overwhelming kindness,\u201d Frank said. \u201cIt literally floored me and began a whole new journey of discovering the depth of His love for me.\u201d<\/p>\n\n\n\n<p class=\"wp-block-paragraph\">Before joining Fatherheart Ministries in 2012, Frank served in YWAM for thirty years, ministering as a teacher, a base and ministry leader in New Zealand and the Pacific, and for three years as international president. He completed leadership training at YWAM\u2019s University of the Nations.<\/p>\n\n\n\n<p class=\"wp-block-paragraph\">Frank now is a Fatherheart trustee and A School leader, as well as one of its Pillars, or elders. He\u2019s been involved in more than forty Fatherheart schools in various countries.<\/p>\n\n\n\n<p class=\"wp-block-paragraph\">He and his wife and two children ~ Luke, a builder, and Ruth, an interior design graduate ~ now are based in Taupo, New Zealand.<\/p>\n\n\n\n<p class=\"wp-block-paragraph\">Frank enjoys cooking and eating, sports events and live musical theatre. He also enjoys visualising potential, or creative thinking that leads to unusual but simple processes or solutions, something that\u2019s been reawakened as he\u2019s become more immersed in Father\u2019s love, he says.<\/p>\n\n\n\n<p class=\"wp-block-paragraph\">Another favourite pastime is karaoke, a love of all types of music and the occasional AirPiano, \u201cespecially at my desk while plugged in to Paul Simon; Earth, Wind &amp; Fire; Gregory Porter and, \u201cother worship bands.\u201d<\/p>\n\n\n\n<h5 class=\"wp-block-heading\">Dass Supperamaniam :<\/h5>\n\n\n\n<p class=\"wp-block-paragraph\">When Dass Supperamaniam and his wife, Rani, found themselves at the end of their strength in 2005, they were led into a revelation of God as their Father that brought them more freedom and rest.<\/p>\n\n\n\n<p class=\"wp-block-paragraph\">The scene was set when a missionary friend asked them to organize a meeting featuring Fatherheart Ministries founder James Jordan at their church in Kuala Lumpur, Malaysia.<\/p>\n\n\n\n<p class=\"wp-block-paragraph\">\u201cWe were drawn into the revelation of the Father from the very first message we heard,\u201d they wrote together.<\/p>\n\n\n\n<p class=\"wp-block-paragraph\">They attended Fatherheart schools, the ministry\u2019s monthlong Gathering, and its three-month Inheriting the Nations School: The Journey of Sonship. Dass also attended its School of Prophetic Preaching.<\/p>\n\n\n\n<p class=\"wp-block-paragraph\">Now the couple lives to facilitate a loving and restful environment where God\u2019s love can manifest among others.<\/p>\n\n\n\n<p class=\"wp-block-paragraph\">Both Dass and Rani grew up in Malaysia as speakers of the Tamil language of southern India. Their grandparents came from India\u2019s southern states of Andhra Pradesh and Tamil Nadu. The couple have a home in Ipoh, the capital of Malaysia\u2019s Perak state.<\/p>\n\n\n\n<p class=\"wp-block-paragraph\">They were missionaries for twenty years, serving in Asia and Africa. Since 2011, they have served in Fatherheart Ministries, leading schools around the world and the annual Inheriting the Nations School, held on New Zealand\u2019s Great Barrier Island.<\/p>\n\n\n\n<p class=\"wp-block-paragraph\">Dass and Rani have three adult children: a son, Ezra, and two daughters, Erin and Erica.<\/p>\n\n\n\n<p class=\"wp-block-paragraph\">Dass enjoys cooking, biking, and traveling. Rani enjoys gardening, hiking, and baking.<\/p>\n\n\n\n<p class=\"wp-block-paragraph\">\u201cWe love to connect with people,\u201d Dass and Rani wrote together, and manifest Father\u2019s love and nature in everyday life.<\/p>\n","protected":false},"excerpt":{"rendered":"<p>PLEASE NOTE &#8211; PLACES ARE LIMITED French Version A weekend to give a biblical perspective on the nature of the Father&rsquo;s heart, but above all to experience His perfect love, to find or rediscover who you are in Him. The goal is not so much to acquire intellectual knowledge as it is to lead you <a class=\"more-link\" href=\"https:\/\/fatherheartfrance.com\/index.php\/2025\/11\/06\/fathers-time-for-you\/\">Lire plus &#8230;<\/a><\/p>\n","protected":false},"author":3,"featured_media":2247,"comment_status":"open","ping_status":"open","sticky":false,"template":"","format":"standard","meta":{"_crdt_document":"","_exactmetrics_skip_tracking":false,"_exactmetrics_sitenote_active":false,"_exactmetrics_sitenote_note":"","_exactmetrics_sitenote_category":0,"footnotes":""},"categories":[1],"tags":[],"class_list":["post-2217","post","type-post","status-publish","format-standard","has-post-thumbnail","hentry","category-non-classe"],"yoast_head":"<!-- This site is optimized with the Yoast SEO plugin v27.5 - https:\/\/yoast.com\/product\/yoast-seo-wordpress\/ -->\n<title>Father&#039;s time for you - Fatherheart - France<\/title>\n<meta name=\"robots\" content=\"index, follow, max-snippet:-1, max-image-preview:large, max-video-preview:-1\" \/>\n<link rel=\"canonical\" href=\"https:\/\/fatherheartfrance.com\/index.php\/2025\/11\/06\/fathers-time-for-you\/\" \/>\n<meta property=\"og:locale\" content=\"fr_FR\" \/>\n<meta property=\"og:type\" content=\"article\" \/>\n<meta property=\"og:title\" content=\"Father&#039;s time for you - Fatherheart - France\" \/>\n<meta property=\"og:description\" content=\"PLEASE NOTE &#8211; PLACES ARE LIMITED French Version A weekend to give a biblical perspective on the nature of the Father&rsquo;s heart, but above all to experience His perfect love, to find or rediscover who you are in Him. The goal is not so much to acquire intellectual knowledge as it is to lead you Lire plus ...\" \/>\n<meta property=\"og:url\" content=\"https:\/\/fatherheartfrance.com\/index.php\/2025\/11\/06\/fathers-time-for-you\/\" \/>\n<meta property=\"og:site_name\" content=\"Fatherheart - France\" \/>\n<meta property=\"article:publisher\" content=\"https:\/\/www.facebook.com\/ContactFHF\/\" \/>\n<meta property=\"article:published_time\" content=\"2025-11-06T14:01:33+00:00\" \/>\n<meta property=\"article:modified_time\" content=\"2025-12-15T18:17:52+00:00\" \/>\n<meta property=\"og:image\" content=\"https:\/\/fatherheartfrance.com\/wp-content\/uploads\/2025\/11\/2026-01_FranckDass-Anglais-1-1024x577.png\" \/>\n\t<meta property=\"og:image:width\" content=\"1024\" \/>\n\t<meta property=\"og:image:height\" content=\"577\" \/>\n\t<meta property=\"og:image:type\" content=\"image\/png\" \/>\n<meta name=\"author\" content=\"Fr\u00e9d\u00e9ric C\" \/>\n<meta name=\"twitter:card\" content=\"summary_large_image\" \/>\n<meta name=\"twitter:label1\" content=\"\u00c9crit par\" \/>\n\t<meta name=\"twitter:data1\" content=\"Fr\u00e9d\u00e9ric C\" \/>\n\t<meta name=\"twitter:label2\" content=\"Dur\u00e9e de lecture estim\u00e9e\" \/>\n\t<meta name=\"twitter:data2\" content=\"7 minutes\" \/>\n<script type=\"application\/ld+json\" class=\"yoast-schema-graph\">{\"@context\":\"https:\\\/\\\/schema.org\",\"@graph\":[{\"@type\":\"Article\",\"@id\":\"https:\\\/\\\/fatherheartfrance.com\\\/index.php\\\/2025\\\/11\\\/06\\\/fathers-time-for-you\\\/#article\",\"isPartOf\":{\"@id\":\"https:\\\/\\\/fatherheartfrance.com\\\/index.php\\\/2025\\\/11\\\/06\\\/fathers-time-for-you\\\/\"},\"author\":{\"name\":\"Fr\u00e9d\u00e9ric C\",\"@id\":\"https:\\\/\\\/fatherheartfrance.com\\\/#\\\/schema\\\/person\\\/a980675cd50a6bb00fc1a61b57ba7420\"},\"headline\":\"Father&rsquo;s time for you\",\"datePublished\":\"2025-11-06T14:01:33+00:00\",\"dateModified\":\"2025-12-15T18:17:52+00:00\",\"mainEntityOfPage\":{\"@id\":\"https:\\\/\\\/fatherheartfrance.com\\\/index.php\\\/2025\\\/11\\\/06\\\/fathers-time-for-you\\\/\"},\"wordCount\":1298,\"commentCount\":1,\"publisher\":{\"@id\":\"https:\\\/\\\/fatherheartfrance.com\\\/#organization\"},\"image\":{\"@id\":\"https:\\\/\\\/fatherheartfrance.com\\\/index.php\\\/2025\\\/11\\\/06\\\/fathers-time-for-you\\\/#primaryimage\"},\"thumbnailUrl\":\"https:\\\/\\\/fatherheartfrance.com\\\/wp-content\\\/uploads\\\/2025\\\/11\\\/2026-01_FranckDass-Anglais-1.png\",\"inLanguage\":\"fr-FR\",\"potentialAction\":[{\"@type\":\"CommentAction\",\"name\":\"Comment\",\"target\":[\"https:\\\/\\\/fatherheartfrance.com\\\/index.php\\\/2025\\\/11\\\/06\\\/fathers-time-for-you\\\/#respond\"]}]},{\"@type\":\"WebPage\",\"@id\":\"https:\\\/\\\/fatherheartfrance.com\\\/index.php\\\/2025\\\/11\\\/06\\\/fathers-time-for-you\\\/\",\"url\":\"https:\\\/\\\/fatherheartfrance.com\\\/index.php\\\/2025\\\/11\\\/06\\\/fathers-time-for-you\\\/\",\"name\":\"Father's time for you - Fatherheart - France\",\"isPartOf\":{\"@id\":\"https:\\\/\\\/fatherheartfrance.com\\\/#website\"},\"primaryImageOfPage\":{\"@id\":\"https:\\\/\\\/fatherheartfrance.com\\\/index.php\\\/2025\\\/11\\\/06\\\/fathers-time-for-you\\\/#primaryimage\"},\"image\":{\"@id\":\"https:\\\/\\\/fatherheartfrance.com\\\/index.php\\\/2025\\\/11\\\/06\\\/fathers-time-for-you\\\/#primaryimage\"},\"thumbnailUrl\":\"https:\\\/\\\/fatherheartfrance.com\\\/wp-content\\\/uploads\\\/2025\\\/11\\\/2026-01_FranckDass-Anglais-1.png\",\"datePublished\":\"2025-11-06T14:01:33+00:00\",\"dateModified\":\"2025-12-15T18:17:52+00:00\",\"breadcrumb\":{\"@id\":\"https:\\\/\\\/fatherheartfrance.com\\\/index.php\\\/2025\\\/11\\\/06\\\/fathers-time-for-you\\\/#breadcrumb\"},\"inLanguage\":\"fr-FR\",\"potentialAction\":[{\"@type\":\"ReadAction\",\"target\":[\"https:\\\/\\\/fatherheartfrance.com\\\/index.php\\\/2025\\\/11\\\/06\\\/fathers-time-for-you\\\/\"]}]},{\"@type\":\"ImageObject\",\"inLanguage\":\"fr-FR\",\"@id\":\"https:\\\/\\\/fatherheartfrance.com\\\/index.php\\\/2025\\\/11\\\/06\\\/fathers-time-for-you\\\/#primaryimage\",\"url\":\"https:\\\/\\\/fatherheartfrance.com\\\/wp-content\\\/uploads\\\/2025\\\/11\\\/2026-01_FranckDass-Anglais-1.png\",\"contentUrl\":\"https:\\\/\\\/fatherheartfrance.com\\\/wp-content\\\/uploads\\\/2025\\\/11\\\/2026-01_FranckDass-Anglais-1.png\",\"width\":1640,\"height\":924,\"caption\":\"2026-01_09 Conference FranckDass-Anglais\"},{\"@type\":\"BreadcrumbList\",\"@id\":\"https:\\\/\\\/fatherheartfrance.com\\\/index.php\\\/2025\\\/11\\\/06\\\/fathers-time-for-you\\\/#breadcrumb\",\"itemListElement\":[{\"@type\":\"ListItem\",\"position\":1,\"name\":\"Accueil\",\"item\":\"https:\\\/\\\/fatherheartfrance.com\\\/\"},{\"@type\":\"ListItem\",\"position\":2,\"name\":\"Father&rsquo;s time for you\"}]},{\"@type\":\"WebSite\",\"@id\":\"https:\\\/\\\/fatherheartfrance.com\\\/#website\",\"url\":\"https:\\\/\\\/fatherheartfrance.com\\\/\",\"name\":\"Fatherheart - France\",\"description\":\"Amour du P\u00e8re\",\"publisher\":{\"@id\":\"https:\\\/\\\/fatherheartfrance.com\\\/#organization\"},\"potentialAction\":[{\"@type\":\"SearchAction\",\"target\":{\"@type\":\"EntryPoint\",\"urlTemplate\":\"https:\\\/\\\/fatherheartfrance.com\\\/?s={search_term_string}\"},\"query-input\":{\"@type\":\"PropertyValueSpecification\",\"valueRequired\":true,\"valueName\":\"search_term_string\"}}],\"inLanguage\":\"fr-FR\"},{\"@type\":\"Organization\",\"@id\":\"https:\\\/\\\/fatherheartfrance.com\\\/#organization\",\"name\":\"fatherheartfrance\",\"url\":\"https:\\\/\\\/fatherheartfrance.com\\\/\",\"logo\":{\"@type\":\"ImageObject\",\"inLanguage\":\"fr-FR\",\"@id\":\"https:\\\/\\\/fatherheartfrance.com\\\/#\\\/schema\\\/logo\\\/image\\\/\",\"url\":\"https:\\\/\\\/fatherheartfrance.com\\\/wp-content\\\/uploads\\\/2017\\\/02\\\/logo-3-e1488034589841.png\",\"contentUrl\":\"https:\\\/\\\/fatherheartfrance.com\\\/wp-content\\\/uploads\\\/2017\\\/02\\\/logo-3-e1488034589841.png\",\"width\":300,\"height\":82,\"caption\":\"fatherheartfrance\"},\"image\":{\"@id\":\"https:\\\/\\\/fatherheartfrance.com\\\/#\\\/schema\\\/logo\\\/image\\\/\"},\"sameAs\":[\"https:\\\/\\\/www.facebook.com\\\/ContactFHF\\\/\"]},{\"@type\":\"Person\",\"@id\":\"https:\\\/\\\/fatherheartfrance.com\\\/#\\\/schema\\\/person\\\/a980675cd50a6bb00fc1a61b57ba7420\",\"name\":\"Fr\u00e9d\u00e9ric C\",\"image\":{\"@type\":\"ImageObject\",\"inLanguage\":\"fr-FR\",\"@id\":\"https:\\\/\\\/secure.gravatar.com\\\/avatar\\\/f847814b88f468c211776e97f3b93c066195167c83d3e8cb7e6ca0612f3757a8?s=96&d=mm&r=g\",\"url\":\"https:\\\/\\\/secure.gravatar.com\\\/avatar\\\/f847814b88f468c211776e97f3b93c066195167c83d3e8cb7e6ca0612f3757a8?s=96&d=mm&r=g\",\"contentUrl\":\"https:\\\/\\\/secure.gravatar.com\\\/avatar\\\/f847814b88f468c211776e97f3b93c066195167c83d3e8cb7e6ca0612f3757a8?s=96&d=mm&r=g\",\"caption\":\"Fr\u00e9d\u00e9ric C\"},\"url\":\"https:\\\/\\\/fatherheartfrance.com\\\/index.php\\\/author\\\/frederic\\\/\"}]}<\/script>\n<!-- \/ Yoast SEO plugin. -->","yoast_head_json":{"title":"Father's time for you - Fatherheart - France","robots":{"index":"index","follow":"follow","max-snippet":"max-snippet:-1","max-image-preview":"max-image-preview:large","max-video-preview":"max-video-preview:-1"},"canonical":"https:\/\/fatherheartfrance.com\/index.php\/2025\/11\/06\/fathers-time-for-you\/","og_locale":"fr_FR","og_type":"article","og_title":"Father's time for you - Fatherheart - France","og_description":"PLEASE NOTE &#8211; PLACES ARE LIMITED French Version A weekend to give a biblical perspective on the nature of the Father&rsquo;s heart, but above all to experience His perfect love, to find or rediscover who you are in Him. The goal is not so much to acquire intellectual knowledge as it is to lead you Lire plus ...","og_url":"https:\/\/fatherheartfrance.com\/index.php\/2025\/11\/06\/fathers-time-for-you\/","og_site_name":"Fatherheart - France","article_publisher":"https:\/\/www.facebook.com\/ContactFHF\/","article_published_time":"2025-11-06T14:01:33+00:00","article_modified_time":"2025-12-15T18:17:52+00:00","og_image":[{"width":1024,"height":577,"url":"https:\/\/fatherheartfrance.com\/wp-content\/uploads\/2025\/11\/2026-01_FranckDass-Anglais-1-1024x577.png","type":"image\/png"}],"author":"Fr\u00e9d\u00e9ric C","twitter_card":"summary_large_image","twitter_misc":{"\u00c9crit par":"Fr\u00e9d\u00e9ric C","Dur\u00e9e de lecture estim\u00e9e":"7 minutes"},"schema":{"@context":"https:\/\/schema.org","@graph":[{"@type":"Article","@id":"https:\/\/fatherheartfrance.com\/index.php\/2025\/11\/06\/fathers-time-for-you\/#article","isPartOf":{"@id":"https:\/\/fatherheartfrance.com\/index.php\/2025\/11\/06\/fathers-time-for-you\/"},"author":{"name":"Fr\u00e9d\u00e9ric C","@id":"https:\/\/fatherheartfrance.com\/#\/schema\/person\/a980675cd50a6bb00fc1a61b57ba7420"},"headline":"Father&rsquo;s time for you","datePublished":"2025-11-06T14:01:33+00:00","dateModified":"2025-12-15T18:17:52+00:00","mainEntityOfPage":{"@id":"https:\/\/fatherheartfrance.com\/index.php\/2025\/11\/06\/fathers-time-for-you\/"},"wordCount":1298,"commentCount":1,"publisher":{"@id":"https:\/\/fatherheartfrance.com\/#organization"},"image":{"@id":"https:\/\/fatherheartfrance.com\/index.php\/2025\/11\/06\/fathers-time-for-you\/#primaryimage"},"thumbnailUrl":"https:\/\/fatherheartfrance.com\/wp-content\/uploads\/2025\/11\/2026-01_FranckDass-Anglais-1.png","inLanguage":"fr-FR","potentialAction":[{"@type":"CommentAction","name":"Comment","target":["https:\/\/fatherheartfrance.com\/index.php\/2025\/11\/06\/fathers-time-for-you\/#respond"]}]},{"@type":"WebPage","@id":"https:\/\/fatherheartfrance.com\/index.php\/2025\/11\/06\/fathers-time-for-you\/","url":"https:\/\/fatherheartfrance.com\/index.php\/2025\/11\/06\/fathers-time-for-you\/","name":"Father's time for you - Fatherheart - France","isPartOf":{"@id":"https:\/\/fatherheartfrance.com\/#website"},"primaryImageOfPage":{"@id":"https:\/\/fatherheartfrance.com\/index.php\/2025\/11\/06\/fathers-time-for-you\/#primaryimage"},"image":{"@id":"https:\/\/fatherheartfrance.com\/index.php\/2025\/11\/06\/fathers-time-for-you\/#primaryimage"},"thumbnailUrl":"https:\/\/fatherheartfrance.com\/wp-content\/uploads\/2025\/11\/2026-01_FranckDass-Anglais-1.png","datePublished":"2025-11-06T14:01:33+00:00","dateModified":"2025-12-15T18:17:52+00:00","breadcrumb":{"@id":"https:\/\/fatherheartfrance.com\/index.php\/2025\/11\/06\/fathers-time-for-you\/#breadcrumb"},"inLanguage":"fr-FR","potentialAction":[{"@type":"ReadAction","target":["https:\/\/fatherheartfrance.com\/index.php\/2025\/11\/06\/fathers-time-for-you\/"]}]},{"@type":"ImageObject","inLanguage":"fr-FR","@id":"https:\/\/fatherheartfrance.com\/index.php\/2025\/11\/06\/fathers-time-for-you\/#primaryimage","url":"https:\/\/fatherheartfrance.com\/wp-content\/uploads\/2025\/11\/2026-01_FranckDass-Anglais-1.png","contentUrl":"https:\/\/fatherheartfrance.com\/wp-content\/uploads\/2025\/11\/2026-01_FranckDass-Anglais-1.png","width":1640,"height":924,"caption":"2026-01_09 Conference FranckDass-Anglais"},{"@type":"BreadcrumbList","@id":"https:\/\/fatherheartfrance.com\/index.php\/2025\/11\/06\/fathers-time-for-you\/#breadcrumb","itemListElement":[{"@type":"ListItem","position":1,"name":"Accueil","item":"https:\/\/fatherheartfrance.com\/"},{"@type":"ListItem","position":2,"name":"Father&rsquo;s time for you"}]},{"@type":"WebSite","@id":"https:\/\/fatherheartfrance.com\/#website","url":"https:\/\/fatherheartfrance.com\/","name":"Fatherheart - France","description":"Amour du P\u00e8re","publisher":{"@id":"https:\/\/fatherheartfrance.com\/#organization"},"potentialAction":[{"@type":"SearchAction","target":{"@type":"EntryPoint","urlTemplate":"https:\/\/fatherheartfrance.com\/?s={search_term_string}"},"query-input":{"@type":"PropertyValueSpecification","valueRequired":true,"valueName":"search_term_string"}}],"inLanguage":"fr-FR"},{"@type":"Organization","@id":"https:\/\/fatherheartfrance.com\/#organization","name":"fatherheartfrance","url":"https:\/\/fatherheartfrance.com\/","logo":{"@type":"ImageObject","inLanguage":"fr-FR","@id":"https:\/\/fatherheartfrance.com\/#\/schema\/logo\/image\/","url":"https:\/\/fatherheartfrance.com\/wp-content\/uploads\/2017\/02\/logo-3-e1488034589841.png","contentUrl":"https:\/\/fatherheartfrance.com\/wp-content\/uploads\/2017\/02\/logo-3-e1488034589841.png","width":300,"height":82,"caption":"fatherheartfrance"},"image":{"@id":"https:\/\/fatherheartfrance.com\/#\/schema\/logo\/image\/"},"sameAs":["https:\/\/www.facebook.com\/ContactFHF\/"]},{"@type":"Person","@id":"https:\/\/fatherheartfrance.com\/#\/schema\/person\/a980675cd50a6bb00fc1a61b57ba7420","name":"Fr\u00e9d\u00e9ric C","image":{"@type":"ImageObject","inLanguage":"fr-FR","@id":"https:\/\/secure.gravatar.com\/avatar\/f847814b88f468c211776e97f3b93c066195167c83d3e8cb7e6ca0612f3757a8?s=96&d=mm&r=g","url":"https:\/\/secure.gravatar.com\/avatar\/f847814b88f468c211776e97f3b93c066195167c83d3e8cb7e6ca0612f3757a8?s=96&d=mm&r=g","contentUrl":"https:\/\/secure.gravatar.com\/avatar\/f847814b88f468c211776e97f3b93c066195167c83d3e8cb7e6ca0612f3757a8?s=96&d=mm&r=g","caption":"Fr\u00e9d\u00e9ric C"},"url":"https:\/\/fatherheartfrance.com\/index.php\/author\/frederic\/"}]}},"_links":{"self":[{"href":"https:\/\/fatherheartfrance.com\/index.php\/wp-json\/wp\/v2\/posts\/2217","targetHints":{"allow":["GET"]}}],"collection":[{"href":"https:\/\/fatherheartfrance.com\/index.php\/wp-json\/wp\/v2\/posts"}],"about":[{"href":"https:\/\/fatherheartfrance.com\/index.php\/wp-json\/wp\/v2\/types\/post"}],"author":[{"embeddable":true,"href":"https:\/\/fatherheartfrance.com\/index.php\/wp-json\/wp\/v2\/users\/3"}],"replies":[{"embeddable":true,"href":"https:\/\/fatherheartfrance.com\/index.php\/wp-json\/wp\/v2\/comments?post=2217"}],"version-history":[{"count":5,"href":"https:\/\/fatherheartfrance.com\/index.php\/wp-json\/wp\/v2\/posts\/2217\/revisions"}],"predecessor-version":[{"id":2267,"href":"https:\/\/fatherheartfrance.com\/index.php\/wp-json\/wp\/v2\/posts\/2217\/revisions\/2267"}],"wp:featuredmedia":[{"embeddable":true,"href":"https:\/\/fatherheartfrance.com\/index.php\/wp-json\/wp\/v2\/media\/2247"}],"wp:attachment":[{"href":"https:\/\/fatherheartfrance.com\/index.php\/wp-json\/wp\/v2\/media?parent=2217"}],"wp:term":[{"taxonomy":"category","embeddable":true,"href":"https:\/\/fatherheartfrance.com\/index.php\/wp-json\/wp\/v2\/categories?post=2217"},{"taxonomy":"post_tag","embeddable":true,"href":"https:\/\/fatherheartfrance.com\/index.php\/wp-json\/wp\/v2\/tags?post=2217"}],"curies":[{"name":"wp","href":"https:\/\/api.w.org\/{rel}","templated":true}]}}