{"id":2213,"date":"2025-11-06T14:53:07","date_gmt":"2025-11-06T13:53:07","guid":{"rendered":"https:\/\/fatherheartfrance.com\/?p=2213"},"modified":"2026-02-18T22:10:51","modified_gmt":"2026-02-18T21:10:51","slug":"conference-le-temps-du-pere-pour-toi","status":"publish","type":"post","link":"https:\/\/fatherheartfrance.com\/index.php\/2025\/11\/06\/conference-le-temps-du-pere-pour-toi\/","title":{"rendered":"Conf\u00e9rence &#8211; Le temps du P\u00e8re pour toi"},"content":{"rendered":"\n<p class=\"wp-block-paragraph\"><strong>ATTENTION &#8211; LE NOMBRE DE PLACES EST LIMITE<\/strong><\/p>\n\n\n\n<p class=\"wp-block-paragraph\"><a href=\"https:\/\/fatherheartfrance.com\/?p=2217\">English Version<\/a><\/p>\n\n\n\n<p class=\"wp-block-paragraph\">Un WE pour donner une perspective biblique sur la nature du c\u0153ur du P\u00e8re mais surtout pour faire l&rsquo;exp\u00e9rience de son amour parfait, trouver ou retrouver qui vous \u00eates en Lui.<\/p>\n\n\n\n<p class=\"wp-block-paragraph\">Le but n&rsquo;est pas tant d&rsquo;acqu\u00e9rir des connaissances intellectuelles que de vous conduire \u00e0 une profonde r\u00e9v\u00e9lation personnelle et d\u00e9couvrir comment Dieu vous voit.<\/p>\n\n\n\n<p class=\"wp-block-paragraph\">Son amour authentique changera d\u00e9finitivement ta vie.<\/p>\n\n\n\n<p class=\"wp-block-paragraph\">Les r\u00e9unions seront en anglais &#8211; traduit en fran\u00e7ais.<\/p>\n\n\n\n<h4 class=\"wp-block-heading\">Agenda du vendredi 9 au dimanche 11 Janvier 2026 :<\/h4>\n\n\n\n<p class=\"wp-block-paragraph\">Vendredi&nbsp;soir : 19:00 \u2013 21:00<br>Samedi :<br>&#8211;&nbsp;&nbsp;&nbsp;&nbsp;&nbsp;&nbsp;&nbsp;&nbsp;&nbsp; 09:30 \u2013 12:00&nbsp;<br>&#8211;&nbsp;&nbsp;&nbsp;&nbsp;&nbsp;&nbsp;&nbsp;&nbsp;&nbsp; 14:00 \u2013 16:00&nbsp;<br>&#8211;&nbsp;&nbsp;&nbsp;&nbsp;&nbsp;&nbsp;&nbsp;&nbsp;&nbsp; 19:00 \u2013 21:00&nbsp;<br>Dimanche :<br>&#8211;&nbsp;&nbsp;&nbsp;&nbsp;&nbsp;&nbsp;&nbsp;&nbsp;&nbsp; 09:30 \u2013 12:00&nbsp;<\/p>\n\n\n\n<h4 class=\"wp-block-heading\">O\u00f9 :<\/h4>\n\n\n\n<p class=\"wp-block-paragraph\">\u00ab\u00a0Les villages sous les pins\u00a0\u00bb&nbsp;<br>2747 Avenue de l&rsquo;Oc\u00e9an<br>40550 L\u00e9on<br>France<\/p>\n\n\n\n<h4 class=\"wp-block-heading\">Prix :<\/h4>\n\n\n\n<p class=\"wp-block-paragraph\">49 \u20ac (-10%) si vous \u00eates enregistr\u00e9 avant le 25 D\u00e9cembre 2025 (inclut)<br>55\u20ac (plein tarif) apr\u00e8s le 25 D\u00e9cembre 2025<\/p>\n\n\n\n<h4 class=\"wp-block-heading\">INSCRIPTION A LA CONFERENCE :<\/h4>\n\n\n\n<p class=\"wp-block-paragraph\"><iframe id=\"haWidget\" allowtransparency=\"true\" src=\"https:\/\/www.helloasso.com\/associations\/fatherheart-france\/evenements\/le-temps-du-pere-pour-toi-1\/widget-bouton\" style=\"width: 100%; height: 70px; border: none;\" onload=\"window.addEventListener( 'message', function(e) { const dataHeight = e.data.height; const haWidgetElement = document.getElementById('haWidget'); haWidgetElement.height = dataHeight + 'px'; } )\"><\/iframe>\n<p><a href=\"https:\/\/www.helloasso.com\/associations\/fatherheart-france\/evenements\/le-temps-du-pere-pour-toi-1\">https:\/\/www.helloasso.com\/associations\/fatherheart-france\/evenements\/le-temps-du-pere-pour-toi-1<\/a><\/p><\/p>\n\n\n\n<h4 class=\"wp-block-heading\">Accomodation :<\/h4>\n\n\n\n<p class=\"wp-block-paragraph\">Possibilit\u00e9 pour les personnes de dormir dans les \u00ab\u00a0<em>Villages sous les Pins<\/em>\u00ab\u00a0, ce qui vous \u00e9vite d&rsquo;utiliser une voiture une fois sur place pour aller aux r\u00e9unions.\u00a0<br>Si vous \u00eates int\u00e9ress\u00e9s, contacter en pr\u00e9cisant bien que vous venez pour la conf\u00e9rence \u201cFatherheart-France\u201d qui se d\u00e9roule du 9 au 11 janvier 2026 :<br>&#8211; <strong>Les pins village vacances &#8211; 05 58 48 52 89 &#8211; vacanceleon@villagesouslespins.com<\/strong><br>Les prix sont attractifs : Pour le WE par bungalow, il faut pr\u00e9voir 130euros pour 4 personnes ou 175e pour 6 personnes (\u00e0 cela s&rsquo;ajoute les taxes de s\u00e9jours et la location des draps si vous en avez le besoin.)<br>MPORTANT : <strong>si vous \u00eates int\u00e9ress\u00e9 par le s\u00e9minaire et l&rsquo;h\u00e9bergement propos\u00e9 &#8211; L&rsquo;h\u00e9bergeur \u00ab\u00a0le village sous les pins\u00a0\u00bb nous signale que leur secr\u00e9tariat fermait le 19 d\u00e9cembre et ne r\u00e9ouvrira que le 5 janvier de l&rsquo;ann\u00e9e prochaine (le s\u00e9minaire est le 9). Il nous invite \u00e0 r\u00e9server au plus vite.<\/strong><\/p>\n\n\n\n<p class=\"wp-block-paragraph\">Il y a d&rsquo;autres espaces d&rsquo;h\u00e9bergement \u00e0 tous les prix et tous les conforts dans le secteur !&nbsp;<\/p>\n\n\n\n<p class=\"wp-block-paragraph\">Possibilit\u00e9 pour les personnes de dormir dans les environs (Camping, gites, mobil home), il y en a pour tous les prix !&nbsp;<\/p>\n\n\n\n<p class=\"wp-block-paragraph\">De m\u00eame il y a dans les environs de multiples solutions pour les repas\u2026 Pizzeria, restaurant, supermarch\u00e9\u2026&nbsp;<\/p>\n\n\n\n<h4 class=\"wp-block-heading\">Comment se rendre \u00e0 L\u00e9on :<\/h4>\n\n\n\n<p class=\"wp-block-paragraph\">En voiture par l&rsquo;autoroute A63.<\/p>\n\n\n\n<p class=\"wp-block-paragraph\">Pour venir \u00e0 L\u00e9on en avion :<br>&#8211; 50 minutes de route depuis l&rsquo;a\u00e9roport de Biarritz,<br>&#8211; 1h de route depuis Saint-S\u00e9bastien (en Espagne)<br>&#8211; 1h30 de route depuis l&rsquo;a\u00e9roport de Pau,&nbsp;<br>&#8211; 1h45 de route depuis l&rsquo;a\u00e9roport de Bordeaux<\/p>\n\n\n\n<p class=\"wp-block-paragraph\">En train rapide, il faut compter 3h30 depuis Paris &#8211; l&rsquo;arr\u00eat le plus proche est \u00e0 Dax (\u00e0 30 minutes de route de L\u00e9on).<\/p>\n\n\n\n<p class=\"wp-block-paragraph\">La solution la moins ch\u00e8re est de venir en bus intercity jusqu&rsquo;\u00e0 la ville de Dax (\u00e0 30 minutes de route de L\u00e9on).<\/p>\n\n\n\n<h4 class=\"wp-block-heading\">Qui sont Franck Naea, Dass &amp; Rani Supperamaniam &nbsp;:<\/h4>\n\n\n\n<p class=\"wp-block-paragraph\">Franck &amp; Dass sont des piliers de Fatherheart Ministries (monde).<\/p>\n\n\n\n<h4 class=\"wp-block-heading\">Franck Naea :<\/h4>\n\n\n\n<p class=\"wp-block-paragraph\">Frank Naea a pr\u00each\u00e9 et enseign\u00e9 dans les \u00e9coles pendant des ann\u00e9es apr\u00e8s avoir d\u00e9couvert le c\u0153ur paternel de Dieu lors de sa premi\u00e8re formation DTS \u00e0 Jeunesse En Mission. Ce n&rsquo;est que lorsqu&rsquo;il a v\u00e9cu la faillite et l&rsquo;\u00e9chec que la porte pour d\u00e9couvrir l&rsquo;amour du P\u00e8re lui a \u00e9t\u00e9 ouverte et vivre ainsi la restauration et une toute nouvelle voie mise devant lui. C&rsquo;est devenu \u00ab l&rsquo;\u00c9vangile pour moi \u00bb.<\/p>\n\n\n\n<p class=\"wp-block-paragraph\">Pr\u00e9senter cette r\u00e9v\u00e9lation aux autres a \u00ab donn\u00e9 vie \u00e0 chaque \u00e9tape de mon parcours \u00bb, dit Frank. \u00ab Voir les autres vivre cette exp\u00e9rience et entrer dans la r\u00e9alit\u00e9 de cet \u00e9vangile n&rsquo;a pas de prix. \u00bb<\/p>\n\n\n\n<p class=\"wp-block-paragraph\">Frank, dont le nom de famille Naea rime avec \u00ab higher \u00bb (plus haut), est n\u00e9 \u00e0 Mt Albert, dans la banlieue d&rsquo;Auckland, en Nouvelle-Z\u00e9lande, a\u00een\u00e9 d&rsquo;une fratrie de dix enfants. Son p\u00e8re \u00e9tait samoan et sa m\u00e8re maorie.<\/p>\n\n\n\n<p class=\"wp-block-paragraph\">Frank a grandi dans le sud d&rsquo;Auckland, apr\u00e8s avoir v\u00e9cu avec divers membres de sa famille pendant les cinq premi\u00e8res ann\u00e9es de sa vie.<\/p>\n\n\n\n<p class=\"wp-block-paragraph\">Il a rencontr\u00e9 sa femme, Sonia, lorsqu&rsquo;elle est venue chez lui pour envisager une collaboration musicale. Sonia chantait dans un groupe de musique d&rsquo;\u00e9glise avec des cousins de Frank, et ils voulaient qu&rsquo;elle rencontre quatre des fr\u00e8res de Frank qui faisaient tous partie d&rsquo;un groupe.<\/p>\n\n\n\n<p class=\"wp-block-paragraph\">\u00ab J&rsquo;ai entendu leur voiture arriver et je suis all\u00e9 voir qui c&rsquo;\u00e9tait, pour d\u00e9couvrir une belle jeune femme qui remontait l&rsquo;all\u00e9e menant \u00e0 notre maison \u00bb, raconte Frank. \u00ab Presque imm\u00e9diatement, ces mots sont sortis de mon c\u0153ur : \u00ab\u00a0Si je me marie, c&rsquo;est cette femme que j&rsquo;\u00e9pouserai.\u00a0\u00bb \u00bb Frank et Sonia se sont mari\u00e9s neuf mois plus tard, en 1978.<\/p>\n\n\n\n<p class=\"wp-block-paragraph\">En 1981, ils ont rejoint Youth With A Mission (Jeunesse En Mission). Avec leurs deux enfants, ils ont beaucoup voyag\u00e9 dans le cadre de cette organisation missionnaire et ont v\u00e9cu dans plus de soixante maisons en vingt-cinq ans. Heureusement, Frank aime voyager et changer de lieu de vie.<\/p>\n\n\n\n<p class=\"wp-block-paragraph\">Sonia et lui ont rencontr\u00e9 James et Denise Jordan pour la premi\u00e8re fois en 1983, lorsqu&rsquo;ils sont venus enseigner sur le c\u0153ur paternel de Dieu dans les \u00e9coles YWAM. Mais la premi\u00e8re rencontre de Frank avec cette r\u00e9v\u00e9lation n&rsquo;a eu lieu qu&rsquo;en 2004, lorsqu&rsquo;il a assist\u00e9 \u00e0 un \u00e9v\u00e9nement de \u201cFatherheart Ministries\u201d en Colombie-Britannique, au Canada.<\/p>\n\n\n\n<p class=\"wp-block-paragraph\">\u00ab J&rsquo;ai \u00e9t\u00e9 accueilli par l&rsquo;amour g\u00e9n\u00e9reux du P\u00e8re lorsque mon obsession de vouloir lui plaire a \u00e9t\u00e9 r\u00e9compens\u00e9e par sa bont\u00e9 d\u00e9bordante \u00bb, a d\u00e9clar\u00e9 Frank. \u00ab Cela m&rsquo;a litt\u00e9ralement boulevers\u00e9 et m&rsquo;a fait entamer un tout nouveau voyage \u00e0 la d\u00e9couverte de la profondeur de son amour pour moi. \u00bb<\/p>\n\n\n\n<p class=\"wp-block-paragraph\">Avant de rejoindre Fatherheart Ministries en 2012, Frank a servi au sein de YWAM pendant trente ans, en tant qu&rsquo;enseignant, responsable de base et de minist\u00e8re en Nouvelle-Z\u00e9lande et dans le Pacifique, et pendant trois ans en tant que pr\u00e9sident international. Il a suivi une formation au leadership \u00e0 l&rsquo;Universit\u00e9 des Nations de YWAM.<\/p>\n\n\n\n<p class=\"wp-block-paragraph\">Frank est aujourd&rsquo;hui administrateur de Fatherheart et directeur d&rsquo;une \u00e9cole, ainsi que l&rsquo;un de ses piliers, ou anciens. Il a particip\u00e9 \u00e0 plus de quarante \u00e9coles Fatherheart dans diff\u00e9rents pays.<\/p>\n\n\n\n<p class=\"wp-block-paragraph\">Lui, sa femme et leurs deux enfants ~ Luke, constructeur, et Ruth, dipl\u00f4m\u00e9e en design d&rsquo;int\u00e9rieur ~ vivent aujourd&rsquo;hui \u00e0 Taupo, en Nouvelle-Z\u00e9lande.<\/p>\n\n\n\n<p class=\"wp-block-paragraph\">Frank aime cuisiner et manger, les \u00e9v\u00e9nements sportifs et les com\u00e9dies musicales. Il aime \u00e9galement visualiser le potentiel, ou la pens\u00e9e cr\u00e9ative qui m\u00e8ne \u00e0 des processus ou des solutions inhabituels mais simples, quelque chose qui s&rsquo;est r\u00e9veill\u00e9 en lui \u00e0 mesure qu&rsquo;il s&rsquo;est immerg\u00e9 dans l&rsquo;amour du P\u00e8re, dit-il.<\/p>\n\n\n\n<p class=\"wp-block-paragraph\">Un autre de ses passe-temps favoris est le karaok\u00e9, l&rsquo;amour de tous les types de musique et, \u00e0 l&rsquo;occasion, l&rsquo;AirPiano, \u00ab surtout \u00e0 mon bureau, branch\u00e9 sur Paul Simon, Earth, Wind &amp; Fire, Gregory Porter et d&rsquo;autres groupes de louange \u00bb.<\/p>\n\n\n\n<h4 class=\"wp-block-heading\">Dass Supperamaniam :<\/h4>\n\n\n\n<p class=\"wp-block-paragraph\">Lorsque Dass Supperamaniam et sa femme, Rani, se sont retrouv\u00e9s \u00e0 bout de forces en 2005, ils ont \u00e9t\u00e9 amen\u00e9s \u00e0 d\u00e9couvrir Dieu comme leur P\u00e8re, ce qui leur a apport\u00e9 plus de libert\u00e9 et de repos.<\/p>\n\n\n\n<p class=\"wp-block-paragraph\">Le d\u00e9cor \u00e9tait plant\u00e9 lorsqu&rsquo;un ami missionnaire leur a demand\u00e9 d&rsquo;organiser une r\u00e9union avec James Jordan, fondateur de Fatherheart Ministries, dans leur \u00e9glise \u00e0 Kuala Lumpur, en Malaisie.<\/p>\n\n\n\n<p class=\"wp-block-paragraph\">\u00ab Nous avons \u00e9t\u00e9 attir\u00e9s par la r\u00e9v\u00e9lation du P\u00e8re d\u00e8s le tout premier message que nous avons entendu \u00bb, ont-ils \u00e9crit ensemble.<\/p>\n\n\n\n<p class=\"wp-block-paragraph\">Ils ont fr\u00e9quent\u00e9 les \u00e9coles Fatherheart, le rassemblement d&rsquo;un mois du minist\u00e8re et son programme de trois mois intitul\u00e9 \u00ab Inheriting the Nations School: The Journey of Sonship \u00bb (H\u00e9riter des nations : le parcours de la filiation). Dass a \u00e9galement fr\u00e9quent\u00e9 son \u00e9cole de pr\u00e9dication proph\u00e9tique.<\/p>\n\n\n\n<p class=\"wp-block-paragraph\">Aujourd&rsquo;hui, le couple vit pour faciliter un environnement aimant et reposant o\u00f9 l&rsquo;amour de Dieu peut se manifester parmi les autres.<\/p>\n\n\n\n<p class=\"wp-block-paragraph\">Dass et Rani ont tous deux grandi en Malaisie en parlant la langue tamoule du sud de l&rsquo;Inde. Leurs grands-parents venaient des \u00c9tats du sud de l&rsquo;Inde, l&rsquo;Andhra Pradesh et le Tamil Nadu. Le couple a une maison \u00e0 Ipoh, la capitale de l&rsquo;\u00c9tat malaisien de Perak.<\/p>\n\n\n\n<p class=\"wp-block-paragraph\">Ils ont \u00e9t\u00e9 missionnaires pendant vingt ans, servant en Asie et en Afrique. Depuis 2011, ils servent au sein de Fatherheart Ministries, dirigeant des \u00e9coles \u00e0 travers le monde et l&rsquo;\u00e9cole annuelle Inheriting the Nations School, qui se tient sur l&rsquo;\u00eele Great Barrier en Nouvelle-Z\u00e9lande.<\/p>\n\n\n\n<p class=\"wp-block-paragraph\">Dass et Rani ont trois enfants adultes : un fils, Ezra, et deux filles, Erin et Erica.<br>Dass aime cuisiner, faire du v\u00e9lo et voyager. Rani aime le jardinage, la randonn\u00e9e et la p\u00e2tisserie.<br>\u00ab Nous aimons \u00eatre en contact avec les gens \u00bb, ont \u00e9crit Dass et Rani ensemble, et manifester l&rsquo;amour et la nature du P\u00e8re dans la vie quotidienne.<\/p>\n","protected":false},"excerpt":{"rendered":"<p>ATTENTION &#8211; LE NOMBRE DE PLACES EST LIMITE English Version Un WE pour donner une perspective biblique sur la nature du c\u0153ur du P\u00e8re mais surtout pour faire l&rsquo;exp\u00e9rience de son amour parfait, trouver ou retrouver qui vous \u00eates en Lui. Le but n&rsquo;est pas tant d&rsquo;acqu\u00e9rir des connaissances intellectuelles que de vous conduire \u00e0 <a class=\"more-link\" href=\"https:\/\/fatherheartfrance.com\/index.php\/2025\/11\/06\/conference-le-temps-du-pere-pour-toi\/\">Lire plus &#8230;<\/a><\/p>\n","protected":false},"author":3,"featured_media":2248,"comment_status":"open","ping_status":"open","sticky":false,"template":"","format":"standard","meta":{"_crdt_document":"","_exactmetrics_skip_tracking":false,"_exactmetrics_sitenote_active":false,"_exactmetrics_sitenote_note":"","_exactmetrics_sitenote_category":0,"footnotes":""},"categories":[1],"tags":[],"class_list":["post-2213","post","type-post","status-publish","format-standard","has-post-thumbnail","hentry","category-non-classe"],"yoast_head":"<!-- This site is optimized with the Yoast SEO plugin v27.5 - https:\/\/yoast.com\/product\/yoast-seo-wordpress\/ -->\n<title>Conf\u00e9rence - Le temps du P\u00e8re pour toi - Fatherheart - France<\/title>\n<meta name=\"robots\" content=\"index, follow, max-snippet:-1, max-image-preview:large, max-video-preview:-1\" \/>\n<link rel=\"canonical\" href=\"https:\/\/fatherheartfrance.com\/index.php\/2025\/11\/06\/conference-le-temps-du-pere-pour-toi\/\" \/>\n<meta property=\"og:locale\" content=\"fr_FR\" \/>\n<meta property=\"og:type\" content=\"article\" \/>\n<meta property=\"og:title\" content=\"Conf\u00e9rence - Le temps du P\u00e8re pour toi - Fatherheart - France\" \/>\n<meta property=\"og:description\" content=\"ATTENTION &#8211; LE NOMBRE DE PLACES EST LIMITE English Version Un WE pour donner une perspective biblique sur la nature du c\u0153ur du P\u00e8re mais surtout pour faire l&rsquo;exp\u00e9rience de son amour parfait, trouver ou retrouver qui vous \u00eates en Lui. Le but n&rsquo;est pas tant d&rsquo;acqu\u00e9rir des connaissances intellectuelles que de vous conduire \u00e0 Lire plus ...\" \/>\n<meta property=\"og:url\" content=\"https:\/\/fatherheartfrance.com\/index.php\/2025\/11\/06\/conference-le-temps-du-pere-pour-toi\/\" \/>\n<meta property=\"og:site_name\" content=\"Fatherheart - France\" \/>\n<meta property=\"article:publisher\" content=\"https:\/\/www.facebook.com\/ContactFHF\/\" \/>\n<meta property=\"article:published_time\" content=\"2025-11-06T13:53:07+00:00\" \/>\n<meta property=\"article:modified_time\" content=\"2026-02-18T21:10:51+00:00\" \/>\n<meta property=\"og:image\" content=\"https:\/\/fatherheartfrance.com\/wp-content\/uploads\/2025\/11\/2026-01_FranckDass-Francais-1024x577.png\" \/>\n\t<meta property=\"og:image:width\" content=\"1024\" \/>\n\t<meta property=\"og:image:height\" content=\"577\" \/>\n\t<meta property=\"og:image:type\" content=\"image\/png\" \/>\n<meta name=\"author\" content=\"Fr\u00e9d\u00e9ric C\" \/>\n<meta name=\"twitter:card\" content=\"summary_large_image\" \/>\n<meta name=\"twitter:label1\" content=\"\u00c9crit par\" \/>\n\t<meta name=\"twitter:data1\" content=\"Fr\u00e9d\u00e9ric C\" \/>\n\t<meta name=\"twitter:label2\" content=\"Dur\u00e9e de lecture estim\u00e9e\" \/>\n\t<meta name=\"twitter:data2\" content=\"8 minutes\" \/>\n<script type=\"application\/ld+json\" class=\"yoast-schema-graph\">{\"@context\":\"https:\\\/\\\/schema.org\",\"@graph\":[{\"@type\":\"Article\",\"@id\":\"https:\\\/\\\/fatherheartfrance.com\\\/index.php\\\/2025\\\/11\\\/06\\\/conference-le-temps-du-pere-pour-toi\\\/#article\",\"isPartOf\":{\"@id\":\"https:\\\/\\\/fatherheartfrance.com\\\/index.php\\\/2025\\\/11\\\/06\\\/conference-le-temps-du-pere-pour-toi\\\/\"},\"author\":{\"name\":\"Fr\u00e9d\u00e9ric C\",\"@id\":\"https:\\\/\\\/fatherheartfrance.com\\\/#\\\/schema\\\/person\\\/a980675cd50a6bb00fc1a61b57ba7420\"},\"headline\":\"Conf\u00e9rence &#8211; Le temps du P\u00e8re pour toi\",\"datePublished\":\"2025-11-06T13:53:07+00:00\",\"dateModified\":\"2026-02-18T21:10:51+00:00\",\"mainEntityOfPage\":{\"@id\":\"https:\\\/\\\/fatherheartfrance.com\\\/index.php\\\/2025\\\/11\\\/06\\\/conference-le-temps-du-pere-pour-toi\\\/\"},\"wordCount\":1579,\"commentCount\":0,\"publisher\":{\"@id\":\"https:\\\/\\\/fatherheartfrance.com\\\/#organization\"},\"image\":{\"@id\":\"https:\\\/\\\/fatherheartfrance.com\\\/index.php\\\/2025\\\/11\\\/06\\\/conference-le-temps-du-pere-pour-toi\\\/#primaryimage\"},\"thumbnailUrl\":\"https:\\\/\\\/fatherheartfrance.com\\\/wp-content\\\/uploads\\\/2025\\\/11\\\/2026-01_FranckDass-Francais.png\",\"inLanguage\":\"fr-FR\",\"potentialAction\":[{\"@type\":\"CommentAction\",\"name\":\"Comment\",\"target\":[\"https:\\\/\\\/fatherheartfrance.com\\\/index.php\\\/2025\\\/11\\\/06\\\/conference-le-temps-du-pere-pour-toi\\\/#respond\"]}]},{\"@type\":\"WebPage\",\"@id\":\"https:\\\/\\\/fatherheartfrance.com\\\/index.php\\\/2025\\\/11\\\/06\\\/conference-le-temps-du-pere-pour-toi\\\/\",\"url\":\"https:\\\/\\\/fatherheartfrance.com\\\/index.php\\\/2025\\\/11\\\/06\\\/conference-le-temps-du-pere-pour-toi\\\/\",\"name\":\"Conf\u00e9rence - Le temps du P\u00e8re pour toi - Fatherheart - France\",\"isPartOf\":{\"@id\":\"https:\\\/\\\/fatherheartfrance.com\\\/#website\"},\"primaryImageOfPage\":{\"@id\":\"https:\\\/\\\/fatherheartfrance.com\\\/index.php\\\/2025\\\/11\\\/06\\\/conference-le-temps-du-pere-pour-toi\\\/#primaryimage\"},\"image\":{\"@id\":\"https:\\\/\\\/fatherheartfrance.com\\\/index.php\\\/2025\\\/11\\\/06\\\/conference-le-temps-du-pere-pour-toi\\\/#primaryimage\"},\"thumbnailUrl\":\"https:\\\/\\\/fatherheartfrance.com\\\/wp-content\\\/uploads\\\/2025\\\/11\\\/2026-01_FranckDass-Francais.png\",\"datePublished\":\"2025-11-06T13:53:07+00:00\",\"dateModified\":\"2026-02-18T21:10:51+00:00\",\"breadcrumb\":{\"@id\":\"https:\\\/\\\/fatherheartfrance.com\\\/index.php\\\/2025\\\/11\\\/06\\\/conference-le-temps-du-pere-pour-toi\\\/#breadcrumb\"},\"inLanguage\":\"fr-FR\",\"potentialAction\":[{\"@type\":\"ReadAction\",\"target\":[\"https:\\\/\\\/fatherheartfrance.com\\\/index.php\\\/2025\\\/11\\\/06\\\/conference-le-temps-du-pere-pour-toi\\\/\"]}]},{\"@type\":\"ImageObject\",\"inLanguage\":\"fr-FR\",\"@id\":\"https:\\\/\\\/fatherheartfrance.com\\\/index.php\\\/2025\\\/11\\\/06\\\/conference-le-temps-du-pere-pour-toi\\\/#primaryimage\",\"url\":\"https:\\\/\\\/fatherheartfrance.com\\\/wp-content\\\/uploads\\\/2025\\\/11\\\/2026-01_FranckDass-Francais.png\",\"contentUrl\":\"https:\\\/\\\/fatherheartfrance.com\\\/wp-content\\\/uploads\\\/2025\\\/11\\\/2026-01_FranckDass-Francais.png\",\"width\":1640,\"height\":924,\"caption\":\"2026-01_09 FranckDass-Fran\u00e7ais - Conf\u00e9rence\"},{\"@type\":\"BreadcrumbList\",\"@id\":\"https:\\\/\\\/fatherheartfrance.com\\\/index.php\\\/2025\\\/11\\\/06\\\/conference-le-temps-du-pere-pour-toi\\\/#breadcrumb\",\"itemListElement\":[{\"@type\":\"ListItem\",\"position\":1,\"name\":\"Accueil\",\"item\":\"https:\\\/\\\/fatherheartfrance.com\\\/\"},{\"@type\":\"ListItem\",\"position\":2,\"name\":\"Conf\u00e9rence &#8211; Le temps du P\u00e8re pour toi\"}]},{\"@type\":\"WebSite\",\"@id\":\"https:\\\/\\\/fatherheartfrance.com\\\/#website\",\"url\":\"https:\\\/\\\/fatherheartfrance.com\\\/\",\"name\":\"Fatherheart - France\",\"description\":\"Amour du P\u00e8re\",\"publisher\":{\"@id\":\"https:\\\/\\\/fatherheartfrance.com\\\/#organization\"},\"potentialAction\":[{\"@type\":\"SearchAction\",\"target\":{\"@type\":\"EntryPoint\",\"urlTemplate\":\"https:\\\/\\\/fatherheartfrance.com\\\/?s={search_term_string}\"},\"query-input\":{\"@type\":\"PropertyValueSpecification\",\"valueRequired\":true,\"valueName\":\"search_term_string\"}}],\"inLanguage\":\"fr-FR\"},{\"@type\":\"Organization\",\"@id\":\"https:\\\/\\\/fatherheartfrance.com\\\/#organization\",\"name\":\"fatherheartfrance\",\"url\":\"https:\\\/\\\/fatherheartfrance.com\\\/\",\"logo\":{\"@type\":\"ImageObject\",\"inLanguage\":\"fr-FR\",\"@id\":\"https:\\\/\\\/fatherheartfrance.com\\\/#\\\/schema\\\/logo\\\/image\\\/\",\"url\":\"https:\\\/\\\/fatherheartfrance.com\\\/wp-content\\\/uploads\\\/2017\\\/02\\\/logo-3-e1488034589841.png\",\"contentUrl\":\"https:\\\/\\\/fatherheartfrance.com\\\/wp-content\\\/uploads\\\/2017\\\/02\\\/logo-3-e1488034589841.png\",\"width\":300,\"height\":82,\"caption\":\"fatherheartfrance\"},\"image\":{\"@id\":\"https:\\\/\\\/fatherheartfrance.com\\\/#\\\/schema\\\/logo\\\/image\\\/\"},\"sameAs\":[\"https:\\\/\\\/www.facebook.com\\\/ContactFHF\\\/\"]},{\"@type\":\"Person\",\"@id\":\"https:\\\/\\\/fatherheartfrance.com\\\/#\\\/schema\\\/person\\\/a980675cd50a6bb00fc1a61b57ba7420\",\"name\":\"Fr\u00e9d\u00e9ric C\",\"image\":{\"@type\":\"ImageObject\",\"inLanguage\":\"fr-FR\",\"@id\":\"https:\\\/\\\/secure.gravatar.com\\\/avatar\\\/f847814b88f468c211776e97f3b93c066195167c83d3e8cb7e6ca0612f3757a8?s=96&d=mm&r=g\",\"url\":\"https:\\\/\\\/secure.gravatar.com\\\/avatar\\\/f847814b88f468c211776e97f3b93c066195167c83d3e8cb7e6ca0612f3757a8?s=96&d=mm&r=g\",\"contentUrl\":\"https:\\\/\\\/secure.gravatar.com\\\/avatar\\\/f847814b88f468c211776e97f3b93c066195167c83d3e8cb7e6ca0612f3757a8?s=96&d=mm&r=g\",\"caption\":\"Fr\u00e9d\u00e9ric C\"},\"url\":\"https:\\\/\\\/fatherheartfrance.com\\\/index.php\\\/author\\\/frederic\\\/\"}]}<\/script>\n<!-- \/ Yoast SEO plugin. -->","yoast_head_json":{"title":"Conf\u00e9rence - Le temps du P\u00e8re pour toi - Fatherheart - France","robots":{"index":"index","follow":"follow","max-snippet":"max-snippet:-1","max-image-preview":"max-image-preview:large","max-video-preview":"max-video-preview:-1"},"canonical":"https:\/\/fatherheartfrance.com\/index.php\/2025\/11\/06\/conference-le-temps-du-pere-pour-toi\/","og_locale":"fr_FR","og_type":"article","og_title":"Conf\u00e9rence - Le temps du P\u00e8re pour toi - Fatherheart - France","og_description":"ATTENTION &#8211; LE NOMBRE DE PLACES EST LIMITE English Version Un WE pour donner une perspective biblique sur la nature du c\u0153ur du P\u00e8re mais surtout pour faire l&rsquo;exp\u00e9rience de son amour parfait, trouver ou retrouver qui vous \u00eates en Lui. Le but n&rsquo;est pas tant d&rsquo;acqu\u00e9rir des connaissances intellectuelles que de vous conduire \u00e0 Lire plus ...","og_url":"https:\/\/fatherheartfrance.com\/index.php\/2025\/11\/06\/conference-le-temps-du-pere-pour-toi\/","og_site_name":"Fatherheart - France","article_publisher":"https:\/\/www.facebook.com\/ContactFHF\/","article_published_time":"2025-11-06T13:53:07+00:00","article_modified_time":"2026-02-18T21:10:51+00:00","og_image":[{"width":1024,"height":577,"url":"https:\/\/fatherheartfrance.com\/wp-content\/uploads\/2025\/11\/2026-01_FranckDass-Francais-1024x577.png","type":"image\/png"}],"author":"Fr\u00e9d\u00e9ric C","twitter_card":"summary_large_image","twitter_misc":{"\u00c9crit par":"Fr\u00e9d\u00e9ric C","Dur\u00e9e de lecture estim\u00e9e":"8 minutes"},"schema":{"@context":"https:\/\/schema.org","@graph":[{"@type":"Article","@id":"https:\/\/fatherheartfrance.com\/index.php\/2025\/11\/06\/conference-le-temps-du-pere-pour-toi\/#article","isPartOf":{"@id":"https:\/\/fatherheartfrance.com\/index.php\/2025\/11\/06\/conference-le-temps-du-pere-pour-toi\/"},"author":{"name":"Fr\u00e9d\u00e9ric C","@id":"https:\/\/fatherheartfrance.com\/#\/schema\/person\/a980675cd50a6bb00fc1a61b57ba7420"},"headline":"Conf\u00e9rence &#8211; Le temps du P\u00e8re pour toi","datePublished":"2025-11-06T13:53:07+00:00","dateModified":"2026-02-18T21:10:51+00:00","mainEntityOfPage":{"@id":"https:\/\/fatherheartfrance.com\/index.php\/2025\/11\/06\/conference-le-temps-du-pere-pour-toi\/"},"wordCount":1579,"commentCount":0,"publisher":{"@id":"https:\/\/fatherheartfrance.com\/#organization"},"image":{"@id":"https:\/\/fatherheartfrance.com\/index.php\/2025\/11\/06\/conference-le-temps-du-pere-pour-toi\/#primaryimage"},"thumbnailUrl":"https:\/\/fatherheartfrance.com\/wp-content\/uploads\/2025\/11\/2026-01_FranckDass-Francais.png","inLanguage":"fr-FR","potentialAction":[{"@type":"CommentAction","name":"Comment","target":["https:\/\/fatherheartfrance.com\/index.php\/2025\/11\/06\/conference-le-temps-du-pere-pour-toi\/#respond"]}]},{"@type":"WebPage","@id":"https:\/\/fatherheartfrance.com\/index.php\/2025\/11\/06\/conference-le-temps-du-pere-pour-toi\/","url":"https:\/\/fatherheartfrance.com\/index.php\/2025\/11\/06\/conference-le-temps-du-pere-pour-toi\/","name":"Conf\u00e9rence - Le temps du P\u00e8re pour toi - Fatherheart - France","isPartOf":{"@id":"https:\/\/fatherheartfrance.com\/#website"},"primaryImageOfPage":{"@id":"https:\/\/fatherheartfrance.com\/index.php\/2025\/11\/06\/conference-le-temps-du-pere-pour-toi\/#primaryimage"},"image":{"@id":"https:\/\/fatherheartfrance.com\/index.php\/2025\/11\/06\/conference-le-temps-du-pere-pour-toi\/#primaryimage"},"thumbnailUrl":"https:\/\/fatherheartfrance.com\/wp-content\/uploads\/2025\/11\/2026-01_FranckDass-Francais.png","datePublished":"2025-11-06T13:53:07+00:00","dateModified":"2026-02-18T21:10:51+00:00","breadcrumb":{"@id":"https:\/\/fatherheartfrance.com\/index.php\/2025\/11\/06\/conference-le-temps-du-pere-pour-toi\/#breadcrumb"},"inLanguage":"fr-FR","potentialAction":[{"@type":"ReadAction","target":["https:\/\/fatherheartfrance.com\/index.php\/2025\/11\/06\/conference-le-temps-du-pere-pour-toi\/"]}]},{"@type":"ImageObject","inLanguage":"fr-FR","@id":"https:\/\/fatherheartfrance.com\/index.php\/2025\/11\/06\/conference-le-temps-du-pere-pour-toi\/#primaryimage","url":"https:\/\/fatherheartfrance.com\/wp-content\/uploads\/2025\/11\/2026-01_FranckDass-Francais.png","contentUrl":"https:\/\/fatherheartfrance.com\/wp-content\/uploads\/2025\/11\/2026-01_FranckDass-Francais.png","width":1640,"height":924,"caption":"2026-01_09 FranckDass-Fran\u00e7ais - Conf\u00e9rence"},{"@type":"BreadcrumbList","@id":"https:\/\/fatherheartfrance.com\/index.php\/2025\/11\/06\/conference-le-temps-du-pere-pour-toi\/#breadcrumb","itemListElement":[{"@type":"ListItem","position":1,"name":"Accueil","item":"https:\/\/fatherheartfrance.com\/"},{"@type":"ListItem","position":2,"name":"Conf\u00e9rence &#8211; Le temps du P\u00e8re pour toi"}]},{"@type":"WebSite","@id":"https:\/\/fatherheartfrance.com\/#website","url":"https:\/\/fatherheartfrance.com\/","name":"Fatherheart - France","description":"Amour du P\u00e8re","publisher":{"@id":"https:\/\/fatherheartfrance.com\/#organization"},"potentialAction":[{"@type":"SearchAction","target":{"@type":"EntryPoint","urlTemplate":"https:\/\/fatherheartfrance.com\/?s={search_term_string}"},"query-input":{"@type":"PropertyValueSpecification","valueRequired":true,"valueName":"search_term_string"}}],"inLanguage":"fr-FR"},{"@type":"Organization","@id":"https:\/\/fatherheartfrance.com\/#organization","name":"fatherheartfrance","url":"https:\/\/fatherheartfrance.com\/","logo":{"@type":"ImageObject","inLanguage":"fr-FR","@id":"https:\/\/fatherheartfrance.com\/#\/schema\/logo\/image\/","url":"https:\/\/fatherheartfrance.com\/wp-content\/uploads\/2017\/02\/logo-3-e1488034589841.png","contentUrl":"https:\/\/fatherheartfrance.com\/wp-content\/uploads\/2017\/02\/logo-3-e1488034589841.png","width":300,"height":82,"caption":"fatherheartfrance"},"image":{"@id":"https:\/\/fatherheartfrance.com\/#\/schema\/logo\/image\/"},"sameAs":["https:\/\/www.facebook.com\/ContactFHF\/"]},{"@type":"Person","@id":"https:\/\/fatherheartfrance.com\/#\/schema\/person\/a980675cd50a6bb00fc1a61b57ba7420","name":"Fr\u00e9d\u00e9ric C","image":{"@type":"ImageObject","inLanguage":"fr-FR","@id":"https:\/\/secure.gravatar.com\/avatar\/f847814b88f468c211776e97f3b93c066195167c83d3e8cb7e6ca0612f3757a8?s=96&d=mm&r=g","url":"https:\/\/secure.gravatar.com\/avatar\/f847814b88f468c211776e97f3b93c066195167c83d3e8cb7e6ca0612f3757a8?s=96&d=mm&r=g","contentUrl":"https:\/\/secure.gravatar.com\/avatar\/f847814b88f468c211776e97f3b93c066195167c83d3e8cb7e6ca0612f3757a8?s=96&d=mm&r=g","caption":"Fr\u00e9d\u00e9ric C"},"url":"https:\/\/fatherheartfrance.com\/index.php\/author\/frederic\/"}]}},"_links":{"self":[{"href":"https:\/\/fatherheartfrance.com\/index.php\/wp-json\/wp\/v2\/posts\/2213","targetHints":{"allow":["GET"]}}],"collection":[{"href":"https:\/\/fatherheartfrance.com\/index.php\/wp-json\/wp\/v2\/posts"}],"about":[{"href":"https:\/\/fatherheartfrance.com\/index.php\/wp-json\/wp\/v2\/types\/post"}],"author":[{"embeddable":true,"href":"https:\/\/fatherheartfrance.com\/index.php\/wp-json\/wp\/v2\/users\/3"}],"replies":[{"embeddable":true,"href":"https:\/\/fatherheartfrance.com\/index.php\/wp-json\/wp\/v2\/comments?post=2213"}],"version-history":[{"count":5,"href":"https:\/\/fatherheartfrance.com\/index.php\/wp-json\/wp\/v2\/posts\/2213\/revisions"}],"predecessor-version":[{"id":2266,"href":"https:\/\/fatherheartfrance.com\/index.php\/wp-json\/wp\/v2\/posts\/2213\/revisions\/2266"}],"wp:featuredmedia":[{"embeddable":true,"href":"https:\/\/fatherheartfrance.com\/index.php\/wp-json\/wp\/v2\/media\/2248"}],"wp:attachment":[{"href":"https:\/\/fatherheartfrance.com\/index.php\/wp-json\/wp\/v2\/media?parent=2213"}],"wp:term":[{"taxonomy":"category","embeddable":true,"href":"https:\/\/fatherheartfrance.com\/index.php\/wp-json\/wp\/v2\/categories?post=2213"},{"taxonomy":"post_tag","embeddable":true,"href":"https:\/\/fatherheartfrance.com\/index.php\/wp-json\/wp\/v2\/tags?post=2213"}],"curies":[{"name":"wp","href":"https:\/\/api.w.org\/{rel}","templated":true}]}}