{"id":2158,"date":"2025-03-27T20:41:34","date_gmt":"2025-03-27T19:41:34","guid":{"rendered":"https:\/\/fatherheartfrance.com\/?p=2158"},"modified":"2025-04-11T20:51:37","modified_gmt":"2025-04-11T18:51:37","slug":"exceptionnel-seminaire-fatherheart-du-30-mai-au-1er-juin-inscrivez-vous-vite","status":"publish","type":"post","link":"https:\/\/fatherheartfrance.com\/index.php\/2025\/03\/27\/exceptionnel-seminaire-fatherheart-du-30-mai-au-1er-juin-inscrivez-vous-vite\/","title":{"rendered":"Exceptionnel : SEMINAIRE FATHERHEART du 30 Mai au 1er Juin &#8211; Inscrivez vous vite"},"content":{"rendered":"\n<p class=\"wp-block-paragraph\">The Father\u2019s heart, your true identit\u00e9 \/ <em>Le coeur du P\u00e8re r\u00e9v\u00e8le ta v\u00e9ritable identit\u00e9<\/em><\/p>\n\n\n\n<p class=\"wp-block-paragraph\">Pour l&rsquo;inscription suivez ce lien : <a href=\"https:\/\/www.helloasso.com\/associations\/fatherheart-france\/evenements\/le-temps-du-pere-pour-toi\">https:\/\/www.helloasso.com\/associations\/fatherheart-france\/evenements\/le-temps-du-pere-pour-toi<\/a><\/p>\n\n\n\n<p class=\"wp-block-paragraph\">\u00ab\u00a0the Father\u2019s heart, your true identity\u00a0\u00bb (Le coeur du P\u00e8re r\u00e9v\u00e8le ta v\u00e9ritable identit\u00e9) Ce WE est l&rsquo;occasion de retrouver le v\u00e9ritable \u00ab\u00a0toi\u00a0\u00bb qu&rsquo;Il a toujours vu et jamais oubli\u00e9. Mark Head est consid\u00e9r\u00e9 comme un pionnier dans le domaine de l&rsquo;int\u00e9gration des v\u00e9rit\u00e9s spirituelles dans les d\u00e9tails de notre vie quotidienne.<\/p>\n\n\n\n<p class=\"wp-block-paragraph\"><strong>ATTENTION &#8211; LE NOMBRE DE PLACES EST LIMITE<\/strong><\/p>\n\n\n\n<p class=\"wp-block-paragraph\">Un WE pour retrouver son identit\u00e9 dans le c\u0153ur du P\u00e8re.<\/p>\n\n\n\n<p class=\"wp-block-paragraph\">L&rsquo;intention n&rsquo;est pas seulement de donner une perspective biblique sur la nature du c\u0153ur du P\u00e8re mais aussi de vous aider \u00e0 faire l&rsquo;exp\u00e9rience de son amour parfait, &nbsp;\u00e0 trouver ou retrouver qui vous \u00eates en Lui.<\/p>\n\n\n\n<p class=\"wp-block-paragraph\">Le but n&rsquo;est pas tant d&rsquo;acqu\u00e9rir des connaissances intellectuelles que de vous conduire \u00e0 une profonde r\u00e9v\u00e9lation personnelle et d\u00e9couvrir tel que Dieu vous a toujours vu et jamais oubli\u00e9.<\/p>\n\n\n\n<p class=\"wp-block-paragraph\">Les r\u00e9unions seront en anglais &#8211; traduit en fran\u00e7ais.<\/p>\n\n\n\n<h4 class=\"wp-block-heading\">Agenda :<\/h4>\n\n\n\n<p class=\"wp-block-paragraph\">Vendredi&nbsp;soir : <br>&#8211;&nbsp;&nbsp;&nbsp;&nbsp;&nbsp;&nbsp;&nbsp;&nbsp;&nbsp; 19:00 to 21:00<\/p>\n\n\n\n<p class=\"wp-block-paragraph\"><br>Samedi :<br>&#8211;&nbsp;&nbsp;&nbsp;&nbsp;&nbsp;&nbsp;&nbsp;&nbsp;&nbsp; 09:30 \u2013 12:00&nbsp;<br>&#8211;&nbsp;&nbsp;&nbsp;&nbsp;&nbsp;&nbsp;&nbsp;&nbsp;&nbsp; 14:00 \u2013 16:00&nbsp;<br>&#8211;&nbsp;&nbsp;&nbsp;&nbsp;&nbsp;&nbsp;&nbsp;&nbsp;&nbsp; 19:00 \u2013 21:00&nbsp;<\/p>\n\n\n\n<p class=\"wp-block-paragraph\"><br>Dimanche :<br>&#8211;&nbsp;&nbsp;&nbsp;&nbsp;&nbsp;&nbsp;&nbsp;&nbsp;&nbsp; 09:30 \u2013 12:00&nbsp;<\/p>\n\n\n\n<h4 class=\"wp-block-heading\">O\u00f9 :<\/h4>\n\n\n\n<p class=\"wp-block-paragraph\">1461 route de la Nasse<br>40550 L\u00e9on<br>France<\/p>\n\n\n\n<h4 class=\"wp-block-heading\">Prix :<\/h4>\n\n\n\n<p class=\"wp-block-paragraph\">49 \u20ac (-10%) si vous \u00eates enregistr\u00e9 avant le 15 mai (compris)<\/p>\n\n\n\n<p class=\"wp-block-paragraph\">55\u20ac (plein tarif) apr\u00e8s le 15 mai<\/p>\n\n\n\n<h4 class=\"wp-block-heading\">Accomodation :<\/h4>\n\n\n\n<p class=\"wp-block-paragraph\">Possibilit\u00e9 pour les personnes de dormir dans les environs (Camping, gites, mobil home), il y en a pour tous les prix !&nbsp;<\/p>\n\n\n\n<p class=\"wp-block-paragraph\">De m\u00eame il y a dans les environs de multiples solutions pour les repas\u2026 Pizzeria, restaurant, supermarch\u00e9\u2026&nbsp;<\/p>\n\n\n\n<h4 class=\"wp-block-heading\">Qui est Mark Head :<\/h4>\n\n\n\n<p class=\"wp-block-paragraph\">Mark a \u00e9t\u00e9 radicalement sauv\u00e9 de la culture du surf et de la drogue. Un soir, lors d&rsquo;une f\u00eate en 1981, il a d\u00e9couvert la r\u00e9alit\u00e9 de J\u00e9sus-Christ ressuscit\u00e9. Au cours de la soir\u00e9e, le Saint-Esprit a agi dans son c\u0153ur et il a confess\u00e9 sa foi en Christ \u00e0 toutes les personnes pr\u00e9sentes, dont aucune n&rsquo;\u00e9tait croyante. Dans le temps qui a suivi, Mark a vu toute sa famille et plusieurs de ses amis venir au Christ.<\/p>\n\n\n\n<p class=\"wp-block-paragraph\">Pendant de nombreuses ann\u00e9es, il a \u00e9t\u00e9 actif dans l&rsquo;\u00e9glise, dans l&rsquo;\u00e9vang\u00e9lisation, et, pendant un temps, dans l&rsquo;implantation d&rsquo;\u00e9glises au Royaume-Uni.<\/p>\n\n\n\n<p class=\"wp-block-paragraph\">En 1994, il a eu une r\u00e9v\u00e9lation de l&rsquo;amour du P\u00e8re. Plus t\u00f4t cette ann\u00e9e-l\u00e0, lors d&rsquo;une conf\u00e9rence de James Jordan au Bible College. Mark avait r\u00e9alis\u00e9 qu&rsquo;il ne connaissait pas Dieu en tant que P\u00e8re, m\u00eame s&rsquo;il \u00e9tait chr\u00e9tien depuis 13 ans ! Il voyait qu&rsquo;il connaissait le P\u00e8re mais qu&rsquo;il n&rsquo;avait pas de connexion de c\u0153ur avec lui. Cette prise de conscience a suscit\u00e9 un cri dans son c\u0153ur pour conna\u00eetre intimement le P\u00e8re en tant que \u00ab\u00a0Abba\u00a0\u00bb. En voyageant \u00e0 Toronto plus tard dans l&rsquo;ann\u00e9e, il a rencontr\u00e9 le P\u00e8re pour la premi\u00e8re fois et a exp\u00e9riment\u00e9 pour la premi\u00e8re fois parmis beaucoup par la suite l&rsquo;amour sp\u00e9cifique que le P\u00e8re a pour chacun de ses enfants.<\/p>\n\n\n\n<p class=\"wp-block-paragraph\">Cette exp\u00e9rience qui a chang\u00e9 sa vie a d\u00e9fini la direction de sa vie et il a commenc\u00e9 \u00e0 exercer son minist\u00e8re \u00e0 partir de cette r\u00e9v\u00e9lation peu de temps apr\u00e8s, \u00e0 la fois en Nouvelle-Z\u00e9lande et au niveau international. Mark a \u00e9t\u00e9 pasteur d&rsquo;une \u00e9glise multiculturelle \u00e0 Auckland, en Nouvelle-Z\u00e9lande. Pendant plusieurs ann\u00e9es, il a \u00e9galement servi dans le programme Living Waters, qui \u0153uvre dans le domaine de la pl\u00e9nitude sexuelle et relationnelle.<\/p>\n\n\n\n<p class=\"wp-block-paragraph\">En 2007, alors qu&rsquo;il se trouvait \u00e0 Hong Kong, il a repris contact avec James et Denise Jordan. Entendre James \u00e0 nouveau apr\u00e8s tant d&rsquo;ann\u00e9es l&rsquo;a vraiment boulevers\u00e9. \u00c0 cette \u00e9poque, il a \u00e9galement fait une rencontre profonde avec le c\u0153ur maternel de Dieu le P\u00e8re pour lui.<\/p>\n\n\n\n<p class=\"wp-block-paragraph\">En 2008, il s&rsquo;est senti conduit \u00e0 rejoindre James et Denise Jordan et l&rsquo;\u00e9quipe de Fatherheart Ministries \u00e0 Taupo, NZ. En 2010, FHM a demand\u00e9 \u00e0 Mark d&rsquo;en devenir le directeur ex\u00e9cutif. Le r\u00f4le de Mark en tant que directeur international a pris fin en ao\u00fbt 2021.<\/p>\n\n\n\n<p class=\"wp-block-paragraph\">En 2022, Mark lance&nbsp;<strong> <\/strong>\u00ab The Finding Home Journey Membership \u00bb (Groupe de ceux en voyage de retour vers le P\u00e8re). Cette communaut\u00e9 internationale en ligne florissante se concentre sur une identit\u00e9 personnelle et unique, une v\u00e9ritable croissance, une connexion authentique entre fr\u00e8res et s\u0153urs afin de permettre aux membres d&rsquo;\u00ab aller l\u00e0 o\u00f9 se trouve la vie \u00bb.<\/p>\n\n\n\n<p class=\"wp-block-paragraph\">Mark Head est consid\u00e9r\u00e9 comme un pionnier dans le domaine de l&rsquo;int\u00e9gration des v\u00e9rit\u00e9s spirituelles dans les d\u00e9tails de notre vie quotidienne.<\/p>\n\n\n\n<p class=\"wp-block-paragraph\">Tr\u00e8s t\u00f4t, il a reconnu la n\u00e9cessit\u00e9 de relier les moments forts v\u00e9cus lors des conf\u00e9rences et des \u00e9coles et de les traduire en une r\u00e9alit\u00e9 v\u00e9cue dans tous les aspects de notre vie.<\/p>\n","protected":false},"excerpt":{"rendered":"<p>The Father\u2019s heart, your true identit\u00e9 \/ Le coeur du P\u00e8re r\u00e9v\u00e8le ta v\u00e9ritable identit\u00e9 Pour l&rsquo;inscription suivez ce lien : https:\/\/www.helloasso.com\/associations\/fatherheart-france\/evenements\/le-temps-du-pere-pour-toi \u00ab\u00a0the Father\u2019s heart, your true identity\u00a0\u00bb (Le coeur du P\u00e8re r\u00e9v\u00e8le ta v\u00e9ritable identit\u00e9) Ce WE est l&rsquo;occasion de retrouver le v\u00e9ritable \u00ab\u00a0toi\u00a0\u00bb qu&rsquo;Il a toujours vu et jamais oubli\u00e9. Mark Head est <a class=\"more-link\" href=\"https:\/\/fatherheartfrance.com\/index.php\/2025\/03\/27\/exceptionnel-seminaire-fatherheart-du-30-mai-au-1er-juin-inscrivez-vous-vite\/\">Lire plus &#8230;<\/a><\/p>\n","protected":false},"author":3,"featured_media":2163,"comment_status":"open","ping_status":"open","sticky":false,"template":"","format":"standard","meta":{"_crdt_document":"","_exactmetrics_skip_tracking":false,"_exactmetrics_sitenote_active":false,"_exactmetrics_sitenote_note":"","_exactmetrics_sitenote_category":0,"footnotes":""},"categories":[1],"tags":[38,37,39,35,36],"class_list":["post-2158","post","type-post","status-publish","format-standard","has-post-thumbnail","hentry","category-non-classe","tag-fatherheart","tag-france","tag-identite","tag-mark-head","tag-seminaire"],"yoast_head":"<!-- This site is optimized with the Yoast SEO plugin v27.5 - https:\/\/yoast.com\/product\/yoast-seo-wordpress\/ -->\n<title>Exceptionnel : SEMINAIRE FATHERHEART du 30 Mai au 1er Juin - Inscrivez vous vite - Fatherheart - France<\/title>\n<meta name=\"robots\" content=\"index, follow, max-snippet:-1, max-image-preview:large, max-video-preview:-1\" \/>\n<link rel=\"canonical\" href=\"https:\/\/fatherheartfrance.com\/index.php\/2025\/03\/27\/exceptionnel-seminaire-fatherheart-du-30-mai-au-1er-juin-inscrivez-vous-vite\/\" \/>\n<meta property=\"og:locale\" content=\"fr_FR\" \/>\n<meta property=\"og:type\" content=\"article\" \/>\n<meta property=\"og:title\" content=\"Exceptionnel : SEMINAIRE FATHERHEART du 30 Mai au 1er Juin - Inscrivez vous vite - Fatherheart - France\" \/>\n<meta property=\"og:description\" content=\"The Father\u2019s heart, your true identit\u00e9 \/ Le coeur du P\u00e8re r\u00e9v\u00e8le ta v\u00e9ritable identit\u00e9 Pour l&rsquo;inscription suivez ce lien : https:\/\/www.helloasso.com\/associations\/fatherheart-france\/evenements\/le-temps-du-pere-pour-toi \u00ab\u00a0the Father\u2019s heart, your true identity\u00a0\u00bb (Le coeur du P\u00e8re r\u00e9v\u00e8le ta v\u00e9ritable identit\u00e9) Ce WE est l&rsquo;occasion de retrouver le v\u00e9ritable \u00ab\u00a0toi\u00a0\u00bb qu&rsquo;Il a toujours vu et jamais oubli\u00e9. Mark Head est Lire plus ...\" \/>\n<meta property=\"og:url\" content=\"https:\/\/fatherheartfrance.com\/index.php\/2025\/03\/27\/exceptionnel-seminaire-fatherheart-du-30-mai-au-1er-juin-inscrivez-vous-vite\/\" \/>\n<meta property=\"og:site_name\" content=\"Fatherheart - France\" \/>\n<meta property=\"article:publisher\" content=\"https:\/\/www.facebook.com\/ContactFHF\/\" \/>\n<meta property=\"article:published_time\" content=\"2025-03-27T19:41:34+00:00\" \/>\n<meta property=\"article:modified_time\" content=\"2025-04-11T18:51:37+00:00\" \/>\n<meta property=\"og:image\" content=\"https:\/\/fatherheartfrance.com\/wp-content\/uploads\/2025\/03\/2025-05-30_MarkHead-5-1024x577.png\" \/>\n\t<meta property=\"og:image:width\" content=\"1024\" \/>\n\t<meta property=\"og:image:height\" content=\"577\" \/>\n\t<meta property=\"og:image:type\" content=\"image\/png\" \/>\n<meta name=\"author\" content=\"Fr\u00e9d\u00e9ric C\" \/>\n<meta name=\"twitter:card\" content=\"summary_large_image\" \/>\n<meta name=\"twitter:label1\" content=\"\u00c9crit par\" \/>\n\t<meta name=\"twitter:data1\" content=\"Fr\u00e9d\u00e9ric C\" \/>\n\t<meta name=\"twitter:label2\" content=\"Dur\u00e9e de lecture estim\u00e9e\" \/>\n\t<meta name=\"twitter:data2\" content=\"5 minutes\" \/>\n<script type=\"application\/ld+json\" class=\"yoast-schema-graph\">{\"@context\":\"https:\\\/\\\/schema.org\",\"@graph\":[{\"@type\":\"Article\",\"@id\":\"https:\\\/\\\/fatherheartfrance.com\\\/index.php\\\/2025\\\/03\\\/27\\\/exceptionnel-seminaire-fatherheart-du-30-mai-au-1er-juin-inscrivez-vous-vite\\\/#article\",\"isPartOf\":{\"@id\":\"https:\\\/\\\/fatherheartfrance.com\\\/index.php\\\/2025\\\/03\\\/27\\\/exceptionnel-seminaire-fatherheart-du-30-mai-au-1er-juin-inscrivez-vous-vite\\\/\"},\"author\":{\"name\":\"Fr\u00e9d\u00e9ric C\",\"@id\":\"https:\\\/\\\/fatherheartfrance.com\\\/#\\\/schema\\\/person\\\/a980675cd50a6bb00fc1a61b57ba7420\"},\"headline\":\"Exceptionnel : SEMINAIRE FATHERHEART du 30 Mai au 1er Juin &#8211; Inscrivez vous vite\",\"datePublished\":\"2025-03-27T19:41:34+00:00\",\"dateModified\":\"2025-04-11T18:51:37+00:00\",\"mainEntityOfPage\":{\"@id\":\"https:\\\/\\\/fatherheartfrance.com\\\/index.php\\\/2025\\\/03\\\/27\\\/exceptionnel-seminaire-fatherheart-du-30-mai-au-1er-juin-inscrivez-vous-vite\\\/\"},\"wordCount\":917,\"commentCount\":0,\"publisher\":{\"@id\":\"https:\\\/\\\/fatherheartfrance.com\\\/#organization\"},\"image\":{\"@id\":\"https:\\\/\\\/fatherheartfrance.com\\\/index.php\\\/2025\\\/03\\\/27\\\/exceptionnel-seminaire-fatherheart-du-30-mai-au-1er-juin-inscrivez-vous-vite\\\/#primaryimage\"},\"thumbnailUrl\":\"https:\\\/\\\/fatherheartfrance.com\\\/wp-content\\\/uploads\\\/2025\\\/03\\\/2025-05-30_MarkHead-5.png\",\"keywords\":[\"Fatherheart\",\"France\",\"Identit\u00e9\",\"Mark Head\",\"S\u00e9minaire\"],\"inLanguage\":\"fr-FR\",\"potentialAction\":[{\"@type\":\"CommentAction\",\"name\":\"Comment\",\"target\":[\"https:\\\/\\\/fatherheartfrance.com\\\/index.php\\\/2025\\\/03\\\/27\\\/exceptionnel-seminaire-fatherheart-du-30-mai-au-1er-juin-inscrivez-vous-vite\\\/#respond\"]}]},{\"@type\":\"WebPage\",\"@id\":\"https:\\\/\\\/fatherheartfrance.com\\\/index.php\\\/2025\\\/03\\\/27\\\/exceptionnel-seminaire-fatherheart-du-30-mai-au-1er-juin-inscrivez-vous-vite\\\/\",\"url\":\"https:\\\/\\\/fatherheartfrance.com\\\/index.php\\\/2025\\\/03\\\/27\\\/exceptionnel-seminaire-fatherheart-du-30-mai-au-1er-juin-inscrivez-vous-vite\\\/\",\"name\":\"Exceptionnel : SEMINAIRE FATHERHEART du 30 Mai au 1er Juin - Inscrivez vous vite - Fatherheart - France\",\"isPartOf\":{\"@id\":\"https:\\\/\\\/fatherheartfrance.com\\\/#website\"},\"primaryImageOfPage\":{\"@id\":\"https:\\\/\\\/fatherheartfrance.com\\\/index.php\\\/2025\\\/03\\\/27\\\/exceptionnel-seminaire-fatherheart-du-30-mai-au-1er-juin-inscrivez-vous-vite\\\/#primaryimage\"},\"image\":{\"@id\":\"https:\\\/\\\/fatherheartfrance.com\\\/index.php\\\/2025\\\/03\\\/27\\\/exceptionnel-seminaire-fatherheart-du-30-mai-au-1er-juin-inscrivez-vous-vite\\\/#primaryimage\"},\"thumbnailUrl\":\"https:\\\/\\\/fatherheartfrance.com\\\/wp-content\\\/uploads\\\/2025\\\/03\\\/2025-05-30_MarkHead-5.png\",\"datePublished\":\"2025-03-27T19:41:34+00:00\",\"dateModified\":\"2025-04-11T18:51:37+00:00\",\"breadcrumb\":{\"@id\":\"https:\\\/\\\/fatherheartfrance.com\\\/index.php\\\/2025\\\/03\\\/27\\\/exceptionnel-seminaire-fatherheart-du-30-mai-au-1er-juin-inscrivez-vous-vite\\\/#breadcrumb\"},\"inLanguage\":\"fr-FR\",\"potentialAction\":[{\"@type\":\"ReadAction\",\"target\":[\"https:\\\/\\\/fatherheartfrance.com\\\/index.php\\\/2025\\\/03\\\/27\\\/exceptionnel-seminaire-fatherheart-du-30-mai-au-1er-juin-inscrivez-vous-vite\\\/\"]}]},{\"@type\":\"ImageObject\",\"inLanguage\":\"fr-FR\",\"@id\":\"https:\\\/\\\/fatherheartfrance.com\\\/index.php\\\/2025\\\/03\\\/27\\\/exceptionnel-seminaire-fatherheart-du-30-mai-au-1er-juin-inscrivez-vous-vite\\\/#primaryimage\",\"url\":\"https:\\\/\\\/fatherheartfrance.com\\\/wp-content\\\/uploads\\\/2025\\\/03\\\/2025-05-30_MarkHead-5.png\",\"contentUrl\":\"https:\\\/\\\/fatherheartfrance.com\\\/wp-content\\\/uploads\\\/2025\\\/03\\\/2025-05-30_MarkHead-5.png\",\"width\":1640,\"height\":924,\"caption\":\"2025-05-30_MarkHead-5\"},{\"@type\":\"BreadcrumbList\",\"@id\":\"https:\\\/\\\/fatherheartfrance.com\\\/index.php\\\/2025\\\/03\\\/27\\\/exceptionnel-seminaire-fatherheart-du-30-mai-au-1er-juin-inscrivez-vous-vite\\\/#breadcrumb\",\"itemListElement\":[{\"@type\":\"ListItem\",\"position\":1,\"name\":\"Accueil\",\"item\":\"https:\\\/\\\/fatherheartfrance.com\\\/\"},{\"@type\":\"ListItem\",\"position\":2,\"name\":\"Exceptionnel : SEMINAIRE FATHERHEART du 30 Mai au 1er Juin &#8211; Inscrivez vous vite\"}]},{\"@type\":\"WebSite\",\"@id\":\"https:\\\/\\\/fatherheartfrance.com\\\/#website\",\"url\":\"https:\\\/\\\/fatherheartfrance.com\\\/\",\"name\":\"Fatherheart - France\",\"description\":\"Amour du P\u00e8re\",\"publisher\":{\"@id\":\"https:\\\/\\\/fatherheartfrance.com\\\/#organization\"},\"potentialAction\":[{\"@type\":\"SearchAction\",\"target\":{\"@type\":\"EntryPoint\",\"urlTemplate\":\"https:\\\/\\\/fatherheartfrance.com\\\/?s={search_term_string}\"},\"query-input\":{\"@type\":\"PropertyValueSpecification\",\"valueRequired\":true,\"valueName\":\"search_term_string\"}}],\"inLanguage\":\"fr-FR\"},{\"@type\":\"Organization\",\"@id\":\"https:\\\/\\\/fatherheartfrance.com\\\/#organization\",\"name\":\"fatherheartfrance\",\"url\":\"https:\\\/\\\/fatherheartfrance.com\\\/\",\"logo\":{\"@type\":\"ImageObject\",\"inLanguage\":\"fr-FR\",\"@id\":\"https:\\\/\\\/fatherheartfrance.com\\\/#\\\/schema\\\/logo\\\/image\\\/\",\"url\":\"https:\\\/\\\/fatherheartfrance.com\\\/wp-content\\\/uploads\\\/2017\\\/02\\\/logo-3-e1488034589841.png\",\"contentUrl\":\"https:\\\/\\\/fatherheartfrance.com\\\/wp-content\\\/uploads\\\/2017\\\/02\\\/logo-3-e1488034589841.png\",\"width\":300,\"height\":82,\"caption\":\"fatherheartfrance\"},\"image\":{\"@id\":\"https:\\\/\\\/fatherheartfrance.com\\\/#\\\/schema\\\/logo\\\/image\\\/\"},\"sameAs\":[\"https:\\\/\\\/www.facebook.com\\\/ContactFHF\\\/\"]},{\"@type\":\"Person\",\"@id\":\"https:\\\/\\\/fatherheartfrance.com\\\/#\\\/schema\\\/person\\\/a980675cd50a6bb00fc1a61b57ba7420\",\"name\":\"Fr\u00e9d\u00e9ric C\",\"image\":{\"@type\":\"ImageObject\",\"inLanguage\":\"fr-FR\",\"@id\":\"https:\\\/\\\/secure.gravatar.com\\\/avatar\\\/f847814b88f468c211776e97f3b93c066195167c83d3e8cb7e6ca0612f3757a8?s=96&d=mm&r=g\",\"url\":\"https:\\\/\\\/secure.gravatar.com\\\/avatar\\\/f847814b88f468c211776e97f3b93c066195167c83d3e8cb7e6ca0612f3757a8?s=96&d=mm&r=g\",\"contentUrl\":\"https:\\\/\\\/secure.gravatar.com\\\/avatar\\\/f847814b88f468c211776e97f3b93c066195167c83d3e8cb7e6ca0612f3757a8?s=96&d=mm&r=g\",\"caption\":\"Fr\u00e9d\u00e9ric C\"},\"url\":\"https:\\\/\\\/fatherheartfrance.com\\\/index.php\\\/author\\\/frederic\\\/\"}]}<\/script>\n<!-- \/ Yoast SEO plugin. -->","yoast_head_json":{"title":"Exceptionnel : SEMINAIRE FATHERHEART du 30 Mai au 1er Juin - Inscrivez vous vite - Fatherheart - France","robots":{"index":"index","follow":"follow","max-snippet":"max-snippet:-1","max-image-preview":"max-image-preview:large","max-video-preview":"max-video-preview:-1"},"canonical":"https:\/\/fatherheartfrance.com\/index.php\/2025\/03\/27\/exceptionnel-seminaire-fatherheart-du-30-mai-au-1er-juin-inscrivez-vous-vite\/","og_locale":"fr_FR","og_type":"article","og_title":"Exceptionnel : SEMINAIRE FATHERHEART du 30 Mai au 1er Juin - Inscrivez vous vite - Fatherheart - France","og_description":"The Father\u2019s heart, your true identit\u00e9 \/ Le coeur du P\u00e8re r\u00e9v\u00e8le ta v\u00e9ritable identit\u00e9 Pour l&rsquo;inscription suivez ce lien : https:\/\/www.helloasso.com\/associations\/fatherheart-france\/evenements\/le-temps-du-pere-pour-toi \u00ab\u00a0the Father\u2019s heart, your true identity\u00a0\u00bb (Le coeur du P\u00e8re r\u00e9v\u00e8le ta v\u00e9ritable identit\u00e9) Ce WE est l&rsquo;occasion de retrouver le v\u00e9ritable \u00ab\u00a0toi\u00a0\u00bb qu&rsquo;Il a toujours vu et jamais oubli\u00e9. Mark Head est Lire plus ...","og_url":"https:\/\/fatherheartfrance.com\/index.php\/2025\/03\/27\/exceptionnel-seminaire-fatherheart-du-30-mai-au-1er-juin-inscrivez-vous-vite\/","og_site_name":"Fatherheart - France","article_publisher":"https:\/\/www.facebook.com\/ContactFHF\/","article_published_time":"2025-03-27T19:41:34+00:00","article_modified_time":"2025-04-11T18:51:37+00:00","og_image":[{"width":1024,"height":577,"url":"https:\/\/fatherheartfrance.com\/wp-content\/uploads\/2025\/03\/2025-05-30_MarkHead-5-1024x577.png","type":"image\/png"}],"author":"Fr\u00e9d\u00e9ric C","twitter_card":"summary_large_image","twitter_misc":{"\u00c9crit par":"Fr\u00e9d\u00e9ric C","Dur\u00e9e de lecture estim\u00e9e":"5 minutes"},"schema":{"@context":"https:\/\/schema.org","@graph":[{"@type":"Article","@id":"https:\/\/fatherheartfrance.com\/index.php\/2025\/03\/27\/exceptionnel-seminaire-fatherheart-du-30-mai-au-1er-juin-inscrivez-vous-vite\/#article","isPartOf":{"@id":"https:\/\/fatherheartfrance.com\/index.php\/2025\/03\/27\/exceptionnel-seminaire-fatherheart-du-30-mai-au-1er-juin-inscrivez-vous-vite\/"},"author":{"name":"Fr\u00e9d\u00e9ric C","@id":"https:\/\/fatherheartfrance.com\/#\/schema\/person\/a980675cd50a6bb00fc1a61b57ba7420"},"headline":"Exceptionnel : SEMINAIRE FATHERHEART du 30 Mai au 1er Juin &#8211; Inscrivez vous vite","datePublished":"2025-03-27T19:41:34+00:00","dateModified":"2025-04-11T18:51:37+00:00","mainEntityOfPage":{"@id":"https:\/\/fatherheartfrance.com\/index.php\/2025\/03\/27\/exceptionnel-seminaire-fatherheart-du-30-mai-au-1er-juin-inscrivez-vous-vite\/"},"wordCount":917,"commentCount":0,"publisher":{"@id":"https:\/\/fatherheartfrance.com\/#organization"},"image":{"@id":"https:\/\/fatherheartfrance.com\/index.php\/2025\/03\/27\/exceptionnel-seminaire-fatherheart-du-30-mai-au-1er-juin-inscrivez-vous-vite\/#primaryimage"},"thumbnailUrl":"https:\/\/fatherheartfrance.com\/wp-content\/uploads\/2025\/03\/2025-05-30_MarkHead-5.png","keywords":["Fatherheart","France","Identit\u00e9","Mark Head","S\u00e9minaire"],"inLanguage":"fr-FR","potentialAction":[{"@type":"CommentAction","name":"Comment","target":["https:\/\/fatherheartfrance.com\/index.php\/2025\/03\/27\/exceptionnel-seminaire-fatherheart-du-30-mai-au-1er-juin-inscrivez-vous-vite\/#respond"]}]},{"@type":"WebPage","@id":"https:\/\/fatherheartfrance.com\/index.php\/2025\/03\/27\/exceptionnel-seminaire-fatherheart-du-30-mai-au-1er-juin-inscrivez-vous-vite\/","url":"https:\/\/fatherheartfrance.com\/index.php\/2025\/03\/27\/exceptionnel-seminaire-fatherheart-du-30-mai-au-1er-juin-inscrivez-vous-vite\/","name":"Exceptionnel : SEMINAIRE FATHERHEART du 30 Mai au 1er Juin - Inscrivez vous vite - Fatherheart - France","isPartOf":{"@id":"https:\/\/fatherheartfrance.com\/#website"},"primaryImageOfPage":{"@id":"https:\/\/fatherheartfrance.com\/index.php\/2025\/03\/27\/exceptionnel-seminaire-fatherheart-du-30-mai-au-1er-juin-inscrivez-vous-vite\/#primaryimage"},"image":{"@id":"https:\/\/fatherheartfrance.com\/index.php\/2025\/03\/27\/exceptionnel-seminaire-fatherheart-du-30-mai-au-1er-juin-inscrivez-vous-vite\/#primaryimage"},"thumbnailUrl":"https:\/\/fatherheartfrance.com\/wp-content\/uploads\/2025\/03\/2025-05-30_MarkHead-5.png","datePublished":"2025-03-27T19:41:34+00:00","dateModified":"2025-04-11T18:51:37+00:00","breadcrumb":{"@id":"https:\/\/fatherheartfrance.com\/index.php\/2025\/03\/27\/exceptionnel-seminaire-fatherheart-du-30-mai-au-1er-juin-inscrivez-vous-vite\/#breadcrumb"},"inLanguage":"fr-FR","potentialAction":[{"@type":"ReadAction","target":["https:\/\/fatherheartfrance.com\/index.php\/2025\/03\/27\/exceptionnel-seminaire-fatherheart-du-30-mai-au-1er-juin-inscrivez-vous-vite\/"]}]},{"@type":"ImageObject","inLanguage":"fr-FR","@id":"https:\/\/fatherheartfrance.com\/index.php\/2025\/03\/27\/exceptionnel-seminaire-fatherheart-du-30-mai-au-1er-juin-inscrivez-vous-vite\/#primaryimage","url":"https:\/\/fatherheartfrance.com\/wp-content\/uploads\/2025\/03\/2025-05-30_MarkHead-5.png","contentUrl":"https:\/\/fatherheartfrance.com\/wp-content\/uploads\/2025\/03\/2025-05-30_MarkHead-5.png","width":1640,"height":924,"caption":"2025-05-30_MarkHead-5"},{"@type":"BreadcrumbList","@id":"https:\/\/fatherheartfrance.com\/index.php\/2025\/03\/27\/exceptionnel-seminaire-fatherheart-du-30-mai-au-1er-juin-inscrivez-vous-vite\/#breadcrumb","itemListElement":[{"@type":"ListItem","position":1,"name":"Accueil","item":"https:\/\/fatherheartfrance.com\/"},{"@type":"ListItem","position":2,"name":"Exceptionnel : SEMINAIRE FATHERHEART du 30 Mai au 1er Juin &#8211; Inscrivez vous vite"}]},{"@type":"WebSite","@id":"https:\/\/fatherheartfrance.com\/#website","url":"https:\/\/fatherheartfrance.com\/","name":"Fatherheart - France","description":"Amour du P\u00e8re","publisher":{"@id":"https:\/\/fatherheartfrance.com\/#organization"},"potentialAction":[{"@type":"SearchAction","target":{"@type":"EntryPoint","urlTemplate":"https:\/\/fatherheartfrance.com\/?s={search_term_string}"},"query-input":{"@type":"PropertyValueSpecification","valueRequired":true,"valueName":"search_term_string"}}],"inLanguage":"fr-FR"},{"@type":"Organization","@id":"https:\/\/fatherheartfrance.com\/#organization","name":"fatherheartfrance","url":"https:\/\/fatherheartfrance.com\/","logo":{"@type":"ImageObject","inLanguage":"fr-FR","@id":"https:\/\/fatherheartfrance.com\/#\/schema\/logo\/image\/","url":"https:\/\/fatherheartfrance.com\/wp-content\/uploads\/2017\/02\/logo-3-e1488034589841.png","contentUrl":"https:\/\/fatherheartfrance.com\/wp-content\/uploads\/2017\/02\/logo-3-e1488034589841.png","width":300,"height":82,"caption":"fatherheartfrance"},"image":{"@id":"https:\/\/fatherheartfrance.com\/#\/schema\/logo\/image\/"},"sameAs":["https:\/\/www.facebook.com\/ContactFHF\/"]},{"@type":"Person","@id":"https:\/\/fatherheartfrance.com\/#\/schema\/person\/a980675cd50a6bb00fc1a61b57ba7420","name":"Fr\u00e9d\u00e9ric C","image":{"@type":"ImageObject","inLanguage":"fr-FR","@id":"https:\/\/secure.gravatar.com\/avatar\/f847814b88f468c211776e97f3b93c066195167c83d3e8cb7e6ca0612f3757a8?s=96&d=mm&r=g","url":"https:\/\/secure.gravatar.com\/avatar\/f847814b88f468c211776e97f3b93c066195167c83d3e8cb7e6ca0612f3757a8?s=96&d=mm&r=g","contentUrl":"https:\/\/secure.gravatar.com\/avatar\/f847814b88f468c211776e97f3b93c066195167c83d3e8cb7e6ca0612f3757a8?s=96&d=mm&r=g","caption":"Fr\u00e9d\u00e9ric C"},"url":"https:\/\/fatherheartfrance.com\/index.php\/author\/frederic\/"}]}},"_links":{"self":[{"href":"https:\/\/fatherheartfrance.com\/index.php\/wp-json\/wp\/v2\/posts\/2158","targetHints":{"allow":["GET"]}}],"collection":[{"href":"https:\/\/fatherheartfrance.com\/index.php\/wp-json\/wp\/v2\/posts"}],"about":[{"href":"https:\/\/fatherheartfrance.com\/index.php\/wp-json\/wp\/v2\/types\/post"}],"author":[{"embeddable":true,"href":"https:\/\/fatherheartfrance.com\/index.php\/wp-json\/wp\/v2\/users\/3"}],"replies":[{"embeddable":true,"href":"https:\/\/fatherheartfrance.com\/index.php\/wp-json\/wp\/v2\/comments?post=2158"}],"version-history":[{"count":5,"href":"https:\/\/fatherheartfrance.com\/index.php\/wp-json\/wp\/v2\/posts\/2158\/revisions"}],"predecessor-version":[{"id":2191,"href":"https:\/\/fatherheartfrance.com\/index.php\/wp-json\/wp\/v2\/posts\/2158\/revisions\/2191"}],"wp:featuredmedia":[{"embeddable":true,"href":"https:\/\/fatherheartfrance.com\/index.php\/wp-json\/wp\/v2\/media\/2163"}],"wp:attachment":[{"href":"https:\/\/fatherheartfrance.com\/index.php\/wp-json\/wp\/v2\/media?parent=2158"}],"wp:term":[{"taxonomy":"category","embeddable":true,"href":"https:\/\/fatherheartfrance.com\/index.php\/wp-json\/wp\/v2\/categories?post=2158"},{"taxonomy":"post_tag","embeddable":true,"href":"https:\/\/fatherheartfrance.com\/index.php\/wp-json\/wp\/v2\/tags?post=2158"}],"curies":[{"name":"wp","href":"https:\/\/api.w.org\/{rel}","templated":true}]}}