{"id":2134,"date":"2025-01-04T18:32:52","date_gmt":"2025-01-04T17:32:52","guid":{"rendered":"https:\/\/fatherheartfrance.com\/?p=2134"},"modified":"2025-01-04T18:32:54","modified_gmt":"2025-01-04T17:32:54","slug":"jai-fait-les-cieux-par-ma-parole-et-jai-fait-naitre-les-etoiles","status":"publish","type":"post","link":"https:\/\/fatherheartfrance.com\/index.php\/2025\/01\/04\/jai-fait-les-cieux-par-ma-parole-et-jai-fait-naitre-les-etoiles\/","title":{"rendered":"J&rsquo;ai fait les cieux par ma parole et j&rsquo;ai fait na\u00eetre les \u00e9toiles"},"content":{"rendered":"\n<p class=\"wp-block-paragraph\"><\/p>\n\n\n\n<p class=\"wp-block-paragraph\"><em>Psaumes 33:6 (LSG) Les cieux ont \u00e9t\u00e9 faits par la parole de l&rsquo;\u00c9ternel, Et toute leur arm\u00e9e par le souffle de sa bouche.<\/em><br><\/p>\n\n\n\n<p class=\"wp-block-paragraph\">Notre Dieu et P\u00e8re est si grand qu&rsquo;il a cr\u00e9\u00e9 les cieux par une simple parole ! Il est si puissant qu&rsquo;un simple souffle de sa bouche a fait na\u00eetre toutes les \u00e9toiles. Lorsque vous pensez \u00e0 cette promesse, prenez le temps de r\u00e9fl\u00e9chir \u00e0 la grandeur de notre Dieu !<br><\/p>\n\n\n\n<p class=\"wp-block-paragraph\">Souvent, dans le tourbillon de la vie, nous nous laissons distraire par nos propres luttes et par les montagnes que nous affrontons chaque jour. Penser \u00e0 cette promesse, c&rsquo;est avoir une perspective plus large que notre propre exp\u00e9rience. M\u00eame si les montagnes de ma vie sont grandes, mon Dieu est bien plus grand ! Bien qu&rsquo;il y ait des moments o\u00f9 je puisse me sentir d\u00e9pass\u00e9 par le syst\u00e8me mondial orphelin dans lequel je vis, je suis encourag\u00e9 lorsque je pense \u00e0 la grandeur de notre Dieu !<br><\/p>\n\n\n\n<p class=\"wp-block-paragraph\">Il est si puissant qu&rsquo;il a pris un souffle et que les \u00e9toiles sont apparues. Si c&rsquo;est le cas, alors je sais qu&rsquo;il est assez fort pour nous sauver, vous et moi (Sophonie 3:17). Quelle que soit l&rsquo;impossibilit\u00e9 dans laquelle vous vous trouvez aujourd&rsquo;hui, soyez encourag\u00e9s par le fait que le Dieu qui a cr\u00e9\u00e9 les cieux et la terre est votre P\u00e8re c\u00e9leste.<br><\/p>\n\n\n\n<p class=\"wp-block-paragraph\">Il est pour vous, et non contre vous. Que Dieu aide chacun d&rsquo;entre nous \u00e0 se reposer dans la connaissance \u00e9tonnante de sa grandeur aujourd&rsquo;hui et de sa promesse de prendre soin de tous ceux qui lui appartiennent.<br><\/p>\n\n\n\n<p class=\"wp-block-paragraph\">***<\/p>\n\n\n\n<p class=\"wp-block-paragraph\"><em>Pri\u00e8re inspir\u00e9e :<\/em><\/p>\n\n\n\n<p class=\"wp-block-paragraph\"><em>Merci, P\u00e8re, d&rsquo;\u00eatre bien plus grand que tous les d\u00e9fis auxquels je vais \u00eatre confront\u00e9 aujourd&rsquo;hui. Rappelle-moi que m\u00eame si tu as donn\u00e9 naissance \u00e0 toutes les \u00e9toiles, tu as pris le temps de compter chaque cheveu de ma t\u00eate. Alors aujourd&rsquo;hui, je choisis de jeter tous mes soucis sur tes grandes et fortes \u00e9paules parce que je sais que tu te soucies de moi.<\/em><br>***<\/p>\n\n\n\n<p class=\"has-text-align-right has-extra-small-font-size wp-block-paragraph\">181<\/p>\n","protected":false},"excerpt":{"rendered":"<p>Psaumes 33:6 (LSG) Les cieux ont \u00e9t\u00e9 faits par la parole de l&rsquo;\u00c9ternel, Et toute leur arm\u00e9e par le souffle de sa bouche. Notre Dieu et P\u00e8re est si grand qu&rsquo;il a cr\u00e9\u00e9 les cieux par une simple parole ! Il est si puissant qu&rsquo;un simple souffle de sa bouche a fait na\u00eetre toutes les <a class=\"more-link\" href=\"https:\/\/fatherheartfrance.com\/index.php\/2025\/01\/04\/jai-fait-les-cieux-par-ma-parole-et-jai-fait-naitre-les-etoiles\/\">Lire plus &#8230;<\/a><\/p>\n","protected":false},"author":3,"featured_media":2135,"comment_status":"open","ping_status":"open","sticky":false,"template":"","format":"standard","meta":{"_crdt_document":"","_exactmetrics_skip_tracking":false,"_exactmetrics_sitenote_active":false,"_exactmetrics_sitenote_note":"","_exactmetrics_sitenote_category":0,"footnotes":""},"categories":[1],"tags":[],"class_list":["post-2134","post","type-post","status-publish","format-standard","has-post-thumbnail","hentry","category-non-classe"],"yoast_head":"<!-- This site is optimized with the Yoast SEO plugin v27.5 - https:\/\/yoast.com\/product\/yoast-seo-wordpress\/ -->\n<title>J&#039;ai fait les cieux par ma parole et j&#039;ai fait na\u00eetre les \u00e9toiles - Fatherheart - France<\/title>\n<meta name=\"robots\" content=\"index, follow, max-snippet:-1, max-image-preview:large, max-video-preview:-1\" \/>\n<link rel=\"canonical\" href=\"https:\/\/fatherheartfrance.com\/index.php\/2025\/01\/04\/jai-fait-les-cieux-par-ma-parole-et-jai-fait-naitre-les-etoiles\/\" \/>\n<meta property=\"og:locale\" content=\"fr_FR\" \/>\n<meta property=\"og:type\" content=\"article\" \/>\n<meta property=\"og:title\" content=\"J&#039;ai fait les cieux par ma parole et j&#039;ai fait na\u00eetre les \u00e9toiles - Fatherheart - France\" \/>\n<meta property=\"og:description\" content=\"Psaumes 33:6 (LSG) Les cieux ont \u00e9t\u00e9 faits par la parole de l&rsquo;\u00c9ternel, Et toute leur arm\u00e9e par le souffle de sa bouche. Notre Dieu et P\u00e8re est si grand qu&rsquo;il a cr\u00e9\u00e9 les cieux par une simple parole ! Il est si puissant qu&rsquo;un simple souffle de sa bouche a fait na\u00eetre toutes les Lire plus ...\" \/>\n<meta property=\"og:url\" content=\"https:\/\/fatherheartfrance.com\/index.php\/2025\/01\/04\/jai-fait-les-cieux-par-ma-parole-et-jai-fait-naitre-les-etoiles\/\" \/>\n<meta property=\"og:site_name\" content=\"Fatherheart - France\" \/>\n<meta property=\"article:publisher\" content=\"https:\/\/www.facebook.com\/ContactFHF\/\" \/>\n<meta property=\"article:published_time\" content=\"2025-01-04T17:32:52+00:00\" \/>\n<meta property=\"article:modified_time\" content=\"2025-01-04T17:32:54+00:00\" \/>\n<meta property=\"og:image\" content=\"https:\/\/fatherheartfrance.com\/wp-content\/uploads\/2025\/01\/IMG_4107-scaled.jpg\" \/>\n\t<meta property=\"og:image:width\" content=\"2560\" \/>\n\t<meta property=\"og:image:height\" content=\"1920\" \/>\n\t<meta property=\"og:image:type\" content=\"image\/jpeg\" \/>\n<meta name=\"author\" content=\"Fr\u00e9d\u00e9ric C\" \/>\n<meta name=\"twitter:card\" content=\"summary_large_image\" \/>\n<meta name=\"twitter:label1\" content=\"\u00c9crit par\" \/>\n\t<meta name=\"twitter:data1\" content=\"Fr\u00e9d\u00e9ric C\" \/>\n\t<meta name=\"twitter:label2\" content=\"Dur\u00e9e de lecture estim\u00e9e\" \/>\n\t<meta name=\"twitter:data2\" content=\"2 minutes\" \/>\n<script type=\"application\/ld+json\" class=\"yoast-schema-graph\">{\"@context\":\"https:\\\/\\\/schema.org\",\"@graph\":[{\"@type\":\"Article\",\"@id\":\"https:\\\/\\\/fatherheartfrance.com\\\/index.php\\\/2025\\\/01\\\/04\\\/jai-fait-les-cieux-par-ma-parole-et-jai-fait-naitre-les-etoiles\\\/#article\",\"isPartOf\":{\"@id\":\"https:\\\/\\\/fatherheartfrance.com\\\/index.php\\\/2025\\\/01\\\/04\\\/jai-fait-les-cieux-par-ma-parole-et-jai-fait-naitre-les-etoiles\\\/\"},\"author\":{\"name\":\"Fr\u00e9d\u00e9ric C\",\"@id\":\"https:\\\/\\\/fatherheartfrance.com\\\/#\\\/schema\\\/person\\\/a980675cd50a6bb00fc1a61b57ba7420\"},\"headline\":\"J&rsquo;ai fait les cieux par ma parole et j&rsquo;ai fait na\u00eetre les \u00e9toiles\",\"datePublished\":\"2025-01-04T17:32:52+00:00\",\"dateModified\":\"2025-01-04T17:32:54+00:00\",\"mainEntityOfPage\":{\"@id\":\"https:\\\/\\\/fatherheartfrance.com\\\/index.php\\\/2025\\\/01\\\/04\\\/jai-fait-les-cieux-par-ma-parole-et-jai-fait-naitre-les-etoiles\\\/\"},\"wordCount\":368,\"commentCount\":0,\"publisher\":{\"@id\":\"https:\\\/\\\/fatherheartfrance.com\\\/#organization\"},\"image\":{\"@id\":\"https:\\\/\\\/fatherheartfrance.com\\\/index.php\\\/2025\\\/01\\\/04\\\/jai-fait-les-cieux-par-ma-parole-et-jai-fait-naitre-les-etoiles\\\/#primaryimage\"},\"thumbnailUrl\":\"https:\\\/\\\/fatherheartfrance.com\\\/wp-content\\\/uploads\\\/2025\\\/01\\\/IMG_4107-scaled.jpg\",\"inLanguage\":\"fr-FR\",\"potentialAction\":[{\"@type\":\"CommentAction\",\"name\":\"Comment\",\"target\":[\"https:\\\/\\\/fatherheartfrance.com\\\/index.php\\\/2025\\\/01\\\/04\\\/jai-fait-les-cieux-par-ma-parole-et-jai-fait-naitre-les-etoiles\\\/#respond\"]}]},{\"@type\":\"WebPage\",\"@id\":\"https:\\\/\\\/fatherheartfrance.com\\\/index.php\\\/2025\\\/01\\\/04\\\/jai-fait-les-cieux-par-ma-parole-et-jai-fait-naitre-les-etoiles\\\/\",\"url\":\"https:\\\/\\\/fatherheartfrance.com\\\/index.php\\\/2025\\\/01\\\/04\\\/jai-fait-les-cieux-par-ma-parole-et-jai-fait-naitre-les-etoiles\\\/\",\"name\":\"J'ai fait les cieux par ma parole et j'ai fait na\u00eetre les \u00e9toiles - Fatherheart - France\",\"isPartOf\":{\"@id\":\"https:\\\/\\\/fatherheartfrance.com\\\/#website\"},\"primaryImageOfPage\":{\"@id\":\"https:\\\/\\\/fatherheartfrance.com\\\/index.php\\\/2025\\\/01\\\/04\\\/jai-fait-les-cieux-par-ma-parole-et-jai-fait-naitre-les-etoiles\\\/#primaryimage\"},\"image\":{\"@id\":\"https:\\\/\\\/fatherheartfrance.com\\\/index.php\\\/2025\\\/01\\\/04\\\/jai-fait-les-cieux-par-ma-parole-et-jai-fait-naitre-les-etoiles\\\/#primaryimage\"},\"thumbnailUrl\":\"https:\\\/\\\/fatherheartfrance.com\\\/wp-content\\\/uploads\\\/2025\\\/01\\\/IMG_4107-scaled.jpg\",\"datePublished\":\"2025-01-04T17:32:52+00:00\",\"dateModified\":\"2025-01-04T17:32:54+00:00\",\"breadcrumb\":{\"@id\":\"https:\\\/\\\/fatherheartfrance.com\\\/index.php\\\/2025\\\/01\\\/04\\\/jai-fait-les-cieux-par-ma-parole-et-jai-fait-naitre-les-etoiles\\\/#breadcrumb\"},\"inLanguage\":\"fr-FR\",\"potentialAction\":[{\"@type\":\"ReadAction\",\"target\":[\"https:\\\/\\\/fatherheartfrance.com\\\/index.php\\\/2025\\\/01\\\/04\\\/jai-fait-les-cieux-par-ma-parole-et-jai-fait-naitre-les-etoiles\\\/\"]}]},{\"@type\":\"ImageObject\",\"inLanguage\":\"fr-FR\",\"@id\":\"https:\\\/\\\/fatherheartfrance.com\\\/index.php\\\/2025\\\/01\\\/04\\\/jai-fait-les-cieux-par-ma-parole-et-jai-fait-naitre-les-etoiles\\\/#primaryimage\",\"url\":\"https:\\\/\\\/fatherheartfrance.com\\\/wp-content\\\/uploads\\\/2025\\\/01\\\/IMG_4107-scaled.jpg\",\"contentUrl\":\"https:\\\/\\\/fatherheartfrance.com\\\/wp-content\\\/uploads\\\/2025\\\/01\\\/IMG_4107-scaled.jpg\",\"width\":2560,\"height\":1920,\"caption\":\"PlageDeLHomy-Fatherheart-France\"},{\"@type\":\"BreadcrumbList\",\"@id\":\"https:\\\/\\\/fatherheartfrance.com\\\/index.php\\\/2025\\\/01\\\/04\\\/jai-fait-les-cieux-par-ma-parole-et-jai-fait-naitre-les-etoiles\\\/#breadcrumb\",\"itemListElement\":[{\"@type\":\"ListItem\",\"position\":1,\"name\":\"Accueil\",\"item\":\"https:\\\/\\\/fatherheartfrance.com\\\/\"},{\"@type\":\"ListItem\",\"position\":2,\"name\":\"J&rsquo;ai fait les cieux par ma parole et j&rsquo;ai fait na\u00eetre les \u00e9toiles\"}]},{\"@type\":\"WebSite\",\"@id\":\"https:\\\/\\\/fatherheartfrance.com\\\/#website\",\"url\":\"https:\\\/\\\/fatherheartfrance.com\\\/\",\"name\":\"Fatherheart - France\",\"description\":\"Amour du P\u00e8re\",\"publisher\":{\"@id\":\"https:\\\/\\\/fatherheartfrance.com\\\/#organization\"},\"potentialAction\":[{\"@type\":\"SearchAction\",\"target\":{\"@type\":\"EntryPoint\",\"urlTemplate\":\"https:\\\/\\\/fatherheartfrance.com\\\/?s={search_term_string}\"},\"query-input\":{\"@type\":\"PropertyValueSpecification\",\"valueRequired\":true,\"valueName\":\"search_term_string\"}}],\"inLanguage\":\"fr-FR\"},{\"@type\":\"Organization\",\"@id\":\"https:\\\/\\\/fatherheartfrance.com\\\/#organization\",\"name\":\"fatherheartfrance\",\"url\":\"https:\\\/\\\/fatherheartfrance.com\\\/\",\"logo\":{\"@type\":\"ImageObject\",\"inLanguage\":\"fr-FR\",\"@id\":\"https:\\\/\\\/fatherheartfrance.com\\\/#\\\/schema\\\/logo\\\/image\\\/\",\"url\":\"https:\\\/\\\/fatherheartfrance.com\\\/wp-content\\\/uploads\\\/2017\\\/02\\\/logo-3-e1488034589841.png\",\"contentUrl\":\"https:\\\/\\\/fatherheartfrance.com\\\/wp-content\\\/uploads\\\/2017\\\/02\\\/logo-3-e1488034589841.png\",\"width\":300,\"height\":82,\"caption\":\"fatherheartfrance\"},\"image\":{\"@id\":\"https:\\\/\\\/fatherheartfrance.com\\\/#\\\/schema\\\/logo\\\/image\\\/\"},\"sameAs\":[\"https:\\\/\\\/www.facebook.com\\\/ContactFHF\\\/\"]},{\"@type\":\"Person\",\"@id\":\"https:\\\/\\\/fatherheartfrance.com\\\/#\\\/schema\\\/person\\\/a980675cd50a6bb00fc1a61b57ba7420\",\"name\":\"Fr\u00e9d\u00e9ric C\",\"image\":{\"@type\":\"ImageObject\",\"inLanguage\":\"fr-FR\",\"@id\":\"https:\\\/\\\/secure.gravatar.com\\\/avatar\\\/f847814b88f468c211776e97f3b93c066195167c83d3e8cb7e6ca0612f3757a8?s=96&d=mm&r=g\",\"url\":\"https:\\\/\\\/secure.gravatar.com\\\/avatar\\\/f847814b88f468c211776e97f3b93c066195167c83d3e8cb7e6ca0612f3757a8?s=96&d=mm&r=g\",\"contentUrl\":\"https:\\\/\\\/secure.gravatar.com\\\/avatar\\\/f847814b88f468c211776e97f3b93c066195167c83d3e8cb7e6ca0612f3757a8?s=96&d=mm&r=g\",\"caption\":\"Fr\u00e9d\u00e9ric C\"},\"url\":\"https:\\\/\\\/fatherheartfrance.com\\\/index.php\\\/author\\\/frederic\\\/\"}]}<\/script>\n<!-- \/ Yoast SEO plugin. -->","yoast_head_json":{"title":"J'ai fait les cieux par ma parole et j'ai fait na\u00eetre les \u00e9toiles - Fatherheart - France","robots":{"index":"index","follow":"follow","max-snippet":"max-snippet:-1","max-image-preview":"max-image-preview:large","max-video-preview":"max-video-preview:-1"},"canonical":"https:\/\/fatherheartfrance.com\/index.php\/2025\/01\/04\/jai-fait-les-cieux-par-ma-parole-et-jai-fait-naitre-les-etoiles\/","og_locale":"fr_FR","og_type":"article","og_title":"J'ai fait les cieux par ma parole et j'ai fait na\u00eetre les \u00e9toiles - Fatherheart - France","og_description":"Psaumes 33:6 (LSG) Les cieux ont \u00e9t\u00e9 faits par la parole de l&rsquo;\u00c9ternel, Et toute leur arm\u00e9e par le souffle de sa bouche. Notre Dieu et P\u00e8re est si grand qu&rsquo;il a cr\u00e9\u00e9 les cieux par une simple parole ! Il est si puissant qu&rsquo;un simple souffle de sa bouche a fait na\u00eetre toutes les Lire plus ...","og_url":"https:\/\/fatherheartfrance.com\/index.php\/2025\/01\/04\/jai-fait-les-cieux-par-ma-parole-et-jai-fait-naitre-les-etoiles\/","og_site_name":"Fatherheart - France","article_publisher":"https:\/\/www.facebook.com\/ContactFHF\/","article_published_time":"2025-01-04T17:32:52+00:00","article_modified_time":"2025-01-04T17:32:54+00:00","og_image":[{"width":2560,"height":1920,"url":"https:\/\/fatherheartfrance.com\/wp-content\/uploads\/2025\/01\/IMG_4107-scaled.jpg","type":"image\/jpeg"}],"author":"Fr\u00e9d\u00e9ric C","twitter_card":"summary_large_image","twitter_misc":{"\u00c9crit par":"Fr\u00e9d\u00e9ric C","Dur\u00e9e de lecture estim\u00e9e":"2 minutes"},"schema":{"@context":"https:\/\/schema.org","@graph":[{"@type":"Article","@id":"https:\/\/fatherheartfrance.com\/index.php\/2025\/01\/04\/jai-fait-les-cieux-par-ma-parole-et-jai-fait-naitre-les-etoiles\/#article","isPartOf":{"@id":"https:\/\/fatherheartfrance.com\/index.php\/2025\/01\/04\/jai-fait-les-cieux-par-ma-parole-et-jai-fait-naitre-les-etoiles\/"},"author":{"name":"Fr\u00e9d\u00e9ric C","@id":"https:\/\/fatherheartfrance.com\/#\/schema\/person\/a980675cd50a6bb00fc1a61b57ba7420"},"headline":"J&rsquo;ai fait les cieux par ma parole et j&rsquo;ai fait na\u00eetre les \u00e9toiles","datePublished":"2025-01-04T17:32:52+00:00","dateModified":"2025-01-04T17:32:54+00:00","mainEntityOfPage":{"@id":"https:\/\/fatherheartfrance.com\/index.php\/2025\/01\/04\/jai-fait-les-cieux-par-ma-parole-et-jai-fait-naitre-les-etoiles\/"},"wordCount":368,"commentCount":0,"publisher":{"@id":"https:\/\/fatherheartfrance.com\/#organization"},"image":{"@id":"https:\/\/fatherheartfrance.com\/index.php\/2025\/01\/04\/jai-fait-les-cieux-par-ma-parole-et-jai-fait-naitre-les-etoiles\/#primaryimage"},"thumbnailUrl":"https:\/\/fatherheartfrance.com\/wp-content\/uploads\/2025\/01\/IMG_4107-scaled.jpg","inLanguage":"fr-FR","potentialAction":[{"@type":"CommentAction","name":"Comment","target":["https:\/\/fatherheartfrance.com\/index.php\/2025\/01\/04\/jai-fait-les-cieux-par-ma-parole-et-jai-fait-naitre-les-etoiles\/#respond"]}]},{"@type":"WebPage","@id":"https:\/\/fatherheartfrance.com\/index.php\/2025\/01\/04\/jai-fait-les-cieux-par-ma-parole-et-jai-fait-naitre-les-etoiles\/","url":"https:\/\/fatherheartfrance.com\/index.php\/2025\/01\/04\/jai-fait-les-cieux-par-ma-parole-et-jai-fait-naitre-les-etoiles\/","name":"J'ai fait les cieux par ma parole et j'ai fait na\u00eetre les \u00e9toiles - Fatherheart - France","isPartOf":{"@id":"https:\/\/fatherheartfrance.com\/#website"},"primaryImageOfPage":{"@id":"https:\/\/fatherheartfrance.com\/index.php\/2025\/01\/04\/jai-fait-les-cieux-par-ma-parole-et-jai-fait-naitre-les-etoiles\/#primaryimage"},"image":{"@id":"https:\/\/fatherheartfrance.com\/index.php\/2025\/01\/04\/jai-fait-les-cieux-par-ma-parole-et-jai-fait-naitre-les-etoiles\/#primaryimage"},"thumbnailUrl":"https:\/\/fatherheartfrance.com\/wp-content\/uploads\/2025\/01\/IMG_4107-scaled.jpg","datePublished":"2025-01-04T17:32:52+00:00","dateModified":"2025-01-04T17:32:54+00:00","breadcrumb":{"@id":"https:\/\/fatherheartfrance.com\/index.php\/2025\/01\/04\/jai-fait-les-cieux-par-ma-parole-et-jai-fait-naitre-les-etoiles\/#breadcrumb"},"inLanguage":"fr-FR","potentialAction":[{"@type":"ReadAction","target":["https:\/\/fatherheartfrance.com\/index.php\/2025\/01\/04\/jai-fait-les-cieux-par-ma-parole-et-jai-fait-naitre-les-etoiles\/"]}]},{"@type":"ImageObject","inLanguage":"fr-FR","@id":"https:\/\/fatherheartfrance.com\/index.php\/2025\/01\/04\/jai-fait-les-cieux-par-ma-parole-et-jai-fait-naitre-les-etoiles\/#primaryimage","url":"https:\/\/fatherheartfrance.com\/wp-content\/uploads\/2025\/01\/IMG_4107-scaled.jpg","contentUrl":"https:\/\/fatherheartfrance.com\/wp-content\/uploads\/2025\/01\/IMG_4107-scaled.jpg","width":2560,"height":1920,"caption":"PlageDeLHomy-Fatherheart-France"},{"@type":"BreadcrumbList","@id":"https:\/\/fatherheartfrance.com\/index.php\/2025\/01\/04\/jai-fait-les-cieux-par-ma-parole-et-jai-fait-naitre-les-etoiles\/#breadcrumb","itemListElement":[{"@type":"ListItem","position":1,"name":"Accueil","item":"https:\/\/fatherheartfrance.com\/"},{"@type":"ListItem","position":2,"name":"J&rsquo;ai fait les cieux par ma parole et j&rsquo;ai fait na\u00eetre les \u00e9toiles"}]},{"@type":"WebSite","@id":"https:\/\/fatherheartfrance.com\/#website","url":"https:\/\/fatherheartfrance.com\/","name":"Fatherheart - France","description":"Amour du P\u00e8re","publisher":{"@id":"https:\/\/fatherheartfrance.com\/#organization"},"potentialAction":[{"@type":"SearchAction","target":{"@type":"EntryPoint","urlTemplate":"https:\/\/fatherheartfrance.com\/?s={search_term_string}"},"query-input":{"@type":"PropertyValueSpecification","valueRequired":true,"valueName":"search_term_string"}}],"inLanguage":"fr-FR"},{"@type":"Organization","@id":"https:\/\/fatherheartfrance.com\/#organization","name":"fatherheartfrance","url":"https:\/\/fatherheartfrance.com\/","logo":{"@type":"ImageObject","inLanguage":"fr-FR","@id":"https:\/\/fatherheartfrance.com\/#\/schema\/logo\/image\/","url":"https:\/\/fatherheartfrance.com\/wp-content\/uploads\/2017\/02\/logo-3-e1488034589841.png","contentUrl":"https:\/\/fatherheartfrance.com\/wp-content\/uploads\/2017\/02\/logo-3-e1488034589841.png","width":300,"height":82,"caption":"fatherheartfrance"},"image":{"@id":"https:\/\/fatherheartfrance.com\/#\/schema\/logo\/image\/"},"sameAs":["https:\/\/www.facebook.com\/ContactFHF\/"]},{"@type":"Person","@id":"https:\/\/fatherheartfrance.com\/#\/schema\/person\/a980675cd50a6bb00fc1a61b57ba7420","name":"Fr\u00e9d\u00e9ric C","image":{"@type":"ImageObject","inLanguage":"fr-FR","@id":"https:\/\/secure.gravatar.com\/avatar\/f847814b88f468c211776e97f3b93c066195167c83d3e8cb7e6ca0612f3757a8?s=96&d=mm&r=g","url":"https:\/\/secure.gravatar.com\/avatar\/f847814b88f468c211776e97f3b93c066195167c83d3e8cb7e6ca0612f3757a8?s=96&d=mm&r=g","contentUrl":"https:\/\/secure.gravatar.com\/avatar\/f847814b88f468c211776e97f3b93c066195167c83d3e8cb7e6ca0612f3757a8?s=96&d=mm&r=g","caption":"Fr\u00e9d\u00e9ric C"},"url":"https:\/\/fatherheartfrance.com\/index.php\/author\/frederic\/"}]}},"_links":{"self":[{"href":"https:\/\/fatherheartfrance.com\/index.php\/wp-json\/wp\/v2\/posts\/2134","targetHints":{"allow":["GET"]}}],"collection":[{"href":"https:\/\/fatherheartfrance.com\/index.php\/wp-json\/wp\/v2\/posts"}],"about":[{"href":"https:\/\/fatherheartfrance.com\/index.php\/wp-json\/wp\/v2\/types\/post"}],"author":[{"embeddable":true,"href":"https:\/\/fatherheartfrance.com\/index.php\/wp-json\/wp\/v2\/users\/3"}],"replies":[{"embeddable":true,"href":"https:\/\/fatherheartfrance.com\/index.php\/wp-json\/wp\/v2\/comments?post=2134"}],"version-history":[{"count":1,"href":"https:\/\/fatherheartfrance.com\/index.php\/wp-json\/wp\/v2\/posts\/2134\/revisions"}],"predecessor-version":[{"id":2136,"href":"https:\/\/fatherheartfrance.com\/index.php\/wp-json\/wp\/v2\/posts\/2134\/revisions\/2136"}],"wp:featuredmedia":[{"embeddable":true,"href":"https:\/\/fatherheartfrance.com\/index.php\/wp-json\/wp\/v2\/media\/2135"}],"wp:attachment":[{"href":"https:\/\/fatherheartfrance.com\/index.php\/wp-json\/wp\/v2\/media?parent=2134"}],"wp:term":[{"taxonomy":"category","embeddable":true,"href":"https:\/\/fatherheartfrance.com\/index.php\/wp-json\/wp\/v2\/categories?post=2134"},{"taxonomy":"post_tag","embeddable":true,"href":"https:\/\/fatherheartfrance.com\/index.php\/wp-json\/wp\/v2\/tags?post=2134"}],"curies":[{"name":"wp","href":"https:\/\/api.w.org\/{rel}","templated":true}]}}