{"id":2100,"date":"2024-09-22T11:20:11","date_gmt":"2024-09-22T09:20:11","guid":{"rendered":"https:\/\/fatherheartfrance.com\/?p=2100"},"modified":"2024-09-22T11:20:13","modified_gmt":"2024-09-22T09:20:13","slug":"une-mere-peut-elle-oublier-lenfant-quelle-porte-au-sein-et-ne-pas-avoir-de-compassion-pour-lenfant-quelle-a-mis-au-monde-si-elle-loublie-moi-je-ne-toublierai-pas","status":"publish","type":"post","link":"https:\/\/fatherheartfrance.com\/index.php\/2024\/09\/22\/une-mere-peut-elle-oublier-lenfant-quelle-porte-au-sein-et-ne-pas-avoir-de-compassion-pour-lenfant-quelle-a-mis-au-monde-si-elle-loublie-moi-je-ne-toublierai-pas\/","title":{"rendered":"Une m\u00e8re peut-elle oublier l&rsquo;enfant qu&rsquo;elle porte au sein et ne pas avoir de compassion pour l&rsquo;enfant qu&rsquo;elle a mis au monde ? Si elle l&rsquo;oublie, moi, je ne t&rsquo;oublierai pas."},"content":{"rendered":"\n<p class=\"wp-block-paragraph\"><\/p>\n\n\n\n<p class=\"wp-block-paragraph\"><em>Esa\u00efe 49:15 (LSG) Une femme oublie-t-elle l&rsquo;enfant qu&rsquo;elle allaite? N&rsquo;a-t-elle pas piti\u00e9 du fruit de ses entrailles? Quand elle l&rsquo;oublierait, Moi je ne t&rsquo;oublierai point.<\/em><\/p>\n\n\n\n<p class=\"wp-block-paragraph\">Ici, Dieu le P\u00e8re se compare non seulement \u00e0 une m\u00e8re, mais \u00e0 une m\u00e8re\u00a0<em>qui allaite<\/em>. Par ces mots, il exprime le genre d&rsquo;amour qui se l\u00e8vera cent fois dans la nuit pour vous, le genre d&rsquo;amour qui ira jusqu&rsquo;\u00e0 mourir pour vous. Si vous pleurez de maladie ou de peur, cet amour sera toujours disponible pour vous. C&rsquo;est le genre d&rsquo;amour qui ne conna\u00eet pas de fin. Il continuera encore et encore et encore !<\/p>\n\n\n\n<p class=\"wp-block-paragraph\">Dans ce monde d\u00e9chu, il est possible qu&rsquo;une m\u00e8re soit capable d&rsquo;oublier et de manquer de compassion. Mais Dieu s&rsquo;\u00e9crie : \u00ab M\u00eame si elle oublie, je ne t&rsquo;oublierai pas \u00bb. L&rsquo;expression de la maternit\u00e9 de Dieu est plus grand que celui que celle d&rsquo;une m\u00e8re humaine \u00e0 son moment le plus intense. Il est la source originelle et l&rsquo;expression de la maternit\u00e9. Il dit : \u00ab J&rsquo;ai une capacit\u00e9 infiniment plus grande de te r\u00e9conforter et de t&rsquo;aimer tendrement ! \u00bb.<\/p>\n\n\n\n<p class=\"wp-block-paragraph\">Beaucoup plus loin dans cette proph\u00e9tie, dans \u00c9sa\u00efe 66:13, nous lisons :<\/p>\n\n\n\n<p class=\"wp-block-paragraph\"><em>\u00ab Comme une m\u00e8re console son enfant, je vous consolerai, et vous serez consol\u00e9s &#8230;. \u00bb.<\/em><\/p>\n\n\n\n<p class=\"wp-block-paragraph\">Comme une m\u00e8re console son enfant ! N&rsquo;est-ce pas \u00e9tonnant ? La fa\u00e7on dont une m\u00e8re console son enfant est diff\u00e9rente de la fa\u00e7on de celle d&rsquo;un p\u00e8re qui console son enfant. Lorsqu&rsquo;un petit enfant, par exemple, tombe dans le jardin et rentre \u00e0 l&rsquo;int\u00e9rieur en pleurant avec un genou \u00e9corch\u00e9, le p\u00e8re &#8211; s&rsquo;il arrive en premier &#8211; se penche g\u00e9n\u00e9ralement, donne peut-\u00eatre une tape dans le dos de l&rsquo;enfant et lui dit : \u00ab Tu vas bien. Vas-y, cours et joue. Tout ira bien ! \u00bb Une m\u00e8re se baisse et prend l&rsquo;enfant dans ses bras. Elle le prendra dans ses bras, le calmera et le laissera pleurer. Elle le r\u00e9conforte.<\/p>\n\n\n\n<p class=\"wp-block-paragraph\">Que chacun de nous puisse saisir cette dimension du coeur de Dieu&#8230; Nous avons tous un besoin constant de P\u00e8re, qui ne s&rsquo;exprime pas seulement au masculin, mais aussi au f\u00e9minin. Il vous aime non seulement comme un p\u00e8re, mais aussi comme une m\u00e8re. Vous pouvez venir \u00e0 lui maintenant et recevoir profond\u00e9ment son amour maternel.<\/p>\n","protected":false},"excerpt":{"rendered":"<p>Esa\u00efe 49:15 (LSG) Une femme oublie-t-elle l&rsquo;enfant qu&rsquo;elle allaite? N&rsquo;a-t-elle pas piti\u00e9 du fruit de ses entrailles? Quand elle l&rsquo;oublierait, Moi je ne t&rsquo;oublierai point. Ici, Dieu le P\u00e8re se compare non seulement \u00e0 une m\u00e8re, mais \u00e0 une m\u00e8re\u00a0qui allaite. Par ces mots, il exprime le genre d&rsquo;amour qui se l\u00e8vera cent fois dans <a class=\"more-link\" href=\"https:\/\/fatherheartfrance.com\/index.php\/2024\/09\/22\/une-mere-peut-elle-oublier-lenfant-quelle-porte-au-sein-et-ne-pas-avoir-de-compassion-pour-lenfant-quelle-a-mis-au-monde-si-elle-loublie-moi-je-ne-toublierai-pas\/\">Lire plus &#8230;<\/a><\/p>\n","protected":false},"author":3,"featured_media":1983,"comment_status":"open","ping_status":"open","sticky":false,"template":"","format":"standard","meta":{"_crdt_document":"","_exactmetrics_skip_tracking":false,"_exactmetrics_sitenote_active":false,"_exactmetrics_sitenote_note":"","_exactmetrics_sitenote_category":0,"footnotes":""},"categories":[1],"tags":[],"class_list":["post-2100","post","type-post","status-publish","format-standard","has-post-thumbnail","hentry","category-non-classe"],"yoast_head":"<!-- This site is optimized with the Yoast SEO plugin v27.5 - https:\/\/yoast.com\/product\/yoast-seo-wordpress\/ -->\n<title>Une m\u00e8re peut-elle oublier l&#039;enfant qu&#039;elle porte au sein et ne pas avoir de compassion pour l&#039;enfant qu&#039;elle a mis au monde ? Si elle l&#039;oublie, moi, je ne t&#039;oublierai pas. - Fatherheart - France<\/title>\n<meta name=\"robots\" content=\"index, follow, max-snippet:-1, max-image-preview:large, max-video-preview:-1\" \/>\n<link rel=\"canonical\" href=\"https:\/\/fatherheartfrance.com\/index.php\/2024\/09\/22\/une-mere-peut-elle-oublier-lenfant-quelle-porte-au-sein-et-ne-pas-avoir-de-compassion-pour-lenfant-quelle-a-mis-au-monde-si-elle-loublie-moi-je-ne-toublierai-pas\/\" \/>\n<meta property=\"og:locale\" content=\"fr_FR\" \/>\n<meta property=\"og:type\" content=\"article\" \/>\n<meta property=\"og:title\" content=\"Une m\u00e8re peut-elle oublier l&#039;enfant qu&#039;elle porte au sein et ne pas avoir de compassion pour l&#039;enfant qu&#039;elle a mis au monde ? Si elle l&#039;oublie, moi, je ne t&#039;oublierai pas. - Fatherheart - France\" \/>\n<meta property=\"og:description\" content=\"Esa\u00efe 49:15 (LSG) Une femme oublie-t-elle l&rsquo;enfant qu&rsquo;elle allaite? N&rsquo;a-t-elle pas piti\u00e9 du fruit de ses entrailles? Quand elle l&rsquo;oublierait, Moi je ne t&rsquo;oublierai point. Ici, Dieu le P\u00e8re se compare non seulement \u00e0 une m\u00e8re, mais \u00e0 une m\u00e8re\u00a0qui allaite. Par ces mots, il exprime le genre d&rsquo;amour qui se l\u00e8vera cent fois dans Lire plus ...\" \/>\n<meta property=\"og:url\" content=\"https:\/\/fatherheartfrance.com\/index.php\/2024\/09\/22\/une-mere-peut-elle-oublier-lenfant-quelle-porte-au-sein-et-ne-pas-avoir-de-compassion-pour-lenfant-quelle-a-mis-au-monde-si-elle-loublie-moi-je-ne-toublierai-pas\/\" \/>\n<meta property=\"og:site_name\" content=\"Fatherheart - France\" \/>\n<meta property=\"article:publisher\" content=\"https:\/\/www.facebook.com\/ContactFHF\/\" \/>\n<meta property=\"article:published_time\" content=\"2024-09-22T09:20:11+00:00\" \/>\n<meta property=\"article:modified_time\" content=\"2024-09-22T09:20:13+00:00\" \/>\n<meta property=\"og:image\" content=\"https:\/\/fatherheartfrance.com\/wp-content\/uploads\/2023\/05\/flower-3063414_1280.jpg\" \/>\n\t<meta property=\"og:image:width\" content=\"1280\" \/>\n\t<meta property=\"og:image:height\" content=\"914\" \/>\n\t<meta property=\"og:image:type\" content=\"image\/jpeg\" \/>\n<meta name=\"author\" content=\"Fr\u00e9d\u00e9ric C\" \/>\n<meta name=\"twitter:card\" content=\"summary_large_image\" \/>\n<meta name=\"twitter:label1\" content=\"\u00c9crit par\" \/>\n\t<meta name=\"twitter:data1\" content=\"Fr\u00e9d\u00e9ric C\" \/>\n\t<meta name=\"twitter:label2\" content=\"Dur\u00e9e de lecture estim\u00e9e\" \/>\n\t<meta name=\"twitter:data2\" content=\"3 minutes\" \/>\n<script type=\"application\/ld+json\" class=\"yoast-schema-graph\">{\"@context\":\"https:\\\/\\\/schema.org\",\"@graph\":[{\"@type\":\"Article\",\"@id\":\"https:\\\/\\\/fatherheartfrance.com\\\/index.php\\\/2024\\\/09\\\/22\\\/une-mere-peut-elle-oublier-lenfant-quelle-porte-au-sein-et-ne-pas-avoir-de-compassion-pour-lenfant-quelle-a-mis-au-monde-si-elle-loublie-moi-je-ne-toublierai-pas\\\/#article\",\"isPartOf\":{\"@id\":\"https:\\\/\\\/fatherheartfrance.com\\\/index.php\\\/2024\\\/09\\\/22\\\/une-mere-peut-elle-oublier-lenfant-quelle-porte-au-sein-et-ne-pas-avoir-de-compassion-pour-lenfant-quelle-a-mis-au-monde-si-elle-loublie-moi-je-ne-toublierai-pas\\\/\"},\"author\":{\"name\":\"Fr\u00e9d\u00e9ric C\",\"@id\":\"https:\\\/\\\/fatherheartfrance.com\\\/#\\\/schema\\\/person\\\/a980675cd50a6bb00fc1a61b57ba7420\"},\"headline\":\"Une m\u00e8re peut-elle oublier l&rsquo;enfant qu&rsquo;elle porte au sein et ne pas avoir de compassion pour l&rsquo;enfant qu&rsquo;elle a mis au monde ? Si elle l&rsquo;oublie, moi, je ne t&rsquo;oublierai pas.\",\"datePublished\":\"2024-09-22T09:20:11+00:00\",\"dateModified\":\"2024-09-22T09:20:13+00:00\",\"mainEntityOfPage\":{\"@id\":\"https:\\\/\\\/fatherheartfrance.com\\\/index.php\\\/2024\\\/09\\\/22\\\/une-mere-peut-elle-oublier-lenfant-quelle-porte-au-sein-et-ne-pas-avoir-de-compassion-pour-lenfant-quelle-a-mis-au-monde-si-elle-loublie-moi-je-ne-toublierai-pas\\\/\"},\"wordCount\":452,\"commentCount\":0,\"publisher\":{\"@id\":\"https:\\\/\\\/fatherheartfrance.com\\\/#organization\"},\"image\":{\"@id\":\"https:\\\/\\\/fatherheartfrance.com\\\/index.php\\\/2024\\\/09\\\/22\\\/une-mere-peut-elle-oublier-lenfant-quelle-porte-au-sein-et-ne-pas-avoir-de-compassion-pour-lenfant-quelle-a-mis-au-monde-si-elle-loublie-moi-je-ne-toublierai-pas\\\/#primaryimage\"},\"thumbnailUrl\":\"https:\\\/\\\/fatherheartfrance.com\\\/wp-content\\\/uploads\\\/2023\\\/05\\\/flower-3063414_1280.jpg\",\"inLanguage\":\"fr-FR\",\"potentialAction\":[{\"@type\":\"CommentAction\",\"name\":\"Comment\",\"target\":[\"https:\\\/\\\/fatherheartfrance.com\\\/index.php\\\/2024\\\/09\\\/22\\\/une-mere-peut-elle-oublier-lenfant-quelle-porte-au-sein-et-ne-pas-avoir-de-compassion-pour-lenfant-quelle-a-mis-au-monde-si-elle-loublie-moi-je-ne-toublierai-pas\\\/#respond\"]}]},{\"@type\":\"WebPage\",\"@id\":\"https:\\\/\\\/fatherheartfrance.com\\\/index.php\\\/2024\\\/09\\\/22\\\/une-mere-peut-elle-oublier-lenfant-quelle-porte-au-sein-et-ne-pas-avoir-de-compassion-pour-lenfant-quelle-a-mis-au-monde-si-elle-loublie-moi-je-ne-toublierai-pas\\\/\",\"url\":\"https:\\\/\\\/fatherheartfrance.com\\\/index.php\\\/2024\\\/09\\\/22\\\/une-mere-peut-elle-oublier-lenfant-quelle-porte-au-sein-et-ne-pas-avoir-de-compassion-pour-lenfant-quelle-a-mis-au-monde-si-elle-loublie-moi-je-ne-toublierai-pas\\\/\",\"name\":\"Une m\u00e8re peut-elle oublier l'enfant qu'elle porte au sein et ne pas avoir de compassion pour l'enfant qu'elle a mis au monde ? Si elle l'oublie, moi, je ne t'oublierai pas. - Fatherheart - France\",\"isPartOf\":{\"@id\":\"https:\\\/\\\/fatherheartfrance.com\\\/#website\"},\"primaryImageOfPage\":{\"@id\":\"https:\\\/\\\/fatherheartfrance.com\\\/index.php\\\/2024\\\/09\\\/22\\\/une-mere-peut-elle-oublier-lenfant-quelle-porte-au-sein-et-ne-pas-avoir-de-compassion-pour-lenfant-quelle-a-mis-au-monde-si-elle-loublie-moi-je-ne-toublierai-pas\\\/#primaryimage\"},\"image\":{\"@id\":\"https:\\\/\\\/fatherheartfrance.com\\\/index.php\\\/2024\\\/09\\\/22\\\/une-mere-peut-elle-oublier-lenfant-quelle-porte-au-sein-et-ne-pas-avoir-de-compassion-pour-lenfant-quelle-a-mis-au-monde-si-elle-loublie-moi-je-ne-toublierai-pas\\\/#primaryimage\"},\"thumbnailUrl\":\"https:\\\/\\\/fatherheartfrance.com\\\/wp-content\\\/uploads\\\/2023\\\/05\\\/flower-3063414_1280.jpg\",\"datePublished\":\"2024-09-22T09:20:11+00:00\",\"dateModified\":\"2024-09-22T09:20:13+00:00\",\"breadcrumb\":{\"@id\":\"https:\\\/\\\/fatherheartfrance.com\\\/index.php\\\/2024\\\/09\\\/22\\\/une-mere-peut-elle-oublier-lenfant-quelle-porte-au-sein-et-ne-pas-avoir-de-compassion-pour-lenfant-quelle-a-mis-au-monde-si-elle-loublie-moi-je-ne-toublierai-pas\\\/#breadcrumb\"},\"inLanguage\":\"fr-FR\",\"potentialAction\":[{\"@type\":\"ReadAction\",\"target\":[\"https:\\\/\\\/fatherheartfrance.com\\\/index.php\\\/2024\\\/09\\\/22\\\/une-mere-peut-elle-oublier-lenfant-quelle-porte-au-sein-et-ne-pas-avoir-de-compassion-pour-lenfant-quelle-a-mis-au-monde-si-elle-loublie-moi-je-ne-toublierai-pas\\\/\"]}]},{\"@type\":\"ImageObject\",\"inLanguage\":\"fr-FR\",\"@id\":\"https:\\\/\\\/fatherheartfrance.com\\\/index.php\\\/2024\\\/09\\\/22\\\/une-mere-peut-elle-oublier-lenfant-quelle-porte-au-sein-et-ne-pas-avoir-de-compassion-pour-lenfant-quelle-a-mis-au-monde-si-elle-loublie-moi-je-ne-toublierai-pas\\\/#primaryimage\",\"url\":\"https:\\\/\\\/fatherheartfrance.com\\\/wp-content\\\/uploads\\\/2023\\\/05\\\/flower-3063414_1280.jpg\",\"contentUrl\":\"https:\\\/\\\/fatherheartfrance.com\\\/wp-content\\\/uploads\\\/2023\\\/05\\\/flower-3063414_1280.jpg\",\"width\":1280,\"height\":914,\"caption\":\"flower-Fatherheart-France\"},{\"@type\":\"BreadcrumbList\",\"@id\":\"https:\\\/\\\/fatherheartfrance.com\\\/index.php\\\/2024\\\/09\\\/22\\\/une-mere-peut-elle-oublier-lenfant-quelle-porte-au-sein-et-ne-pas-avoir-de-compassion-pour-lenfant-quelle-a-mis-au-monde-si-elle-loublie-moi-je-ne-toublierai-pas\\\/#breadcrumb\",\"itemListElement\":[{\"@type\":\"ListItem\",\"position\":1,\"name\":\"Accueil\",\"item\":\"https:\\\/\\\/fatherheartfrance.com\\\/\"},{\"@type\":\"ListItem\",\"position\":2,\"name\":\"Une m\u00e8re peut-elle oublier l&rsquo;enfant qu&rsquo;elle porte au sein et ne pas avoir de compassion pour l&rsquo;enfant qu&rsquo;elle a mis au monde ? Si elle l&rsquo;oublie, moi, je ne t&rsquo;oublierai pas.\"}]},{\"@type\":\"WebSite\",\"@id\":\"https:\\\/\\\/fatherheartfrance.com\\\/#website\",\"url\":\"https:\\\/\\\/fatherheartfrance.com\\\/\",\"name\":\"Fatherheart - France\",\"description\":\"Amour du P\u00e8re\",\"publisher\":{\"@id\":\"https:\\\/\\\/fatherheartfrance.com\\\/#organization\"},\"potentialAction\":[{\"@type\":\"SearchAction\",\"target\":{\"@type\":\"EntryPoint\",\"urlTemplate\":\"https:\\\/\\\/fatherheartfrance.com\\\/?s={search_term_string}\"},\"query-input\":{\"@type\":\"PropertyValueSpecification\",\"valueRequired\":true,\"valueName\":\"search_term_string\"}}],\"inLanguage\":\"fr-FR\"},{\"@type\":\"Organization\",\"@id\":\"https:\\\/\\\/fatherheartfrance.com\\\/#organization\",\"name\":\"fatherheartfrance\",\"url\":\"https:\\\/\\\/fatherheartfrance.com\\\/\",\"logo\":{\"@type\":\"ImageObject\",\"inLanguage\":\"fr-FR\",\"@id\":\"https:\\\/\\\/fatherheartfrance.com\\\/#\\\/schema\\\/logo\\\/image\\\/\",\"url\":\"https:\\\/\\\/fatherheartfrance.com\\\/wp-content\\\/uploads\\\/2017\\\/02\\\/logo-3-e1488034589841.png\",\"contentUrl\":\"https:\\\/\\\/fatherheartfrance.com\\\/wp-content\\\/uploads\\\/2017\\\/02\\\/logo-3-e1488034589841.png\",\"width\":300,\"height\":82,\"caption\":\"fatherheartfrance\"},\"image\":{\"@id\":\"https:\\\/\\\/fatherheartfrance.com\\\/#\\\/schema\\\/logo\\\/image\\\/\"},\"sameAs\":[\"https:\\\/\\\/www.facebook.com\\\/ContactFHF\\\/\"]},{\"@type\":\"Person\",\"@id\":\"https:\\\/\\\/fatherheartfrance.com\\\/#\\\/schema\\\/person\\\/a980675cd50a6bb00fc1a61b57ba7420\",\"name\":\"Fr\u00e9d\u00e9ric C\",\"image\":{\"@type\":\"ImageObject\",\"inLanguage\":\"fr-FR\",\"@id\":\"https:\\\/\\\/secure.gravatar.com\\\/avatar\\\/f847814b88f468c211776e97f3b93c066195167c83d3e8cb7e6ca0612f3757a8?s=96&d=mm&r=g\",\"url\":\"https:\\\/\\\/secure.gravatar.com\\\/avatar\\\/f847814b88f468c211776e97f3b93c066195167c83d3e8cb7e6ca0612f3757a8?s=96&d=mm&r=g\",\"contentUrl\":\"https:\\\/\\\/secure.gravatar.com\\\/avatar\\\/f847814b88f468c211776e97f3b93c066195167c83d3e8cb7e6ca0612f3757a8?s=96&d=mm&r=g\",\"caption\":\"Fr\u00e9d\u00e9ric C\"},\"url\":\"https:\\\/\\\/fatherheartfrance.com\\\/index.php\\\/author\\\/frederic\\\/\"}]}<\/script>\n<!-- \/ Yoast SEO plugin. -->","yoast_head_json":{"title":"Une m\u00e8re peut-elle oublier l'enfant qu'elle porte au sein et ne pas avoir de compassion pour l'enfant qu'elle a mis au monde ? Si elle l'oublie, moi, je ne t'oublierai pas. - Fatherheart - France","robots":{"index":"index","follow":"follow","max-snippet":"max-snippet:-1","max-image-preview":"max-image-preview:large","max-video-preview":"max-video-preview:-1"},"canonical":"https:\/\/fatherheartfrance.com\/index.php\/2024\/09\/22\/une-mere-peut-elle-oublier-lenfant-quelle-porte-au-sein-et-ne-pas-avoir-de-compassion-pour-lenfant-quelle-a-mis-au-monde-si-elle-loublie-moi-je-ne-toublierai-pas\/","og_locale":"fr_FR","og_type":"article","og_title":"Une m\u00e8re peut-elle oublier l'enfant qu'elle porte au sein et ne pas avoir de compassion pour l'enfant qu'elle a mis au monde ? Si elle l'oublie, moi, je ne t'oublierai pas. - Fatherheart - France","og_description":"Esa\u00efe 49:15 (LSG) Une femme oublie-t-elle l&rsquo;enfant qu&rsquo;elle allaite? N&rsquo;a-t-elle pas piti\u00e9 du fruit de ses entrailles? Quand elle l&rsquo;oublierait, Moi je ne t&rsquo;oublierai point. Ici, Dieu le P\u00e8re se compare non seulement \u00e0 une m\u00e8re, mais \u00e0 une m\u00e8re\u00a0qui allaite. Par ces mots, il exprime le genre d&rsquo;amour qui se l\u00e8vera cent fois dans Lire plus ...","og_url":"https:\/\/fatherheartfrance.com\/index.php\/2024\/09\/22\/une-mere-peut-elle-oublier-lenfant-quelle-porte-au-sein-et-ne-pas-avoir-de-compassion-pour-lenfant-quelle-a-mis-au-monde-si-elle-loublie-moi-je-ne-toublierai-pas\/","og_site_name":"Fatherheart - France","article_publisher":"https:\/\/www.facebook.com\/ContactFHF\/","article_published_time":"2024-09-22T09:20:11+00:00","article_modified_time":"2024-09-22T09:20:13+00:00","og_image":[{"width":1280,"height":914,"url":"https:\/\/fatherheartfrance.com\/wp-content\/uploads\/2023\/05\/flower-3063414_1280.jpg","type":"image\/jpeg"}],"author":"Fr\u00e9d\u00e9ric C","twitter_card":"summary_large_image","twitter_misc":{"\u00c9crit par":"Fr\u00e9d\u00e9ric C","Dur\u00e9e de lecture estim\u00e9e":"3 minutes"},"schema":{"@context":"https:\/\/schema.org","@graph":[{"@type":"Article","@id":"https:\/\/fatherheartfrance.com\/index.php\/2024\/09\/22\/une-mere-peut-elle-oublier-lenfant-quelle-porte-au-sein-et-ne-pas-avoir-de-compassion-pour-lenfant-quelle-a-mis-au-monde-si-elle-loublie-moi-je-ne-toublierai-pas\/#article","isPartOf":{"@id":"https:\/\/fatherheartfrance.com\/index.php\/2024\/09\/22\/une-mere-peut-elle-oublier-lenfant-quelle-porte-au-sein-et-ne-pas-avoir-de-compassion-pour-lenfant-quelle-a-mis-au-monde-si-elle-loublie-moi-je-ne-toublierai-pas\/"},"author":{"name":"Fr\u00e9d\u00e9ric C","@id":"https:\/\/fatherheartfrance.com\/#\/schema\/person\/a980675cd50a6bb00fc1a61b57ba7420"},"headline":"Une m\u00e8re peut-elle oublier l&rsquo;enfant qu&rsquo;elle porte au sein et ne pas avoir de compassion pour l&rsquo;enfant qu&rsquo;elle a mis au monde ? Si elle l&rsquo;oublie, moi, je ne t&rsquo;oublierai pas.","datePublished":"2024-09-22T09:20:11+00:00","dateModified":"2024-09-22T09:20:13+00:00","mainEntityOfPage":{"@id":"https:\/\/fatherheartfrance.com\/index.php\/2024\/09\/22\/une-mere-peut-elle-oublier-lenfant-quelle-porte-au-sein-et-ne-pas-avoir-de-compassion-pour-lenfant-quelle-a-mis-au-monde-si-elle-loublie-moi-je-ne-toublierai-pas\/"},"wordCount":452,"commentCount":0,"publisher":{"@id":"https:\/\/fatherheartfrance.com\/#organization"},"image":{"@id":"https:\/\/fatherheartfrance.com\/index.php\/2024\/09\/22\/une-mere-peut-elle-oublier-lenfant-quelle-porte-au-sein-et-ne-pas-avoir-de-compassion-pour-lenfant-quelle-a-mis-au-monde-si-elle-loublie-moi-je-ne-toublierai-pas\/#primaryimage"},"thumbnailUrl":"https:\/\/fatherheartfrance.com\/wp-content\/uploads\/2023\/05\/flower-3063414_1280.jpg","inLanguage":"fr-FR","potentialAction":[{"@type":"CommentAction","name":"Comment","target":["https:\/\/fatherheartfrance.com\/index.php\/2024\/09\/22\/une-mere-peut-elle-oublier-lenfant-quelle-porte-au-sein-et-ne-pas-avoir-de-compassion-pour-lenfant-quelle-a-mis-au-monde-si-elle-loublie-moi-je-ne-toublierai-pas\/#respond"]}]},{"@type":"WebPage","@id":"https:\/\/fatherheartfrance.com\/index.php\/2024\/09\/22\/une-mere-peut-elle-oublier-lenfant-quelle-porte-au-sein-et-ne-pas-avoir-de-compassion-pour-lenfant-quelle-a-mis-au-monde-si-elle-loublie-moi-je-ne-toublierai-pas\/","url":"https:\/\/fatherheartfrance.com\/index.php\/2024\/09\/22\/une-mere-peut-elle-oublier-lenfant-quelle-porte-au-sein-et-ne-pas-avoir-de-compassion-pour-lenfant-quelle-a-mis-au-monde-si-elle-loublie-moi-je-ne-toublierai-pas\/","name":"Une m\u00e8re peut-elle oublier l'enfant qu'elle porte au sein et ne pas avoir de compassion pour l'enfant qu'elle a mis au monde ? Si elle l'oublie, moi, je ne t'oublierai pas. - Fatherheart - France","isPartOf":{"@id":"https:\/\/fatherheartfrance.com\/#website"},"primaryImageOfPage":{"@id":"https:\/\/fatherheartfrance.com\/index.php\/2024\/09\/22\/une-mere-peut-elle-oublier-lenfant-quelle-porte-au-sein-et-ne-pas-avoir-de-compassion-pour-lenfant-quelle-a-mis-au-monde-si-elle-loublie-moi-je-ne-toublierai-pas\/#primaryimage"},"image":{"@id":"https:\/\/fatherheartfrance.com\/index.php\/2024\/09\/22\/une-mere-peut-elle-oublier-lenfant-quelle-porte-au-sein-et-ne-pas-avoir-de-compassion-pour-lenfant-quelle-a-mis-au-monde-si-elle-loublie-moi-je-ne-toublierai-pas\/#primaryimage"},"thumbnailUrl":"https:\/\/fatherheartfrance.com\/wp-content\/uploads\/2023\/05\/flower-3063414_1280.jpg","datePublished":"2024-09-22T09:20:11+00:00","dateModified":"2024-09-22T09:20:13+00:00","breadcrumb":{"@id":"https:\/\/fatherheartfrance.com\/index.php\/2024\/09\/22\/une-mere-peut-elle-oublier-lenfant-quelle-porte-au-sein-et-ne-pas-avoir-de-compassion-pour-lenfant-quelle-a-mis-au-monde-si-elle-loublie-moi-je-ne-toublierai-pas\/#breadcrumb"},"inLanguage":"fr-FR","potentialAction":[{"@type":"ReadAction","target":["https:\/\/fatherheartfrance.com\/index.php\/2024\/09\/22\/une-mere-peut-elle-oublier-lenfant-quelle-porte-au-sein-et-ne-pas-avoir-de-compassion-pour-lenfant-quelle-a-mis-au-monde-si-elle-loublie-moi-je-ne-toublierai-pas\/"]}]},{"@type":"ImageObject","inLanguage":"fr-FR","@id":"https:\/\/fatherheartfrance.com\/index.php\/2024\/09\/22\/une-mere-peut-elle-oublier-lenfant-quelle-porte-au-sein-et-ne-pas-avoir-de-compassion-pour-lenfant-quelle-a-mis-au-monde-si-elle-loublie-moi-je-ne-toublierai-pas\/#primaryimage","url":"https:\/\/fatherheartfrance.com\/wp-content\/uploads\/2023\/05\/flower-3063414_1280.jpg","contentUrl":"https:\/\/fatherheartfrance.com\/wp-content\/uploads\/2023\/05\/flower-3063414_1280.jpg","width":1280,"height":914,"caption":"flower-Fatherheart-France"},{"@type":"BreadcrumbList","@id":"https:\/\/fatherheartfrance.com\/index.php\/2024\/09\/22\/une-mere-peut-elle-oublier-lenfant-quelle-porte-au-sein-et-ne-pas-avoir-de-compassion-pour-lenfant-quelle-a-mis-au-monde-si-elle-loublie-moi-je-ne-toublierai-pas\/#breadcrumb","itemListElement":[{"@type":"ListItem","position":1,"name":"Accueil","item":"https:\/\/fatherheartfrance.com\/"},{"@type":"ListItem","position":2,"name":"Une m\u00e8re peut-elle oublier l&rsquo;enfant qu&rsquo;elle porte au sein et ne pas avoir de compassion pour l&rsquo;enfant qu&rsquo;elle a mis au monde ? Si elle l&rsquo;oublie, moi, je ne t&rsquo;oublierai pas."}]},{"@type":"WebSite","@id":"https:\/\/fatherheartfrance.com\/#website","url":"https:\/\/fatherheartfrance.com\/","name":"Fatherheart - France","description":"Amour du P\u00e8re","publisher":{"@id":"https:\/\/fatherheartfrance.com\/#organization"},"potentialAction":[{"@type":"SearchAction","target":{"@type":"EntryPoint","urlTemplate":"https:\/\/fatherheartfrance.com\/?s={search_term_string}"},"query-input":{"@type":"PropertyValueSpecification","valueRequired":true,"valueName":"search_term_string"}}],"inLanguage":"fr-FR"},{"@type":"Organization","@id":"https:\/\/fatherheartfrance.com\/#organization","name":"fatherheartfrance","url":"https:\/\/fatherheartfrance.com\/","logo":{"@type":"ImageObject","inLanguage":"fr-FR","@id":"https:\/\/fatherheartfrance.com\/#\/schema\/logo\/image\/","url":"https:\/\/fatherheartfrance.com\/wp-content\/uploads\/2017\/02\/logo-3-e1488034589841.png","contentUrl":"https:\/\/fatherheartfrance.com\/wp-content\/uploads\/2017\/02\/logo-3-e1488034589841.png","width":300,"height":82,"caption":"fatherheartfrance"},"image":{"@id":"https:\/\/fatherheartfrance.com\/#\/schema\/logo\/image\/"},"sameAs":["https:\/\/www.facebook.com\/ContactFHF\/"]},{"@type":"Person","@id":"https:\/\/fatherheartfrance.com\/#\/schema\/person\/a980675cd50a6bb00fc1a61b57ba7420","name":"Fr\u00e9d\u00e9ric C","image":{"@type":"ImageObject","inLanguage":"fr-FR","@id":"https:\/\/secure.gravatar.com\/avatar\/f847814b88f468c211776e97f3b93c066195167c83d3e8cb7e6ca0612f3757a8?s=96&d=mm&r=g","url":"https:\/\/secure.gravatar.com\/avatar\/f847814b88f468c211776e97f3b93c066195167c83d3e8cb7e6ca0612f3757a8?s=96&d=mm&r=g","contentUrl":"https:\/\/secure.gravatar.com\/avatar\/f847814b88f468c211776e97f3b93c066195167c83d3e8cb7e6ca0612f3757a8?s=96&d=mm&r=g","caption":"Fr\u00e9d\u00e9ric C"},"url":"https:\/\/fatherheartfrance.com\/index.php\/author\/frederic\/"}]}},"_links":{"self":[{"href":"https:\/\/fatherheartfrance.com\/index.php\/wp-json\/wp\/v2\/posts\/2100","targetHints":{"allow":["GET"]}}],"collection":[{"href":"https:\/\/fatherheartfrance.com\/index.php\/wp-json\/wp\/v2\/posts"}],"about":[{"href":"https:\/\/fatherheartfrance.com\/index.php\/wp-json\/wp\/v2\/types\/post"}],"author":[{"embeddable":true,"href":"https:\/\/fatherheartfrance.com\/index.php\/wp-json\/wp\/v2\/users\/3"}],"replies":[{"embeddable":true,"href":"https:\/\/fatherheartfrance.com\/index.php\/wp-json\/wp\/v2\/comments?post=2100"}],"version-history":[{"count":1,"href":"https:\/\/fatherheartfrance.com\/index.php\/wp-json\/wp\/v2\/posts\/2100\/revisions"}],"predecessor-version":[{"id":2101,"href":"https:\/\/fatherheartfrance.com\/index.php\/wp-json\/wp\/v2\/posts\/2100\/revisions\/2101"}],"wp:featuredmedia":[{"embeddable":true,"href":"https:\/\/fatherheartfrance.com\/index.php\/wp-json\/wp\/v2\/media\/1983"}],"wp:attachment":[{"href":"https:\/\/fatherheartfrance.com\/index.php\/wp-json\/wp\/v2\/media?parent=2100"}],"wp:term":[{"taxonomy":"category","embeddable":true,"href":"https:\/\/fatherheartfrance.com\/index.php\/wp-json\/wp\/v2\/categories?post=2100"},{"taxonomy":"post_tag","embeddable":true,"href":"https:\/\/fatherheartfrance.com\/index.php\/wp-json\/wp\/v2\/tags?post=2100"}],"curies":[{"name":"wp","href":"https:\/\/api.w.org\/{rel}","templated":true}]}}