{"id":2078,"date":"2024-02-10T08:18:50","date_gmt":"2024-02-10T07:18:50","guid":{"rendered":"https:\/\/fatherheartfrance.com\/?p=2078"},"modified":"2024-02-10T08:19:55","modified_gmt":"2024-02-10T07:19:55","slug":"je-suis-ton-bouclier-ta-gloire-et-je-releve-ta-tete","status":"publish","type":"post","link":"https:\/\/fatherheartfrance.com\/index.php\/2024\/02\/10\/je-suis-ton-bouclier-ta-gloire-et-je-releve-ta-tete\/","title":{"rendered":"Je suis ton bouclier, ta gloire, et je rel\u00e8ve ta t\u00eate"},"content":{"rendered":"\n<p class=\"wp-block-paragraph\"><\/p>\n\n\n\n<p class=\"wp-block-paragraph\">Psaume 3:3 (LSG) (3:4) Mais toi, \u00f4 \u00c9ternel! tu es mon bouclier, Tu es ma gloire, et tu rel\u00e8ves ma t\u00eate.<\/p>\n\n\n\n<p class=\"wp-block-paragraph\">Le mot h\u00e9breu pour bouclier dans ce verset est une mati\u00e8re si \u00e9paisse qu&rsquo;elle peut \u00eatre compar\u00e9e \u00e0 la peau \u00e9cailleuse d&rsquo;un crocodile. Dieu est notre bouclier et notre protecteur. Rien ne peut franchir ses d\u00e9fenses. Notre Dieu et P\u00e8re est aussi notre gloire, qui est le mot h\u00e9breu \u00ab\u00a0kabowd\u00a0\u00bb, ce qui signifie un honneur de poids qu&rsquo;il nous accorde simplement parce que nous lui appartenons.<\/p>\n\n\n\n<p class=\"wp-block-paragraph\">La traduction NLT de ce verset dit\u2026 <em>3 Mais toi, Seigneur, tu es un bouclier autour de moi, tu es ma gloire, celui qui tient ma t\u00eate haute.<\/em> Dieu nous prot\u00e8ge, il nous conf\u00e8re sa propre gloire et il rel\u00e8ve notre t\u00eate lorsque nous sommes d\u00e9courag\u00e9s.<\/p>\n\n\n\n<p class=\"wp-block-paragraph\">Dans cette derni\u00e8re partie de cette promesse, on peut imaginer un enfant face \u00e0 son p\u00e8re, la t\u00eate baiss\u00e9e par d\u00e9couragement. Le p\u00e8re, ne voulant pas que son enfant se d\u00e9courage, pose doucement son doigt sur le menton du petit gar\u00e7on et lui fait relever la t\u00eate jusqu&rsquo;\u00e0 ce que leurs yeux se rencontrent.<\/p>\n\n\n\n<p class=\"wp-block-paragraph\">Lorsque nous sommes d\u00e9courag\u00e9s, notre Dieu et P\u00e8re rel\u00e8ve notre t\u00eate. Comme le dit la Bible NLT, il est \u00ab\u00a0celui qui tient ma t\u00eate haute\u00a0\u00bb. Si vous \u00eates d\u00e9\u00e7us aujourd&rsquo;hui, puissiez-vous sentir le contact affectueux de votre P\u00e8re qui rel\u00e8ve votre t\u00eate pour que vos yeux rencontrent son regard aimant.<\/p>\n\n\n\n<p class=\"has-text-align-right has-small-font-size wp-block-paragraph\"><em>223<\/em><\/p>\n","protected":false},"excerpt":{"rendered":"<p>Psaume 3:3 (LSG) (3:4) Mais toi, \u00f4 \u00c9ternel! tu es mon bouclier, Tu es ma gloire, et tu rel\u00e8ves ma t\u00eate. Le mot h\u00e9breu pour bouclier dans ce verset est une mati\u00e8re si \u00e9paisse qu&rsquo;elle peut \u00eatre compar\u00e9e \u00e0 la peau \u00e9cailleuse d&rsquo;un crocodile. Dieu est notre bouclier et notre protecteur. Rien ne peut franchir <a class=\"more-link\" href=\"https:\/\/fatherheartfrance.com\/index.php\/2024\/02\/10\/je-suis-ton-bouclier-ta-gloire-et-je-releve-ta-tete\/\">Lire plus &#8230;<\/a><\/p>\n","protected":false},"author":3,"featured_media":1972,"comment_status":"open","ping_status":"open","sticky":false,"template":"","format":"standard","meta":{"_crdt_document":"","_exactmetrics_skip_tracking":false,"_exactmetrics_sitenote_active":false,"_exactmetrics_sitenote_note":"","_exactmetrics_sitenote_category":0,"footnotes":""},"categories":[1],"tags":[],"class_list":["post-2078","post","type-post","status-publish","format-standard","has-post-thumbnail","hentry","category-non-classe"],"yoast_head":"<!-- This site is optimized with the Yoast SEO plugin v27.5 - https:\/\/yoast.com\/product\/yoast-seo-wordpress\/ -->\n<title>Je suis ton bouclier, ta gloire, et je rel\u00e8ve ta t\u00eate - Fatherheart - France<\/title>\n<meta name=\"robots\" content=\"index, follow, max-snippet:-1, max-image-preview:large, max-video-preview:-1\" \/>\n<link rel=\"canonical\" href=\"https:\/\/fatherheartfrance.com\/index.php\/2024\/02\/10\/je-suis-ton-bouclier-ta-gloire-et-je-releve-ta-tete\/\" \/>\n<meta property=\"og:locale\" content=\"fr_FR\" \/>\n<meta property=\"og:type\" content=\"article\" \/>\n<meta property=\"og:title\" content=\"Je suis ton bouclier, ta gloire, et je rel\u00e8ve ta t\u00eate - Fatherheart - France\" \/>\n<meta property=\"og:description\" content=\"Psaume 3:3 (LSG) (3:4) Mais toi, \u00f4 \u00c9ternel! tu es mon bouclier, Tu es ma gloire, et tu rel\u00e8ves ma t\u00eate. Le mot h\u00e9breu pour bouclier dans ce verset est une mati\u00e8re si \u00e9paisse qu&rsquo;elle peut \u00eatre compar\u00e9e \u00e0 la peau \u00e9cailleuse d&rsquo;un crocodile. Dieu est notre bouclier et notre protecteur. Rien ne peut franchir Lire plus ...\" \/>\n<meta property=\"og:url\" content=\"https:\/\/fatherheartfrance.com\/index.php\/2024\/02\/10\/je-suis-ton-bouclier-ta-gloire-et-je-releve-ta-tete\/\" \/>\n<meta property=\"og:site_name\" content=\"Fatherheart - France\" \/>\n<meta property=\"article:publisher\" content=\"https:\/\/www.facebook.com\/ContactFHF\/\" \/>\n<meta property=\"article:published_time\" content=\"2024-02-10T07:18:50+00:00\" \/>\n<meta property=\"article:modified_time\" content=\"2024-02-10T07:19:55+00:00\" \/>\n<meta property=\"og:image\" content=\"https:\/\/fatherheartfrance.com\/wp-content\/uploads\/2023\/05\/marguerite-1656357_1280.jpg\" \/>\n\t<meta property=\"og:image:width\" content=\"1280\" \/>\n\t<meta property=\"og:image:height\" content=\"730\" \/>\n\t<meta property=\"og:image:type\" content=\"image\/jpeg\" \/>\n<meta name=\"author\" content=\"Fr\u00e9d\u00e9ric C\" \/>\n<meta name=\"twitter:card\" content=\"summary_large_image\" \/>\n<meta name=\"twitter:label1\" content=\"\u00c9crit par\" \/>\n\t<meta name=\"twitter:data1\" content=\"Fr\u00e9d\u00e9ric C\" \/>\n\t<meta name=\"twitter:label2\" content=\"Dur\u00e9e de lecture estim\u00e9e\" \/>\n\t<meta name=\"twitter:data2\" content=\"1 minute\" \/>\n<script type=\"application\/ld+json\" class=\"yoast-schema-graph\">{\"@context\":\"https:\\\/\\\/schema.org\",\"@graph\":[{\"@type\":\"Article\",\"@id\":\"https:\\\/\\\/fatherheartfrance.com\\\/index.php\\\/2024\\\/02\\\/10\\\/je-suis-ton-bouclier-ta-gloire-et-je-releve-ta-tete\\\/#article\",\"isPartOf\":{\"@id\":\"https:\\\/\\\/fatherheartfrance.com\\\/index.php\\\/2024\\\/02\\\/10\\\/je-suis-ton-bouclier-ta-gloire-et-je-releve-ta-tete\\\/\"},\"author\":{\"name\":\"Fr\u00e9d\u00e9ric C\",\"@id\":\"https:\\\/\\\/fatherheartfrance.com\\\/#\\\/schema\\\/person\\\/a980675cd50a6bb00fc1a61b57ba7420\"},\"headline\":\"Je suis ton bouclier, ta gloire, et je rel\u00e8ve ta t\u00eate\",\"datePublished\":\"2024-02-10T07:18:50+00:00\",\"dateModified\":\"2024-02-10T07:19:55+00:00\",\"mainEntityOfPage\":{\"@id\":\"https:\\\/\\\/fatherheartfrance.com\\\/index.php\\\/2024\\\/02\\\/10\\\/je-suis-ton-bouclier-ta-gloire-et-je-releve-ta-tete\\\/\"},\"wordCount\":282,\"commentCount\":0,\"publisher\":{\"@id\":\"https:\\\/\\\/fatherheartfrance.com\\\/#organization\"},\"image\":{\"@id\":\"https:\\\/\\\/fatherheartfrance.com\\\/index.php\\\/2024\\\/02\\\/10\\\/je-suis-ton-bouclier-ta-gloire-et-je-releve-ta-tete\\\/#primaryimage\"},\"thumbnailUrl\":\"https:\\\/\\\/fatherheartfrance.com\\\/wp-content\\\/uploads\\\/2023\\\/05\\\/marguerite-1656357_1280.jpg\",\"inLanguage\":\"fr-FR\",\"potentialAction\":[{\"@type\":\"CommentAction\",\"name\":\"Comment\",\"target\":[\"https:\\\/\\\/fatherheartfrance.com\\\/index.php\\\/2024\\\/02\\\/10\\\/je-suis-ton-bouclier-ta-gloire-et-je-releve-ta-tete\\\/#respond\"]}]},{\"@type\":\"WebPage\",\"@id\":\"https:\\\/\\\/fatherheartfrance.com\\\/index.php\\\/2024\\\/02\\\/10\\\/je-suis-ton-bouclier-ta-gloire-et-je-releve-ta-tete\\\/\",\"url\":\"https:\\\/\\\/fatherheartfrance.com\\\/index.php\\\/2024\\\/02\\\/10\\\/je-suis-ton-bouclier-ta-gloire-et-je-releve-ta-tete\\\/\",\"name\":\"Je suis ton bouclier, ta gloire, et je rel\u00e8ve ta t\u00eate - Fatherheart - France\",\"isPartOf\":{\"@id\":\"https:\\\/\\\/fatherheartfrance.com\\\/#website\"},\"primaryImageOfPage\":{\"@id\":\"https:\\\/\\\/fatherheartfrance.com\\\/index.php\\\/2024\\\/02\\\/10\\\/je-suis-ton-bouclier-ta-gloire-et-je-releve-ta-tete\\\/#primaryimage\"},\"image\":{\"@id\":\"https:\\\/\\\/fatherheartfrance.com\\\/index.php\\\/2024\\\/02\\\/10\\\/je-suis-ton-bouclier-ta-gloire-et-je-releve-ta-tete\\\/#primaryimage\"},\"thumbnailUrl\":\"https:\\\/\\\/fatherheartfrance.com\\\/wp-content\\\/uploads\\\/2023\\\/05\\\/marguerite-1656357_1280.jpg\",\"datePublished\":\"2024-02-10T07:18:50+00:00\",\"dateModified\":\"2024-02-10T07:19:55+00:00\",\"breadcrumb\":{\"@id\":\"https:\\\/\\\/fatherheartfrance.com\\\/index.php\\\/2024\\\/02\\\/10\\\/je-suis-ton-bouclier-ta-gloire-et-je-releve-ta-tete\\\/#breadcrumb\"},\"inLanguage\":\"fr-FR\",\"potentialAction\":[{\"@type\":\"ReadAction\",\"target\":[\"https:\\\/\\\/fatherheartfrance.com\\\/index.php\\\/2024\\\/02\\\/10\\\/je-suis-ton-bouclier-ta-gloire-et-je-releve-ta-tete\\\/\"]}]},{\"@type\":\"ImageObject\",\"inLanguage\":\"fr-FR\",\"@id\":\"https:\\\/\\\/fatherheartfrance.com\\\/index.php\\\/2024\\\/02\\\/10\\\/je-suis-ton-bouclier-ta-gloire-et-je-releve-ta-tete\\\/#primaryimage\",\"url\":\"https:\\\/\\\/fatherheartfrance.com\\\/wp-content\\\/uploads\\\/2023\\\/05\\\/marguerite-1656357_1280.jpg\",\"contentUrl\":\"https:\\\/\\\/fatherheartfrance.com\\\/wp-content\\\/uploads\\\/2023\\\/05\\\/marguerite-1656357_1280.jpg\",\"width\":1280,\"height\":730,\"caption\":\"marguerite-Fatherheart-France\"},{\"@type\":\"BreadcrumbList\",\"@id\":\"https:\\\/\\\/fatherheartfrance.com\\\/index.php\\\/2024\\\/02\\\/10\\\/je-suis-ton-bouclier-ta-gloire-et-je-releve-ta-tete\\\/#breadcrumb\",\"itemListElement\":[{\"@type\":\"ListItem\",\"position\":1,\"name\":\"Accueil\",\"item\":\"https:\\\/\\\/fatherheartfrance.com\\\/\"},{\"@type\":\"ListItem\",\"position\":2,\"name\":\"Je suis ton bouclier, ta gloire, et je rel\u00e8ve ta t\u00eate\"}]},{\"@type\":\"WebSite\",\"@id\":\"https:\\\/\\\/fatherheartfrance.com\\\/#website\",\"url\":\"https:\\\/\\\/fatherheartfrance.com\\\/\",\"name\":\"Fatherheart - France\",\"description\":\"Amour du P\u00e8re\",\"publisher\":{\"@id\":\"https:\\\/\\\/fatherheartfrance.com\\\/#organization\"},\"potentialAction\":[{\"@type\":\"SearchAction\",\"target\":{\"@type\":\"EntryPoint\",\"urlTemplate\":\"https:\\\/\\\/fatherheartfrance.com\\\/?s={search_term_string}\"},\"query-input\":{\"@type\":\"PropertyValueSpecification\",\"valueRequired\":true,\"valueName\":\"search_term_string\"}}],\"inLanguage\":\"fr-FR\"},{\"@type\":\"Organization\",\"@id\":\"https:\\\/\\\/fatherheartfrance.com\\\/#organization\",\"name\":\"fatherheartfrance\",\"url\":\"https:\\\/\\\/fatherheartfrance.com\\\/\",\"logo\":{\"@type\":\"ImageObject\",\"inLanguage\":\"fr-FR\",\"@id\":\"https:\\\/\\\/fatherheartfrance.com\\\/#\\\/schema\\\/logo\\\/image\\\/\",\"url\":\"https:\\\/\\\/fatherheartfrance.com\\\/wp-content\\\/uploads\\\/2017\\\/02\\\/logo-3-e1488034589841.png\",\"contentUrl\":\"https:\\\/\\\/fatherheartfrance.com\\\/wp-content\\\/uploads\\\/2017\\\/02\\\/logo-3-e1488034589841.png\",\"width\":300,\"height\":82,\"caption\":\"fatherheartfrance\"},\"image\":{\"@id\":\"https:\\\/\\\/fatherheartfrance.com\\\/#\\\/schema\\\/logo\\\/image\\\/\"},\"sameAs\":[\"https:\\\/\\\/www.facebook.com\\\/ContactFHF\\\/\"]},{\"@type\":\"Person\",\"@id\":\"https:\\\/\\\/fatherheartfrance.com\\\/#\\\/schema\\\/person\\\/a980675cd50a6bb00fc1a61b57ba7420\",\"name\":\"Fr\u00e9d\u00e9ric C\",\"image\":{\"@type\":\"ImageObject\",\"inLanguage\":\"fr-FR\",\"@id\":\"https:\\\/\\\/secure.gravatar.com\\\/avatar\\\/f847814b88f468c211776e97f3b93c066195167c83d3e8cb7e6ca0612f3757a8?s=96&d=mm&r=g\",\"url\":\"https:\\\/\\\/secure.gravatar.com\\\/avatar\\\/f847814b88f468c211776e97f3b93c066195167c83d3e8cb7e6ca0612f3757a8?s=96&d=mm&r=g\",\"contentUrl\":\"https:\\\/\\\/secure.gravatar.com\\\/avatar\\\/f847814b88f468c211776e97f3b93c066195167c83d3e8cb7e6ca0612f3757a8?s=96&d=mm&r=g\",\"caption\":\"Fr\u00e9d\u00e9ric C\"},\"url\":\"https:\\\/\\\/fatherheartfrance.com\\\/index.php\\\/author\\\/frederic\\\/\"}]}<\/script>\n<!-- \/ Yoast SEO plugin. -->","yoast_head_json":{"title":"Je suis ton bouclier, ta gloire, et je rel\u00e8ve ta t\u00eate - Fatherheart - France","robots":{"index":"index","follow":"follow","max-snippet":"max-snippet:-1","max-image-preview":"max-image-preview:large","max-video-preview":"max-video-preview:-1"},"canonical":"https:\/\/fatherheartfrance.com\/index.php\/2024\/02\/10\/je-suis-ton-bouclier-ta-gloire-et-je-releve-ta-tete\/","og_locale":"fr_FR","og_type":"article","og_title":"Je suis ton bouclier, ta gloire, et je rel\u00e8ve ta t\u00eate - Fatherheart - France","og_description":"Psaume 3:3 (LSG) (3:4) Mais toi, \u00f4 \u00c9ternel! tu es mon bouclier, Tu es ma gloire, et tu rel\u00e8ves ma t\u00eate. Le mot h\u00e9breu pour bouclier dans ce verset est une mati\u00e8re si \u00e9paisse qu&rsquo;elle peut \u00eatre compar\u00e9e \u00e0 la peau \u00e9cailleuse d&rsquo;un crocodile. Dieu est notre bouclier et notre protecteur. Rien ne peut franchir Lire plus ...","og_url":"https:\/\/fatherheartfrance.com\/index.php\/2024\/02\/10\/je-suis-ton-bouclier-ta-gloire-et-je-releve-ta-tete\/","og_site_name":"Fatherheart - France","article_publisher":"https:\/\/www.facebook.com\/ContactFHF\/","article_published_time":"2024-02-10T07:18:50+00:00","article_modified_time":"2024-02-10T07:19:55+00:00","og_image":[{"width":1280,"height":730,"url":"https:\/\/fatherheartfrance.com\/wp-content\/uploads\/2023\/05\/marguerite-1656357_1280.jpg","type":"image\/jpeg"}],"author":"Fr\u00e9d\u00e9ric C","twitter_card":"summary_large_image","twitter_misc":{"\u00c9crit par":"Fr\u00e9d\u00e9ric C","Dur\u00e9e de lecture estim\u00e9e":"1 minute"},"schema":{"@context":"https:\/\/schema.org","@graph":[{"@type":"Article","@id":"https:\/\/fatherheartfrance.com\/index.php\/2024\/02\/10\/je-suis-ton-bouclier-ta-gloire-et-je-releve-ta-tete\/#article","isPartOf":{"@id":"https:\/\/fatherheartfrance.com\/index.php\/2024\/02\/10\/je-suis-ton-bouclier-ta-gloire-et-je-releve-ta-tete\/"},"author":{"name":"Fr\u00e9d\u00e9ric C","@id":"https:\/\/fatherheartfrance.com\/#\/schema\/person\/a980675cd50a6bb00fc1a61b57ba7420"},"headline":"Je suis ton bouclier, ta gloire, et je rel\u00e8ve ta t\u00eate","datePublished":"2024-02-10T07:18:50+00:00","dateModified":"2024-02-10T07:19:55+00:00","mainEntityOfPage":{"@id":"https:\/\/fatherheartfrance.com\/index.php\/2024\/02\/10\/je-suis-ton-bouclier-ta-gloire-et-je-releve-ta-tete\/"},"wordCount":282,"commentCount":0,"publisher":{"@id":"https:\/\/fatherheartfrance.com\/#organization"},"image":{"@id":"https:\/\/fatherheartfrance.com\/index.php\/2024\/02\/10\/je-suis-ton-bouclier-ta-gloire-et-je-releve-ta-tete\/#primaryimage"},"thumbnailUrl":"https:\/\/fatherheartfrance.com\/wp-content\/uploads\/2023\/05\/marguerite-1656357_1280.jpg","inLanguage":"fr-FR","potentialAction":[{"@type":"CommentAction","name":"Comment","target":["https:\/\/fatherheartfrance.com\/index.php\/2024\/02\/10\/je-suis-ton-bouclier-ta-gloire-et-je-releve-ta-tete\/#respond"]}]},{"@type":"WebPage","@id":"https:\/\/fatherheartfrance.com\/index.php\/2024\/02\/10\/je-suis-ton-bouclier-ta-gloire-et-je-releve-ta-tete\/","url":"https:\/\/fatherheartfrance.com\/index.php\/2024\/02\/10\/je-suis-ton-bouclier-ta-gloire-et-je-releve-ta-tete\/","name":"Je suis ton bouclier, ta gloire, et je rel\u00e8ve ta t\u00eate - Fatherheart - France","isPartOf":{"@id":"https:\/\/fatherheartfrance.com\/#website"},"primaryImageOfPage":{"@id":"https:\/\/fatherheartfrance.com\/index.php\/2024\/02\/10\/je-suis-ton-bouclier-ta-gloire-et-je-releve-ta-tete\/#primaryimage"},"image":{"@id":"https:\/\/fatherheartfrance.com\/index.php\/2024\/02\/10\/je-suis-ton-bouclier-ta-gloire-et-je-releve-ta-tete\/#primaryimage"},"thumbnailUrl":"https:\/\/fatherheartfrance.com\/wp-content\/uploads\/2023\/05\/marguerite-1656357_1280.jpg","datePublished":"2024-02-10T07:18:50+00:00","dateModified":"2024-02-10T07:19:55+00:00","breadcrumb":{"@id":"https:\/\/fatherheartfrance.com\/index.php\/2024\/02\/10\/je-suis-ton-bouclier-ta-gloire-et-je-releve-ta-tete\/#breadcrumb"},"inLanguage":"fr-FR","potentialAction":[{"@type":"ReadAction","target":["https:\/\/fatherheartfrance.com\/index.php\/2024\/02\/10\/je-suis-ton-bouclier-ta-gloire-et-je-releve-ta-tete\/"]}]},{"@type":"ImageObject","inLanguage":"fr-FR","@id":"https:\/\/fatherheartfrance.com\/index.php\/2024\/02\/10\/je-suis-ton-bouclier-ta-gloire-et-je-releve-ta-tete\/#primaryimage","url":"https:\/\/fatherheartfrance.com\/wp-content\/uploads\/2023\/05\/marguerite-1656357_1280.jpg","contentUrl":"https:\/\/fatherheartfrance.com\/wp-content\/uploads\/2023\/05\/marguerite-1656357_1280.jpg","width":1280,"height":730,"caption":"marguerite-Fatherheart-France"},{"@type":"BreadcrumbList","@id":"https:\/\/fatherheartfrance.com\/index.php\/2024\/02\/10\/je-suis-ton-bouclier-ta-gloire-et-je-releve-ta-tete\/#breadcrumb","itemListElement":[{"@type":"ListItem","position":1,"name":"Accueil","item":"https:\/\/fatherheartfrance.com\/"},{"@type":"ListItem","position":2,"name":"Je suis ton bouclier, ta gloire, et je rel\u00e8ve ta t\u00eate"}]},{"@type":"WebSite","@id":"https:\/\/fatherheartfrance.com\/#website","url":"https:\/\/fatherheartfrance.com\/","name":"Fatherheart - France","description":"Amour du P\u00e8re","publisher":{"@id":"https:\/\/fatherheartfrance.com\/#organization"},"potentialAction":[{"@type":"SearchAction","target":{"@type":"EntryPoint","urlTemplate":"https:\/\/fatherheartfrance.com\/?s={search_term_string}"},"query-input":{"@type":"PropertyValueSpecification","valueRequired":true,"valueName":"search_term_string"}}],"inLanguage":"fr-FR"},{"@type":"Organization","@id":"https:\/\/fatherheartfrance.com\/#organization","name":"fatherheartfrance","url":"https:\/\/fatherheartfrance.com\/","logo":{"@type":"ImageObject","inLanguage":"fr-FR","@id":"https:\/\/fatherheartfrance.com\/#\/schema\/logo\/image\/","url":"https:\/\/fatherheartfrance.com\/wp-content\/uploads\/2017\/02\/logo-3-e1488034589841.png","contentUrl":"https:\/\/fatherheartfrance.com\/wp-content\/uploads\/2017\/02\/logo-3-e1488034589841.png","width":300,"height":82,"caption":"fatherheartfrance"},"image":{"@id":"https:\/\/fatherheartfrance.com\/#\/schema\/logo\/image\/"},"sameAs":["https:\/\/www.facebook.com\/ContactFHF\/"]},{"@type":"Person","@id":"https:\/\/fatherheartfrance.com\/#\/schema\/person\/a980675cd50a6bb00fc1a61b57ba7420","name":"Fr\u00e9d\u00e9ric C","image":{"@type":"ImageObject","inLanguage":"fr-FR","@id":"https:\/\/secure.gravatar.com\/avatar\/f847814b88f468c211776e97f3b93c066195167c83d3e8cb7e6ca0612f3757a8?s=96&d=mm&r=g","url":"https:\/\/secure.gravatar.com\/avatar\/f847814b88f468c211776e97f3b93c066195167c83d3e8cb7e6ca0612f3757a8?s=96&d=mm&r=g","contentUrl":"https:\/\/secure.gravatar.com\/avatar\/f847814b88f468c211776e97f3b93c066195167c83d3e8cb7e6ca0612f3757a8?s=96&d=mm&r=g","caption":"Fr\u00e9d\u00e9ric C"},"url":"https:\/\/fatherheartfrance.com\/index.php\/author\/frederic\/"}]}},"_links":{"self":[{"href":"https:\/\/fatherheartfrance.com\/index.php\/wp-json\/wp\/v2\/posts\/2078","targetHints":{"allow":["GET"]}}],"collection":[{"href":"https:\/\/fatherheartfrance.com\/index.php\/wp-json\/wp\/v2\/posts"}],"about":[{"href":"https:\/\/fatherheartfrance.com\/index.php\/wp-json\/wp\/v2\/types\/post"}],"author":[{"embeddable":true,"href":"https:\/\/fatherheartfrance.com\/index.php\/wp-json\/wp\/v2\/users\/3"}],"replies":[{"embeddable":true,"href":"https:\/\/fatherheartfrance.com\/index.php\/wp-json\/wp\/v2\/comments?post=2078"}],"version-history":[{"count":2,"href":"https:\/\/fatherheartfrance.com\/index.php\/wp-json\/wp\/v2\/posts\/2078\/revisions"}],"predecessor-version":[{"id":2080,"href":"https:\/\/fatherheartfrance.com\/index.php\/wp-json\/wp\/v2\/posts\/2078\/revisions\/2080"}],"wp:featuredmedia":[{"embeddable":true,"href":"https:\/\/fatherheartfrance.com\/index.php\/wp-json\/wp\/v2\/media\/1972"}],"wp:attachment":[{"href":"https:\/\/fatherheartfrance.com\/index.php\/wp-json\/wp\/v2\/media?parent=2078"}],"wp:term":[{"taxonomy":"category","embeddable":true,"href":"https:\/\/fatherheartfrance.com\/index.php\/wp-json\/wp\/v2\/categories?post=2078"},{"taxonomy":"post_tag","embeddable":true,"href":"https:\/\/fatherheartfrance.com\/index.php\/wp-json\/wp\/v2\/tags?post=2078"}],"curies":[{"name":"wp","href":"https:\/\/api.w.org\/{rel}","templated":true}]}}