{"id":2036,"date":"2023-11-04T07:42:03","date_gmt":"2023-11-04T06:42:03","guid":{"rendered":"https:\/\/fatherheartfrance.com\/?p=2036"},"modified":"2023-11-04T07:42:05","modified_gmt":"2023-11-04T06:42:05","slug":"ma-face-brillera-sur-toi-tous-les-jours-de-ta-vie","status":"publish","type":"post","link":"https:\/\/fatherheartfrance.com\/index.php\/2023\/11\/04\/ma-face-brillera-sur-toi-tous-les-jours-de-ta-vie\/","title":{"rendered":"Ma face brillera sur toi tous les jours de ta vie"},"content":{"rendered":"\n<p class=\"wp-block-paragraph\"><\/p>\n\n\n\n<p class=\"wp-block-paragraph\"><em>Nombres 6:24-26 (LSG) Que l&rsquo;\u00c9ternel te b\u00e9nisse, et qu&rsquo;il te garde! Que l&rsquo;\u00c9ternel fasse luire sa face sur toi, et qu&rsquo;il t&rsquo;accorde sa gr\u00e2ce! Que l&rsquo;\u00c9ternel tourne sa face vers toi, et qu&rsquo;il te donne la paix!<\/em><\/p>\n\n\n\n<p class=\"wp-block-paragraph\">Dans certaines r\u00e9gions proche des p\u00f4les le temps est tr\u00e8s nuageux pendant les mois d&rsquo;hiver. Il arrive que les populations locales passent des semaines sans voir le soleil. Lorsque le soleil finit par appara\u00eetre, le sentiment d&rsquo;exaltation est presque indescriptible. Le sentiment morose d&rsquo;un ciel gris jour apr\u00e8s jour peut vraiment faire des ravages sur le bien-\u00eatre \u00e9motionnel d&rsquo;une personne.<\/p>\n\n\n\n<p class=\"wp-block-paragraph\">Ce verset est tir\u00e9e de la b\u00e9n\u00e9diction sacerdotale de Nombres 6, que le Seigneur a demand\u00e9 \u00e0 Mo\u00efse de prier quotidiennement sur Isra\u00ebl. Dans cette b\u00e9n\u00e9diction du Seigneur, Mo\u00efse dit au peuple que la face du Seigneur brillera sur lui tous les jours de sa vie. Imaginez vivre chaque jour de votre vie en \u00e9tant conscient de l&rsquo;\u00e9clat et de la chaleur du visage de notre Dieu et P\u00e8re ?<\/p>\n\n\n\n<p class=\"wp-block-paragraph\">M\u00eame si des nuages viennent \u00e0 notre rencontre, nous pouvons nous \u00e9lever au-dessus des nuages (comme dans un avion) et continuer \u00e0 voir son visage briller sur nous. Que chacun d&rsquo;entre nous ressente la chaleur de son amour et l&rsquo;\u00e9clat de son visage qui brille sur lui. Nous ne sommes pas appel\u00e9s \u00e0 vivre seuls dans cette vie. Notre P\u00e8re veille sur nous \u00e0 chaque \u00e9tape du chemin.<\/p>\n\n\n\n<p class=\"has-text-align-right has-small-font-size wp-block-paragraph\">126<\/p>\n","protected":false},"excerpt":{"rendered":"<p>Nombres 6:24-26 (LSG) Que l&rsquo;\u00c9ternel te b\u00e9nisse, et qu&rsquo;il te garde! Que l&rsquo;\u00c9ternel fasse luire sa face sur toi, et qu&rsquo;il t&rsquo;accorde sa gr\u00e2ce! Que l&rsquo;\u00c9ternel tourne sa face vers toi, et qu&rsquo;il te donne la paix! Dans certaines r\u00e9gions proche des p\u00f4les le temps est tr\u00e8s nuageux pendant les mois d&rsquo;hiver. Il arrive que <a class=\"more-link\" href=\"https:\/\/fatherheartfrance.com\/index.php\/2023\/11\/04\/ma-face-brillera-sur-toi-tous-les-jours-de-ta-vie\/\">Lire plus &#8230;<\/a><\/p>\n","protected":false},"author":3,"featured_media":1976,"comment_status":"open","ping_status":"open","sticky":false,"template":"","format":"standard","meta":{"_crdt_document":"","_exactmetrics_skip_tracking":false,"_exactmetrics_sitenote_active":false,"_exactmetrics_sitenote_note":"","_exactmetrics_sitenote_category":0,"footnotes":""},"categories":[1],"tags":[],"class_list":["post-2036","post","type-post","status-publish","format-standard","has-post-thumbnail","hentry","category-non-classe"],"yoast_head":"<!-- This site is optimized with the Yoast SEO plugin v27.5 - https:\/\/yoast.com\/product\/yoast-seo-wordpress\/ -->\n<title>Ma face brillera sur toi tous les jours de ta vie - Fatherheart - France<\/title>\n<meta name=\"robots\" content=\"index, follow, max-snippet:-1, max-image-preview:large, max-video-preview:-1\" \/>\n<link rel=\"canonical\" href=\"https:\/\/fatherheartfrance.com\/index.php\/2023\/11\/04\/ma-face-brillera-sur-toi-tous-les-jours-de-ta-vie\/\" \/>\n<meta property=\"og:locale\" content=\"fr_FR\" \/>\n<meta property=\"og:type\" content=\"article\" \/>\n<meta property=\"og:title\" content=\"Ma face brillera sur toi tous les jours de ta vie - Fatherheart - France\" \/>\n<meta property=\"og:description\" content=\"Nombres 6:24-26 (LSG) Que l&rsquo;\u00c9ternel te b\u00e9nisse, et qu&rsquo;il te garde! Que l&rsquo;\u00c9ternel fasse luire sa face sur toi, et qu&rsquo;il t&rsquo;accorde sa gr\u00e2ce! Que l&rsquo;\u00c9ternel tourne sa face vers toi, et qu&rsquo;il te donne la paix! Dans certaines r\u00e9gions proche des p\u00f4les le temps est tr\u00e8s nuageux pendant les mois d&rsquo;hiver. Il arrive que Lire plus ...\" \/>\n<meta property=\"og:url\" content=\"https:\/\/fatherheartfrance.com\/index.php\/2023\/11\/04\/ma-face-brillera-sur-toi-tous-les-jours-de-ta-vie\/\" \/>\n<meta property=\"og:site_name\" content=\"Fatherheart - France\" \/>\n<meta property=\"article:publisher\" content=\"https:\/\/www.facebook.com\/ContactFHF\/\" \/>\n<meta property=\"article:published_time\" content=\"2023-11-04T06:42:03+00:00\" \/>\n<meta property=\"article:modified_time\" content=\"2023-11-04T06:42:05+00:00\" \/>\n<meta property=\"og:image\" content=\"https:\/\/fatherheartfrance.com\/wp-content\/uploads\/2023\/05\/beautiful-nature-1851031_1280.jpg\" \/>\n\t<meta property=\"og:image:width\" content=\"1280\" \/>\n\t<meta property=\"og:image:height\" content=\"720\" \/>\n\t<meta property=\"og:image:type\" content=\"image\/jpeg\" \/>\n<meta name=\"author\" content=\"Fr\u00e9d\u00e9ric C\" \/>\n<meta name=\"twitter:card\" content=\"summary_large_image\" \/>\n<meta name=\"twitter:label1\" content=\"\u00c9crit par\" \/>\n\t<meta name=\"twitter:data1\" content=\"Fr\u00e9d\u00e9ric C\" \/>\n\t<meta name=\"twitter:label2\" content=\"Dur\u00e9e de lecture estim\u00e9e\" \/>\n\t<meta name=\"twitter:data2\" content=\"2 minutes\" \/>\n<script type=\"application\/ld+json\" class=\"yoast-schema-graph\">{\"@context\":\"https:\\\/\\\/schema.org\",\"@graph\":[{\"@type\":\"Article\",\"@id\":\"https:\\\/\\\/fatherheartfrance.com\\\/index.php\\\/2023\\\/11\\\/04\\\/ma-face-brillera-sur-toi-tous-les-jours-de-ta-vie\\\/#article\",\"isPartOf\":{\"@id\":\"https:\\\/\\\/fatherheartfrance.com\\\/index.php\\\/2023\\\/11\\\/04\\\/ma-face-brillera-sur-toi-tous-les-jours-de-ta-vie\\\/\"},\"author\":{\"name\":\"Fr\u00e9d\u00e9ric C\",\"@id\":\"https:\\\/\\\/fatherheartfrance.com\\\/#\\\/schema\\\/person\\\/a980675cd50a6bb00fc1a61b57ba7420\"},\"headline\":\"Ma face brillera sur toi tous les jours de ta vie\",\"datePublished\":\"2023-11-04T06:42:03+00:00\",\"dateModified\":\"2023-11-04T06:42:05+00:00\",\"mainEntityOfPage\":{\"@id\":\"https:\\\/\\\/fatherheartfrance.com\\\/index.php\\\/2023\\\/11\\\/04\\\/ma-face-brillera-sur-toi-tous-les-jours-de-ta-vie\\\/\"},\"wordCount\":273,\"commentCount\":0,\"publisher\":{\"@id\":\"https:\\\/\\\/fatherheartfrance.com\\\/#organization\"},\"image\":{\"@id\":\"https:\\\/\\\/fatherheartfrance.com\\\/index.php\\\/2023\\\/11\\\/04\\\/ma-face-brillera-sur-toi-tous-les-jours-de-ta-vie\\\/#primaryimage\"},\"thumbnailUrl\":\"https:\\\/\\\/fatherheartfrance.com\\\/wp-content\\\/uploads\\\/2023\\\/05\\\/beautiful-nature-1851031_1280.jpg\",\"inLanguage\":\"fr-FR\",\"potentialAction\":[{\"@type\":\"CommentAction\",\"name\":\"Comment\",\"target\":[\"https:\\\/\\\/fatherheartfrance.com\\\/index.php\\\/2023\\\/11\\\/04\\\/ma-face-brillera-sur-toi-tous-les-jours-de-ta-vie\\\/#respond\"]}]},{\"@type\":\"WebPage\",\"@id\":\"https:\\\/\\\/fatherheartfrance.com\\\/index.php\\\/2023\\\/11\\\/04\\\/ma-face-brillera-sur-toi-tous-les-jours-de-ta-vie\\\/\",\"url\":\"https:\\\/\\\/fatherheartfrance.com\\\/index.php\\\/2023\\\/11\\\/04\\\/ma-face-brillera-sur-toi-tous-les-jours-de-ta-vie\\\/\",\"name\":\"Ma face brillera sur toi tous les jours de ta vie - Fatherheart - France\",\"isPartOf\":{\"@id\":\"https:\\\/\\\/fatherheartfrance.com\\\/#website\"},\"primaryImageOfPage\":{\"@id\":\"https:\\\/\\\/fatherheartfrance.com\\\/index.php\\\/2023\\\/11\\\/04\\\/ma-face-brillera-sur-toi-tous-les-jours-de-ta-vie\\\/#primaryimage\"},\"image\":{\"@id\":\"https:\\\/\\\/fatherheartfrance.com\\\/index.php\\\/2023\\\/11\\\/04\\\/ma-face-brillera-sur-toi-tous-les-jours-de-ta-vie\\\/#primaryimage\"},\"thumbnailUrl\":\"https:\\\/\\\/fatherheartfrance.com\\\/wp-content\\\/uploads\\\/2023\\\/05\\\/beautiful-nature-1851031_1280.jpg\",\"datePublished\":\"2023-11-04T06:42:03+00:00\",\"dateModified\":\"2023-11-04T06:42:05+00:00\",\"breadcrumb\":{\"@id\":\"https:\\\/\\\/fatherheartfrance.com\\\/index.php\\\/2023\\\/11\\\/04\\\/ma-face-brillera-sur-toi-tous-les-jours-de-ta-vie\\\/#breadcrumb\"},\"inLanguage\":\"fr-FR\",\"potentialAction\":[{\"@type\":\"ReadAction\",\"target\":[\"https:\\\/\\\/fatherheartfrance.com\\\/index.php\\\/2023\\\/11\\\/04\\\/ma-face-brillera-sur-toi-tous-les-jours-de-ta-vie\\\/\"]}]},{\"@type\":\"ImageObject\",\"inLanguage\":\"fr-FR\",\"@id\":\"https:\\\/\\\/fatherheartfrance.com\\\/index.php\\\/2023\\\/11\\\/04\\\/ma-face-brillera-sur-toi-tous-les-jours-de-ta-vie\\\/#primaryimage\",\"url\":\"https:\\\/\\\/fatherheartfrance.com\\\/wp-content\\\/uploads\\\/2023\\\/05\\\/beautiful-nature-1851031_1280.jpg\",\"contentUrl\":\"https:\\\/\\\/fatherheartfrance.com\\\/wp-content\\\/uploads\\\/2023\\\/05\\\/beautiful-nature-1851031_1280.jpg\",\"width\":1280,\"height\":720,\"caption\":\"beautiful-nature-Fatherheart-France\"},{\"@type\":\"BreadcrumbList\",\"@id\":\"https:\\\/\\\/fatherheartfrance.com\\\/index.php\\\/2023\\\/11\\\/04\\\/ma-face-brillera-sur-toi-tous-les-jours-de-ta-vie\\\/#breadcrumb\",\"itemListElement\":[{\"@type\":\"ListItem\",\"position\":1,\"name\":\"Accueil\",\"item\":\"https:\\\/\\\/fatherheartfrance.com\\\/\"},{\"@type\":\"ListItem\",\"position\":2,\"name\":\"Ma face brillera sur toi tous les jours de ta vie\"}]},{\"@type\":\"WebSite\",\"@id\":\"https:\\\/\\\/fatherheartfrance.com\\\/#website\",\"url\":\"https:\\\/\\\/fatherheartfrance.com\\\/\",\"name\":\"Fatherheart - France\",\"description\":\"Amour du P\u00e8re\",\"publisher\":{\"@id\":\"https:\\\/\\\/fatherheartfrance.com\\\/#organization\"},\"potentialAction\":[{\"@type\":\"SearchAction\",\"target\":{\"@type\":\"EntryPoint\",\"urlTemplate\":\"https:\\\/\\\/fatherheartfrance.com\\\/?s={search_term_string}\"},\"query-input\":{\"@type\":\"PropertyValueSpecification\",\"valueRequired\":true,\"valueName\":\"search_term_string\"}}],\"inLanguage\":\"fr-FR\"},{\"@type\":\"Organization\",\"@id\":\"https:\\\/\\\/fatherheartfrance.com\\\/#organization\",\"name\":\"fatherheartfrance\",\"url\":\"https:\\\/\\\/fatherheartfrance.com\\\/\",\"logo\":{\"@type\":\"ImageObject\",\"inLanguage\":\"fr-FR\",\"@id\":\"https:\\\/\\\/fatherheartfrance.com\\\/#\\\/schema\\\/logo\\\/image\\\/\",\"url\":\"https:\\\/\\\/fatherheartfrance.com\\\/wp-content\\\/uploads\\\/2017\\\/02\\\/logo-3-e1488034589841.png\",\"contentUrl\":\"https:\\\/\\\/fatherheartfrance.com\\\/wp-content\\\/uploads\\\/2017\\\/02\\\/logo-3-e1488034589841.png\",\"width\":300,\"height\":82,\"caption\":\"fatherheartfrance\"},\"image\":{\"@id\":\"https:\\\/\\\/fatherheartfrance.com\\\/#\\\/schema\\\/logo\\\/image\\\/\"},\"sameAs\":[\"https:\\\/\\\/www.facebook.com\\\/ContactFHF\\\/\"]},{\"@type\":\"Person\",\"@id\":\"https:\\\/\\\/fatherheartfrance.com\\\/#\\\/schema\\\/person\\\/a980675cd50a6bb00fc1a61b57ba7420\",\"name\":\"Fr\u00e9d\u00e9ric C\",\"image\":{\"@type\":\"ImageObject\",\"inLanguage\":\"fr-FR\",\"@id\":\"https:\\\/\\\/secure.gravatar.com\\\/avatar\\\/f847814b88f468c211776e97f3b93c066195167c83d3e8cb7e6ca0612f3757a8?s=96&d=mm&r=g\",\"url\":\"https:\\\/\\\/secure.gravatar.com\\\/avatar\\\/f847814b88f468c211776e97f3b93c066195167c83d3e8cb7e6ca0612f3757a8?s=96&d=mm&r=g\",\"contentUrl\":\"https:\\\/\\\/secure.gravatar.com\\\/avatar\\\/f847814b88f468c211776e97f3b93c066195167c83d3e8cb7e6ca0612f3757a8?s=96&d=mm&r=g\",\"caption\":\"Fr\u00e9d\u00e9ric C\"},\"url\":\"https:\\\/\\\/fatherheartfrance.com\\\/index.php\\\/author\\\/frederic\\\/\"}]}<\/script>\n<!-- \/ Yoast SEO plugin. -->","yoast_head_json":{"title":"Ma face brillera sur toi tous les jours de ta vie - Fatherheart - France","robots":{"index":"index","follow":"follow","max-snippet":"max-snippet:-1","max-image-preview":"max-image-preview:large","max-video-preview":"max-video-preview:-1"},"canonical":"https:\/\/fatherheartfrance.com\/index.php\/2023\/11\/04\/ma-face-brillera-sur-toi-tous-les-jours-de-ta-vie\/","og_locale":"fr_FR","og_type":"article","og_title":"Ma face brillera sur toi tous les jours de ta vie - Fatherheart - France","og_description":"Nombres 6:24-26 (LSG) Que l&rsquo;\u00c9ternel te b\u00e9nisse, et qu&rsquo;il te garde! Que l&rsquo;\u00c9ternel fasse luire sa face sur toi, et qu&rsquo;il t&rsquo;accorde sa gr\u00e2ce! Que l&rsquo;\u00c9ternel tourne sa face vers toi, et qu&rsquo;il te donne la paix! Dans certaines r\u00e9gions proche des p\u00f4les le temps est tr\u00e8s nuageux pendant les mois d&rsquo;hiver. Il arrive que Lire plus ...","og_url":"https:\/\/fatherheartfrance.com\/index.php\/2023\/11\/04\/ma-face-brillera-sur-toi-tous-les-jours-de-ta-vie\/","og_site_name":"Fatherheart - France","article_publisher":"https:\/\/www.facebook.com\/ContactFHF\/","article_published_time":"2023-11-04T06:42:03+00:00","article_modified_time":"2023-11-04T06:42:05+00:00","og_image":[{"width":1280,"height":720,"url":"https:\/\/fatherheartfrance.com\/wp-content\/uploads\/2023\/05\/beautiful-nature-1851031_1280.jpg","type":"image\/jpeg"}],"author":"Fr\u00e9d\u00e9ric C","twitter_card":"summary_large_image","twitter_misc":{"\u00c9crit par":"Fr\u00e9d\u00e9ric C","Dur\u00e9e de lecture estim\u00e9e":"2 minutes"},"schema":{"@context":"https:\/\/schema.org","@graph":[{"@type":"Article","@id":"https:\/\/fatherheartfrance.com\/index.php\/2023\/11\/04\/ma-face-brillera-sur-toi-tous-les-jours-de-ta-vie\/#article","isPartOf":{"@id":"https:\/\/fatherheartfrance.com\/index.php\/2023\/11\/04\/ma-face-brillera-sur-toi-tous-les-jours-de-ta-vie\/"},"author":{"name":"Fr\u00e9d\u00e9ric C","@id":"https:\/\/fatherheartfrance.com\/#\/schema\/person\/a980675cd50a6bb00fc1a61b57ba7420"},"headline":"Ma face brillera sur toi tous les jours de ta vie","datePublished":"2023-11-04T06:42:03+00:00","dateModified":"2023-11-04T06:42:05+00:00","mainEntityOfPage":{"@id":"https:\/\/fatherheartfrance.com\/index.php\/2023\/11\/04\/ma-face-brillera-sur-toi-tous-les-jours-de-ta-vie\/"},"wordCount":273,"commentCount":0,"publisher":{"@id":"https:\/\/fatherheartfrance.com\/#organization"},"image":{"@id":"https:\/\/fatherheartfrance.com\/index.php\/2023\/11\/04\/ma-face-brillera-sur-toi-tous-les-jours-de-ta-vie\/#primaryimage"},"thumbnailUrl":"https:\/\/fatherheartfrance.com\/wp-content\/uploads\/2023\/05\/beautiful-nature-1851031_1280.jpg","inLanguage":"fr-FR","potentialAction":[{"@type":"CommentAction","name":"Comment","target":["https:\/\/fatherheartfrance.com\/index.php\/2023\/11\/04\/ma-face-brillera-sur-toi-tous-les-jours-de-ta-vie\/#respond"]}]},{"@type":"WebPage","@id":"https:\/\/fatherheartfrance.com\/index.php\/2023\/11\/04\/ma-face-brillera-sur-toi-tous-les-jours-de-ta-vie\/","url":"https:\/\/fatherheartfrance.com\/index.php\/2023\/11\/04\/ma-face-brillera-sur-toi-tous-les-jours-de-ta-vie\/","name":"Ma face brillera sur toi tous les jours de ta vie - Fatherheart - France","isPartOf":{"@id":"https:\/\/fatherheartfrance.com\/#website"},"primaryImageOfPage":{"@id":"https:\/\/fatherheartfrance.com\/index.php\/2023\/11\/04\/ma-face-brillera-sur-toi-tous-les-jours-de-ta-vie\/#primaryimage"},"image":{"@id":"https:\/\/fatherheartfrance.com\/index.php\/2023\/11\/04\/ma-face-brillera-sur-toi-tous-les-jours-de-ta-vie\/#primaryimage"},"thumbnailUrl":"https:\/\/fatherheartfrance.com\/wp-content\/uploads\/2023\/05\/beautiful-nature-1851031_1280.jpg","datePublished":"2023-11-04T06:42:03+00:00","dateModified":"2023-11-04T06:42:05+00:00","breadcrumb":{"@id":"https:\/\/fatherheartfrance.com\/index.php\/2023\/11\/04\/ma-face-brillera-sur-toi-tous-les-jours-de-ta-vie\/#breadcrumb"},"inLanguage":"fr-FR","potentialAction":[{"@type":"ReadAction","target":["https:\/\/fatherheartfrance.com\/index.php\/2023\/11\/04\/ma-face-brillera-sur-toi-tous-les-jours-de-ta-vie\/"]}]},{"@type":"ImageObject","inLanguage":"fr-FR","@id":"https:\/\/fatherheartfrance.com\/index.php\/2023\/11\/04\/ma-face-brillera-sur-toi-tous-les-jours-de-ta-vie\/#primaryimage","url":"https:\/\/fatherheartfrance.com\/wp-content\/uploads\/2023\/05\/beautiful-nature-1851031_1280.jpg","contentUrl":"https:\/\/fatherheartfrance.com\/wp-content\/uploads\/2023\/05\/beautiful-nature-1851031_1280.jpg","width":1280,"height":720,"caption":"beautiful-nature-Fatherheart-France"},{"@type":"BreadcrumbList","@id":"https:\/\/fatherheartfrance.com\/index.php\/2023\/11\/04\/ma-face-brillera-sur-toi-tous-les-jours-de-ta-vie\/#breadcrumb","itemListElement":[{"@type":"ListItem","position":1,"name":"Accueil","item":"https:\/\/fatherheartfrance.com\/"},{"@type":"ListItem","position":2,"name":"Ma face brillera sur toi tous les jours de ta vie"}]},{"@type":"WebSite","@id":"https:\/\/fatherheartfrance.com\/#website","url":"https:\/\/fatherheartfrance.com\/","name":"Fatherheart - France","description":"Amour du P\u00e8re","publisher":{"@id":"https:\/\/fatherheartfrance.com\/#organization"},"potentialAction":[{"@type":"SearchAction","target":{"@type":"EntryPoint","urlTemplate":"https:\/\/fatherheartfrance.com\/?s={search_term_string}"},"query-input":{"@type":"PropertyValueSpecification","valueRequired":true,"valueName":"search_term_string"}}],"inLanguage":"fr-FR"},{"@type":"Organization","@id":"https:\/\/fatherheartfrance.com\/#organization","name":"fatherheartfrance","url":"https:\/\/fatherheartfrance.com\/","logo":{"@type":"ImageObject","inLanguage":"fr-FR","@id":"https:\/\/fatherheartfrance.com\/#\/schema\/logo\/image\/","url":"https:\/\/fatherheartfrance.com\/wp-content\/uploads\/2017\/02\/logo-3-e1488034589841.png","contentUrl":"https:\/\/fatherheartfrance.com\/wp-content\/uploads\/2017\/02\/logo-3-e1488034589841.png","width":300,"height":82,"caption":"fatherheartfrance"},"image":{"@id":"https:\/\/fatherheartfrance.com\/#\/schema\/logo\/image\/"},"sameAs":["https:\/\/www.facebook.com\/ContactFHF\/"]},{"@type":"Person","@id":"https:\/\/fatherheartfrance.com\/#\/schema\/person\/a980675cd50a6bb00fc1a61b57ba7420","name":"Fr\u00e9d\u00e9ric C","image":{"@type":"ImageObject","inLanguage":"fr-FR","@id":"https:\/\/secure.gravatar.com\/avatar\/f847814b88f468c211776e97f3b93c066195167c83d3e8cb7e6ca0612f3757a8?s=96&d=mm&r=g","url":"https:\/\/secure.gravatar.com\/avatar\/f847814b88f468c211776e97f3b93c066195167c83d3e8cb7e6ca0612f3757a8?s=96&d=mm&r=g","contentUrl":"https:\/\/secure.gravatar.com\/avatar\/f847814b88f468c211776e97f3b93c066195167c83d3e8cb7e6ca0612f3757a8?s=96&d=mm&r=g","caption":"Fr\u00e9d\u00e9ric C"},"url":"https:\/\/fatherheartfrance.com\/index.php\/author\/frederic\/"}]}},"_links":{"self":[{"href":"https:\/\/fatherheartfrance.com\/index.php\/wp-json\/wp\/v2\/posts\/2036","targetHints":{"allow":["GET"]}}],"collection":[{"href":"https:\/\/fatherheartfrance.com\/index.php\/wp-json\/wp\/v2\/posts"}],"about":[{"href":"https:\/\/fatherheartfrance.com\/index.php\/wp-json\/wp\/v2\/types\/post"}],"author":[{"embeddable":true,"href":"https:\/\/fatherheartfrance.com\/index.php\/wp-json\/wp\/v2\/users\/3"}],"replies":[{"embeddable":true,"href":"https:\/\/fatherheartfrance.com\/index.php\/wp-json\/wp\/v2\/comments?post=2036"}],"version-history":[{"count":1,"href":"https:\/\/fatherheartfrance.com\/index.php\/wp-json\/wp\/v2\/posts\/2036\/revisions"}],"predecessor-version":[{"id":2037,"href":"https:\/\/fatherheartfrance.com\/index.php\/wp-json\/wp\/v2\/posts\/2036\/revisions\/2037"}],"wp:featuredmedia":[{"embeddable":true,"href":"https:\/\/fatherheartfrance.com\/index.php\/wp-json\/wp\/v2\/media\/1976"}],"wp:attachment":[{"href":"https:\/\/fatherheartfrance.com\/index.php\/wp-json\/wp\/v2\/media?parent=2036"}],"wp:term":[{"taxonomy":"category","embeddable":true,"href":"https:\/\/fatherheartfrance.com\/index.php\/wp-json\/wp\/v2\/categories?post=2036"},{"taxonomy":"post_tag","embeddable":true,"href":"https:\/\/fatherheartfrance.com\/index.php\/wp-json\/wp\/v2\/tags?post=2036"}],"curies":[{"name":"wp","href":"https:\/\/api.w.org\/{rel}","templated":true}]}}