{"id":2016,"date":"2023-09-16T07:08:22","date_gmt":"2023-09-16T05:08:22","guid":{"rendered":"https:\/\/fatherheartfrance.com\/?p=2016"},"modified":"2023-09-16T07:08:24","modified_gmt":"2023-09-16T05:08:24","slug":"je-suis-avec-toi-et-je-taiderai-car-je-suis-ton-dieu","status":"publish","type":"post","link":"https:\/\/fatherheartfrance.com\/index.php\/2023\/09\/16\/je-suis-avec-toi-et-je-taiderai-car-je-suis-ton-dieu\/","title":{"rendered":"Je suis avec toi et je t&rsquo;aiderai, car je suis ton Dieu"},"content":{"rendered":"\n<p class=\"wp-block-paragraph\"><\/p>\n\n\n\n<p class=\"wp-block-paragraph\">Esa\u00efe 41:10 (LSG) Ne crains rien, car je suis avec toi; Ne prom\u00e8ne pas des regards inquiets, car je suis ton Dieu; Je te fortifie, je viens \u00e0 ton secours, Je te soutiens de ma droite triomphante.<\/p>\n\n\n\n<p class=\"wp-block-paragraph\">J\u00e9sus nous a dit dans Luc 12:32 de ne pas craindre, car c&rsquo;est le bon plaisir de notre P\u00e8re de nous donner son royaume. Dieu ne veut pas que nous vivions dans la peur. Il veut plut\u00f4t que nous vivions dans la s\u00e9curit\u00e9 de savoir qu&rsquo;il nous aime et qu&rsquo;il est pour nous (Romains 8:31). La raison pour laquelle nous n&rsquo;avons pas \u00e0 avoir peur est qu&rsquo;Il est avec nous o\u00f9 que nous allions.<\/p>\n\n\n\n<p class=\"wp-block-paragraph\">Puisque notre P\u00e8re est le plus grand, le plus fort et le plus aimant des papas de l&rsquo;univers, nous pouvons nous reposer sur le fait qu&rsquo;il s&rsquo;occupe de tous les aspects de notre vie, 24 heures sur 24 et 7 jours sur 7. Dans ce verset biblique, Dieu promet d&rsquo;\u00eatre avec nous o\u00f9 que nous allions. Il promet de nous fortifier, de nous aider et de nous soutenir avec sa puissante main droite.<\/p>\n\n\n\n<p class=\"wp-block-paragraph\">Psaume 27:1\u2026 (LSG) De qui aurais-je crainte? L&rsquo;\u00c9ternel est le soutien de ma vie: De qui aurais-je peur?<\/p>\n\n\n\n<p class=\"has-text-align-right has-extra-small-font-size wp-block-paragraph\">72<\/p>\n","protected":false},"excerpt":{"rendered":"<p>Esa\u00efe 41:10 (LSG) Ne crains rien, car je suis avec toi; Ne prom\u00e8ne pas des regards inquiets, car je suis ton Dieu; Je te fortifie, je viens \u00e0 ton secours, Je te soutiens de ma droite triomphante. J\u00e9sus nous a dit dans Luc 12:32 de ne pas craindre, car c&rsquo;est le bon plaisir de notre <a class=\"more-link\" href=\"https:\/\/fatherheartfrance.com\/index.php\/2023\/09\/16\/je-suis-avec-toi-et-je-taiderai-car-je-suis-ton-dieu\/\">Lire plus &#8230;<\/a><\/p>\n","protected":false},"author":3,"featured_media":1969,"comment_status":"open","ping_status":"open","sticky":false,"template":"","format":"standard","meta":{"_crdt_document":"","_exactmetrics_skip_tracking":false,"_exactmetrics_sitenote_active":false,"_exactmetrics_sitenote_note":"","_exactmetrics_sitenote_category":0,"footnotes":""},"categories":[1],"tags":[],"class_list":["post-2016","post","type-post","status-publish","format-standard","has-post-thumbnail","hentry","category-non-classe"],"yoast_head":"<!-- This site is optimized with the Yoast SEO plugin v27.5 - https:\/\/yoast.com\/product\/yoast-seo-wordpress\/ -->\n<title>Je suis avec toi et je t&#039;aiderai, car je suis ton Dieu - Fatherheart - France<\/title>\n<meta name=\"robots\" content=\"index, follow, max-snippet:-1, max-image-preview:large, max-video-preview:-1\" \/>\n<link rel=\"canonical\" href=\"https:\/\/fatherheartfrance.com\/index.php\/2023\/09\/16\/je-suis-avec-toi-et-je-taiderai-car-je-suis-ton-dieu\/\" \/>\n<meta property=\"og:locale\" content=\"fr_FR\" \/>\n<meta property=\"og:type\" content=\"article\" \/>\n<meta property=\"og:title\" content=\"Je suis avec toi et je t&#039;aiderai, car je suis ton Dieu - Fatherheart - France\" \/>\n<meta property=\"og:description\" content=\"Esa\u00efe 41:10 (LSG) Ne crains rien, car je suis avec toi; Ne prom\u00e8ne pas des regards inquiets, car je suis ton Dieu; Je te fortifie, je viens \u00e0 ton secours, Je te soutiens de ma droite triomphante. J\u00e9sus nous a dit dans Luc 12:32 de ne pas craindre, car c&rsquo;est le bon plaisir de notre Lire plus ...\" \/>\n<meta property=\"og:url\" content=\"https:\/\/fatherheartfrance.com\/index.php\/2023\/09\/16\/je-suis-avec-toi-et-je-taiderai-car-je-suis-ton-dieu\/\" \/>\n<meta property=\"og:site_name\" content=\"Fatherheart - France\" \/>\n<meta property=\"article:publisher\" content=\"https:\/\/www.facebook.com\/ContactFHF\/\" \/>\n<meta property=\"article:published_time\" content=\"2023-09-16T05:08:22+00:00\" \/>\n<meta property=\"article:modified_time\" content=\"2023-09-16T05:08:24+00:00\" \/>\n<meta property=\"og:image\" content=\"https:\/\/fatherheartfrance.com\/wp-content\/uploads\/2023\/05\/beautiful-nature-7133867_1280.jpg\" \/>\n\t<meta property=\"og:image:width\" content=\"1280\" \/>\n\t<meta property=\"og:image:height\" content=\"853\" \/>\n\t<meta property=\"og:image:type\" content=\"image\/jpeg\" \/>\n<meta name=\"author\" content=\"Fr\u00e9d\u00e9ric C\" \/>\n<meta name=\"twitter:card\" content=\"summary_large_image\" \/>\n<meta name=\"twitter:label1\" content=\"\u00c9crit par\" \/>\n\t<meta name=\"twitter:data1\" content=\"Fr\u00e9d\u00e9ric C\" \/>\n\t<meta name=\"twitter:label2\" content=\"Dur\u00e9e de lecture estim\u00e9e\" \/>\n\t<meta name=\"twitter:data2\" content=\"2 minutes\" \/>\n<script type=\"application\/ld+json\" class=\"yoast-schema-graph\">{\"@context\":\"https:\\\/\\\/schema.org\",\"@graph\":[{\"@type\":\"Article\",\"@id\":\"https:\\\/\\\/fatherheartfrance.com\\\/index.php\\\/2023\\\/09\\\/16\\\/je-suis-avec-toi-et-je-taiderai-car-je-suis-ton-dieu\\\/#article\",\"isPartOf\":{\"@id\":\"https:\\\/\\\/fatherheartfrance.com\\\/index.php\\\/2023\\\/09\\\/16\\\/je-suis-avec-toi-et-je-taiderai-car-je-suis-ton-dieu\\\/\"},\"author\":{\"name\":\"Fr\u00e9d\u00e9ric C\",\"@id\":\"https:\\\/\\\/fatherheartfrance.com\\\/#\\\/schema\\\/person\\\/a980675cd50a6bb00fc1a61b57ba7420\"},\"headline\":\"Je suis avec toi et je t&rsquo;aiderai, car je suis ton Dieu\",\"datePublished\":\"2023-09-16T05:08:22+00:00\",\"dateModified\":\"2023-09-16T05:08:24+00:00\",\"mainEntityOfPage\":{\"@id\":\"https:\\\/\\\/fatherheartfrance.com\\\/index.php\\\/2023\\\/09\\\/16\\\/je-suis-avec-toi-et-je-taiderai-car-je-suis-ton-dieu\\\/\"},\"wordCount\":222,\"commentCount\":0,\"publisher\":{\"@id\":\"https:\\\/\\\/fatherheartfrance.com\\\/#organization\"},\"image\":{\"@id\":\"https:\\\/\\\/fatherheartfrance.com\\\/index.php\\\/2023\\\/09\\\/16\\\/je-suis-avec-toi-et-je-taiderai-car-je-suis-ton-dieu\\\/#primaryimage\"},\"thumbnailUrl\":\"https:\\\/\\\/fatherheartfrance.com\\\/wp-content\\\/uploads\\\/2023\\\/05\\\/beautiful-nature-7133867_1280.jpg\",\"inLanguage\":\"fr-FR\",\"potentialAction\":[{\"@type\":\"CommentAction\",\"name\":\"Comment\",\"target\":[\"https:\\\/\\\/fatherheartfrance.com\\\/index.php\\\/2023\\\/09\\\/16\\\/je-suis-avec-toi-et-je-taiderai-car-je-suis-ton-dieu\\\/#respond\"]}]},{\"@type\":\"WebPage\",\"@id\":\"https:\\\/\\\/fatherheartfrance.com\\\/index.php\\\/2023\\\/09\\\/16\\\/je-suis-avec-toi-et-je-taiderai-car-je-suis-ton-dieu\\\/\",\"url\":\"https:\\\/\\\/fatherheartfrance.com\\\/index.php\\\/2023\\\/09\\\/16\\\/je-suis-avec-toi-et-je-taiderai-car-je-suis-ton-dieu\\\/\",\"name\":\"Je suis avec toi et je t'aiderai, car je suis ton Dieu - Fatherheart - France\",\"isPartOf\":{\"@id\":\"https:\\\/\\\/fatherheartfrance.com\\\/#website\"},\"primaryImageOfPage\":{\"@id\":\"https:\\\/\\\/fatherheartfrance.com\\\/index.php\\\/2023\\\/09\\\/16\\\/je-suis-avec-toi-et-je-taiderai-car-je-suis-ton-dieu\\\/#primaryimage\"},\"image\":{\"@id\":\"https:\\\/\\\/fatherheartfrance.com\\\/index.php\\\/2023\\\/09\\\/16\\\/je-suis-avec-toi-et-je-taiderai-car-je-suis-ton-dieu\\\/#primaryimage\"},\"thumbnailUrl\":\"https:\\\/\\\/fatherheartfrance.com\\\/wp-content\\\/uploads\\\/2023\\\/05\\\/beautiful-nature-7133867_1280.jpg\",\"datePublished\":\"2023-09-16T05:08:22+00:00\",\"dateModified\":\"2023-09-16T05:08:24+00:00\",\"breadcrumb\":{\"@id\":\"https:\\\/\\\/fatherheartfrance.com\\\/index.php\\\/2023\\\/09\\\/16\\\/je-suis-avec-toi-et-je-taiderai-car-je-suis-ton-dieu\\\/#breadcrumb\"},\"inLanguage\":\"fr-FR\",\"potentialAction\":[{\"@type\":\"ReadAction\",\"target\":[\"https:\\\/\\\/fatherheartfrance.com\\\/index.php\\\/2023\\\/09\\\/16\\\/je-suis-avec-toi-et-je-taiderai-car-je-suis-ton-dieu\\\/\"]}]},{\"@type\":\"ImageObject\",\"inLanguage\":\"fr-FR\",\"@id\":\"https:\\\/\\\/fatherheartfrance.com\\\/index.php\\\/2023\\\/09\\\/16\\\/je-suis-avec-toi-et-je-taiderai-car-je-suis-ton-dieu\\\/#primaryimage\",\"url\":\"https:\\\/\\\/fatherheartfrance.com\\\/wp-content\\\/uploads\\\/2023\\\/05\\\/beautiful-nature-7133867_1280.jpg\",\"contentUrl\":\"https:\\\/\\\/fatherheartfrance.com\\\/wp-content\\\/uploads\\\/2023\\\/05\\\/beautiful-nature-7133867_1280.jpg\",\"width\":1280,\"height\":853,\"caption\":\"beautiful-nature-Fatherheart-France\"},{\"@type\":\"BreadcrumbList\",\"@id\":\"https:\\\/\\\/fatherheartfrance.com\\\/index.php\\\/2023\\\/09\\\/16\\\/je-suis-avec-toi-et-je-taiderai-car-je-suis-ton-dieu\\\/#breadcrumb\",\"itemListElement\":[{\"@type\":\"ListItem\",\"position\":1,\"name\":\"Accueil\",\"item\":\"https:\\\/\\\/fatherheartfrance.com\\\/\"},{\"@type\":\"ListItem\",\"position\":2,\"name\":\"Je suis avec toi et je t&rsquo;aiderai, car je suis ton Dieu\"}]},{\"@type\":\"WebSite\",\"@id\":\"https:\\\/\\\/fatherheartfrance.com\\\/#website\",\"url\":\"https:\\\/\\\/fatherheartfrance.com\\\/\",\"name\":\"Fatherheart - France\",\"description\":\"Amour du P\u00e8re\",\"publisher\":{\"@id\":\"https:\\\/\\\/fatherheartfrance.com\\\/#organization\"},\"potentialAction\":[{\"@type\":\"SearchAction\",\"target\":{\"@type\":\"EntryPoint\",\"urlTemplate\":\"https:\\\/\\\/fatherheartfrance.com\\\/?s={search_term_string}\"},\"query-input\":{\"@type\":\"PropertyValueSpecification\",\"valueRequired\":true,\"valueName\":\"search_term_string\"}}],\"inLanguage\":\"fr-FR\"},{\"@type\":\"Organization\",\"@id\":\"https:\\\/\\\/fatherheartfrance.com\\\/#organization\",\"name\":\"fatherheartfrance\",\"url\":\"https:\\\/\\\/fatherheartfrance.com\\\/\",\"logo\":{\"@type\":\"ImageObject\",\"inLanguage\":\"fr-FR\",\"@id\":\"https:\\\/\\\/fatherheartfrance.com\\\/#\\\/schema\\\/logo\\\/image\\\/\",\"url\":\"https:\\\/\\\/fatherheartfrance.com\\\/wp-content\\\/uploads\\\/2017\\\/02\\\/logo-3-e1488034589841.png\",\"contentUrl\":\"https:\\\/\\\/fatherheartfrance.com\\\/wp-content\\\/uploads\\\/2017\\\/02\\\/logo-3-e1488034589841.png\",\"width\":300,\"height\":82,\"caption\":\"fatherheartfrance\"},\"image\":{\"@id\":\"https:\\\/\\\/fatherheartfrance.com\\\/#\\\/schema\\\/logo\\\/image\\\/\"},\"sameAs\":[\"https:\\\/\\\/www.facebook.com\\\/ContactFHF\\\/\"]},{\"@type\":\"Person\",\"@id\":\"https:\\\/\\\/fatherheartfrance.com\\\/#\\\/schema\\\/person\\\/a980675cd50a6bb00fc1a61b57ba7420\",\"name\":\"Fr\u00e9d\u00e9ric C\",\"image\":{\"@type\":\"ImageObject\",\"inLanguage\":\"fr-FR\",\"@id\":\"https:\\\/\\\/secure.gravatar.com\\\/avatar\\\/f847814b88f468c211776e97f3b93c066195167c83d3e8cb7e6ca0612f3757a8?s=96&d=mm&r=g\",\"url\":\"https:\\\/\\\/secure.gravatar.com\\\/avatar\\\/f847814b88f468c211776e97f3b93c066195167c83d3e8cb7e6ca0612f3757a8?s=96&d=mm&r=g\",\"contentUrl\":\"https:\\\/\\\/secure.gravatar.com\\\/avatar\\\/f847814b88f468c211776e97f3b93c066195167c83d3e8cb7e6ca0612f3757a8?s=96&d=mm&r=g\",\"caption\":\"Fr\u00e9d\u00e9ric C\"},\"url\":\"https:\\\/\\\/fatherheartfrance.com\\\/index.php\\\/author\\\/frederic\\\/\"}]}<\/script>\n<!-- \/ Yoast SEO plugin. -->","yoast_head_json":{"title":"Je suis avec toi et je t'aiderai, car je suis ton Dieu - Fatherheart - France","robots":{"index":"index","follow":"follow","max-snippet":"max-snippet:-1","max-image-preview":"max-image-preview:large","max-video-preview":"max-video-preview:-1"},"canonical":"https:\/\/fatherheartfrance.com\/index.php\/2023\/09\/16\/je-suis-avec-toi-et-je-taiderai-car-je-suis-ton-dieu\/","og_locale":"fr_FR","og_type":"article","og_title":"Je suis avec toi et je t'aiderai, car je suis ton Dieu - Fatherheart - France","og_description":"Esa\u00efe 41:10 (LSG) Ne crains rien, car je suis avec toi; Ne prom\u00e8ne pas des regards inquiets, car je suis ton Dieu; Je te fortifie, je viens \u00e0 ton secours, Je te soutiens de ma droite triomphante. J\u00e9sus nous a dit dans Luc 12:32 de ne pas craindre, car c&rsquo;est le bon plaisir de notre Lire plus ...","og_url":"https:\/\/fatherheartfrance.com\/index.php\/2023\/09\/16\/je-suis-avec-toi-et-je-taiderai-car-je-suis-ton-dieu\/","og_site_name":"Fatherheart - France","article_publisher":"https:\/\/www.facebook.com\/ContactFHF\/","article_published_time":"2023-09-16T05:08:22+00:00","article_modified_time":"2023-09-16T05:08:24+00:00","og_image":[{"width":1280,"height":853,"url":"https:\/\/fatherheartfrance.com\/wp-content\/uploads\/2023\/05\/beautiful-nature-7133867_1280.jpg","type":"image\/jpeg"}],"author":"Fr\u00e9d\u00e9ric C","twitter_card":"summary_large_image","twitter_misc":{"\u00c9crit par":"Fr\u00e9d\u00e9ric C","Dur\u00e9e de lecture estim\u00e9e":"2 minutes"},"schema":{"@context":"https:\/\/schema.org","@graph":[{"@type":"Article","@id":"https:\/\/fatherheartfrance.com\/index.php\/2023\/09\/16\/je-suis-avec-toi-et-je-taiderai-car-je-suis-ton-dieu\/#article","isPartOf":{"@id":"https:\/\/fatherheartfrance.com\/index.php\/2023\/09\/16\/je-suis-avec-toi-et-je-taiderai-car-je-suis-ton-dieu\/"},"author":{"name":"Fr\u00e9d\u00e9ric C","@id":"https:\/\/fatherheartfrance.com\/#\/schema\/person\/a980675cd50a6bb00fc1a61b57ba7420"},"headline":"Je suis avec toi et je t&rsquo;aiderai, car je suis ton Dieu","datePublished":"2023-09-16T05:08:22+00:00","dateModified":"2023-09-16T05:08:24+00:00","mainEntityOfPage":{"@id":"https:\/\/fatherheartfrance.com\/index.php\/2023\/09\/16\/je-suis-avec-toi-et-je-taiderai-car-je-suis-ton-dieu\/"},"wordCount":222,"commentCount":0,"publisher":{"@id":"https:\/\/fatherheartfrance.com\/#organization"},"image":{"@id":"https:\/\/fatherheartfrance.com\/index.php\/2023\/09\/16\/je-suis-avec-toi-et-je-taiderai-car-je-suis-ton-dieu\/#primaryimage"},"thumbnailUrl":"https:\/\/fatherheartfrance.com\/wp-content\/uploads\/2023\/05\/beautiful-nature-7133867_1280.jpg","inLanguage":"fr-FR","potentialAction":[{"@type":"CommentAction","name":"Comment","target":["https:\/\/fatherheartfrance.com\/index.php\/2023\/09\/16\/je-suis-avec-toi-et-je-taiderai-car-je-suis-ton-dieu\/#respond"]}]},{"@type":"WebPage","@id":"https:\/\/fatherheartfrance.com\/index.php\/2023\/09\/16\/je-suis-avec-toi-et-je-taiderai-car-je-suis-ton-dieu\/","url":"https:\/\/fatherheartfrance.com\/index.php\/2023\/09\/16\/je-suis-avec-toi-et-je-taiderai-car-je-suis-ton-dieu\/","name":"Je suis avec toi et je t'aiderai, car je suis ton Dieu - Fatherheart - France","isPartOf":{"@id":"https:\/\/fatherheartfrance.com\/#website"},"primaryImageOfPage":{"@id":"https:\/\/fatherheartfrance.com\/index.php\/2023\/09\/16\/je-suis-avec-toi-et-je-taiderai-car-je-suis-ton-dieu\/#primaryimage"},"image":{"@id":"https:\/\/fatherheartfrance.com\/index.php\/2023\/09\/16\/je-suis-avec-toi-et-je-taiderai-car-je-suis-ton-dieu\/#primaryimage"},"thumbnailUrl":"https:\/\/fatherheartfrance.com\/wp-content\/uploads\/2023\/05\/beautiful-nature-7133867_1280.jpg","datePublished":"2023-09-16T05:08:22+00:00","dateModified":"2023-09-16T05:08:24+00:00","breadcrumb":{"@id":"https:\/\/fatherheartfrance.com\/index.php\/2023\/09\/16\/je-suis-avec-toi-et-je-taiderai-car-je-suis-ton-dieu\/#breadcrumb"},"inLanguage":"fr-FR","potentialAction":[{"@type":"ReadAction","target":["https:\/\/fatherheartfrance.com\/index.php\/2023\/09\/16\/je-suis-avec-toi-et-je-taiderai-car-je-suis-ton-dieu\/"]}]},{"@type":"ImageObject","inLanguage":"fr-FR","@id":"https:\/\/fatherheartfrance.com\/index.php\/2023\/09\/16\/je-suis-avec-toi-et-je-taiderai-car-je-suis-ton-dieu\/#primaryimage","url":"https:\/\/fatherheartfrance.com\/wp-content\/uploads\/2023\/05\/beautiful-nature-7133867_1280.jpg","contentUrl":"https:\/\/fatherheartfrance.com\/wp-content\/uploads\/2023\/05\/beautiful-nature-7133867_1280.jpg","width":1280,"height":853,"caption":"beautiful-nature-Fatherheart-France"},{"@type":"BreadcrumbList","@id":"https:\/\/fatherheartfrance.com\/index.php\/2023\/09\/16\/je-suis-avec-toi-et-je-taiderai-car-je-suis-ton-dieu\/#breadcrumb","itemListElement":[{"@type":"ListItem","position":1,"name":"Accueil","item":"https:\/\/fatherheartfrance.com\/"},{"@type":"ListItem","position":2,"name":"Je suis avec toi et je t&rsquo;aiderai, car je suis ton Dieu"}]},{"@type":"WebSite","@id":"https:\/\/fatherheartfrance.com\/#website","url":"https:\/\/fatherheartfrance.com\/","name":"Fatherheart - France","description":"Amour du P\u00e8re","publisher":{"@id":"https:\/\/fatherheartfrance.com\/#organization"},"potentialAction":[{"@type":"SearchAction","target":{"@type":"EntryPoint","urlTemplate":"https:\/\/fatherheartfrance.com\/?s={search_term_string}"},"query-input":{"@type":"PropertyValueSpecification","valueRequired":true,"valueName":"search_term_string"}}],"inLanguage":"fr-FR"},{"@type":"Organization","@id":"https:\/\/fatherheartfrance.com\/#organization","name":"fatherheartfrance","url":"https:\/\/fatherheartfrance.com\/","logo":{"@type":"ImageObject","inLanguage":"fr-FR","@id":"https:\/\/fatherheartfrance.com\/#\/schema\/logo\/image\/","url":"https:\/\/fatherheartfrance.com\/wp-content\/uploads\/2017\/02\/logo-3-e1488034589841.png","contentUrl":"https:\/\/fatherheartfrance.com\/wp-content\/uploads\/2017\/02\/logo-3-e1488034589841.png","width":300,"height":82,"caption":"fatherheartfrance"},"image":{"@id":"https:\/\/fatherheartfrance.com\/#\/schema\/logo\/image\/"},"sameAs":["https:\/\/www.facebook.com\/ContactFHF\/"]},{"@type":"Person","@id":"https:\/\/fatherheartfrance.com\/#\/schema\/person\/a980675cd50a6bb00fc1a61b57ba7420","name":"Fr\u00e9d\u00e9ric C","image":{"@type":"ImageObject","inLanguage":"fr-FR","@id":"https:\/\/secure.gravatar.com\/avatar\/f847814b88f468c211776e97f3b93c066195167c83d3e8cb7e6ca0612f3757a8?s=96&d=mm&r=g","url":"https:\/\/secure.gravatar.com\/avatar\/f847814b88f468c211776e97f3b93c066195167c83d3e8cb7e6ca0612f3757a8?s=96&d=mm&r=g","contentUrl":"https:\/\/secure.gravatar.com\/avatar\/f847814b88f468c211776e97f3b93c066195167c83d3e8cb7e6ca0612f3757a8?s=96&d=mm&r=g","caption":"Fr\u00e9d\u00e9ric C"},"url":"https:\/\/fatherheartfrance.com\/index.php\/author\/frederic\/"}]}},"_links":{"self":[{"href":"https:\/\/fatherheartfrance.com\/index.php\/wp-json\/wp\/v2\/posts\/2016","targetHints":{"allow":["GET"]}}],"collection":[{"href":"https:\/\/fatherheartfrance.com\/index.php\/wp-json\/wp\/v2\/posts"}],"about":[{"href":"https:\/\/fatherheartfrance.com\/index.php\/wp-json\/wp\/v2\/types\/post"}],"author":[{"embeddable":true,"href":"https:\/\/fatherheartfrance.com\/index.php\/wp-json\/wp\/v2\/users\/3"}],"replies":[{"embeddable":true,"href":"https:\/\/fatherheartfrance.com\/index.php\/wp-json\/wp\/v2\/comments?post=2016"}],"version-history":[{"count":1,"href":"https:\/\/fatherheartfrance.com\/index.php\/wp-json\/wp\/v2\/posts\/2016\/revisions"}],"predecessor-version":[{"id":2017,"href":"https:\/\/fatherheartfrance.com\/index.php\/wp-json\/wp\/v2\/posts\/2016\/revisions\/2017"}],"wp:featuredmedia":[{"embeddable":true,"href":"https:\/\/fatherheartfrance.com\/index.php\/wp-json\/wp\/v2\/media\/1969"}],"wp:attachment":[{"href":"https:\/\/fatherheartfrance.com\/index.php\/wp-json\/wp\/v2\/media?parent=2016"}],"wp:term":[{"taxonomy":"category","embeddable":true,"href":"https:\/\/fatherheartfrance.com\/index.php\/wp-json\/wp\/v2\/categories?post=2016"},{"taxonomy":"post_tag","embeddable":true,"href":"https:\/\/fatherheartfrance.com\/index.php\/wp-json\/wp\/v2\/tags?post=2016"}],"curies":[{"name":"wp","href":"https:\/\/api.w.org\/{rel}","templated":true}]}}