{"id":2009,"date":"2023-07-22T09:57:29","date_gmt":"2023-07-22T07:57:29","guid":{"rendered":"https:\/\/fatherheartfrance.com\/?p=2009"},"modified":"2023-07-22T09:58:32","modified_gmt":"2023-07-22T07:58:32","slug":"dechargez-vous-sur-moi-tous-vos-soucis-car-je-me-soucie-vraiment-de-vous","status":"publish","type":"post","link":"https:\/\/fatherheartfrance.com\/index.php\/2023\/07\/22\/dechargez-vous-sur-moi-tous-vos-soucis-car-je-me-soucie-vraiment-de-vous\/","title":{"rendered":"D\u00e9chargez-vous sur moi tous vos soucis, car je me soucie vraiment de vous"},"content":{"rendered":"\n<p class=\"wp-block-paragraph\"><\/p>\n\n\n\n<p class=\"wp-block-paragraph\"><em>1 Pierre 5:7 (LSG) d\u00e9chargez-vous sur lui de tous vos soucis, car lui-m\u00eame prend soin de vous.<\/em><\/p>\n\n\n\n<p class=\"wp-block-paragraph\">Nous n&rsquo;avons probablement pas rencontr\u00e9 une seule personne sur cette terre qui n&rsquo;ait pas eu, \u00e0 un moment ou \u00e0 un autre, une pens\u00e9e anxieuse. La plupart d&rsquo;entre nous ont beaucoup de pens\u00e9es angoissantes \u00e0 g\u00e9rer. Pourquoi nous inqui\u00e9tons-nous ? Probablement parce que nous pensons qu&rsquo;en \u00e9tant obs\u00e9d\u00e9s par un probl\u00e8me, nous pourrons en am\u00e9liorer l&rsquo;issue d&rsquo;une mani\u00e8re ou d&rsquo;une autre.<\/p>\n\n\n\n<p class=\"wp-block-paragraph\">J\u00e9sus nous dit dans Matthieu 6:25-34 que si notre P\u00e8re c\u00e9leste s&rsquo;occupe des oiseaux et de l&rsquo;herbe des champs, il s&rsquo;occupera de nous\u2026 alors respirez profond\u00e9ment et d\u00e9tendez-vous. Dieu s&rsquo;occupe de vous.<\/p>\n\n\n\n<p class=\"wp-block-paragraph\">Dans cette promesse, l&rsquo;ap\u00f4tre Pierre nous encourage \u00e0 nous d\u00e9charger sur Dieu de tout ce qui nous pr\u00e9occupe, car il s&rsquo;occupe vraiment de nous. Le mot grec pour \u00ab\u00a0d\u00e9chargez-vous\u00a0\u00bb signifie litt\u00e9ralement \u00ab\u00a0jeter sur\u00a0\u00bb. Dieu veut que vous jetiez sur lui chacun de vos soucis afin que vous n&rsquo;ayez plus \u00e0 les porter.<\/p>\n\n\n\n<p class=\"wp-block-paragraph\">L&rsquo;image qui vient \u00e0 l&rsquo;esprit est celle d&rsquo;un sac \u00e0 dos rempli de pierres que nous portons. Chaque fois que nous enlevons une pierre de notre sac \u00e0 dos et que nous la jetons, notre charge devient plus l\u00e9g\u00e8re. Papa Dieu veut que nous fassions la m\u00eame chose avec tous les soucis que nous avons. Lorsque nous lui confions nos pr\u00e9occupations, nous remettons la responsabilit\u00e9 et le souci de chaque probl\u00e8me entre ses mains aimantes.<\/p>\n\n\n\n<p class=\"wp-block-paragraph\">Comme il est beaucoup plus grand et plus fort que nous, il peut porter nos fardeaux bien mieux que nous. Jetez donc sur Dieu tous les soucis que vous avez dans votre sac \u00e0 dos, d\u00e9chargez-vous en ; car il vous aime et veut porter chacun de vos fardeaux.<\/p>\n\n\n\n<p class=\"has-text-align-right has-extra-small-font-size wp-block-paragraph\">22<\/p>\n","protected":false},"excerpt":{"rendered":"<p>1 Pierre 5:7 (LSG) d\u00e9chargez-vous sur lui de tous vos soucis, car lui-m\u00eame prend soin de vous. Nous n&rsquo;avons probablement pas rencontr\u00e9 une seule personne sur cette terre qui n&rsquo;ait pas eu, \u00e0 un moment ou \u00e0 un autre, une pens\u00e9e anxieuse. La plupart d&rsquo;entre nous ont beaucoup de pens\u00e9es angoissantes \u00e0 g\u00e9rer. Pourquoi nous <a class=\"more-link\" href=\"https:\/\/fatherheartfrance.com\/index.php\/2023\/07\/22\/dechargez-vous-sur-moi-tous-vos-soucis-car-je-me-soucie-vraiment-de-vous\/\">Lire plus &#8230;<\/a><\/p>\n","protected":false},"author":3,"featured_media":1967,"comment_status":"open","ping_status":"open","sticky":false,"template":"","format":"standard","meta":{"_crdt_document":"","_exactmetrics_skip_tracking":false,"_exactmetrics_sitenote_active":false,"_exactmetrics_sitenote_note":"","_exactmetrics_sitenote_category":0,"footnotes":""},"categories":[1],"tags":[],"class_list":["post-2009","post","type-post","status-publish","format-standard","has-post-thumbnail","hentry","category-non-classe"],"yoast_head":"<!-- This site is optimized with the Yoast SEO plugin v27.5 - https:\/\/yoast.com\/product\/yoast-seo-wordpress\/ -->\n<title>D\u00e9chargez-vous sur moi tous vos soucis, car je me soucie vraiment de vous - Fatherheart - France<\/title>\n<meta name=\"robots\" content=\"index, follow, max-snippet:-1, max-image-preview:large, max-video-preview:-1\" \/>\n<link rel=\"canonical\" href=\"https:\/\/fatherheartfrance.com\/index.php\/2023\/07\/22\/dechargez-vous-sur-moi-tous-vos-soucis-car-je-me-soucie-vraiment-de-vous\/\" \/>\n<meta property=\"og:locale\" content=\"fr_FR\" \/>\n<meta property=\"og:type\" content=\"article\" \/>\n<meta property=\"og:title\" content=\"D\u00e9chargez-vous sur moi tous vos soucis, car je me soucie vraiment de vous - Fatherheart - France\" \/>\n<meta property=\"og:description\" content=\"1 Pierre 5:7 (LSG) d\u00e9chargez-vous sur lui de tous vos soucis, car lui-m\u00eame prend soin de vous. Nous n&rsquo;avons probablement pas rencontr\u00e9 une seule personne sur cette terre qui n&rsquo;ait pas eu, \u00e0 un moment ou \u00e0 un autre, une pens\u00e9e anxieuse. La plupart d&rsquo;entre nous ont beaucoup de pens\u00e9es angoissantes \u00e0 g\u00e9rer. Pourquoi nous Lire plus ...\" \/>\n<meta property=\"og:url\" content=\"https:\/\/fatherheartfrance.com\/index.php\/2023\/07\/22\/dechargez-vous-sur-moi-tous-vos-soucis-car-je-me-soucie-vraiment-de-vous\/\" \/>\n<meta property=\"og:site_name\" content=\"Fatherheart - France\" \/>\n<meta property=\"article:publisher\" content=\"https:\/\/www.facebook.com\/ContactFHF\/\" \/>\n<meta property=\"article:published_time\" content=\"2023-07-22T07:57:29+00:00\" \/>\n<meta property=\"article:modified_time\" content=\"2023-07-22T07:58:32+00:00\" \/>\n<meta property=\"og:image\" content=\"https:\/\/fatherheartfrance.com\/wp-content\/uploads\/2023\/05\/beautiful-nature-3516524_1280.jpg\" \/>\n\t<meta property=\"og:image:width\" content=\"1280\" \/>\n\t<meta property=\"og:image:height\" content=\"855\" \/>\n\t<meta property=\"og:image:type\" content=\"image\/jpeg\" \/>\n<meta name=\"author\" content=\"Fr\u00e9d\u00e9ric C\" \/>\n<meta name=\"twitter:card\" content=\"summary_large_image\" \/>\n<meta name=\"twitter:label1\" content=\"\u00c9crit par\" \/>\n\t<meta name=\"twitter:data1\" content=\"Fr\u00e9d\u00e9ric C\" \/>\n\t<meta name=\"twitter:label2\" content=\"Dur\u00e9e de lecture estim\u00e9e\" \/>\n\t<meta name=\"twitter:data2\" content=\"2 minutes\" \/>\n<script type=\"application\/ld+json\" class=\"yoast-schema-graph\">{\"@context\":\"https:\\\/\\\/schema.org\",\"@graph\":[{\"@type\":\"Article\",\"@id\":\"https:\\\/\\\/fatherheartfrance.com\\\/index.php\\\/2023\\\/07\\\/22\\\/dechargez-vous-sur-moi-tous-vos-soucis-car-je-me-soucie-vraiment-de-vous\\\/#article\",\"isPartOf\":{\"@id\":\"https:\\\/\\\/fatherheartfrance.com\\\/index.php\\\/2023\\\/07\\\/22\\\/dechargez-vous-sur-moi-tous-vos-soucis-car-je-me-soucie-vraiment-de-vous\\\/\"},\"author\":{\"name\":\"Fr\u00e9d\u00e9ric C\",\"@id\":\"https:\\\/\\\/fatherheartfrance.com\\\/#\\\/schema\\\/person\\\/a980675cd50a6bb00fc1a61b57ba7420\"},\"headline\":\"D\u00e9chargez-vous sur moi tous vos soucis, car je me soucie vraiment de vous\",\"datePublished\":\"2023-07-22T07:57:29+00:00\",\"dateModified\":\"2023-07-22T07:58:32+00:00\",\"mainEntityOfPage\":{\"@id\":\"https:\\\/\\\/fatherheartfrance.com\\\/index.php\\\/2023\\\/07\\\/22\\\/dechargez-vous-sur-moi-tous-vos-soucis-car-je-me-soucie-vraiment-de-vous\\\/\"},\"wordCount\":331,\"commentCount\":0,\"publisher\":{\"@id\":\"https:\\\/\\\/fatherheartfrance.com\\\/#organization\"},\"image\":{\"@id\":\"https:\\\/\\\/fatherheartfrance.com\\\/index.php\\\/2023\\\/07\\\/22\\\/dechargez-vous-sur-moi-tous-vos-soucis-car-je-me-soucie-vraiment-de-vous\\\/#primaryimage\"},\"thumbnailUrl\":\"https:\\\/\\\/fatherheartfrance.com\\\/wp-content\\\/uploads\\\/2023\\\/05\\\/beautiful-nature-3516524_1280.jpg\",\"inLanguage\":\"fr-FR\",\"potentialAction\":[{\"@type\":\"CommentAction\",\"name\":\"Comment\",\"target\":[\"https:\\\/\\\/fatherheartfrance.com\\\/index.php\\\/2023\\\/07\\\/22\\\/dechargez-vous-sur-moi-tous-vos-soucis-car-je-me-soucie-vraiment-de-vous\\\/#respond\"]}]},{\"@type\":\"WebPage\",\"@id\":\"https:\\\/\\\/fatherheartfrance.com\\\/index.php\\\/2023\\\/07\\\/22\\\/dechargez-vous-sur-moi-tous-vos-soucis-car-je-me-soucie-vraiment-de-vous\\\/\",\"url\":\"https:\\\/\\\/fatherheartfrance.com\\\/index.php\\\/2023\\\/07\\\/22\\\/dechargez-vous-sur-moi-tous-vos-soucis-car-je-me-soucie-vraiment-de-vous\\\/\",\"name\":\"D\u00e9chargez-vous sur moi tous vos soucis, car je me soucie vraiment de vous - Fatherheart - France\",\"isPartOf\":{\"@id\":\"https:\\\/\\\/fatherheartfrance.com\\\/#website\"},\"primaryImageOfPage\":{\"@id\":\"https:\\\/\\\/fatherheartfrance.com\\\/index.php\\\/2023\\\/07\\\/22\\\/dechargez-vous-sur-moi-tous-vos-soucis-car-je-me-soucie-vraiment-de-vous\\\/#primaryimage\"},\"image\":{\"@id\":\"https:\\\/\\\/fatherheartfrance.com\\\/index.php\\\/2023\\\/07\\\/22\\\/dechargez-vous-sur-moi-tous-vos-soucis-car-je-me-soucie-vraiment-de-vous\\\/#primaryimage\"},\"thumbnailUrl\":\"https:\\\/\\\/fatherheartfrance.com\\\/wp-content\\\/uploads\\\/2023\\\/05\\\/beautiful-nature-3516524_1280.jpg\",\"datePublished\":\"2023-07-22T07:57:29+00:00\",\"dateModified\":\"2023-07-22T07:58:32+00:00\",\"breadcrumb\":{\"@id\":\"https:\\\/\\\/fatherheartfrance.com\\\/index.php\\\/2023\\\/07\\\/22\\\/dechargez-vous-sur-moi-tous-vos-soucis-car-je-me-soucie-vraiment-de-vous\\\/#breadcrumb\"},\"inLanguage\":\"fr-FR\",\"potentialAction\":[{\"@type\":\"ReadAction\",\"target\":[\"https:\\\/\\\/fatherheartfrance.com\\\/index.php\\\/2023\\\/07\\\/22\\\/dechargez-vous-sur-moi-tous-vos-soucis-car-je-me-soucie-vraiment-de-vous\\\/\"]}]},{\"@type\":\"ImageObject\",\"inLanguage\":\"fr-FR\",\"@id\":\"https:\\\/\\\/fatherheartfrance.com\\\/index.php\\\/2023\\\/07\\\/22\\\/dechargez-vous-sur-moi-tous-vos-soucis-car-je-me-soucie-vraiment-de-vous\\\/#primaryimage\",\"url\":\"https:\\\/\\\/fatherheartfrance.com\\\/wp-content\\\/uploads\\\/2023\\\/05\\\/beautiful-nature-3516524_1280.jpg\",\"contentUrl\":\"https:\\\/\\\/fatherheartfrance.com\\\/wp-content\\\/uploads\\\/2023\\\/05\\\/beautiful-nature-3516524_1280.jpg\",\"width\":1280,\"height\":855,\"caption\":\"beautiful-nature-Fatherhert-France\"},{\"@type\":\"BreadcrumbList\",\"@id\":\"https:\\\/\\\/fatherheartfrance.com\\\/index.php\\\/2023\\\/07\\\/22\\\/dechargez-vous-sur-moi-tous-vos-soucis-car-je-me-soucie-vraiment-de-vous\\\/#breadcrumb\",\"itemListElement\":[{\"@type\":\"ListItem\",\"position\":1,\"name\":\"Accueil\",\"item\":\"https:\\\/\\\/fatherheartfrance.com\\\/\"},{\"@type\":\"ListItem\",\"position\":2,\"name\":\"D\u00e9chargez-vous sur moi tous vos soucis, car je me soucie vraiment de vous\"}]},{\"@type\":\"WebSite\",\"@id\":\"https:\\\/\\\/fatherheartfrance.com\\\/#website\",\"url\":\"https:\\\/\\\/fatherheartfrance.com\\\/\",\"name\":\"Fatherheart - France\",\"description\":\"Amour du P\u00e8re\",\"publisher\":{\"@id\":\"https:\\\/\\\/fatherheartfrance.com\\\/#organization\"},\"potentialAction\":[{\"@type\":\"SearchAction\",\"target\":{\"@type\":\"EntryPoint\",\"urlTemplate\":\"https:\\\/\\\/fatherheartfrance.com\\\/?s={search_term_string}\"},\"query-input\":{\"@type\":\"PropertyValueSpecification\",\"valueRequired\":true,\"valueName\":\"search_term_string\"}}],\"inLanguage\":\"fr-FR\"},{\"@type\":\"Organization\",\"@id\":\"https:\\\/\\\/fatherheartfrance.com\\\/#organization\",\"name\":\"fatherheartfrance\",\"url\":\"https:\\\/\\\/fatherheartfrance.com\\\/\",\"logo\":{\"@type\":\"ImageObject\",\"inLanguage\":\"fr-FR\",\"@id\":\"https:\\\/\\\/fatherheartfrance.com\\\/#\\\/schema\\\/logo\\\/image\\\/\",\"url\":\"https:\\\/\\\/fatherheartfrance.com\\\/wp-content\\\/uploads\\\/2017\\\/02\\\/logo-3-e1488034589841.png\",\"contentUrl\":\"https:\\\/\\\/fatherheartfrance.com\\\/wp-content\\\/uploads\\\/2017\\\/02\\\/logo-3-e1488034589841.png\",\"width\":300,\"height\":82,\"caption\":\"fatherheartfrance\"},\"image\":{\"@id\":\"https:\\\/\\\/fatherheartfrance.com\\\/#\\\/schema\\\/logo\\\/image\\\/\"},\"sameAs\":[\"https:\\\/\\\/www.facebook.com\\\/ContactFHF\\\/\"]},{\"@type\":\"Person\",\"@id\":\"https:\\\/\\\/fatherheartfrance.com\\\/#\\\/schema\\\/person\\\/a980675cd50a6bb00fc1a61b57ba7420\",\"name\":\"Fr\u00e9d\u00e9ric C\",\"image\":{\"@type\":\"ImageObject\",\"inLanguage\":\"fr-FR\",\"@id\":\"https:\\\/\\\/secure.gravatar.com\\\/avatar\\\/f847814b88f468c211776e97f3b93c066195167c83d3e8cb7e6ca0612f3757a8?s=96&d=mm&r=g\",\"url\":\"https:\\\/\\\/secure.gravatar.com\\\/avatar\\\/f847814b88f468c211776e97f3b93c066195167c83d3e8cb7e6ca0612f3757a8?s=96&d=mm&r=g\",\"contentUrl\":\"https:\\\/\\\/secure.gravatar.com\\\/avatar\\\/f847814b88f468c211776e97f3b93c066195167c83d3e8cb7e6ca0612f3757a8?s=96&d=mm&r=g\",\"caption\":\"Fr\u00e9d\u00e9ric C\"},\"url\":\"https:\\\/\\\/fatherheartfrance.com\\\/index.php\\\/author\\\/frederic\\\/\"}]}<\/script>\n<!-- \/ Yoast SEO plugin. -->","yoast_head_json":{"title":"D\u00e9chargez-vous sur moi tous vos soucis, car je me soucie vraiment de vous - Fatherheart - France","robots":{"index":"index","follow":"follow","max-snippet":"max-snippet:-1","max-image-preview":"max-image-preview:large","max-video-preview":"max-video-preview:-1"},"canonical":"https:\/\/fatherheartfrance.com\/index.php\/2023\/07\/22\/dechargez-vous-sur-moi-tous-vos-soucis-car-je-me-soucie-vraiment-de-vous\/","og_locale":"fr_FR","og_type":"article","og_title":"D\u00e9chargez-vous sur moi tous vos soucis, car je me soucie vraiment de vous - Fatherheart - France","og_description":"1 Pierre 5:7 (LSG) d\u00e9chargez-vous sur lui de tous vos soucis, car lui-m\u00eame prend soin de vous. Nous n&rsquo;avons probablement pas rencontr\u00e9 une seule personne sur cette terre qui n&rsquo;ait pas eu, \u00e0 un moment ou \u00e0 un autre, une pens\u00e9e anxieuse. La plupart d&rsquo;entre nous ont beaucoup de pens\u00e9es angoissantes \u00e0 g\u00e9rer. Pourquoi nous Lire plus ...","og_url":"https:\/\/fatherheartfrance.com\/index.php\/2023\/07\/22\/dechargez-vous-sur-moi-tous-vos-soucis-car-je-me-soucie-vraiment-de-vous\/","og_site_name":"Fatherheart - France","article_publisher":"https:\/\/www.facebook.com\/ContactFHF\/","article_published_time":"2023-07-22T07:57:29+00:00","article_modified_time":"2023-07-22T07:58:32+00:00","og_image":[{"width":1280,"height":855,"url":"https:\/\/fatherheartfrance.com\/wp-content\/uploads\/2023\/05\/beautiful-nature-3516524_1280.jpg","type":"image\/jpeg"}],"author":"Fr\u00e9d\u00e9ric C","twitter_card":"summary_large_image","twitter_misc":{"\u00c9crit par":"Fr\u00e9d\u00e9ric C","Dur\u00e9e de lecture estim\u00e9e":"2 minutes"},"schema":{"@context":"https:\/\/schema.org","@graph":[{"@type":"Article","@id":"https:\/\/fatherheartfrance.com\/index.php\/2023\/07\/22\/dechargez-vous-sur-moi-tous-vos-soucis-car-je-me-soucie-vraiment-de-vous\/#article","isPartOf":{"@id":"https:\/\/fatherheartfrance.com\/index.php\/2023\/07\/22\/dechargez-vous-sur-moi-tous-vos-soucis-car-je-me-soucie-vraiment-de-vous\/"},"author":{"name":"Fr\u00e9d\u00e9ric C","@id":"https:\/\/fatherheartfrance.com\/#\/schema\/person\/a980675cd50a6bb00fc1a61b57ba7420"},"headline":"D\u00e9chargez-vous sur moi tous vos soucis, car je me soucie vraiment de vous","datePublished":"2023-07-22T07:57:29+00:00","dateModified":"2023-07-22T07:58:32+00:00","mainEntityOfPage":{"@id":"https:\/\/fatherheartfrance.com\/index.php\/2023\/07\/22\/dechargez-vous-sur-moi-tous-vos-soucis-car-je-me-soucie-vraiment-de-vous\/"},"wordCount":331,"commentCount":0,"publisher":{"@id":"https:\/\/fatherheartfrance.com\/#organization"},"image":{"@id":"https:\/\/fatherheartfrance.com\/index.php\/2023\/07\/22\/dechargez-vous-sur-moi-tous-vos-soucis-car-je-me-soucie-vraiment-de-vous\/#primaryimage"},"thumbnailUrl":"https:\/\/fatherheartfrance.com\/wp-content\/uploads\/2023\/05\/beautiful-nature-3516524_1280.jpg","inLanguage":"fr-FR","potentialAction":[{"@type":"CommentAction","name":"Comment","target":["https:\/\/fatherheartfrance.com\/index.php\/2023\/07\/22\/dechargez-vous-sur-moi-tous-vos-soucis-car-je-me-soucie-vraiment-de-vous\/#respond"]}]},{"@type":"WebPage","@id":"https:\/\/fatherheartfrance.com\/index.php\/2023\/07\/22\/dechargez-vous-sur-moi-tous-vos-soucis-car-je-me-soucie-vraiment-de-vous\/","url":"https:\/\/fatherheartfrance.com\/index.php\/2023\/07\/22\/dechargez-vous-sur-moi-tous-vos-soucis-car-je-me-soucie-vraiment-de-vous\/","name":"D\u00e9chargez-vous sur moi tous vos soucis, car je me soucie vraiment de vous - Fatherheart - France","isPartOf":{"@id":"https:\/\/fatherheartfrance.com\/#website"},"primaryImageOfPage":{"@id":"https:\/\/fatherheartfrance.com\/index.php\/2023\/07\/22\/dechargez-vous-sur-moi-tous-vos-soucis-car-je-me-soucie-vraiment-de-vous\/#primaryimage"},"image":{"@id":"https:\/\/fatherheartfrance.com\/index.php\/2023\/07\/22\/dechargez-vous-sur-moi-tous-vos-soucis-car-je-me-soucie-vraiment-de-vous\/#primaryimage"},"thumbnailUrl":"https:\/\/fatherheartfrance.com\/wp-content\/uploads\/2023\/05\/beautiful-nature-3516524_1280.jpg","datePublished":"2023-07-22T07:57:29+00:00","dateModified":"2023-07-22T07:58:32+00:00","breadcrumb":{"@id":"https:\/\/fatherheartfrance.com\/index.php\/2023\/07\/22\/dechargez-vous-sur-moi-tous-vos-soucis-car-je-me-soucie-vraiment-de-vous\/#breadcrumb"},"inLanguage":"fr-FR","potentialAction":[{"@type":"ReadAction","target":["https:\/\/fatherheartfrance.com\/index.php\/2023\/07\/22\/dechargez-vous-sur-moi-tous-vos-soucis-car-je-me-soucie-vraiment-de-vous\/"]}]},{"@type":"ImageObject","inLanguage":"fr-FR","@id":"https:\/\/fatherheartfrance.com\/index.php\/2023\/07\/22\/dechargez-vous-sur-moi-tous-vos-soucis-car-je-me-soucie-vraiment-de-vous\/#primaryimage","url":"https:\/\/fatherheartfrance.com\/wp-content\/uploads\/2023\/05\/beautiful-nature-3516524_1280.jpg","contentUrl":"https:\/\/fatherheartfrance.com\/wp-content\/uploads\/2023\/05\/beautiful-nature-3516524_1280.jpg","width":1280,"height":855,"caption":"beautiful-nature-Fatherhert-France"},{"@type":"BreadcrumbList","@id":"https:\/\/fatherheartfrance.com\/index.php\/2023\/07\/22\/dechargez-vous-sur-moi-tous-vos-soucis-car-je-me-soucie-vraiment-de-vous\/#breadcrumb","itemListElement":[{"@type":"ListItem","position":1,"name":"Accueil","item":"https:\/\/fatherheartfrance.com\/"},{"@type":"ListItem","position":2,"name":"D\u00e9chargez-vous sur moi tous vos soucis, car je me soucie vraiment de vous"}]},{"@type":"WebSite","@id":"https:\/\/fatherheartfrance.com\/#website","url":"https:\/\/fatherheartfrance.com\/","name":"Fatherheart - France","description":"Amour du P\u00e8re","publisher":{"@id":"https:\/\/fatherheartfrance.com\/#organization"},"potentialAction":[{"@type":"SearchAction","target":{"@type":"EntryPoint","urlTemplate":"https:\/\/fatherheartfrance.com\/?s={search_term_string}"},"query-input":{"@type":"PropertyValueSpecification","valueRequired":true,"valueName":"search_term_string"}}],"inLanguage":"fr-FR"},{"@type":"Organization","@id":"https:\/\/fatherheartfrance.com\/#organization","name":"fatherheartfrance","url":"https:\/\/fatherheartfrance.com\/","logo":{"@type":"ImageObject","inLanguage":"fr-FR","@id":"https:\/\/fatherheartfrance.com\/#\/schema\/logo\/image\/","url":"https:\/\/fatherheartfrance.com\/wp-content\/uploads\/2017\/02\/logo-3-e1488034589841.png","contentUrl":"https:\/\/fatherheartfrance.com\/wp-content\/uploads\/2017\/02\/logo-3-e1488034589841.png","width":300,"height":82,"caption":"fatherheartfrance"},"image":{"@id":"https:\/\/fatherheartfrance.com\/#\/schema\/logo\/image\/"},"sameAs":["https:\/\/www.facebook.com\/ContactFHF\/"]},{"@type":"Person","@id":"https:\/\/fatherheartfrance.com\/#\/schema\/person\/a980675cd50a6bb00fc1a61b57ba7420","name":"Fr\u00e9d\u00e9ric C","image":{"@type":"ImageObject","inLanguage":"fr-FR","@id":"https:\/\/secure.gravatar.com\/avatar\/f847814b88f468c211776e97f3b93c066195167c83d3e8cb7e6ca0612f3757a8?s=96&d=mm&r=g","url":"https:\/\/secure.gravatar.com\/avatar\/f847814b88f468c211776e97f3b93c066195167c83d3e8cb7e6ca0612f3757a8?s=96&d=mm&r=g","contentUrl":"https:\/\/secure.gravatar.com\/avatar\/f847814b88f468c211776e97f3b93c066195167c83d3e8cb7e6ca0612f3757a8?s=96&d=mm&r=g","caption":"Fr\u00e9d\u00e9ric C"},"url":"https:\/\/fatherheartfrance.com\/index.php\/author\/frederic\/"}]}},"_links":{"self":[{"href":"https:\/\/fatherheartfrance.com\/index.php\/wp-json\/wp\/v2\/posts\/2009","targetHints":{"allow":["GET"]}}],"collection":[{"href":"https:\/\/fatherheartfrance.com\/index.php\/wp-json\/wp\/v2\/posts"}],"about":[{"href":"https:\/\/fatherheartfrance.com\/index.php\/wp-json\/wp\/v2\/types\/post"}],"author":[{"embeddable":true,"href":"https:\/\/fatherheartfrance.com\/index.php\/wp-json\/wp\/v2\/users\/3"}],"replies":[{"embeddable":true,"href":"https:\/\/fatherheartfrance.com\/index.php\/wp-json\/wp\/v2\/comments?post=2009"}],"version-history":[{"count":2,"href":"https:\/\/fatherheartfrance.com\/index.php\/wp-json\/wp\/v2\/posts\/2009\/revisions"}],"predecessor-version":[{"id":2011,"href":"https:\/\/fatherheartfrance.com\/index.php\/wp-json\/wp\/v2\/posts\/2009\/revisions\/2011"}],"wp:featuredmedia":[{"embeddable":true,"href":"https:\/\/fatherheartfrance.com\/index.php\/wp-json\/wp\/v2\/media\/1967"}],"wp:attachment":[{"href":"https:\/\/fatherheartfrance.com\/index.php\/wp-json\/wp\/v2\/media?parent=2009"}],"wp:term":[{"taxonomy":"category","embeddable":true,"href":"https:\/\/fatherheartfrance.com\/index.php\/wp-json\/wp\/v2\/categories?post=2009"},{"taxonomy":"post_tag","embeddable":true,"href":"https:\/\/fatherheartfrance.com\/index.php\/wp-json\/wp\/v2\/tags?post=2009"}],"curies":[{"name":"wp","href":"https:\/\/api.w.org\/{rel}","templated":true}]}}