{"id":1954,"date":"2023-04-09T08:26:26","date_gmt":"2023-04-09T06:26:26","guid":{"rendered":"https:\/\/fatherheartfrance.com\/?p=1954"},"modified":"2023-04-09T08:26:28","modified_gmt":"2023-04-09T06:26:28","slug":"je-vous-ai-eleves-avec-le-christ-pour-que-vous-soyez-assis-dans-les-lieux-celestes","status":"publish","type":"post","link":"https:\/\/fatherheartfrance.com\/index.php\/2023\/04\/09\/je-vous-ai-eleves-avec-le-christ-pour-que-vous-soyez-assis-dans-les-lieux-celestes\/","title":{"rendered":"Je vous ai \u00e9lev\u00e9s avec le Christ pour que vous soyez assis dans les lieux c\u00e9lestes"},"content":{"rendered":"\n<p class=\"wp-block-paragraph\"><\/p>\n\n\n\n<p class=\"wp-block-paragraph\"><em>Eph\u00e9siens 2:5-6 (LSG) nous qui \u00e9tions morts par nos offenses, nous a rendus \u00e0 la vie avec Christ (c&rsquo;est par gr\u00e2ce que vous \u00eates sauv\u00e9s); il nous a ressuscit\u00e9s ensemble, et nous a fait asseoir ensemble dans les lieux c\u00e9lestes, en J\u00e9sus-Christ,<\/em><\/p>\n\n\n\n<p class=\"wp-block-paragraph\">Autrefois nous \u00e9tions morts, aujourd&rsquo;hui nous sommes vivants en Christ. Autrefois nous vivions selon les lois de la chair, aujourd&rsquo;hui nous sommes conduits par l&rsquo;Esprit de Dieu. Quel contraste ! De la mort \u00e0 la vie. Des t\u00e9n\u00e8bres \u00e0 la lumi\u00e8re. Du terrestre au c\u00e9leste. Par la gr\u00e2ce (faveur non m\u00e9rit\u00e9e) de Dieu, il nous a \u00e9lev\u00e9s \u00e0 la vie de r\u00e9surrection en son Fils, afin que nous soyons assis ensemble avec J\u00e9sus au ciel !<\/p>\n\n\n\n<p class=\"wp-block-paragraph\">Lorsque nous lisons le passage de l&rsquo;\u00c9criture d&rsquo;aujourd&rsquo;hui, beaucoup d&rsquo;entre nous pensent qu&rsquo;il s&rsquo;agit de notre destin lorsque nous mourrons et irons au ciel, mais l&rsquo;ap\u00f4tre Paul parle d&rsquo;une r\u00e9alit\u00e9 pr\u00e9sente, pas seulement d&rsquo;une r\u00e9alit\u00e9 du type \u00ab\u00a0lorsque nous arriverons tous au ciel\u00a0\u00bb.<\/p>\n\n\n\n<p class=\"wp-block-paragraph\">Eph\u00e9siens 2:6 dans la Bible amplifi\u00e9e d\u00e9crit ce que Paul dit de la mani\u00e8re suivante\u2026 <em>Il nous a \u00e9lev\u00e9s avec lui et nous a fait asseoir ensemble [nous donnant une place commune avec lui] dans la sph\u00e8re c\u00e9leste [en vertu de notre \u00eatre] dans le Christ J\u00e9sus (le Messie, l&rsquo;Oint)<\/em>. (AMP)<\/p>\n\n\n\n<p class=\"wp-block-paragraph\">La r\u00e9alit\u00e9 spirituelle du salut nous a catapult\u00e9s au ciel d\u00e8s maintenant ! C&rsquo;est notre position spirituelle en Christ alors que nous vivons le reste de notre vie chr\u00e9tienne ici sur terre. J&rsquo;aime la fa\u00e7on dont la Bible amplifi\u00e9e nous dit que Dieu le P\u00e8re nous a donn\u00e9 un si\u00e8ge commun avec Christ dans les royaumes c\u00e9lestes. Nous partageons en fait le m\u00eame si\u00e8ge que notre Fr\u00e8re a\u00een\u00e9 parce que nous sommes EN lui !<\/p>\n\n\n\n<p class=\"wp-block-paragraph\">Que le Saint-Esprit donne \u00e0 chacun d&rsquo;entre nous la force de saisir les implications \u00e9ternelles du fait que nous sommes assis dans les lieux c\u00e9lestes d\u00e8s maintenant. Quelle que soit la morosit\u00e9 ou la d\u00e9pression de votre vie sur terre, la r\u00e9alit\u00e9 spirituelle est que votre esprit est joint \u00e0 J\u00e9sus dans les cieux en ce moment m\u00eame.<\/p>\n\n\n\n<p class=\"has-text-align-right has-extra-small-font-size wp-block-paragraph\">99<\/p>\n","protected":false},"excerpt":{"rendered":"<p>Eph\u00e9siens 2:5-6 (LSG) nous qui \u00e9tions morts par nos offenses, nous a rendus \u00e0 la vie avec Christ (c&rsquo;est par gr\u00e2ce que vous \u00eates sauv\u00e9s); il nous a ressuscit\u00e9s ensemble, et nous a fait asseoir ensemble dans les lieux c\u00e9lestes, en J\u00e9sus-Christ, Autrefois nous \u00e9tions morts, aujourd&rsquo;hui nous sommes vivants en Christ. Autrefois nous vivions <a class=\"more-link\" href=\"https:\/\/fatherheartfrance.com\/index.php\/2023\/04\/09\/je-vous-ai-eleves-avec-le-christ-pour-que-vous-soyez-assis-dans-les-lieux-celestes\/\">Lire plus &#8230;<\/a><\/p>\n","protected":false},"author":3,"featured_media":1861,"comment_status":"open","ping_status":"open","sticky":false,"template":"","format":"standard","meta":{"_crdt_document":"","_exactmetrics_skip_tracking":false,"_exactmetrics_sitenote_active":false,"_exactmetrics_sitenote_note":"","_exactmetrics_sitenote_category":0,"footnotes":""},"categories":[1],"tags":[],"class_list":["post-1954","post","type-post","status-publish","format-standard","has-post-thumbnail","hentry","category-non-classe"],"yoast_head":"<!-- This site is optimized with the Yoast SEO plugin v27.5 - https:\/\/yoast.com\/product\/yoast-seo-wordpress\/ -->\n<title>Je vous ai \u00e9lev\u00e9s avec le Christ pour que vous soyez assis dans les lieux c\u00e9lestes - Fatherheart - France<\/title>\n<meta name=\"robots\" content=\"index, follow, max-snippet:-1, max-image-preview:large, max-video-preview:-1\" \/>\n<link rel=\"canonical\" href=\"https:\/\/fatherheartfrance.com\/index.php\/2023\/04\/09\/je-vous-ai-eleves-avec-le-christ-pour-que-vous-soyez-assis-dans-les-lieux-celestes\/\" \/>\n<meta property=\"og:locale\" content=\"fr_FR\" \/>\n<meta property=\"og:type\" content=\"article\" \/>\n<meta property=\"og:title\" content=\"Je vous ai \u00e9lev\u00e9s avec le Christ pour que vous soyez assis dans les lieux c\u00e9lestes - Fatherheart - France\" \/>\n<meta property=\"og:description\" content=\"Eph\u00e9siens 2:5-6 (LSG) nous qui \u00e9tions morts par nos offenses, nous a rendus \u00e0 la vie avec Christ (c&rsquo;est par gr\u00e2ce que vous \u00eates sauv\u00e9s); il nous a ressuscit\u00e9s ensemble, et nous a fait asseoir ensemble dans les lieux c\u00e9lestes, en J\u00e9sus-Christ, Autrefois nous \u00e9tions morts, aujourd&rsquo;hui nous sommes vivants en Christ. Autrefois nous vivions Lire plus ...\" \/>\n<meta property=\"og:url\" content=\"https:\/\/fatherheartfrance.com\/index.php\/2023\/04\/09\/je-vous-ai-eleves-avec-le-christ-pour-que-vous-soyez-assis-dans-les-lieux-celestes\/\" \/>\n<meta property=\"og:site_name\" content=\"Fatherheart - France\" \/>\n<meta property=\"article:publisher\" content=\"https:\/\/www.facebook.com\/ContactFHF\/\" \/>\n<meta property=\"article:published_time\" content=\"2023-04-09T06:26:26+00:00\" \/>\n<meta property=\"article:modified_time\" content=\"2023-04-09T06:26:28+00:00\" \/>\n<meta property=\"og:image\" content=\"https:\/\/fatherheartfrance.com\/wp-content\/uploads\/2022\/06\/denali-national-park-g1042da744_1920.jpg\" \/>\n\t<meta property=\"og:image:width\" content=\"1920\" \/>\n\t<meta property=\"og:image:height\" content=\"1279\" \/>\n\t<meta property=\"og:image:type\" content=\"image\/jpeg\" \/>\n<meta name=\"author\" content=\"Fr\u00e9d\u00e9ric C\" \/>\n<meta name=\"twitter:card\" content=\"summary_large_image\" \/>\n<meta name=\"twitter:label1\" content=\"\u00c9crit par\" \/>\n\t<meta name=\"twitter:data1\" content=\"Fr\u00e9d\u00e9ric C\" \/>\n\t<meta name=\"twitter:label2\" content=\"Dur\u00e9e de lecture estim\u00e9e\" \/>\n\t<meta name=\"twitter:data2\" content=\"2 minutes\" \/>\n<script type=\"application\/ld+json\" class=\"yoast-schema-graph\">{\"@context\":\"https:\\\/\\\/schema.org\",\"@graph\":[{\"@type\":\"Article\",\"@id\":\"https:\\\/\\\/fatherheartfrance.com\\\/index.php\\\/2023\\\/04\\\/09\\\/je-vous-ai-eleves-avec-le-christ-pour-que-vous-soyez-assis-dans-les-lieux-celestes\\\/#article\",\"isPartOf\":{\"@id\":\"https:\\\/\\\/fatherheartfrance.com\\\/index.php\\\/2023\\\/04\\\/09\\\/je-vous-ai-eleves-avec-le-christ-pour-que-vous-soyez-assis-dans-les-lieux-celestes\\\/\"},\"author\":{\"name\":\"Fr\u00e9d\u00e9ric C\",\"@id\":\"https:\\\/\\\/fatherheartfrance.com\\\/#\\\/schema\\\/person\\\/a980675cd50a6bb00fc1a61b57ba7420\"},\"headline\":\"Je vous ai \u00e9lev\u00e9s avec le Christ pour que vous soyez assis dans les lieux c\u00e9lestes\",\"datePublished\":\"2023-04-09T06:26:26+00:00\",\"dateModified\":\"2023-04-09T06:26:28+00:00\",\"mainEntityOfPage\":{\"@id\":\"https:\\\/\\\/fatherheartfrance.com\\\/index.php\\\/2023\\\/04\\\/09\\\/je-vous-ai-eleves-avec-le-christ-pour-que-vous-soyez-assis-dans-les-lieux-celestes\\\/\"},\"wordCount\":416,\"commentCount\":0,\"publisher\":{\"@id\":\"https:\\\/\\\/fatherheartfrance.com\\\/#organization\"},\"image\":{\"@id\":\"https:\\\/\\\/fatherheartfrance.com\\\/index.php\\\/2023\\\/04\\\/09\\\/je-vous-ai-eleves-avec-le-christ-pour-que-vous-soyez-assis-dans-les-lieux-celestes\\\/#primaryimage\"},\"thumbnailUrl\":\"https:\\\/\\\/fatherheartfrance.com\\\/wp-content\\\/uploads\\\/2022\\\/06\\\/denali-national-park-g1042da744_1920.jpg\",\"inLanguage\":\"fr-FR\",\"potentialAction\":[{\"@type\":\"CommentAction\",\"name\":\"Comment\",\"target\":[\"https:\\\/\\\/fatherheartfrance.com\\\/index.php\\\/2023\\\/04\\\/09\\\/je-vous-ai-eleves-avec-le-christ-pour-que-vous-soyez-assis-dans-les-lieux-celestes\\\/#respond\"]}]},{\"@type\":\"WebPage\",\"@id\":\"https:\\\/\\\/fatherheartfrance.com\\\/index.php\\\/2023\\\/04\\\/09\\\/je-vous-ai-eleves-avec-le-christ-pour-que-vous-soyez-assis-dans-les-lieux-celestes\\\/\",\"url\":\"https:\\\/\\\/fatherheartfrance.com\\\/index.php\\\/2023\\\/04\\\/09\\\/je-vous-ai-eleves-avec-le-christ-pour-que-vous-soyez-assis-dans-les-lieux-celestes\\\/\",\"name\":\"Je vous ai \u00e9lev\u00e9s avec le Christ pour que vous soyez assis dans les lieux c\u00e9lestes - Fatherheart - France\",\"isPartOf\":{\"@id\":\"https:\\\/\\\/fatherheartfrance.com\\\/#website\"},\"primaryImageOfPage\":{\"@id\":\"https:\\\/\\\/fatherheartfrance.com\\\/index.php\\\/2023\\\/04\\\/09\\\/je-vous-ai-eleves-avec-le-christ-pour-que-vous-soyez-assis-dans-les-lieux-celestes\\\/#primaryimage\"},\"image\":{\"@id\":\"https:\\\/\\\/fatherheartfrance.com\\\/index.php\\\/2023\\\/04\\\/09\\\/je-vous-ai-eleves-avec-le-christ-pour-que-vous-soyez-assis-dans-les-lieux-celestes\\\/#primaryimage\"},\"thumbnailUrl\":\"https:\\\/\\\/fatherheartfrance.com\\\/wp-content\\\/uploads\\\/2022\\\/06\\\/denali-national-park-g1042da744_1920.jpg\",\"datePublished\":\"2023-04-09T06:26:26+00:00\",\"dateModified\":\"2023-04-09T06:26:28+00:00\",\"breadcrumb\":{\"@id\":\"https:\\\/\\\/fatherheartfrance.com\\\/index.php\\\/2023\\\/04\\\/09\\\/je-vous-ai-eleves-avec-le-christ-pour-que-vous-soyez-assis-dans-les-lieux-celestes\\\/#breadcrumb\"},\"inLanguage\":\"fr-FR\",\"potentialAction\":[{\"@type\":\"ReadAction\",\"target\":[\"https:\\\/\\\/fatherheartfrance.com\\\/index.php\\\/2023\\\/04\\\/09\\\/je-vous-ai-eleves-avec-le-christ-pour-que-vous-soyez-assis-dans-les-lieux-celestes\\\/\"]}]},{\"@type\":\"ImageObject\",\"inLanguage\":\"fr-FR\",\"@id\":\"https:\\\/\\\/fatherheartfrance.com\\\/index.php\\\/2023\\\/04\\\/09\\\/je-vous-ai-eleves-avec-le-christ-pour-que-vous-soyez-assis-dans-les-lieux-celestes\\\/#primaryimage\",\"url\":\"https:\\\/\\\/fatherheartfrance.com\\\/wp-content\\\/uploads\\\/2022\\\/06\\\/denali-national-park-g1042da744_1920.jpg\",\"contentUrl\":\"https:\\\/\\\/fatherheartfrance.com\\\/wp-content\\\/uploads\\\/2022\\\/06\\\/denali-national-park-g1042da744_1920.jpg\",\"width\":1920,\"height\":1279,\"caption\":\"denali-national-park-Fatherheart-France\"},{\"@type\":\"BreadcrumbList\",\"@id\":\"https:\\\/\\\/fatherheartfrance.com\\\/index.php\\\/2023\\\/04\\\/09\\\/je-vous-ai-eleves-avec-le-christ-pour-que-vous-soyez-assis-dans-les-lieux-celestes\\\/#breadcrumb\",\"itemListElement\":[{\"@type\":\"ListItem\",\"position\":1,\"name\":\"Accueil\",\"item\":\"https:\\\/\\\/fatherheartfrance.com\\\/\"},{\"@type\":\"ListItem\",\"position\":2,\"name\":\"Je vous ai \u00e9lev\u00e9s avec le Christ pour que vous soyez assis dans les lieux c\u00e9lestes\"}]},{\"@type\":\"WebSite\",\"@id\":\"https:\\\/\\\/fatherheartfrance.com\\\/#website\",\"url\":\"https:\\\/\\\/fatherheartfrance.com\\\/\",\"name\":\"Fatherheart - France\",\"description\":\"Amour du P\u00e8re\",\"publisher\":{\"@id\":\"https:\\\/\\\/fatherheartfrance.com\\\/#organization\"},\"potentialAction\":[{\"@type\":\"SearchAction\",\"target\":{\"@type\":\"EntryPoint\",\"urlTemplate\":\"https:\\\/\\\/fatherheartfrance.com\\\/?s={search_term_string}\"},\"query-input\":{\"@type\":\"PropertyValueSpecification\",\"valueRequired\":true,\"valueName\":\"search_term_string\"}}],\"inLanguage\":\"fr-FR\"},{\"@type\":\"Organization\",\"@id\":\"https:\\\/\\\/fatherheartfrance.com\\\/#organization\",\"name\":\"fatherheartfrance\",\"url\":\"https:\\\/\\\/fatherheartfrance.com\\\/\",\"logo\":{\"@type\":\"ImageObject\",\"inLanguage\":\"fr-FR\",\"@id\":\"https:\\\/\\\/fatherheartfrance.com\\\/#\\\/schema\\\/logo\\\/image\\\/\",\"url\":\"https:\\\/\\\/fatherheartfrance.com\\\/wp-content\\\/uploads\\\/2017\\\/02\\\/logo-3-e1488034589841.png\",\"contentUrl\":\"https:\\\/\\\/fatherheartfrance.com\\\/wp-content\\\/uploads\\\/2017\\\/02\\\/logo-3-e1488034589841.png\",\"width\":300,\"height\":82,\"caption\":\"fatherheartfrance\"},\"image\":{\"@id\":\"https:\\\/\\\/fatherheartfrance.com\\\/#\\\/schema\\\/logo\\\/image\\\/\"},\"sameAs\":[\"https:\\\/\\\/www.facebook.com\\\/ContactFHF\\\/\"]},{\"@type\":\"Person\",\"@id\":\"https:\\\/\\\/fatherheartfrance.com\\\/#\\\/schema\\\/person\\\/a980675cd50a6bb00fc1a61b57ba7420\",\"name\":\"Fr\u00e9d\u00e9ric C\",\"image\":{\"@type\":\"ImageObject\",\"inLanguage\":\"fr-FR\",\"@id\":\"https:\\\/\\\/secure.gravatar.com\\\/avatar\\\/f847814b88f468c211776e97f3b93c066195167c83d3e8cb7e6ca0612f3757a8?s=96&d=mm&r=g\",\"url\":\"https:\\\/\\\/secure.gravatar.com\\\/avatar\\\/f847814b88f468c211776e97f3b93c066195167c83d3e8cb7e6ca0612f3757a8?s=96&d=mm&r=g\",\"contentUrl\":\"https:\\\/\\\/secure.gravatar.com\\\/avatar\\\/f847814b88f468c211776e97f3b93c066195167c83d3e8cb7e6ca0612f3757a8?s=96&d=mm&r=g\",\"caption\":\"Fr\u00e9d\u00e9ric C\"},\"url\":\"https:\\\/\\\/fatherheartfrance.com\\\/index.php\\\/author\\\/frederic\\\/\"}]}<\/script>\n<!-- \/ Yoast SEO plugin. -->","yoast_head_json":{"title":"Je vous ai \u00e9lev\u00e9s avec le Christ pour que vous soyez assis dans les lieux c\u00e9lestes - Fatherheart - France","robots":{"index":"index","follow":"follow","max-snippet":"max-snippet:-1","max-image-preview":"max-image-preview:large","max-video-preview":"max-video-preview:-1"},"canonical":"https:\/\/fatherheartfrance.com\/index.php\/2023\/04\/09\/je-vous-ai-eleves-avec-le-christ-pour-que-vous-soyez-assis-dans-les-lieux-celestes\/","og_locale":"fr_FR","og_type":"article","og_title":"Je vous ai \u00e9lev\u00e9s avec le Christ pour que vous soyez assis dans les lieux c\u00e9lestes - Fatherheart - France","og_description":"Eph\u00e9siens 2:5-6 (LSG) nous qui \u00e9tions morts par nos offenses, nous a rendus \u00e0 la vie avec Christ (c&rsquo;est par gr\u00e2ce que vous \u00eates sauv\u00e9s); il nous a ressuscit\u00e9s ensemble, et nous a fait asseoir ensemble dans les lieux c\u00e9lestes, en J\u00e9sus-Christ, Autrefois nous \u00e9tions morts, aujourd&rsquo;hui nous sommes vivants en Christ. Autrefois nous vivions Lire plus ...","og_url":"https:\/\/fatherheartfrance.com\/index.php\/2023\/04\/09\/je-vous-ai-eleves-avec-le-christ-pour-que-vous-soyez-assis-dans-les-lieux-celestes\/","og_site_name":"Fatherheart - France","article_publisher":"https:\/\/www.facebook.com\/ContactFHF\/","article_published_time":"2023-04-09T06:26:26+00:00","article_modified_time":"2023-04-09T06:26:28+00:00","og_image":[{"width":1920,"height":1279,"url":"https:\/\/fatherheartfrance.com\/wp-content\/uploads\/2022\/06\/denali-national-park-g1042da744_1920.jpg","type":"image\/jpeg"}],"author":"Fr\u00e9d\u00e9ric C","twitter_card":"summary_large_image","twitter_misc":{"\u00c9crit par":"Fr\u00e9d\u00e9ric C","Dur\u00e9e de lecture estim\u00e9e":"2 minutes"},"schema":{"@context":"https:\/\/schema.org","@graph":[{"@type":"Article","@id":"https:\/\/fatherheartfrance.com\/index.php\/2023\/04\/09\/je-vous-ai-eleves-avec-le-christ-pour-que-vous-soyez-assis-dans-les-lieux-celestes\/#article","isPartOf":{"@id":"https:\/\/fatherheartfrance.com\/index.php\/2023\/04\/09\/je-vous-ai-eleves-avec-le-christ-pour-que-vous-soyez-assis-dans-les-lieux-celestes\/"},"author":{"name":"Fr\u00e9d\u00e9ric C","@id":"https:\/\/fatherheartfrance.com\/#\/schema\/person\/a980675cd50a6bb00fc1a61b57ba7420"},"headline":"Je vous ai \u00e9lev\u00e9s avec le Christ pour que vous soyez assis dans les lieux c\u00e9lestes","datePublished":"2023-04-09T06:26:26+00:00","dateModified":"2023-04-09T06:26:28+00:00","mainEntityOfPage":{"@id":"https:\/\/fatherheartfrance.com\/index.php\/2023\/04\/09\/je-vous-ai-eleves-avec-le-christ-pour-que-vous-soyez-assis-dans-les-lieux-celestes\/"},"wordCount":416,"commentCount":0,"publisher":{"@id":"https:\/\/fatherheartfrance.com\/#organization"},"image":{"@id":"https:\/\/fatherheartfrance.com\/index.php\/2023\/04\/09\/je-vous-ai-eleves-avec-le-christ-pour-que-vous-soyez-assis-dans-les-lieux-celestes\/#primaryimage"},"thumbnailUrl":"https:\/\/fatherheartfrance.com\/wp-content\/uploads\/2022\/06\/denali-national-park-g1042da744_1920.jpg","inLanguage":"fr-FR","potentialAction":[{"@type":"CommentAction","name":"Comment","target":["https:\/\/fatherheartfrance.com\/index.php\/2023\/04\/09\/je-vous-ai-eleves-avec-le-christ-pour-que-vous-soyez-assis-dans-les-lieux-celestes\/#respond"]}]},{"@type":"WebPage","@id":"https:\/\/fatherheartfrance.com\/index.php\/2023\/04\/09\/je-vous-ai-eleves-avec-le-christ-pour-que-vous-soyez-assis-dans-les-lieux-celestes\/","url":"https:\/\/fatherheartfrance.com\/index.php\/2023\/04\/09\/je-vous-ai-eleves-avec-le-christ-pour-que-vous-soyez-assis-dans-les-lieux-celestes\/","name":"Je vous ai \u00e9lev\u00e9s avec le Christ pour que vous soyez assis dans les lieux c\u00e9lestes - Fatherheart - France","isPartOf":{"@id":"https:\/\/fatherheartfrance.com\/#website"},"primaryImageOfPage":{"@id":"https:\/\/fatherheartfrance.com\/index.php\/2023\/04\/09\/je-vous-ai-eleves-avec-le-christ-pour-que-vous-soyez-assis-dans-les-lieux-celestes\/#primaryimage"},"image":{"@id":"https:\/\/fatherheartfrance.com\/index.php\/2023\/04\/09\/je-vous-ai-eleves-avec-le-christ-pour-que-vous-soyez-assis-dans-les-lieux-celestes\/#primaryimage"},"thumbnailUrl":"https:\/\/fatherheartfrance.com\/wp-content\/uploads\/2022\/06\/denali-national-park-g1042da744_1920.jpg","datePublished":"2023-04-09T06:26:26+00:00","dateModified":"2023-04-09T06:26:28+00:00","breadcrumb":{"@id":"https:\/\/fatherheartfrance.com\/index.php\/2023\/04\/09\/je-vous-ai-eleves-avec-le-christ-pour-que-vous-soyez-assis-dans-les-lieux-celestes\/#breadcrumb"},"inLanguage":"fr-FR","potentialAction":[{"@type":"ReadAction","target":["https:\/\/fatherheartfrance.com\/index.php\/2023\/04\/09\/je-vous-ai-eleves-avec-le-christ-pour-que-vous-soyez-assis-dans-les-lieux-celestes\/"]}]},{"@type":"ImageObject","inLanguage":"fr-FR","@id":"https:\/\/fatherheartfrance.com\/index.php\/2023\/04\/09\/je-vous-ai-eleves-avec-le-christ-pour-que-vous-soyez-assis-dans-les-lieux-celestes\/#primaryimage","url":"https:\/\/fatherheartfrance.com\/wp-content\/uploads\/2022\/06\/denali-national-park-g1042da744_1920.jpg","contentUrl":"https:\/\/fatherheartfrance.com\/wp-content\/uploads\/2022\/06\/denali-national-park-g1042da744_1920.jpg","width":1920,"height":1279,"caption":"denali-national-park-Fatherheart-France"},{"@type":"BreadcrumbList","@id":"https:\/\/fatherheartfrance.com\/index.php\/2023\/04\/09\/je-vous-ai-eleves-avec-le-christ-pour-que-vous-soyez-assis-dans-les-lieux-celestes\/#breadcrumb","itemListElement":[{"@type":"ListItem","position":1,"name":"Accueil","item":"https:\/\/fatherheartfrance.com\/"},{"@type":"ListItem","position":2,"name":"Je vous ai \u00e9lev\u00e9s avec le Christ pour que vous soyez assis dans les lieux c\u00e9lestes"}]},{"@type":"WebSite","@id":"https:\/\/fatherheartfrance.com\/#website","url":"https:\/\/fatherheartfrance.com\/","name":"Fatherheart - France","description":"Amour du P\u00e8re","publisher":{"@id":"https:\/\/fatherheartfrance.com\/#organization"},"potentialAction":[{"@type":"SearchAction","target":{"@type":"EntryPoint","urlTemplate":"https:\/\/fatherheartfrance.com\/?s={search_term_string}"},"query-input":{"@type":"PropertyValueSpecification","valueRequired":true,"valueName":"search_term_string"}}],"inLanguage":"fr-FR"},{"@type":"Organization","@id":"https:\/\/fatherheartfrance.com\/#organization","name":"fatherheartfrance","url":"https:\/\/fatherheartfrance.com\/","logo":{"@type":"ImageObject","inLanguage":"fr-FR","@id":"https:\/\/fatherheartfrance.com\/#\/schema\/logo\/image\/","url":"https:\/\/fatherheartfrance.com\/wp-content\/uploads\/2017\/02\/logo-3-e1488034589841.png","contentUrl":"https:\/\/fatherheartfrance.com\/wp-content\/uploads\/2017\/02\/logo-3-e1488034589841.png","width":300,"height":82,"caption":"fatherheartfrance"},"image":{"@id":"https:\/\/fatherheartfrance.com\/#\/schema\/logo\/image\/"},"sameAs":["https:\/\/www.facebook.com\/ContactFHF\/"]},{"@type":"Person","@id":"https:\/\/fatherheartfrance.com\/#\/schema\/person\/a980675cd50a6bb00fc1a61b57ba7420","name":"Fr\u00e9d\u00e9ric C","image":{"@type":"ImageObject","inLanguage":"fr-FR","@id":"https:\/\/secure.gravatar.com\/avatar\/f847814b88f468c211776e97f3b93c066195167c83d3e8cb7e6ca0612f3757a8?s=96&d=mm&r=g","url":"https:\/\/secure.gravatar.com\/avatar\/f847814b88f468c211776e97f3b93c066195167c83d3e8cb7e6ca0612f3757a8?s=96&d=mm&r=g","contentUrl":"https:\/\/secure.gravatar.com\/avatar\/f847814b88f468c211776e97f3b93c066195167c83d3e8cb7e6ca0612f3757a8?s=96&d=mm&r=g","caption":"Fr\u00e9d\u00e9ric C"},"url":"https:\/\/fatherheartfrance.com\/index.php\/author\/frederic\/"}]}},"_links":{"self":[{"href":"https:\/\/fatherheartfrance.com\/index.php\/wp-json\/wp\/v2\/posts\/1954","targetHints":{"allow":["GET"]}}],"collection":[{"href":"https:\/\/fatherheartfrance.com\/index.php\/wp-json\/wp\/v2\/posts"}],"about":[{"href":"https:\/\/fatherheartfrance.com\/index.php\/wp-json\/wp\/v2\/types\/post"}],"author":[{"embeddable":true,"href":"https:\/\/fatherheartfrance.com\/index.php\/wp-json\/wp\/v2\/users\/3"}],"replies":[{"embeddable":true,"href":"https:\/\/fatherheartfrance.com\/index.php\/wp-json\/wp\/v2\/comments?post=1954"}],"version-history":[{"count":1,"href":"https:\/\/fatherheartfrance.com\/index.php\/wp-json\/wp\/v2\/posts\/1954\/revisions"}],"predecessor-version":[{"id":1955,"href":"https:\/\/fatherheartfrance.com\/index.php\/wp-json\/wp\/v2\/posts\/1954\/revisions\/1955"}],"wp:featuredmedia":[{"embeddable":true,"href":"https:\/\/fatherheartfrance.com\/index.php\/wp-json\/wp\/v2\/media\/1861"}],"wp:attachment":[{"href":"https:\/\/fatherheartfrance.com\/index.php\/wp-json\/wp\/v2\/media?parent=1954"}],"wp:term":[{"taxonomy":"category","embeddable":true,"href":"https:\/\/fatherheartfrance.com\/index.php\/wp-json\/wp\/v2\/categories?post=1954"},{"taxonomy":"post_tag","embeddable":true,"href":"https:\/\/fatherheartfrance.com\/index.php\/wp-json\/wp\/v2\/tags?post=1954"}],"curies":[{"name":"wp","href":"https:\/\/api.w.org\/{rel}","templated":true}]}}