{"id":1950,"date":"2023-03-18T07:26:38","date_gmt":"2023-03-18T06:26:38","guid":{"rendered":"https:\/\/fatherheartfrance.com\/?p=1950"},"modified":"2023-03-18T07:26:40","modified_gmt":"2023-03-18T06:26:40","slug":"je-vous-ai-appeles-a-heriter-de-ma-benediction","status":"publish","type":"post","link":"https:\/\/fatherheartfrance.com\/index.php\/2023\/03\/18\/je-vous-ai-appeles-a-heriter-de-ma-benediction\/","title":{"rendered":"Je vous ai appel\u00e9s \u00e0 h\u00e9riter de ma b\u00e9n\u00e9diction."},"content":{"rendered":"\n<p class=\"wp-block-paragraph\"><\/p>\n\n\n\n<p class=\"wp-block-paragraph\"><em>1 Pierre 3:9 (LSG)<br>Ne rendez point mal pour mal, ou injure pour injure; b\u00e9nissez, au contraire, car c&rsquo;est \u00e0 cela que vous avez \u00e9t\u00e9 appel\u00e9s, afin d&rsquo;h\u00e9riter la b\u00e9n\u00e9diction.<\/em><\/p>\n\n\n\n<p class=\"wp-block-paragraph\">Dans ce passage de l&rsquo;\u00c9criture, l&rsquo;ap\u00f4tre Pierre nous encourage \u00e0 ne pas rendre le mal pour le mal, mais plut\u00f4t \u00e0 \u00eatre une b\u00e9n\u00e9diction. Si nous vivons dans une perspective d&rsquo;orphelin, nous devrons nous battre pour tout ce que nous obtiendrons dans la vie. Lorsque les gens nous font du mal, nous devons leur r\u00e9pondre de la m\u00eame mani\u00e8re. La vie d&rsquo;un orphelin est solitaire et effrayante. Un orphelin est livr\u00e9 \u00e0 lui-m\u00eame pour g\u00e9rer sa vie.<\/p>\n\n\n\n<p class=\"wp-block-paragraph\">La vie d&rsquo;un fils ou d&rsquo;une fille, en revanche, est tout \u00e0 fait diff\u00e9rente. Ils savent qu&rsquo;ils sont aim\u00e9s au-del\u00e0 de toute imagination et qu&rsquo;ils sont \u00e0 l&rsquo;abri du danger. Ils vivent dans l&rsquo;assurance qu&rsquo;ils sont b\u00e9nis au-del\u00e0 de toute mesure et qu&rsquo;ils ont un riche h\u00e9ritage de nombreuses b\u00e9n\u00e9dictions \u00e0 venir. Dans Eph\u00e9siens 1:3, la Bible dit que notre P\u00e8re c\u00e9leste nous a b\u00e9nis de toutes les b\u00e9n\u00e9dictions spirituelles du ciel. La vie que nous sommes appel\u00e9s \u00e0 vivre est une vie d&rsquo;abondance et de b\u00e9n\u00e9diction.<\/p>\n\n\n\n<p class=\"wp-block-paragraph\">C&rsquo;est pourquoi, lorsque quelqu&rsquo;un agit de mani\u00e8re \u00ab\u00a0orpheline\u00a0\u00bb envers nous, m\u00eame un fr\u00e8re ou une s\u0153ur en Christ, nous ne sommes pas oblig\u00e9s de r\u00e9agir de la m\u00eame mani\u00e8re, mais nous pouvons r\u00e9pondre par des b\u00e9n\u00e9dictions. Que chacun d&rsquo;entre nous soit tellement rempli de la r\u00e9v\u00e9lation qu&rsquo;il a \u00e9t\u00e9 appel\u00e9 \u00e0 h\u00e9riter de la b\u00e9n\u00e9diction, qu&rsquo;il devienne un d\u00e9bordement de b\u00e9n\u00e9dictions pour les autres !<\/p>\n\n\n\n<p class=\"has-text-align-right has-extra-small-font-size wp-block-paragraph\"><em>261<\/em><\/p>\n","protected":false},"excerpt":{"rendered":"<p>1 Pierre 3:9 (LSG)Ne rendez point mal pour mal, ou injure pour injure; b\u00e9nissez, au contraire, car c&rsquo;est \u00e0 cela que vous avez \u00e9t\u00e9 appel\u00e9s, afin d&rsquo;h\u00e9riter la b\u00e9n\u00e9diction. Dans ce passage de l&rsquo;\u00c9criture, l&rsquo;ap\u00f4tre Pierre nous encourage \u00e0 ne pas rendre le mal pour le mal, mais plut\u00f4t \u00e0 \u00eatre une b\u00e9n\u00e9diction. Si nous <a class=\"more-link\" href=\"https:\/\/fatherheartfrance.com\/index.php\/2023\/03\/18\/je-vous-ai-appeles-a-heriter-de-ma-benediction\/\">Lire plus &#8230;<\/a><\/p>\n","protected":false},"author":3,"featured_media":1858,"comment_status":"open","ping_status":"open","sticky":false,"template":"","format":"standard","meta":{"_crdt_document":"","_exactmetrics_skip_tracking":false,"_exactmetrics_sitenote_active":false,"_exactmetrics_sitenote_note":"","_exactmetrics_sitenote_category":0,"footnotes":""},"categories":[1],"tags":[],"class_list":["post-1950","post","type-post","status-publish","format-standard","has-post-thumbnail","hentry","category-non-classe"],"yoast_head":"<!-- This site is optimized with the Yoast SEO plugin v27.5 - https:\/\/yoast.com\/product\/yoast-seo-wordpress\/ -->\n<title>Je vous ai appel\u00e9s \u00e0 h\u00e9riter de ma b\u00e9n\u00e9diction. - Fatherheart - France<\/title>\n<meta name=\"robots\" content=\"index, follow, max-snippet:-1, max-image-preview:large, max-video-preview:-1\" \/>\n<link rel=\"canonical\" href=\"https:\/\/fatherheartfrance.com\/index.php\/2023\/03\/18\/je-vous-ai-appeles-a-heriter-de-ma-benediction\/\" \/>\n<meta property=\"og:locale\" content=\"fr_FR\" \/>\n<meta property=\"og:type\" content=\"article\" \/>\n<meta property=\"og:title\" content=\"Je vous ai appel\u00e9s \u00e0 h\u00e9riter de ma b\u00e9n\u00e9diction. - Fatherheart - France\" \/>\n<meta property=\"og:description\" content=\"1 Pierre 3:9 (LSG)Ne rendez point mal pour mal, ou injure pour injure; b\u00e9nissez, au contraire, car c&rsquo;est \u00e0 cela que vous avez \u00e9t\u00e9 appel\u00e9s, afin d&rsquo;h\u00e9riter la b\u00e9n\u00e9diction. Dans ce passage de l&rsquo;\u00c9criture, l&rsquo;ap\u00f4tre Pierre nous encourage \u00e0 ne pas rendre le mal pour le mal, mais plut\u00f4t \u00e0 \u00eatre une b\u00e9n\u00e9diction. Si nous Lire plus ...\" \/>\n<meta property=\"og:url\" content=\"https:\/\/fatherheartfrance.com\/index.php\/2023\/03\/18\/je-vous-ai-appeles-a-heriter-de-ma-benediction\/\" \/>\n<meta property=\"og:site_name\" content=\"Fatherheart - France\" \/>\n<meta property=\"article:publisher\" content=\"https:\/\/www.facebook.com\/ContactFHF\/\" \/>\n<meta property=\"article:published_time\" content=\"2023-03-18T06:26:38+00:00\" \/>\n<meta property=\"article:modified_time\" content=\"2023-03-18T06:26:40+00:00\" \/>\n<meta property=\"og:image\" content=\"https:\/\/fatherheartfrance.com\/wp-content\/uploads\/2022\/06\/creux-du-van-ge6f0c592f_1920.jpg\" \/>\n\t<meta property=\"og:image:width\" content=\"1920\" \/>\n\t<meta property=\"og:image:height\" content=\"519\" \/>\n\t<meta property=\"og:image:type\" content=\"image\/jpeg\" \/>\n<meta name=\"author\" content=\"Fr\u00e9d\u00e9ric C\" \/>\n<meta name=\"twitter:card\" content=\"summary_large_image\" \/>\n<meta name=\"twitter:label1\" content=\"\u00c9crit par\" \/>\n\t<meta name=\"twitter:data1\" content=\"Fr\u00e9d\u00e9ric C\" \/>\n\t<meta name=\"twitter:label2\" content=\"Dur\u00e9e de lecture estim\u00e9e\" \/>\n\t<meta name=\"twitter:data2\" content=\"2 minutes\" \/>\n<script type=\"application\/ld+json\" class=\"yoast-schema-graph\">{\"@context\":\"https:\\\/\\\/schema.org\",\"@graph\":[{\"@type\":\"Article\",\"@id\":\"https:\\\/\\\/fatherheartfrance.com\\\/index.php\\\/2023\\\/03\\\/18\\\/je-vous-ai-appeles-a-heriter-de-ma-benediction\\\/#article\",\"isPartOf\":{\"@id\":\"https:\\\/\\\/fatherheartfrance.com\\\/index.php\\\/2023\\\/03\\\/18\\\/je-vous-ai-appeles-a-heriter-de-ma-benediction\\\/\"},\"author\":{\"name\":\"Fr\u00e9d\u00e9ric C\",\"@id\":\"https:\\\/\\\/fatherheartfrance.com\\\/#\\\/schema\\\/person\\\/a980675cd50a6bb00fc1a61b57ba7420\"},\"headline\":\"Je vous ai appel\u00e9s \u00e0 h\u00e9riter de ma b\u00e9n\u00e9diction.\",\"datePublished\":\"2023-03-18T06:26:38+00:00\",\"dateModified\":\"2023-03-18T06:26:40+00:00\",\"mainEntityOfPage\":{\"@id\":\"https:\\\/\\\/fatherheartfrance.com\\\/index.php\\\/2023\\\/03\\\/18\\\/je-vous-ai-appeles-a-heriter-de-ma-benediction\\\/\"},\"wordCount\":326,\"commentCount\":0,\"publisher\":{\"@id\":\"https:\\\/\\\/fatherheartfrance.com\\\/#organization\"},\"image\":{\"@id\":\"https:\\\/\\\/fatherheartfrance.com\\\/index.php\\\/2023\\\/03\\\/18\\\/je-vous-ai-appeles-a-heriter-de-ma-benediction\\\/#primaryimage\"},\"thumbnailUrl\":\"https:\\\/\\\/fatherheartfrance.com\\\/wp-content\\\/uploads\\\/2022\\\/06\\\/creux-du-van-ge6f0c592f_1920.jpg\",\"inLanguage\":\"fr-FR\",\"potentialAction\":[{\"@type\":\"CommentAction\",\"name\":\"Comment\",\"target\":[\"https:\\\/\\\/fatherheartfrance.com\\\/index.php\\\/2023\\\/03\\\/18\\\/je-vous-ai-appeles-a-heriter-de-ma-benediction\\\/#respond\"]}]},{\"@type\":\"WebPage\",\"@id\":\"https:\\\/\\\/fatherheartfrance.com\\\/index.php\\\/2023\\\/03\\\/18\\\/je-vous-ai-appeles-a-heriter-de-ma-benediction\\\/\",\"url\":\"https:\\\/\\\/fatherheartfrance.com\\\/index.php\\\/2023\\\/03\\\/18\\\/je-vous-ai-appeles-a-heriter-de-ma-benediction\\\/\",\"name\":\"Je vous ai appel\u00e9s \u00e0 h\u00e9riter de ma b\u00e9n\u00e9diction. - Fatherheart - France\",\"isPartOf\":{\"@id\":\"https:\\\/\\\/fatherheartfrance.com\\\/#website\"},\"primaryImageOfPage\":{\"@id\":\"https:\\\/\\\/fatherheartfrance.com\\\/index.php\\\/2023\\\/03\\\/18\\\/je-vous-ai-appeles-a-heriter-de-ma-benediction\\\/#primaryimage\"},\"image\":{\"@id\":\"https:\\\/\\\/fatherheartfrance.com\\\/index.php\\\/2023\\\/03\\\/18\\\/je-vous-ai-appeles-a-heriter-de-ma-benediction\\\/#primaryimage\"},\"thumbnailUrl\":\"https:\\\/\\\/fatherheartfrance.com\\\/wp-content\\\/uploads\\\/2022\\\/06\\\/creux-du-van-ge6f0c592f_1920.jpg\",\"datePublished\":\"2023-03-18T06:26:38+00:00\",\"dateModified\":\"2023-03-18T06:26:40+00:00\",\"breadcrumb\":{\"@id\":\"https:\\\/\\\/fatherheartfrance.com\\\/index.php\\\/2023\\\/03\\\/18\\\/je-vous-ai-appeles-a-heriter-de-ma-benediction\\\/#breadcrumb\"},\"inLanguage\":\"fr-FR\",\"potentialAction\":[{\"@type\":\"ReadAction\",\"target\":[\"https:\\\/\\\/fatherheartfrance.com\\\/index.php\\\/2023\\\/03\\\/18\\\/je-vous-ai-appeles-a-heriter-de-ma-benediction\\\/\"]}]},{\"@type\":\"ImageObject\",\"inLanguage\":\"fr-FR\",\"@id\":\"https:\\\/\\\/fatherheartfrance.com\\\/index.php\\\/2023\\\/03\\\/18\\\/je-vous-ai-appeles-a-heriter-de-ma-benediction\\\/#primaryimage\",\"url\":\"https:\\\/\\\/fatherheartfrance.com\\\/wp-content\\\/uploads\\\/2022\\\/06\\\/creux-du-van-ge6f0c592f_1920.jpg\",\"contentUrl\":\"https:\\\/\\\/fatherheartfrance.com\\\/wp-content\\\/uploads\\\/2022\\\/06\\\/creux-du-van-ge6f0c592f_1920.jpg\",\"width\":1920,\"height\":519,\"caption\":\"creux-du-van-Fatherheart-France\"},{\"@type\":\"BreadcrumbList\",\"@id\":\"https:\\\/\\\/fatherheartfrance.com\\\/index.php\\\/2023\\\/03\\\/18\\\/je-vous-ai-appeles-a-heriter-de-ma-benediction\\\/#breadcrumb\",\"itemListElement\":[{\"@type\":\"ListItem\",\"position\":1,\"name\":\"Accueil\",\"item\":\"https:\\\/\\\/fatherheartfrance.com\\\/\"},{\"@type\":\"ListItem\",\"position\":2,\"name\":\"Je vous ai appel\u00e9s \u00e0 h\u00e9riter de ma b\u00e9n\u00e9diction.\"}]},{\"@type\":\"WebSite\",\"@id\":\"https:\\\/\\\/fatherheartfrance.com\\\/#website\",\"url\":\"https:\\\/\\\/fatherheartfrance.com\\\/\",\"name\":\"Fatherheart - France\",\"description\":\"Amour du P\u00e8re\",\"publisher\":{\"@id\":\"https:\\\/\\\/fatherheartfrance.com\\\/#organization\"},\"potentialAction\":[{\"@type\":\"SearchAction\",\"target\":{\"@type\":\"EntryPoint\",\"urlTemplate\":\"https:\\\/\\\/fatherheartfrance.com\\\/?s={search_term_string}\"},\"query-input\":{\"@type\":\"PropertyValueSpecification\",\"valueRequired\":true,\"valueName\":\"search_term_string\"}}],\"inLanguage\":\"fr-FR\"},{\"@type\":\"Organization\",\"@id\":\"https:\\\/\\\/fatherheartfrance.com\\\/#organization\",\"name\":\"fatherheartfrance\",\"url\":\"https:\\\/\\\/fatherheartfrance.com\\\/\",\"logo\":{\"@type\":\"ImageObject\",\"inLanguage\":\"fr-FR\",\"@id\":\"https:\\\/\\\/fatherheartfrance.com\\\/#\\\/schema\\\/logo\\\/image\\\/\",\"url\":\"https:\\\/\\\/fatherheartfrance.com\\\/wp-content\\\/uploads\\\/2017\\\/02\\\/logo-3-e1488034589841.png\",\"contentUrl\":\"https:\\\/\\\/fatherheartfrance.com\\\/wp-content\\\/uploads\\\/2017\\\/02\\\/logo-3-e1488034589841.png\",\"width\":300,\"height\":82,\"caption\":\"fatherheartfrance\"},\"image\":{\"@id\":\"https:\\\/\\\/fatherheartfrance.com\\\/#\\\/schema\\\/logo\\\/image\\\/\"},\"sameAs\":[\"https:\\\/\\\/www.facebook.com\\\/ContactFHF\\\/\"]},{\"@type\":\"Person\",\"@id\":\"https:\\\/\\\/fatherheartfrance.com\\\/#\\\/schema\\\/person\\\/a980675cd50a6bb00fc1a61b57ba7420\",\"name\":\"Fr\u00e9d\u00e9ric C\",\"image\":{\"@type\":\"ImageObject\",\"inLanguage\":\"fr-FR\",\"@id\":\"https:\\\/\\\/secure.gravatar.com\\\/avatar\\\/f847814b88f468c211776e97f3b93c066195167c83d3e8cb7e6ca0612f3757a8?s=96&d=mm&r=g\",\"url\":\"https:\\\/\\\/secure.gravatar.com\\\/avatar\\\/f847814b88f468c211776e97f3b93c066195167c83d3e8cb7e6ca0612f3757a8?s=96&d=mm&r=g\",\"contentUrl\":\"https:\\\/\\\/secure.gravatar.com\\\/avatar\\\/f847814b88f468c211776e97f3b93c066195167c83d3e8cb7e6ca0612f3757a8?s=96&d=mm&r=g\",\"caption\":\"Fr\u00e9d\u00e9ric C\"},\"url\":\"https:\\\/\\\/fatherheartfrance.com\\\/index.php\\\/author\\\/frederic\\\/\"}]}<\/script>\n<!-- \/ Yoast SEO plugin. -->","yoast_head_json":{"title":"Je vous ai appel\u00e9s \u00e0 h\u00e9riter de ma b\u00e9n\u00e9diction. - Fatherheart - France","robots":{"index":"index","follow":"follow","max-snippet":"max-snippet:-1","max-image-preview":"max-image-preview:large","max-video-preview":"max-video-preview:-1"},"canonical":"https:\/\/fatherheartfrance.com\/index.php\/2023\/03\/18\/je-vous-ai-appeles-a-heriter-de-ma-benediction\/","og_locale":"fr_FR","og_type":"article","og_title":"Je vous ai appel\u00e9s \u00e0 h\u00e9riter de ma b\u00e9n\u00e9diction. - Fatherheart - France","og_description":"1 Pierre 3:9 (LSG)Ne rendez point mal pour mal, ou injure pour injure; b\u00e9nissez, au contraire, car c&rsquo;est \u00e0 cela que vous avez \u00e9t\u00e9 appel\u00e9s, afin d&rsquo;h\u00e9riter la b\u00e9n\u00e9diction. Dans ce passage de l&rsquo;\u00c9criture, l&rsquo;ap\u00f4tre Pierre nous encourage \u00e0 ne pas rendre le mal pour le mal, mais plut\u00f4t \u00e0 \u00eatre une b\u00e9n\u00e9diction. Si nous Lire plus ...","og_url":"https:\/\/fatherheartfrance.com\/index.php\/2023\/03\/18\/je-vous-ai-appeles-a-heriter-de-ma-benediction\/","og_site_name":"Fatherheart - France","article_publisher":"https:\/\/www.facebook.com\/ContactFHF\/","article_published_time":"2023-03-18T06:26:38+00:00","article_modified_time":"2023-03-18T06:26:40+00:00","og_image":[{"width":1920,"height":519,"url":"https:\/\/fatherheartfrance.com\/wp-content\/uploads\/2022\/06\/creux-du-van-ge6f0c592f_1920.jpg","type":"image\/jpeg"}],"author":"Fr\u00e9d\u00e9ric C","twitter_card":"summary_large_image","twitter_misc":{"\u00c9crit par":"Fr\u00e9d\u00e9ric C","Dur\u00e9e de lecture estim\u00e9e":"2 minutes"},"schema":{"@context":"https:\/\/schema.org","@graph":[{"@type":"Article","@id":"https:\/\/fatherheartfrance.com\/index.php\/2023\/03\/18\/je-vous-ai-appeles-a-heriter-de-ma-benediction\/#article","isPartOf":{"@id":"https:\/\/fatherheartfrance.com\/index.php\/2023\/03\/18\/je-vous-ai-appeles-a-heriter-de-ma-benediction\/"},"author":{"name":"Fr\u00e9d\u00e9ric C","@id":"https:\/\/fatherheartfrance.com\/#\/schema\/person\/a980675cd50a6bb00fc1a61b57ba7420"},"headline":"Je vous ai appel\u00e9s \u00e0 h\u00e9riter de ma b\u00e9n\u00e9diction.","datePublished":"2023-03-18T06:26:38+00:00","dateModified":"2023-03-18T06:26:40+00:00","mainEntityOfPage":{"@id":"https:\/\/fatherheartfrance.com\/index.php\/2023\/03\/18\/je-vous-ai-appeles-a-heriter-de-ma-benediction\/"},"wordCount":326,"commentCount":0,"publisher":{"@id":"https:\/\/fatherheartfrance.com\/#organization"},"image":{"@id":"https:\/\/fatherheartfrance.com\/index.php\/2023\/03\/18\/je-vous-ai-appeles-a-heriter-de-ma-benediction\/#primaryimage"},"thumbnailUrl":"https:\/\/fatherheartfrance.com\/wp-content\/uploads\/2022\/06\/creux-du-van-ge6f0c592f_1920.jpg","inLanguage":"fr-FR","potentialAction":[{"@type":"CommentAction","name":"Comment","target":["https:\/\/fatherheartfrance.com\/index.php\/2023\/03\/18\/je-vous-ai-appeles-a-heriter-de-ma-benediction\/#respond"]}]},{"@type":"WebPage","@id":"https:\/\/fatherheartfrance.com\/index.php\/2023\/03\/18\/je-vous-ai-appeles-a-heriter-de-ma-benediction\/","url":"https:\/\/fatherheartfrance.com\/index.php\/2023\/03\/18\/je-vous-ai-appeles-a-heriter-de-ma-benediction\/","name":"Je vous ai appel\u00e9s \u00e0 h\u00e9riter de ma b\u00e9n\u00e9diction. - Fatherheart - France","isPartOf":{"@id":"https:\/\/fatherheartfrance.com\/#website"},"primaryImageOfPage":{"@id":"https:\/\/fatherheartfrance.com\/index.php\/2023\/03\/18\/je-vous-ai-appeles-a-heriter-de-ma-benediction\/#primaryimage"},"image":{"@id":"https:\/\/fatherheartfrance.com\/index.php\/2023\/03\/18\/je-vous-ai-appeles-a-heriter-de-ma-benediction\/#primaryimage"},"thumbnailUrl":"https:\/\/fatherheartfrance.com\/wp-content\/uploads\/2022\/06\/creux-du-van-ge6f0c592f_1920.jpg","datePublished":"2023-03-18T06:26:38+00:00","dateModified":"2023-03-18T06:26:40+00:00","breadcrumb":{"@id":"https:\/\/fatherheartfrance.com\/index.php\/2023\/03\/18\/je-vous-ai-appeles-a-heriter-de-ma-benediction\/#breadcrumb"},"inLanguage":"fr-FR","potentialAction":[{"@type":"ReadAction","target":["https:\/\/fatherheartfrance.com\/index.php\/2023\/03\/18\/je-vous-ai-appeles-a-heriter-de-ma-benediction\/"]}]},{"@type":"ImageObject","inLanguage":"fr-FR","@id":"https:\/\/fatherheartfrance.com\/index.php\/2023\/03\/18\/je-vous-ai-appeles-a-heriter-de-ma-benediction\/#primaryimage","url":"https:\/\/fatherheartfrance.com\/wp-content\/uploads\/2022\/06\/creux-du-van-ge6f0c592f_1920.jpg","contentUrl":"https:\/\/fatherheartfrance.com\/wp-content\/uploads\/2022\/06\/creux-du-van-ge6f0c592f_1920.jpg","width":1920,"height":519,"caption":"creux-du-van-Fatherheart-France"},{"@type":"BreadcrumbList","@id":"https:\/\/fatherheartfrance.com\/index.php\/2023\/03\/18\/je-vous-ai-appeles-a-heriter-de-ma-benediction\/#breadcrumb","itemListElement":[{"@type":"ListItem","position":1,"name":"Accueil","item":"https:\/\/fatherheartfrance.com\/"},{"@type":"ListItem","position":2,"name":"Je vous ai appel\u00e9s \u00e0 h\u00e9riter de ma b\u00e9n\u00e9diction."}]},{"@type":"WebSite","@id":"https:\/\/fatherheartfrance.com\/#website","url":"https:\/\/fatherheartfrance.com\/","name":"Fatherheart - France","description":"Amour du P\u00e8re","publisher":{"@id":"https:\/\/fatherheartfrance.com\/#organization"},"potentialAction":[{"@type":"SearchAction","target":{"@type":"EntryPoint","urlTemplate":"https:\/\/fatherheartfrance.com\/?s={search_term_string}"},"query-input":{"@type":"PropertyValueSpecification","valueRequired":true,"valueName":"search_term_string"}}],"inLanguage":"fr-FR"},{"@type":"Organization","@id":"https:\/\/fatherheartfrance.com\/#organization","name":"fatherheartfrance","url":"https:\/\/fatherheartfrance.com\/","logo":{"@type":"ImageObject","inLanguage":"fr-FR","@id":"https:\/\/fatherheartfrance.com\/#\/schema\/logo\/image\/","url":"https:\/\/fatherheartfrance.com\/wp-content\/uploads\/2017\/02\/logo-3-e1488034589841.png","contentUrl":"https:\/\/fatherheartfrance.com\/wp-content\/uploads\/2017\/02\/logo-3-e1488034589841.png","width":300,"height":82,"caption":"fatherheartfrance"},"image":{"@id":"https:\/\/fatherheartfrance.com\/#\/schema\/logo\/image\/"},"sameAs":["https:\/\/www.facebook.com\/ContactFHF\/"]},{"@type":"Person","@id":"https:\/\/fatherheartfrance.com\/#\/schema\/person\/a980675cd50a6bb00fc1a61b57ba7420","name":"Fr\u00e9d\u00e9ric C","image":{"@type":"ImageObject","inLanguage":"fr-FR","@id":"https:\/\/secure.gravatar.com\/avatar\/f847814b88f468c211776e97f3b93c066195167c83d3e8cb7e6ca0612f3757a8?s=96&d=mm&r=g","url":"https:\/\/secure.gravatar.com\/avatar\/f847814b88f468c211776e97f3b93c066195167c83d3e8cb7e6ca0612f3757a8?s=96&d=mm&r=g","contentUrl":"https:\/\/secure.gravatar.com\/avatar\/f847814b88f468c211776e97f3b93c066195167c83d3e8cb7e6ca0612f3757a8?s=96&d=mm&r=g","caption":"Fr\u00e9d\u00e9ric C"},"url":"https:\/\/fatherheartfrance.com\/index.php\/author\/frederic\/"}]}},"_links":{"self":[{"href":"https:\/\/fatherheartfrance.com\/index.php\/wp-json\/wp\/v2\/posts\/1950","targetHints":{"allow":["GET"]}}],"collection":[{"href":"https:\/\/fatherheartfrance.com\/index.php\/wp-json\/wp\/v2\/posts"}],"about":[{"href":"https:\/\/fatherheartfrance.com\/index.php\/wp-json\/wp\/v2\/types\/post"}],"author":[{"embeddable":true,"href":"https:\/\/fatherheartfrance.com\/index.php\/wp-json\/wp\/v2\/users\/3"}],"replies":[{"embeddable":true,"href":"https:\/\/fatherheartfrance.com\/index.php\/wp-json\/wp\/v2\/comments?post=1950"}],"version-history":[{"count":1,"href":"https:\/\/fatherheartfrance.com\/index.php\/wp-json\/wp\/v2\/posts\/1950\/revisions"}],"predecessor-version":[{"id":1951,"href":"https:\/\/fatherheartfrance.com\/index.php\/wp-json\/wp\/v2\/posts\/1950\/revisions\/1951"}],"wp:featuredmedia":[{"embeddable":true,"href":"https:\/\/fatherheartfrance.com\/index.php\/wp-json\/wp\/v2\/media\/1858"}],"wp:attachment":[{"href":"https:\/\/fatherheartfrance.com\/index.php\/wp-json\/wp\/v2\/media?parent=1950"}],"wp:term":[{"taxonomy":"category","embeddable":true,"href":"https:\/\/fatherheartfrance.com\/index.php\/wp-json\/wp\/v2\/categories?post=1950"},{"taxonomy":"post_tag","embeddable":true,"href":"https:\/\/fatherheartfrance.com\/index.php\/wp-json\/wp\/v2\/tags?post=1950"}],"curies":[{"name":"wp","href":"https:\/\/api.w.org\/{rel}","templated":true}]}}