{"id":1944,"date":"2023-03-04T12:02:58","date_gmt":"2023-03-04T11:02:58","guid":{"rendered":"https:\/\/fatherheartfrance.com\/?p=1944"},"modified":"2023-03-04T12:02:59","modified_gmt":"2023-03-04T11:02:59","slug":"mes-pensees-a-ton-egard-sont-plus-nombreuses-que-le-sable-sur-le-rivage-de-la-mer","status":"publish","type":"post","link":"https:\/\/fatherheartfrance.com\/index.php\/2023\/03\/04\/mes-pensees-a-ton-egard-sont-plus-nombreuses-que-le-sable-sur-le-rivage-de-la-mer\/","title":{"rendered":"Mes pens\u00e9es \u00e0 ton \u00e9gard sont plus nombreuses que le sable sur le rivage de la mer"},"content":{"rendered":"\n<p class=\"wp-block-paragraph\"><\/p>\n\n\n\n<p class=\"wp-block-paragraph\"><em>Psaume 139:17-18 (LSG) Que tes pens\u00e9es, \u00f4 Dieu, me semblent imp\u00e9n\u00e9trables! Que le nombre en est grand! Si je les compte, elles sont plus nombreuses que les grains de sable. Je m&rsquo;\u00e9veille, et je suis encore avec toi.<\/em><\/p>\n\n\n\n<p class=\"wp-block-paragraph\">Avez-vous d\u00e9j\u00e0 essay\u00e9 de compter le nombre de grains de sable qu&rsquo;il y a sur un bord de mer ? Bien qu&rsquo;il soit techniquement possible de le faire, ce doit cependant \u00eatre tr\u00e8s proche du domaine de l&rsquo;impossible ! Il y a tout simplement trop de sable pour que l&rsquo;on puisse m\u00eame commencer \u00e0 compter.<\/p>\n\n\n\n<p class=\"wp-block-paragraph\">Le roi David d\u00e9clare que les pens\u00e9es de Dieu \u00e0 son \u00e9gard sont litt\u00e9ralement plus nombreuses que les grains de sable du bord de mer. En gros, ce que David voulait dire, c&rsquo;est que Dieu pense continuellement \u00e0 lui ! Sans arr\u00eat\u2026 tout le temps !<\/p>\n\n\n\n<p class=\"wp-block-paragraph\">Si nous essayons de saisir cette promesse avec notre compr\u00e9hension humaine, nous allons certainement disjoncter car il ne semble pas possible que Dieu pense constamment \u00e0 nous. Nous pouvons \u00eatre v\u00e9ritablement reconnaissant que notre P\u00e8re c\u00e9leste ne soit pas limit\u00e9 \u00e0 nos propres limites humaines ! La v\u00e9rit\u00e9 est qu&rsquo;Il peut faire ce qu&rsquo;Il veut, de la mani\u00e8re qu&rsquo;Il veut.<\/p>\n\n\n\n<p class=\"wp-block-paragraph\">Que chacun d&rsquo;entre nous aujourd&rsquo;hui devienne toujours plus conscient de l&rsquo;ardent d\u00e9sir de notre P\u00e8re pour nous. Il pense \u00e0 toi MAINTENANT ! Et tout de suite, et encore tout de suite ! N&rsquo;est-ce pas incroyable ?! Le Dieu de l&rsquo;univers ne peut s&#8217;emp\u00eacher de penser \u00e0 vous et \u00e0 moi ! Puisse cette v\u00e9rit\u00e9 qui change la vie s&rsquo;enfoncer profond\u00e9ment dans les profondeurs de notre c\u0153ur et nous transformer de plus en plus \u00e0 l&rsquo;int\u00e9rieur.<\/p>\n\n\n\n<p class=\"has-text-align-right has-extra-small-font-size wp-block-paragraph\">247<\/p>\n","protected":false},"excerpt":{"rendered":"<p>Psaume 139:17-18 (LSG) Que tes pens\u00e9es, \u00f4 Dieu, me semblent imp\u00e9n\u00e9trables! Que le nombre en est grand! Si je les compte, elles sont plus nombreuses que les grains de sable. Je m&rsquo;\u00e9veille, et je suis encore avec toi. Avez-vous d\u00e9j\u00e0 essay\u00e9 de compter le nombre de grains de sable qu&rsquo;il y a sur un bord <a class=\"more-link\" href=\"https:\/\/fatherheartfrance.com\/index.php\/2023\/03\/04\/mes-pensees-a-ton-egard-sont-plus-nombreuses-que-le-sable-sur-le-rivage-de-la-mer\/\">Lire plus &#8230;<\/a><\/p>\n","protected":false},"author":3,"featured_media":1945,"comment_status":"open","ping_status":"open","sticky":false,"template":"","format":"standard","meta":{"_crdt_document":"","_exactmetrics_skip_tracking":false,"_exactmetrics_sitenote_active":false,"_exactmetrics_sitenote_note":"","_exactmetrics_sitenote_category":0,"footnotes":""},"categories":[1],"tags":[],"class_list":["post-1944","post","type-post","status-publish","format-standard","has-post-thumbnail","hentry","category-non-classe"],"yoast_head":"<!-- This site is optimized with the Yoast SEO plugin v27.5 - https:\/\/yoast.com\/product\/yoast-seo-wordpress\/ -->\n<title>Mes pens\u00e9es \u00e0 ton \u00e9gard sont plus nombreuses que le sable sur le rivage de la mer - Fatherheart - France<\/title>\n<meta name=\"robots\" content=\"index, follow, max-snippet:-1, max-image-preview:large, max-video-preview:-1\" \/>\n<link rel=\"canonical\" href=\"https:\/\/fatherheartfrance.com\/index.php\/2023\/03\/04\/mes-pensees-a-ton-egard-sont-plus-nombreuses-que-le-sable-sur-le-rivage-de-la-mer\/\" \/>\n<meta property=\"og:locale\" content=\"fr_FR\" \/>\n<meta property=\"og:type\" content=\"article\" \/>\n<meta property=\"og:title\" content=\"Mes pens\u00e9es \u00e0 ton \u00e9gard sont plus nombreuses que le sable sur le rivage de la mer - Fatherheart - France\" \/>\n<meta property=\"og:description\" content=\"Psaume 139:17-18 (LSG) Que tes pens\u00e9es, \u00f4 Dieu, me semblent imp\u00e9n\u00e9trables! Que le nombre en est grand! Si je les compte, elles sont plus nombreuses que les grains de sable. Je m&rsquo;\u00e9veille, et je suis encore avec toi. Avez-vous d\u00e9j\u00e0 essay\u00e9 de compter le nombre de grains de sable qu&rsquo;il y a sur un bord Lire plus ...\" \/>\n<meta property=\"og:url\" content=\"https:\/\/fatherheartfrance.com\/index.php\/2023\/03\/04\/mes-pensees-a-ton-egard-sont-plus-nombreuses-que-le-sable-sur-le-rivage-de-la-mer\/\" \/>\n<meta property=\"og:site_name\" content=\"Fatherheart - France\" \/>\n<meta property=\"article:publisher\" content=\"https:\/\/www.facebook.com\/ContactFHF\/\" \/>\n<meta property=\"article:published_time\" content=\"2023-03-04T11:02:58+00:00\" \/>\n<meta property=\"article:modified_time\" content=\"2023-03-04T11:02:59+00:00\" \/>\n<meta property=\"og:image\" content=\"https:\/\/fatherheartfrance.com\/wp-content\/uploads\/2023\/03\/desert-790640_1920.jpg\" \/>\n\t<meta property=\"og:image:width\" content=\"1920\" \/>\n\t<meta property=\"og:image:height\" content=\"1440\" \/>\n\t<meta property=\"og:image:type\" content=\"image\/jpeg\" \/>\n<meta name=\"author\" content=\"Fr\u00e9d\u00e9ric C\" \/>\n<meta name=\"twitter:card\" content=\"summary_large_image\" \/>\n<meta name=\"twitter:label1\" content=\"\u00c9crit par\" \/>\n\t<meta name=\"twitter:data1\" content=\"Fr\u00e9d\u00e9ric C\" \/>\n\t<meta name=\"twitter:label2\" content=\"Dur\u00e9e de lecture estim\u00e9e\" \/>\n\t<meta name=\"twitter:data2\" content=\"2 minutes\" \/>\n<script type=\"application\/ld+json\" class=\"yoast-schema-graph\">{\"@context\":\"https:\\\/\\\/schema.org\",\"@graph\":[{\"@type\":\"Article\",\"@id\":\"https:\\\/\\\/fatherheartfrance.com\\\/index.php\\\/2023\\\/03\\\/04\\\/mes-pensees-a-ton-egard-sont-plus-nombreuses-que-le-sable-sur-le-rivage-de-la-mer\\\/#article\",\"isPartOf\":{\"@id\":\"https:\\\/\\\/fatherheartfrance.com\\\/index.php\\\/2023\\\/03\\\/04\\\/mes-pensees-a-ton-egard-sont-plus-nombreuses-que-le-sable-sur-le-rivage-de-la-mer\\\/\"},\"author\":{\"name\":\"Fr\u00e9d\u00e9ric C\",\"@id\":\"https:\\\/\\\/fatherheartfrance.com\\\/#\\\/schema\\\/person\\\/a980675cd50a6bb00fc1a61b57ba7420\"},\"headline\":\"Mes pens\u00e9es \u00e0 ton \u00e9gard sont plus nombreuses que le sable sur le rivage de la mer\",\"datePublished\":\"2023-03-04T11:02:58+00:00\",\"dateModified\":\"2023-03-04T11:02:59+00:00\",\"mainEntityOfPage\":{\"@id\":\"https:\\\/\\\/fatherheartfrance.com\\\/index.php\\\/2023\\\/03\\\/04\\\/mes-pensees-a-ton-egard-sont-plus-nombreuses-que-le-sable-sur-le-rivage-de-la-mer\\\/\"},\"wordCount\":313,\"commentCount\":0,\"publisher\":{\"@id\":\"https:\\\/\\\/fatherheartfrance.com\\\/#organization\"},\"image\":{\"@id\":\"https:\\\/\\\/fatherheartfrance.com\\\/index.php\\\/2023\\\/03\\\/04\\\/mes-pensees-a-ton-egard-sont-plus-nombreuses-que-le-sable-sur-le-rivage-de-la-mer\\\/#primaryimage\"},\"thumbnailUrl\":\"https:\\\/\\\/fatherheartfrance.com\\\/wp-content\\\/uploads\\\/2023\\\/03\\\/desert-790640_1920.jpg\",\"inLanguage\":\"fr-FR\",\"potentialAction\":[{\"@type\":\"CommentAction\",\"name\":\"Comment\",\"target\":[\"https:\\\/\\\/fatherheartfrance.com\\\/index.php\\\/2023\\\/03\\\/04\\\/mes-pensees-a-ton-egard-sont-plus-nombreuses-que-le-sable-sur-le-rivage-de-la-mer\\\/#respond\"]}]},{\"@type\":\"WebPage\",\"@id\":\"https:\\\/\\\/fatherheartfrance.com\\\/index.php\\\/2023\\\/03\\\/04\\\/mes-pensees-a-ton-egard-sont-plus-nombreuses-que-le-sable-sur-le-rivage-de-la-mer\\\/\",\"url\":\"https:\\\/\\\/fatherheartfrance.com\\\/index.php\\\/2023\\\/03\\\/04\\\/mes-pensees-a-ton-egard-sont-plus-nombreuses-que-le-sable-sur-le-rivage-de-la-mer\\\/\",\"name\":\"Mes pens\u00e9es \u00e0 ton \u00e9gard sont plus nombreuses que le sable sur le rivage de la mer - Fatherheart - France\",\"isPartOf\":{\"@id\":\"https:\\\/\\\/fatherheartfrance.com\\\/#website\"},\"primaryImageOfPage\":{\"@id\":\"https:\\\/\\\/fatherheartfrance.com\\\/index.php\\\/2023\\\/03\\\/04\\\/mes-pensees-a-ton-egard-sont-plus-nombreuses-que-le-sable-sur-le-rivage-de-la-mer\\\/#primaryimage\"},\"image\":{\"@id\":\"https:\\\/\\\/fatherheartfrance.com\\\/index.php\\\/2023\\\/03\\\/04\\\/mes-pensees-a-ton-egard-sont-plus-nombreuses-que-le-sable-sur-le-rivage-de-la-mer\\\/#primaryimage\"},\"thumbnailUrl\":\"https:\\\/\\\/fatherheartfrance.com\\\/wp-content\\\/uploads\\\/2023\\\/03\\\/desert-790640_1920.jpg\",\"datePublished\":\"2023-03-04T11:02:58+00:00\",\"dateModified\":\"2023-03-04T11:02:59+00:00\",\"breadcrumb\":{\"@id\":\"https:\\\/\\\/fatherheartfrance.com\\\/index.php\\\/2023\\\/03\\\/04\\\/mes-pensees-a-ton-egard-sont-plus-nombreuses-que-le-sable-sur-le-rivage-de-la-mer\\\/#breadcrumb\"},\"inLanguage\":\"fr-FR\",\"potentialAction\":[{\"@type\":\"ReadAction\",\"target\":[\"https:\\\/\\\/fatherheartfrance.com\\\/index.php\\\/2023\\\/03\\\/04\\\/mes-pensees-a-ton-egard-sont-plus-nombreuses-que-le-sable-sur-le-rivage-de-la-mer\\\/\"]}]},{\"@type\":\"ImageObject\",\"inLanguage\":\"fr-FR\",\"@id\":\"https:\\\/\\\/fatherheartfrance.com\\\/index.php\\\/2023\\\/03\\\/04\\\/mes-pensees-a-ton-egard-sont-plus-nombreuses-que-le-sable-sur-le-rivage-de-la-mer\\\/#primaryimage\",\"url\":\"https:\\\/\\\/fatherheartfrance.com\\\/wp-content\\\/uploads\\\/2023\\\/03\\\/desert-790640_1920.jpg\",\"contentUrl\":\"https:\\\/\\\/fatherheartfrance.com\\\/wp-content\\\/uploads\\\/2023\\\/03\\\/desert-790640_1920.jpg\",\"width\":1920,\"height\":1440,\"caption\":\"desert-Fatherheart-France\"},{\"@type\":\"BreadcrumbList\",\"@id\":\"https:\\\/\\\/fatherheartfrance.com\\\/index.php\\\/2023\\\/03\\\/04\\\/mes-pensees-a-ton-egard-sont-plus-nombreuses-que-le-sable-sur-le-rivage-de-la-mer\\\/#breadcrumb\",\"itemListElement\":[{\"@type\":\"ListItem\",\"position\":1,\"name\":\"Accueil\",\"item\":\"https:\\\/\\\/fatherheartfrance.com\\\/\"},{\"@type\":\"ListItem\",\"position\":2,\"name\":\"Mes pens\u00e9es \u00e0 ton \u00e9gard sont plus nombreuses que le sable sur le rivage de la mer\"}]},{\"@type\":\"WebSite\",\"@id\":\"https:\\\/\\\/fatherheartfrance.com\\\/#website\",\"url\":\"https:\\\/\\\/fatherheartfrance.com\\\/\",\"name\":\"Fatherheart - France\",\"description\":\"Amour du P\u00e8re\",\"publisher\":{\"@id\":\"https:\\\/\\\/fatherheartfrance.com\\\/#organization\"},\"potentialAction\":[{\"@type\":\"SearchAction\",\"target\":{\"@type\":\"EntryPoint\",\"urlTemplate\":\"https:\\\/\\\/fatherheartfrance.com\\\/?s={search_term_string}\"},\"query-input\":{\"@type\":\"PropertyValueSpecification\",\"valueRequired\":true,\"valueName\":\"search_term_string\"}}],\"inLanguage\":\"fr-FR\"},{\"@type\":\"Organization\",\"@id\":\"https:\\\/\\\/fatherheartfrance.com\\\/#organization\",\"name\":\"fatherheartfrance\",\"url\":\"https:\\\/\\\/fatherheartfrance.com\\\/\",\"logo\":{\"@type\":\"ImageObject\",\"inLanguage\":\"fr-FR\",\"@id\":\"https:\\\/\\\/fatherheartfrance.com\\\/#\\\/schema\\\/logo\\\/image\\\/\",\"url\":\"https:\\\/\\\/fatherheartfrance.com\\\/wp-content\\\/uploads\\\/2017\\\/02\\\/logo-3-e1488034589841.png\",\"contentUrl\":\"https:\\\/\\\/fatherheartfrance.com\\\/wp-content\\\/uploads\\\/2017\\\/02\\\/logo-3-e1488034589841.png\",\"width\":300,\"height\":82,\"caption\":\"fatherheartfrance\"},\"image\":{\"@id\":\"https:\\\/\\\/fatherheartfrance.com\\\/#\\\/schema\\\/logo\\\/image\\\/\"},\"sameAs\":[\"https:\\\/\\\/www.facebook.com\\\/ContactFHF\\\/\"]},{\"@type\":\"Person\",\"@id\":\"https:\\\/\\\/fatherheartfrance.com\\\/#\\\/schema\\\/person\\\/a980675cd50a6bb00fc1a61b57ba7420\",\"name\":\"Fr\u00e9d\u00e9ric C\",\"image\":{\"@type\":\"ImageObject\",\"inLanguage\":\"fr-FR\",\"@id\":\"https:\\\/\\\/secure.gravatar.com\\\/avatar\\\/f847814b88f468c211776e97f3b93c066195167c83d3e8cb7e6ca0612f3757a8?s=96&d=mm&r=g\",\"url\":\"https:\\\/\\\/secure.gravatar.com\\\/avatar\\\/f847814b88f468c211776e97f3b93c066195167c83d3e8cb7e6ca0612f3757a8?s=96&d=mm&r=g\",\"contentUrl\":\"https:\\\/\\\/secure.gravatar.com\\\/avatar\\\/f847814b88f468c211776e97f3b93c066195167c83d3e8cb7e6ca0612f3757a8?s=96&d=mm&r=g\",\"caption\":\"Fr\u00e9d\u00e9ric C\"},\"url\":\"https:\\\/\\\/fatherheartfrance.com\\\/index.php\\\/author\\\/frederic\\\/\"}]}<\/script>\n<!-- \/ Yoast SEO plugin. -->","yoast_head_json":{"title":"Mes pens\u00e9es \u00e0 ton \u00e9gard sont plus nombreuses que le sable sur le rivage de la mer - Fatherheart - France","robots":{"index":"index","follow":"follow","max-snippet":"max-snippet:-1","max-image-preview":"max-image-preview:large","max-video-preview":"max-video-preview:-1"},"canonical":"https:\/\/fatherheartfrance.com\/index.php\/2023\/03\/04\/mes-pensees-a-ton-egard-sont-plus-nombreuses-que-le-sable-sur-le-rivage-de-la-mer\/","og_locale":"fr_FR","og_type":"article","og_title":"Mes pens\u00e9es \u00e0 ton \u00e9gard sont plus nombreuses que le sable sur le rivage de la mer - Fatherheart - France","og_description":"Psaume 139:17-18 (LSG) Que tes pens\u00e9es, \u00f4 Dieu, me semblent imp\u00e9n\u00e9trables! Que le nombre en est grand! Si je les compte, elles sont plus nombreuses que les grains de sable. Je m&rsquo;\u00e9veille, et je suis encore avec toi. Avez-vous d\u00e9j\u00e0 essay\u00e9 de compter le nombre de grains de sable qu&rsquo;il y a sur un bord Lire plus ...","og_url":"https:\/\/fatherheartfrance.com\/index.php\/2023\/03\/04\/mes-pensees-a-ton-egard-sont-plus-nombreuses-que-le-sable-sur-le-rivage-de-la-mer\/","og_site_name":"Fatherheart - France","article_publisher":"https:\/\/www.facebook.com\/ContactFHF\/","article_published_time":"2023-03-04T11:02:58+00:00","article_modified_time":"2023-03-04T11:02:59+00:00","og_image":[{"width":1920,"height":1440,"url":"https:\/\/fatherheartfrance.com\/wp-content\/uploads\/2023\/03\/desert-790640_1920.jpg","type":"image\/jpeg"}],"author":"Fr\u00e9d\u00e9ric C","twitter_card":"summary_large_image","twitter_misc":{"\u00c9crit par":"Fr\u00e9d\u00e9ric C","Dur\u00e9e de lecture estim\u00e9e":"2 minutes"},"schema":{"@context":"https:\/\/schema.org","@graph":[{"@type":"Article","@id":"https:\/\/fatherheartfrance.com\/index.php\/2023\/03\/04\/mes-pensees-a-ton-egard-sont-plus-nombreuses-que-le-sable-sur-le-rivage-de-la-mer\/#article","isPartOf":{"@id":"https:\/\/fatherheartfrance.com\/index.php\/2023\/03\/04\/mes-pensees-a-ton-egard-sont-plus-nombreuses-que-le-sable-sur-le-rivage-de-la-mer\/"},"author":{"name":"Fr\u00e9d\u00e9ric C","@id":"https:\/\/fatherheartfrance.com\/#\/schema\/person\/a980675cd50a6bb00fc1a61b57ba7420"},"headline":"Mes pens\u00e9es \u00e0 ton \u00e9gard sont plus nombreuses que le sable sur le rivage de la mer","datePublished":"2023-03-04T11:02:58+00:00","dateModified":"2023-03-04T11:02:59+00:00","mainEntityOfPage":{"@id":"https:\/\/fatherheartfrance.com\/index.php\/2023\/03\/04\/mes-pensees-a-ton-egard-sont-plus-nombreuses-que-le-sable-sur-le-rivage-de-la-mer\/"},"wordCount":313,"commentCount":0,"publisher":{"@id":"https:\/\/fatherheartfrance.com\/#organization"},"image":{"@id":"https:\/\/fatherheartfrance.com\/index.php\/2023\/03\/04\/mes-pensees-a-ton-egard-sont-plus-nombreuses-que-le-sable-sur-le-rivage-de-la-mer\/#primaryimage"},"thumbnailUrl":"https:\/\/fatherheartfrance.com\/wp-content\/uploads\/2023\/03\/desert-790640_1920.jpg","inLanguage":"fr-FR","potentialAction":[{"@type":"CommentAction","name":"Comment","target":["https:\/\/fatherheartfrance.com\/index.php\/2023\/03\/04\/mes-pensees-a-ton-egard-sont-plus-nombreuses-que-le-sable-sur-le-rivage-de-la-mer\/#respond"]}]},{"@type":"WebPage","@id":"https:\/\/fatherheartfrance.com\/index.php\/2023\/03\/04\/mes-pensees-a-ton-egard-sont-plus-nombreuses-que-le-sable-sur-le-rivage-de-la-mer\/","url":"https:\/\/fatherheartfrance.com\/index.php\/2023\/03\/04\/mes-pensees-a-ton-egard-sont-plus-nombreuses-que-le-sable-sur-le-rivage-de-la-mer\/","name":"Mes pens\u00e9es \u00e0 ton \u00e9gard sont plus nombreuses que le sable sur le rivage de la mer - Fatherheart - France","isPartOf":{"@id":"https:\/\/fatherheartfrance.com\/#website"},"primaryImageOfPage":{"@id":"https:\/\/fatherheartfrance.com\/index.php\/2023\/03\/04\/mes-pensees-a-ton-egard-sont-plus-nombreuses-que-le-sable-sur-le-rivage-de-la-mer\/#primaryimage"},"image":{"@id":"https:\/\/fatherheartfrance.com\/index.php\/2023\/03\/04\/mes-pensees-a-ton-egard-sont-plus-nombreuses-que-le-sable-sur-le-rivage-de-la-mer\/#primaryimage"},"thumbnailUrl":"https:\/\/fatherheartfrance.com\/wp-content\/uploads\/2023\/03\/desert-790640_1920.jpg","datePublished":"2023-03-04T11:02:58+00:00","dateModified":"2023-03-04T11:02:59+00:00","breadcrumb":{"@id":"https:\/\/fatherheartfrance.com\/index.php\/2023\/03\/04\/mes-pensees-a-ton-egard-sont-plus-nombreuses-que-le-sable-sur-le-rivage-de-la-mer\/#breadcrumb"},"inLanguage":"fr-FR","potentialAction":[{"@type":"ReadAction","target":["https:\/\/fatherheartfrance.com\/index.php\/2023\/03\/04\/mes-pensees-a-ton-egard-sont-plus-nombreuses-que-le-sable-sur-le-rivage-de-la-mer\/"]}]},{"@type":"ImageObject","inLanguage":"fr-FR","@id":"https:\/\/fatherheartfrance.com\/index.php\/2023\/03\/04\/mes-pensees-a-ton-egard-sont-plus-nombreuses-que-le-sable-sur-le-rivage-de-la-mer\/#primaryimage","url":"https:\/\/fatherheartfrance.com\/wp-content\/uploads\/2023\/03\/desert-790640_1920.jpg","contentUrl":"https:\/\/fatherheartfrance.com\/wp-content\/uploads\/2023\/03\/desert-790640_1920.jpg","width":1920,"height":1440,"caption":"desert-Fatherheart-France"},{"@type":"BreadcrumbList","@id":"https:\/\/fatherheartfrance.com\/index.php\/2023\/03\/04\/mes-pensees-a-ton-egard-sont-plus-nombreuses-que-le-sable-sur-le-rivage-de-la-mer\/#breadcrumb","itemListElement":[{"@type":"ListItem","position":1,"name":"Accueil","item":"https:\/\/fatherheartfrance.com\/"},{"@type":"ListItem","position":2,"name":"Mes pens\u00e9es \u00e0 ton \u00e9gard sont plus nombreuses que le sable sur le rivage de la mer"}]},{"@type":"WebSite","@id":"https:\/\/fatherheartfrance.com\/#website","url":"https:\/\/fatherheartfrance.com\/","name":"Fatherheart - France","description":"Amour du P\u00e8re","publisher":{"@id":"https:\/\/fatherheartfrance.com\/#organization"},"potentialAction":[{"@type":"SearchAction","target":{"@type":"EntryPoint","urlTemplate":"https:\/\/fatherheartfrance.com\/?s={search_term_string}"},"query-input":{"@type":"PropertyValueSpecification","valueRequired":true,"valueName":"search_term_string"}}],"inLanguage":"fr-FR"},{"@type":"Organization","@id":"https:\/\/fatherheartfrance.com\/#organization","name":"fatherheartfrance","url":"https:\/\/fatherheartfrance.com\/","logo":{"@type":"ImageObject","inLanguage":"fr-FR","@id":"https:\/\/fatherheartfrance.com\/#\/schema\/logo\/image\/","url":"https:\/\/fatherheartfrance.com\/wp-content\/uploads\/2017\/02\/logo-3-e1488034589841.png","contentUrl":"https:\/\/fatherheartfrance.com\/wp-content\/uploads\/2017\/02\/logo-3-e1488034589841.png","width":300,"height":82,"caption":"fatherheartfrance"},"image":{"@id":"https:\/\/fatherheartfrance.com\/#\/schema\/logo\/image\/"},"sameAs":["https:\/\/www.facebook.com\/ContactFHF\/"]},{"@type":"Person","@id":"https:\/\/fatherheartfrance.com\/#\/schema\/person\/a980675cd50a6bb00fc1a61b57ba7420","name":"Fr\u00e9d\u00e9ric C","image":{"@type":"ImageObject","inLanguage":"fr-FR","@id":"https:\/\/secure.gravatar.com\/avatar\/f847814b88f468c211776e97f3b93c066195167c83d3e8cb7e6ca0612f3757a8?s=96&d=mm&r=g","url":"https:\/\/secure.gravatar.com\/avatar\/f847814b88f468c211776e97f3b93c066195167c83d3e8cb7e6ca0612f3757a8?s=96&d=mm&r=g","contentUrl":"https:\/\/secure.gravatar.com\/avatar\/f847814b88f468c211776e97f3b93c066195167c83d3e8cb7e6ca0612f3757a8?s=96&d=mm&r=g","caption":"Fr\u00e9d\u00e9ric C"},"url":"https:\/\/fatherheartfrance.com\/index.php\/author\/frederic\/"}]}},"_links":{"self":[{"href":"https:\/\/fatherheartfrance.com\/index.php\/wp-json\/wp\/v2\/posts\/1944","targetHints":{"allow":["GET"]}}],"collection":[{"href":"https:\/\/fatherheartfrance.com\/index.php\/wp-json\/wp\/v2\/posts"}],"about":[{"href":"https:\/\/fatherheartfrance.com\/index.php\/wp-json\/wp\/v2\/types\/post"}],"author":[{"embeddable":true,"href":"https:\/\/fatherheartfrance.com\/index.php\/wp-json\/wp\/v2\/users\/3"}],"replies":[{"embeddable":true,"href":"https:\/\/fatherheartfrance.com\/index.php\/wp-json\/wp\/v2\/comments?post=1944"}],"version-history":[{"count":1,"href":"https:\/\/fatherheartfrance.com\/index.php\/wp-json\/wp\/v2\/posts\/1944\/revisions"}],"predecessor-version":[{"id":1947,"href":"https:\/\/fatherheartfrance.com\/index.php\/wp-json\/wp\/v2\/posts\/1944\/revisions\/1947"}],"wp:featuredmedia":[{"embeddable":true,"href":"https:\/\/fatherheartfrance.com\/index.php\/wp-json\/wp\/v2\/media\/1945"}],"wp:attachment":[{"href":"https:\/\/fatherheartfrance.com\/index.php\/wp-json\/wp\/v2\/media?parent=1944"}],"wp:term":[{"taxonomy":"category","embeddable":true,"href":"https:\/\/fatherheartfrance.com\/index.php\/wp-json\/wp\/v2\/categories?post=1944"},{"taxonomy":"post_tag","embeddable":true,"href":"https:\/\/fatherheartfrance.com\/index.php\/wp-json\/wp\/v2\/tags?post=1944"}],"curies":[{"name":"wp","href":"https:\/\/api.w.org\/{rel}","templated":true}]}}