{"id":1938,"date":"2023-02-18T08:56:16","date_gmt":"2023-02-18T07:56:16","guid":{"rendered":"https:\/\/fatherheartfrance.com\/?p=1938"},"modified":"2023-02-18T08:56:18","modified_gmt":"2023-02-18T07:56:18","slug":"si-vous-etes-deux-a-vous-mettre-daccord-dans-la-priere-je-ferai-tout-ce-que-vous-demanderez","status":"publish","type":"post","link":"https:\/\/fatherheartfrance.com\/index.php\/2023\/02\/18\/si-vous-etes-deux-a-vous-mettre-daccord-dans-la-priere-je-ferai-tout-ce-que-vous-demanderez\/","title":{"rendered":"Si vous \u00eates deux \u00e0 vous mettre d&rsquo;accord dans la pri\u00e8re, je ferai tout ce que vous demanderez"},"content":{"rendered":"\n<p class=\"wp-block-paragraph\"><\/p>\n\n\n\n<p class=\"wp-block-paragraph\"><em>Matthieu 18:19 (BDS) J\u2019ajoute que si deux d\u2019entre vous se mettent d\u2019accord ici-bas au sujet d\u2019un probl\u00e8me pour l\u2019exposer \u00e0 mon P\u00e8re c\u00e9leste, il les exaucera.<\/em><\/p>\n\n\n\n<p class=\"wp-block-paragraph\">Dans ce verset, J\u00e9sus s&rsquo;adresse \u00e0 ses disciples et les encourage sur la mani\u00e8re de prier. Dans le verset pr\u00e9c\u00e9dent, il leur dit que tout ce qu&rsquo;ils lient sur la terre sera li\u00e9 dans le ciel et que tout ce qu&rsquo;ils d\u00e9lient sur la terre sera d\u00e9li\u00e9 dans le ciel.<\/p>\n\n\n\n<p class=\"wp-block-paragraph\">Comment les disciples ont r\u00e9agi aux d\u00e9clarations de J\u00e9sus. Apr\u00e8s tout, ils n&rsquo;\u00e9taient que des p\u00eacheurs et des gens du peuple, et pourtant, J\u00e9sus leur a fait comprendre qu&rsquo;ils avaient une \u00e9coute avec le Cr\u00e9ateur de l&rsquo;univers \u00e0 tout moment, nuit et jour.<\/p>\n\n\n\n<p class=\"wp-block-paragraph\">On peut toujours s&rsquo;interroger sur les mots \u00ab\u00a0n&rsquo;importe quoi\u00a0\u00bb. J\u00e9sus voulait-il vraiment dire qu&rsquo;ils pouvaient avoir tout ce qu&rsquo;ils demandaient s&rsquo;ils \u00e9taient d&rsquo;accord \u00e0 deux ou plus ? Il semble qu&rsquo;il ait bien dit ce qu&rsquo;il voulait dire, car \u00ab\u00a0n&rsquo;importe quoi\u00a0\u00bb signifie v\u00e9ritablement \u00ab\u00a0n&rsquo;importe quoi\u00a0\u00bb ! Cependant, nous savons par d&rsquo;autres versets bibliques que les choses auxquelles J\u00e9sus fait r\u00e9f\u00e9rence sont li\u00e9es aux choses qui sont d\u00e9j\u00e0 dans le c\u0153ur de Dieu.<\/p>\n\n\n\n<p class=\"wp-block-paragraph\">Que cette promesse encourage chacun d&rsquo;entre nous aujourd&rsquo;hui ! Dieu nous invite \u00e0 lier nos c\u0153urs aux autres croyants sur la terre et \u00e0 venir devant sa salle du tr\u00f4ne pour faire conna\u00eetre nos demandes \u00e0 Dieu. Ne soyez pas timides et ne soyez pas incr\u00e9dules. Venez avec un c\u0153ur plein de foi, croyant que votre P\u00e8re c\u00e9leste entend vos demandes et veut r\u00e9pondre \u00e0 vos pri\u00e8res !<\/p>\n\n\n\n<p class=\"has-text-align-right has-extra-small-font-size wp-block-paragraph\">230<\/p>\n","protected":false},"excerpt":{"rendered":"<p>Matthieu 18:19 (BDS) J\u2019ajoute que si deux d\u2019entre vous se mettent d\u2019accord ici-bas au sujet d\u2019un probl\u00e8me pour l\u2019exposer \u00e0 mon P\u00e8re c\u00e9leste, il les exaucera. Dans ce verset, J\u00e9sus s&rsquo;adresse \u00e0 ses disciples et les encourage sur la mani\u00e8re de prier. Dans le verset pr\u00e9c\u00e9dent, il leur dit que tout ce qu&rsquo;ils lient sur <a class=\"more-link\" href=\"https:\/\/fatherheartfrance.com\/index.php\/2023\/02\/18\/si-vous-etes-deux-a-vous-mettre-daccord-dans-la-priere-je-ferai-tout-ce-que-vous-demanderez\/\">Lire plus &#8230;<\/a><\/p>\n","protected":false},"author":3,"featured_media":1857,"comment_status":"open","ping_status":"open","sticky":false,"template":"","format":"standard","meta":{"_crdt_document":"","_exactmetrics_skip_tracking":false,"_exactmetrics_sitenote_active":false,"_exactmetrics_sitenote_note":"","_exactmetrics_sitenote_category":0,"footnotes":""},"categories":[1],"tags":[],"class_list":["post-1938","post","type-post","status-publish","format-standard","has-post-thumbnail","hentry","category-non-classe"],"yoast_head":"<!-- This site is optimized with the Yoast SEO plugin v27.5 - https:\/\/yoast.com\/product\/yoast-seo-wordpress\/ -->\n<title>Si vous \u00eates deux \u00e0 vous mettre d&#039;accord dans la pri\u00e8re, je ferai tout ce que vous demanderez - Fatherheart - France<\/title>\n<meta name=\"robots\" content=\"index, follow, max-snippet:-1, max-image-preview:large, max-video-preview:-1\" \/>\n<link rel=\"canonical\" href=\"https:\/\/fatherheartfrance.com\/index.php\/2023\/02\/18\/si-vous-etes-deux-a-vous-mettre-daccord-dans-la-priere-je-ferai-tout-ce-que-vous-demanderez\/\" \/>\n<meta property=\"og:locale\" content=\"fr_FR\" \/>\n<meta property=\"og:type\" content=\"article\" \/>\n<meta property=\"og:title\" content=\"Si vous \u00eates deux \u00e0 vous mettre d&#039;accord dans la pri\u00e8re, je ferai tout ce que vous demanderez - Fatherheart - France\" \/>\n<meta property=\"og:description\" content=\"Matthieu 18:19 (BDS) J\u2019ajoute que si deux d\u2019entre vous se mettent d\u2019accord ici-bas au sujet d\u2019un probl\u00e8me pour l\u2019exposer \u00e0 mon P\u00e8re c\u00e9leste, il les exaucera. Dans ce verset, J\u00e9sus s&rsquo;adresse \u00e0 ses disciples et les encourage sur la mani\u00e8re de prier. Dans le verset pr\u00e9c\u00e9dent, il leur dit que tout ce qu&rsquo;ils lient sur Lire plus ...\" \/>\n<meta property=\"og:url\" content=\"https:\/\/fatherheartfrance.com\/index.php\/2023\/02\/18\/si-vous-etes-deux-a-vous-mettre-daccord-dans-la-priere-je-ferai-tout-ce-que-vous-demanderez\/\" \/>\n<meta property=\"og:site_name\" content=\"Fatherheart - France\" \/>\n<meta property=\"article:publisher\" content=\"https:\/\/www.facebook.com\/ContactFHF\/\" \/>\n<meta property=\"article:published_time\" content=\"2023-02-18T07:56:16+00:00\" \/>\n<meta property=\"article:modified_time\" content=\"2023-02-18T07:56:18+00:00\" \/>\n<meta property=\"og:image\" content=\"https:\/\/fatherheartfrance.com\/wp-content\/uploads\/2022\/06\/mountains-g96d6e6dbd_1920.jpg\" \/>\n\t<meta property=\"og:image:width\" content=\"1920\" \/>\n\t<meta property=\"og:image:height\" content=\"1080\" \/>\n\t<meta property=\"og:image:type\" content=\"image\/jpeg\" \/>\n<meta name=\"author\" content=\"Fr\u00e9d\u00e9ric C\" \/>\n<meta name=\"twitter:card\" content=\"summary_large_image\" \/>\n<meta name=\"twitter:label1\" content=\"\u00c9crit par\" \/>\n\t<meta name=\"twitter:data1\" content=\"Fr\u00e9d\u00e9ric C\" \/>\n\t<meta name=\"twitter:label2\" content=\"Dur\u00e9e de lecture estim\u00e9e\" \/>\n\t<meta name=\"twitter:data2\" content=\"2 minutes\" \/>\n<script type=\"application\/ld+json\" class=\"yoast-schema-graph\">{\"@context\":\"https:\\\/\\\/schema.org\",\"@graph\":[{\"@type\":\"Article\",\"@id\":\"https:\\\/\\\/fatherheartfrance.com\\\/index.php\\\/2023\\\/02\\\/18\\\/si-vous-etes-deux-a-vous-mettre-daccord-dans-la-priere-je-ferai-tout-ce-que-vous-demanderez\\\/#article\",\"isPartOf\":{\"@id\":\"https:\\\/\\\/fatherheartfrance.com\\\/index.php\\\/2023\\\/02\\\/18\\\/si-vous-etes-deux-a-vous-mettre-daccord-dans-la-priere-je-ferai-tout-ce-que-vous-demanderez\\\/\"},\"author\":{\"name\":\"Fr\u00e9d\u00e9ric C\",\"@id\":\"https:\\\/\\\/fatherheartfrance.com\\\/#\\\/schema\\\/person\\\/a980675cd50a6bb00fc1a61b57ba7420\"},\"headline\":\"Si vous \u00eates deux \u00e0 vous mettre d&rsquo;accord dans la pri\u00e8re, je ferai tout ce que vous demanderez\",\"datePublished\":\"2023-02-18T07:56:16+00:00\",\"dateModified\":\"2023-02-18T07:56:18+00:00\",\"mainEntityOfPage\":{\"@id\":\"https:\\\/\\\/fatherheartfrance.com\\\/index.php\\\/2023\\\/02\\\/18\\\/si-vous-etes-deux-a-vous-mettre-daccord-dans-la-priere-je-ferai-tout-ce-que-vous-demanderez\\\/\"},\"wordCount\":322,\"commentCount\":0,\"publisher\":{\"@id\":\"https:\\\/\\\/fatherheartfrance.com\\\/#organization\"},\"image\":{\"@id\":\"https:\\\/\\\/fatherheartfrance.com\\\/index.php\\\/2023\\\/02\\\/18\\\/si-vous-etes-deux-a-vous-mettre-daccord-dans-la-priere-je-ferai-tout-ce-que-vous-demanderez\\\/#primaryimage\"},\"thumbnailUrl\":\"https:\\\/\\\/fatherheartfrance.com\\\/wp-content\\\/uploads\\\/2022\\\/06\\\/mountains-g96d6e6dbd_1920.jpg\",\"inLanguage\":\"fr-FR\",\"potentialAction\":[{\"@type\":\"CommentAction\",\"name\":\"Comment\",\"target\":[\"https:\\\/\\\/fatherheartfrance.com\\\/index.php\\\/2023\\\/02\\\/18\\\/si-vous-etes-deux-a-vous-mettre-daccord-dans-la-priere-je-ferai-tout-ce-que-vous-demanderez\\\/#respond\"]}]},{\"@type\":\"WebPage\",\"@id\":\"https:\\\/\\\/fatherheartfrance.com\\\/index.php\\\/2023\\\/02\\\/18\\\/si-vous-etes-deux-a-vous-mettre-daccord-dans-la-priere-je-ferai-tout-ce-que-vous-demanderez\\\/\",\"url\":\"https:\\\/\\\/fatherheartfrance.com\\\/index.php\\\/2023\\\/02\\\/18\\\/si-vous-etes-deux-a-vous-mettre-daccord-dans-la-priere-je-ferai-tout-ce-que-vous-demanderez\\\/\",\"name\":\"Si vous \u00eates deux \u00e0 vous mettre d'accord dans la pri\u00e8re, je ferai tout ce que vous demanderez - Fatherheart - France\",\"isPartOf\":{\"@id\":\"https:\\\/\\\/fatherheartfrance.com\\\/#website\"},\"primaryImageOfPage\":{\"@id\":\"https:\\\/\\\/fatherheartfrance.com\\\/index.php\\\/2023\\\/02\\\/18\\\/si-vous-etes-deux-a-vous-mettre-daccord-dans-la-priere-je-ferai-tout-ce-que-vous-demanderez\\\/#primaryimage\"},\"image\":{\"@id\":\"https:\\\/\\\/fatherheartfrance.com\\\/index.php\\\/2023\\\/02\\\/18\\\/si-vous-etes-deux-a-vous-mettre-daccord-dans-la-priere-je-ferai-tout-ce-que-vous-demanderez\\\/#primaryimage\"},\"thumbnailUrl\":\"https:\\\/\\\/fatherheartfrance.com\\\/wp-content\\\/uploads\\\/2022\\\/06\\\/mountains-g96d6e6dbd_1920.jpg\",\"datePublished\":\"2023-02-18T07:56:16+00:00\",\"dateModified\":\"2023-02-18T07:56:18+00:00\",\"breadcrumb\":{\"@id\":\"https:\\\/\\\/fatherheartfrance.com\\\/index.php\\\/2023\\\/02\\\/18\\\/si-vous-etes-deux-a-vous-mettre-daccord-dans-la-priere-je-ferai-tout-ce-que-vous-demanderez\\\/#breadcrumb\"},\"inLanguage\":\"fr-FR\",\"potentialAction\":[{\"@type\":\"ReadAction\",\"target\":[\"https:\\\/\\\/fatherheartfrance.com\\\/index.php\\\/2023\\\/02\\\/18\\\/si-vous-etes-deux-a-vous-mettre-daccord-dans-la-priere-je-ferai-tout-ce-que-vous-demanderez\\\/\"]}]},{\"@type\":\"ImageObject\",\"inLanguage\":\"fr-FR\",\"@id\":\"https:\\\/\\\/fatherheartfrance.com\\\/index.php\\\/2023\\\/02\\\/18\\\/si-vous-etes-deux-a-vous-mettre-daccord-dans-la-priere-je-ferai-tout-ce-que-vous-demanderez\\\/#primaryimage\",\"url\":\"https:\\\/\\\/fatherheartfrance.com\\\/wp-content\\\/uploads\\\/2022\\\/06\\\/mountains-g96d6e6dbd_1920.jpg\",\"contentUrl\":\"https:\\\/\\\/fatherheartfrance.com\\\/wp-content\\\/uploads\\\/2022\\\/06\\\/mountains-g96d6e6dbd_1920.jpg\",\"width\":1920,\"height\":1080,\"caption\":\"mountains-Fatherheart-France\"},{\"@type\":\"BreadcrumbList\",\"@id\":\"https:\\\/\\\/fatherheartfrance.com\\\/index.php\\\/2023\\\/02\\\/18\\\/si-vous-etes-deux-a-vous-mettre-daccord-dans-la-priere-je-ferai-tout-ce-que-vous-demanderez\\\/#breadcrumb\",\"itemListElement\":[{\"@type\":\"ListItem\",\"position\":1,\"name\":\"Accueil\",\"item\":\"https:\\\/\\\/fatherheartfrance.com\\\/\"},{\"@type\":\"ListItem\",\"position\":2,\"name\":\"Si vous \u00eates deux \u00e0 vous mettre d&rsquo;accord dans la pri\u00e8re, je ferai tout ce que vous demanderez\"}]},{\"@type\":\"WebSite\",\"@id\":\"https:\\\/\\\/fatherheartfrance.com\\\/#website\",\"url\":\"https:\\\/\\\/fatherheartfrance.com\\\/\",\"name\":\"Fatherheart - France\",\"description\":\"Amour du P\u00e8re\",\"publisher\":{\"@id\":\"https:\\\/\\\/fatherheartfrance.com\\\/#organization\"},\"potentialAction\":[{\"@type\":\"SearchAction\",\"target\":{\"@type\":\"EntryPoint\",\"urlTemplate\":\"https:\\\/\\\/fatherheartfrance.com\\\/?s={search_term_string}\"},\"query-input\":{\"@type\":\"PropertyValueSpecification\",\"valueRequired\":true,\"valueName\":\"search_term_string\"}}],\"inLanguage\":\"fr-FR\"},{\"@type\":\"Organization\",\"@id\":\"https:\\\/\\\/fatherheartfrance.com\\\/#organization\",\"name\":\"fatherheartfrance\",\"url\":\"https:\\\/\\\/fatherheartfrance.com\\\/\",\"logo\":{\"@type\":\"ImageObject\",\"inLanguage\":\"fr-FR\",\"@id\":\"https:\\\/\\\/fatherheartfrance.com\\\/#\\\/schema\\\/logo\\\/image\\\/\",\"url\":\"https:\\\/\\\/fatherheartfrance.com\\\/wp-content\\\/uploads\\\/2017\\\/02\\\/logo-3-e1488034589841.png\",\"contentUrl\":\"https:\\\/\\\/fatherheartfrance.com\\\/wp-content\\\/uploads\\\/2017\\\/02\\\/logo-3-e1488034589841.png\",\"width\":300,\"height\":82,\"caption\":\"fatherheartfrance\"},\"image\":{\"@id\":\"https:\\\/\\\/fatherheartfrance.com\\\/#\\\/schema\\\/logo\\\/image\\\/\"},\"sameAs\":[\"https:\\\/\\\/www.facebook.com\\\/ContactFHF\\\/\"]},{\"@type\":\"Person\",\"@id\":\"https:\\\/\\\/fatherheartfrance.com\\\/#\\\/schema\\\/person\\\/a980675cd50a6bb00fc1a61b57ba7420\",\"name\":\"Fr\u00e9d\u00e9ric C\",\"image\":{\"@type\":\"ImageObject\",\"inLanguage\":\"fr-FR\",\"@id\":\"https:\\\/\\\/secure.gravatar.com\\\/avatar\\\/f847814b88f468c211776e97f3b93c066195167c83d3e8cb7e6ca0612f3757a8?s=96&d=mm&r=g\",\"url\":\"https:\\\/\\\/secure.gravatar.com\\\/avatar\\\/f847814b88f468c211776e97f3b93c066195167c83d3e8cb7e6ca0612f3757a8?s=96&d=mm&r=g\",\"contentUrl\":\"https:\\\/\\\/secure.gravatar.com\\\/avatar\\\/f847814b88f468c211776e97f3b93c066195167c83d3e8cb7e6ca0612f3757a8?s=96&d=mm&r=g\",\"caption\":\"Fr\u00e9d\u00e9ric C\"},\"url\":\"https:\\\/\\\/fatherheartfrance.com\\\/index.php\\\/author\\\/frederic\\\/\"}]}<\/script>\n<!-- \/ Yoast SEO plugin. -->","yoast_head_json":{"title":"Si vous \u00eates deux \u00e0 vous mettre d'accord dans la pri\u00e8re, je ferai tout ce que vous demanderez - Fatherheart - France","robots":{"index":"index","follow":"follow","max-snippet":"max-snippet:-1","max-image-preview":"max-image-preview:large","max-video-preview":"max-video-preview:-1"},"canonical":"https:\/\/fatherheartfrance.com\/index.php\/2023\/02\/18\/si-vous-etes-deux-a-vous-mettre-daccord-dans-la-priere-je-ferai-tout-ce-que-vous-demanderez\/","og_locale":"fr_FR","og_type":"article","og_title":"Si vous \u00eates deux \u00e0 vous mettre d'accord dans la pri\u00e8re, je ferai tout ce que vous demanderez - Fatherheart - France","og_description":"Matthieu 18:19 (BDS) J\u2019ajoute que si deux d\u2019entre vous se mettent d\u2019accord ici-bas au sujet d\u2019un probl\u00e8me pour l\u2019exposer \u00e0 mon P\u00e8re c\u00e9leste, il les exaucera. Dans ce verset, J\u00e9sus s&rsquo;adresse \u00e0 ses disciples et les encourage sur la mani\u00e8re de prier. Dans le verset pr\u00e9c\u00e9dent, il leur dit que tout ce qu&rsquo;ils lient sur Lire plus ...","og_url":"https:\/\/fatherheartfrance.com\/index.php\/2023\/02\/18\/si-vous-etes-deux-a-vous-mettre-daccord-dans-la-priere-je-ferai-tout-ce-que-vous-demanderez\/","og_site_name":"Fatherheart - France","article_publisher":"https:\/\/www.facebook.com\/ContactFHF\/","article_published_time":"2023-02-18T07:56:16+00:00","article_modified_time":"2023-02-18T07:56:18+00:00","og_image":[{"width":1920,"height":1080,"url":"https:\/\/fatherheartfrance.com\/wp-content\/uploads\/2022\/06\/mountains-g96d6e6dbd_1920.jpg","type":"image\/jpeg"}],"author":"Fr\u00e9d\u00e9ric C","twitter_card":"summary_large_image","twitter_misc":{"\u00c9crit par":"Fr\u00e9d\u00e9ric C","Dur\u00e9e de lecture estim\u00e9e":"2 minutes"},"schema":{"@context":"https:\/\/schema.org","@graph":[{"@type":"Article","@id":"https:\/\/fatherheartfrance.com\/index.php\/2023\/02\/18\/si-vous-etes-deux-a-vous-mettre-daccord-dans-la-priere-je-ferai-tout-ce-que-vous-demanderez\/#article","isPartOf":{"@id":"https:\/\/fatherheartfrance.com\/index.php\/2023\/02\/18\/si-vous-etes-deux-a-vous-mettre-daccord-dans-la-priere-je-ferai-tout-ce-que-vous-demanderez\/"},"author":{"name":"Fr\u00e9d\u00e9ric C","@id":"https:\/\/fatherheartfrance.com\/#\/schema\/person\/a980675cd50a6bb00fc1a61b57ba7420"},"headline":"Si vous \u00eates deux \u00e0 vous mettre d&rsquo;accord dans la pri\u00e8re, je ferai tout ce que vous demanderez","datePublished":"2023-02-18T07:56:16+00:00","dateModified":"2023-02-18T07:56:18+00:00","mainEntityOfPage":{"@id":"https:\/\/fatherheartfrance.com\/index.php\/2023\/02\/18\/si-vous-etes-deux-a-vous-mettre-daccord-dans-la-priere-je-ferai-tout-ce-que-vous-demanderez\/"},"wordCount":322,"commentCount":0,"publisher":{"@id":"https:\/\/fatherheartfrance.com\/#organization"},"image":{"@id":"https:\/\/fatherheartfrance.com\/index.php\/2023\/02\/18\/si-vous-etes-deux-a-vous-mettre-daccord-dans-la-priere-je-ferai-tout-ce-que-vous-demanderez\/#primaryimage"},"thumbnailUrl":"https:\/\/fatherheartfrance.com\/wp-content\/uploads\/2022\/06\/mountains-g96d6e6dbd_1920.jpg","inLanguage":"fr-FR","potentialAction":[{"@type":"CommentAction","name":"Comment","target":["https:\/\/fatherheartfrance.com\/index.php\/2023\/02\/18\/si-vous-etes-deux-a-vous-mettre-daccord-dans-la-priere-je-ferai-tout-ce-que-vous-demanderez\/#respond"]}]},{"@type":"WebPage","@id":"https:\/\/fatherheartfrance.com\/index.php\/2023\/02\/18\/si-vous-etes-deux-a-vous-mettre-daccord-dans-la-priere-je-ferai-tout-ce-que-vous-demanderez\/","url":"https:\/\/fatherheartfrance.com\/index.php\/2023\/02\/18\/si-vous-etes-deux-a-vous-mettre-daccord-dans-la-priere-je-ferai-tout-ce-que-vous-demanderez\/","name":"Si vous \u00eates deux \u00e0 vous mettre d'accord dans la pri\u00e8re, je ferai tout ce que vous demanderez - Fatherheart - France","isPartOf":{"@id":"https:\/\/fatherheartfrance.com\/#website"},"primaryImageOfPage":{"@id":"https:\/\/fatherheartfrance.com\/index.php\/2023\/02\/18\/si-vous-etes-deux-a-vous-mettre-daccord-dans-la-priere-je-ferai-tout-ce-que-vous-demanderez\/#primaryimage"},"image":{"@id":"https:\/\/fatherheartfrance.com\/index.php\/2023\/02\/18\/si-vous-etes-deux-a-vous-mettre-daccord-dans-la-priere-je-ferai-tout-ce-que-vous-demanderez\/#primaryimage"},"thumbnailUrl":"https:\/\/fatherheartfrance.com\/wp-content\/uploads\/2022\/06\/mountains-g96d6e6dbd_1920.jpg","datePublished":"2023-02-18T07:56:16+00:00","dateModified":"2023-02-18T07:56:18+00:00","breadcrumb":{"@id":"https:\/\/fatherheartfrance.com\/index.php\/2023\/02\/18\/si-vous-etes-deux-a-vous-mettre-daccord-dans-la-priere-je-ferai-tout-ce-que-vous-demanderez\/#breadcrumb"},"inLanguage":"fr-FR","potentialAction":[{"@type":"ReadAction","target":["https:\/\/fatherheartfrance.com\/index.php\/2023\/02\/18\/si-vous-etes-deux-a-vous-mettre-daccord-dans-la-priere-je-ferai-tout-ce-que-vous-demanderez\/"]}]},{"@type":"ImageObject","inLanguage":"fr-FR","@id":"https:\/\/fatherheartfrance.com\/index.php\/2023\/02\/18\/si-vous-etes-deux-a-vous-mettre-daccord-dans-la-priere-je-ferai-tout-ce-que-vous-demanderez\/#primaryimage","url":"https:\/\/fatherheartfrance.com\/wp-content\/uploads\/2022\/06\/mountains-g96d6e6dbd_1920.jpg","contentUrl":"https:\/\/fatherheartfrance.com\/wp-content\/uploads\/2022\/06\/mountains-g96d6e6dbd_1920.jpg","width":1920,"height":1080,"caption":"mountains-Fatherheart-France"},{"@type":"BreadcrumbList","@id":"https:\/\/fatherheartfrance.com\/index.php\/2023\/02\/18\/si-vous-etes-deux-a-vous-mettre-daccord-dans-la-priere-je-ferai-tout-ce-que-vous-demanderez\/#breadcrumb","itemListElement":[{"@type":"ListItem","position":1,"name":"Accueil","item":"https:\/\/fatherheartfrance.com\/"},{"@type":"ListItem","position":2,"name":"Si vous \u00eates deux \u00e0 vous mettre d&rsquo;accord dans la pri\u00e8re, je ferai tout ce que vous demanderez"}]},{"@type":"WebSite","@id":"https:\/\/fatherheartfrance.com\/#website","url":"https:\/\/fatherheartfrance.com\/","name":"Fatherheart - France","description":"Amour du P\u00e8re","publisher":{"@id":"https:\/\/fatherheartfrance.com\/#organization"},"potentialAction":[{"@type":"SearchAction","target":{"@type":"EntryPoint","urlTemplate":"https:\/\/fatherheartfrance.com\/?s={search_term_string}"},"query-input":{"@type":"PropertyValueSpecification","valueRequired":true,"valueName":"search_term_string"}}],"inLanguage":"fr-FR"},{"@type":"Organization","@id":"https:\/\/fatherheartfrance.com\/#organization","name":"fatherheartfrance","url":"https:\/\/fatherheartfrance.com\/","logo":{"@type":"ImageObject","inLanguage":"fr-FR","@id":"https:\/\/fatherheartfrance.com\/#\/schema\/logo\/image\/","url":"https:\/\/fatherheartfrance.com\/wp-content\/uploads\/2017\/02\/logo-3-e1488034589841.png","contentUrl":"https:\/\/fatherheartfrance.com\/wp-content\/uploads\/2017\/02\/logo-3-e1488034589841.png","width":300,"height":82,"caption":"fatherheartfrance"},"image":{"@id":"https:\/\/fatherheartfrance.com\/#\/schema\/logo\/image\/"},"sameAs":["https:\/\/www.facebook.com\/ContactFHF\/"]},{"@type":"Person","@id":"https:\/\/fatherheartfrance.com\/#\/schema\/person\/a980675cd50a6bb00fc1a61b57ba7420","name":"Fr\u00e9d\u00e9ric C","image":{"@type":"ImageObject","inLanguage":"fr-FR","@id":"https:\/\/secure.gravatar.com\/avatar\/f847814b88f468c211776e97f3b93c066195167c83d3e8cb7e6ca0612f3757a8?s=96&d=mm&r=g","url":"https:\/\/secure.gravatar.com\/avatar\/f847814b88f468c211776e97f3b93c066195167c83d3e8cb7e6ca0612f3757a8?s=96&d=mm&r=g","contentUrl":"https:\/\/secure.gravatar.com\/avatar\/f847814b88f468c211776e97f3b93c066195167c83d3e8cb7e6ca0612f3757a8?s=96&d=mm&r=g","caption":"Fr\u00e9d\u00e9ric C"},"url":"https:\/\/fatherheartfrance.com\/index.php\/author\/frederic\/"}]}},"_links":{"self":[{"href":"https:\/\/fatherheartfrance.com\/index.php\/wp-json\/wp\/v2\/posts\/1938","targetHints":{"allow":["GET"]}}],"collection":[{"href":"https:\/\/fatherheartfrance.com\/index.php\/wp-json\/wp\/v2\/posts"}],"about":[{"href":"https:\/\/fatherheartfrance.com\/index.php\/wp-json\/wp\/v2\/types\/post"}],"author":[{"embeddable":true,"href":"https:\/\/fatherheartfrance.com\/index.php\/wp-json\/wp\/v2\/users\/3"}],"replies":[{"embeddable":true,"href":"https:\/\/fatherheartfrance.com\/index.php\/wp-json\/wp\/v2\/comments?post=1938"}],"version-history":[{"count":1,"href":"https:\/\/fatherheartfrance.com\/index.php\/wp-json\/wp\/v2\/posts\/1938\/revisions"}],"predecessor-version":[{"id":1939,"href":"https:\/\/fatherheartfrance.com\/index.php\/wp-json\/wp\/v2\/posts\/1938\/revisions\/1939"}],"wp:featuredmedia":[{"embeddable":true,"href":"https:\/\/fatherheartfrance.com\/index.php\/wp-json\/wp\/v2\/media\/1857"}],"wp:attachment":[{"href":"https:\/\/fatherheartfrance.com\/index.php\/wp-json\/wp\/v2\/media?parent=1938"}],"wp:term":[{"taxonomy":"category","embeddable":true,"href":"https:\/\/fatherheartfrance.com\/index.php\/wp-json\/wp\/v2\/categories?post=1938"},{"taxonomy":"post_tag","embeddable":true,"href":"https:\/\/fatherheartfrance.com\/index.php\/wp-json\/wp\/v2\/tags?post=1938"}],"curies":[{"name":"wp","href":"https:\/\/api.w.org\/{rel}","templated":true}]}}