{"id":1930,"date":"2023-01-28T08:45:19","date_gmt":"2023-01-28T07:45:19","guid":{"rendered":"https:\/\/fatherheartfrance.com\/?p=1930"},"modified":"2023-01-28T08:45:21","modified_gmt":"2023-01-28T07:45:21","slug":"quand-tu-marcheras-dans-la-vallee-de-lombre-de-la-mort-je-serai-avec-toi","status":"publish","type":"post","link":"https:\/\/fatherheartfrance.com\/index.php\/2023\/01\/28\/quand-tu-marcheras-dans-la-vallee-de-lombre-de-la-mort-je-serai-avec-toi\/","title":{"rendered":"Quand tu marcheras dans la vall\u00e9e de l&rsquo;ombre de la mort, je serai avec toi"},"content":{"rendered":"\n<p class=\"wp-block-paragraph\"><\/p>\n\n\n\n<p class=\"wp-block-paragraph\"><em>Psaume 23:4 (LSG) Quand je marche dans la vall\u00e9e de l&rsquo;ombre de la mort, Je ne crains aucun mal, car tu es avec moi: Ta houlette et ton b\u00e2ton me rassurent.<\/em><\/p>\n\n\n\n<p class=\"wp-block-paragraph\">C&rsquo;est un verset tr\u00e8s appr\u00e9ci\u00e9 que celui du Psaume 23. La plupart du temps ce verset est cit\u00e9 \u00e0 l&rsquo;occasion d&rsquo;un moment difficile ou d&rsquo;un service fun\u00e9raire et, bien s\u00fbr, il est parfaitement adapt\u00e9 \u00e0 ces occasions. \u00c0 la fin de notre vie, il est r\u00e9confortant de savoir que Dieu ne nous quittera jamais.<\/p>\n\n\n\n<p class=\"wp-block-paragraph\">Cependant, il est une autre application de la promesse cit\u00e9e dans ce verset\u2026 J\u00e9sus nous a dit que <em>si le grain de bl\u00e9 qui est tomb\u00e9 en terre ne meurt, il reste seul<\/em> (Jean 12:24). Le principe de la vie chr\u00e9tienne consiste \u00e0 l\u00e2cher continuellement les choses, \u00e0 leur permettre de \u00ab\u00a0<em>mourir<\/em>\u00a0\u00bb en nous, pour les voir ensuite ressusciter par la puissance du Saint-Esprit. Que ces choses soient des r\u00eaves ou des d\u00e9sirs, le principe de la croix (mort, enterrement, r\u00e9surrection) est un th\u00e8me r\u00e9current dans la vie chr\u00e9tienne quotidienne.<\/p>\n\n\n\n<p class=\"wp-block-paragraph\">Dans ce contexte, lorsque nous avons l&rsquo;impression que Dieu nous demande d&rsquo;abandonner quelque chose qui nous est cher, lorsque nous marchons en quelque sorte dans l&rsquo;ombre de la mort pour quelque chose que nous avons esp\u00e9r\u00e9, soyons r\u00e9confort\u00e9 en sachant que Dieu est tr\u00e8s proche de nous dans ces moments d&rsquo;abandon et que son b\u00e2ton et sa houlette nous apportent du r\u00e9confort. Les pleurs peuvent durer toute la nuit, mais la joie vient au matin ! (Psaume 30:5)<\/p>\n\n\n\n<p class=\"has-text-align-right has-extra-small-font-size wp-block-paragraph\">269<\/p>\n","protected":false},"excerpt":{"rendered":"<p>Psaume 23:4 (LSG) Quand je marche dans la vall\u00e9e de l&rsquo;ombre de la mort, Je ne crains aucun mal, car tu es avec moi: Ta houlette et ton b\u00e2ton me rassurent. C&rsquo;est un verset tr\u00e8s appr\u00e9ci\u00e9 que celui du Psaume 23. La plupart du temps ce verset est cit\u00e9 \u00e0 l&rsquo;occasion d&rsquo;un moment difficile ou <a class=\"more-link\" href=\"https:\/\/fatherheartfrance.com\/index.php\/2023\/01\/28\/quand-tu-marcheras-dans-la-vallee-de-lombre-de-la-mort-je-serai-avec-toi\/\">Lire plus &#8230;<\/a><\/p>\n","protected":false},"author":3,"featured_media":1845,"comment_status":"open","ping_status":"open","sticky":false,"template":"","format":"standard","meta":{"_crdt_document":"","_exactmetrics_skip_tracking":false,"_exactmetrics_sitenote_active":false,"_exactmetrics_sitenote_note":"","_exactmetrics_sitenote_category":0,"footnotes":""},"categories":[1],"tags":[],"class_list":["post-1930","post","type-post","status-publish","format-standard","has-post-thumbnail","hentry","category-non-classe"],"yoast_head":"<!-- This site is optimized with the Yoast SEO plugin v27.5 - https:\/\/yoast.com\/product\/yoast-seo-wordpress\/ -->\n<title>Quand tu marcheras dans la vall\u00e9e de l&#039;ombre de la mort, je serai avec toi - Fatherheart - France<\/title>\n<meta name=\"robots\" content=\"index, follow, max-snippet:-1, max-image-preview:large, max-video-preview:-1\" \/>\n<link rel=\"canonical\" href=\"https:\/\/fatherheartfrance.com\/index.php\/2023\/01\/28\/quand-tu-marcheras-dans-la-vallee-de-lombre-de-la-mort-je-serai-avec-toi\/\" \/>\n<meta property=\"og:locale\" content=\"fr_FR\" \/>\n<meta property=\"og:type\" content=\"article\" \/>\n<meta property=\"og:title\" content=\"Quand tu marcheras dans la vall\u00e9e de l&#039;ombre de la mort, je serai avec toi - Fatherheart - France\" \/>\n<meta property=\"og:description\" content=\"Psaume 23:4 (LSG) Quand je marche dans la vall\u00e9e de l&rsquo;ombre de la mort, Je ne crains aucun mal, car tu es avec moi: Ta houlette et ton b\u00e2ton me rassurent. C&rsquo;est un verset tr\u00e8s appr\u00e9ci\u00e9 que celui du Psaume 23. La plupart du temps ce verset est cit\u00e9 \u00e0 l&rsquo;occasion d&rsquo;un moment difficile ou Lire plus ...\" \/>\n<meta property=\"og:url\" content=\"https:\/\/fatherheartfrance.com\/index.php\/2023\/01\/28\/quand-tu-marcheras-dans-la-vallee-de-lombre-de-la-mort-je-serai-avec-toi\/\" \/>\n<meta property=\"og:site_name\" content=\"Fatherheart - France\" \/>\n<meta property=\"article:publisher\" content=\"https:\/\/www.facebook.com\/ContactFHF\/\" \/>\n<meta property=\"article:published_time\" content=\"2023-01-28T07:45:19+00:00\" \/>\n<meta property=\"article:modified_time\" content=\"2023-01-28T07:45:21+00:00\" \/>\n<meta property=\"og:image\" content=\"https:\/\/fatherheartfrance.com\/wp-content\/uploads\/2022\/06\/stones-gd71e7b824_1920.jpg\" \/>\n\t<meta property=\"og:image:width\" content=\"1920\" \/>\n\t<meta property=\"og:image:height\" content=\"1280\" \/>\n\t<meta property=\"og:image:type\" content=\"image\/jpeg\" \/>\n<meta name=\"author\" content=\"Fr\u00e9d\u00e9ric C\" \/>\n<meta name=\"twitter:card\" content=\"summary_large_image\" \/>\n<meta name=\"twitter:label1\" content=\"\u00c9crit par\" \/>\n\t<meta name=\"twitter:data1\" content=\"Fr\u00e9d\u00e9ric C\" \/>\n\t<meta name=\"twitter:label2\" content=\"Dur\u00e9e de lecture estim\u00e9e\" \/>\n\t<meta name=\"twitter:data2\" content=\"2 minutes\" \/>\n<script type=\"application\/ld+json\" class=\"yoast-schema-graph\">{\"@context\":\"https:\\\/\\\/schema.org\",\"@graph\":[{\"@type\":\"Article\",\"@id\":\"https:\\\/\\\/fatherheartfrance.com\\\/index.php\\\/2023\\\/01\\\/28\\\/quand-tu-marcheras-dans-la-vallee-de-lombre-de-la-mort-je-serai-avec-toi\\\/#article\",\"isPartOf\":{\"@id\":\"https:\\\/\\\/fatherheartfrance.com\\\/index.php\\\/2023\\\/01\\\/28\\\/quand-tu-marcheras-dans-la-vallee-de-lombre-de-la-mort-je-serai-avec-toi\\\/\"},\"author\":{\"name\":\"Fr\u00e9d\u00e9ric C\",\"@id\":\"https:\\\/\\\/fatherheartfrance.com\\\/#\\\/schema\\\/person\\\/a980675cd50a6bb00fc1a61b57ba7420\"},\"headline\":\"Quand tu marcheras dans la vall\u00e9e de l&rsquo;ombre de la mort, je serai avec toi\",\"datePublished\":\"2023-01-28T07:45:19+00:00\",\"dateModified\":\"2023-01-28T07:45:21+00:00\",\"mainEntityOfPage\":{\"@id\":\"https:\\\/\\\/fatherheartfrance.com\\\/index.php\\\/2023\\\/01\\\/28\\\/quand-tu-marcheras-dans-la-vallee-de-lombre-de-la-mort-je-serai-avec-toi\\\/\"},\"wordCount\":291,\"commentCount\":0,\"publisher\":{\"@id\":\"https:\\\/\\\/fatherheartfrance.com\\\/#organization\"},\"image\":{\"@id\":\"https:\\\/\\\/fatherheartfrance.com\\\/index.php\\\/2023\\\/01\\\/28\\\/quand-tu-marcheras-dans-la-vallee-de-lombre-de-la-mort-je-serai-avec-toi\\\/#primaryimage\"},\"thumbnailUrl\":\"https:\\\/\\\/fatherheartfrance.com\\\/wp-content\\\/uploads\\\/2022\\\/06\\\/stones-gd71e7b824_1920.jpg\",\"inLanguage\":\"fr-FR\",\"potentialAction\":[{\"@type\":\"CommentAction\",\"name\":\"Comment\",\"target\":[\"https:\\\/\\\/fatherheartfrance.com\\\/index.php\\\/2023\\\/01\\\/28\\\/quand-tu-marcheras-dans-la-vallee-de-lombre-de-la-mort-je-serai-avec-toi\\\/#respond\"]}]},{\"@type\":\"WebPage\",\"@id\":\"https:\\\/\\\/fatherheartfrance.com\\\/index.php\\\/2023\\\/01\\\/28\\\/quand-tu-marcheras-dans-la-vallee-de-lombre-de-la-mort-je-serai-avec-toi\\\/\",\"url\":\"https:\\\/\\\/fatherheartfrance.com\\\/index.php\\\/2023\\\/01\\\/28\\\/quand-tu-marcheras-dans-la-vallee-de-lombre-de-la-mort-je-serai-avec-toi\\\/\",\"name\":\"Quand tu marcheras dans la vall\u00e9e de l'ombre de la mort, je serai avec toi - Fatherheart - France\",\"isPartOf\":{\"@id\":\"https:\\\/\\\/fatherheartfrance.com\\\/#website\"},\"primaryImageOfPage\":{\"@id\":\"https:\\\/\\\/fatherheartfrance.com\\\/index.php\\\/2023\\\/01\\\/28\\\/quand-tu-marcheras-dans-la-vallee-de-lombre-de-la-mort-je-serai-avec-toi\\\/#primaryimage\"},\"image\":{\"@id\":\"https:\\\/\\\/fatherheartfrance.com\\\/index.php\\\/2023\\\/01\\\/28\\\/quand-tu-marcheras-dans-la-vallee-de-lombre-de-la-mort-je-serai-avec-toi\\\/#primaryimage\"},\"thumbnailUrl\":\"https:\\\/\\\/fatherheartfrance.com\\\/wp-content\\\/uploads\\\/2022\\\/06\\\/stones-gd71e7b824_1920.jpg\",\"datePublished\":\"2023-01-28T07:45:19+00:00\",\"dateModified\":\"2023-01-28T07:45:21+00:00\",\"breadcrumb\":{\"@id\":\"https:\\\/\\\/fatherheartfrance.com\\\/index.php\\\/2023\\\/01\\\/28\\\/quand-tu-marcheras-dans-la-vallee-de-lombre-de-la-mort-je-serai-avec-toi\\\/#breadcrumb\"},\"inLanguage\":\"fr-FR\",\"potentialAction\":[{\"@type\":\"ReadAction\",\"target\":[\"https:\\\/\\\/fatherheartfrance.com\\\/index.php\\\/2023\\\/01\\\/28\\\/quand-tu-marcheras-dans-la-vallee-de-lombre-de-la-mort-je-serai-avec-toi\\\/\"]}]},{\"@type\":\"ImageObject\",\"inLanguage\":\"fr-FR\",\"@id\":\"https:\\\/\\\/fatherheartfrance.com\\\/index.php\\\/2023\\\/01\\\/28\\\/quand-tu-marcheras-dans-la-vallee-de-lombre-de-la-mort-je-serai-avec-toi\\\/#primaryimage\",\"url\":\"https:\\\/\\\/fatherheartfrance.com\\\/wp-content\\\/uploads\\\/2022\\\/06\\\/stones-gd71e7b824_1920.jpg\",\"contentUrl\":\"https:\\\/\\\/fatherheartfrance.com\\\/wp-content\\\/uploads\\\/2022\\\/06\\\/stones-gd71e7b824_1920.jpg\",\"width\":1920,\"height\":1280,\"caption\":\"stones-Fatherheart-France\"},{\"@type\":\"BreadcrumbList\",\"@id\":\"https:\\\/\\\/fatherheartfrance.com\\\/index.php\\\/2023\\\/01\\\/28\\\/quand-tu-marcheras-dans-la-vallee-de-lombre-de-la-mort-je-serai-avec-toi\\\/#breadcrumb\",\"itemListElement\":[{\"@type\":\"ListItem\",\"position\":1,\"name\":\"Accueil\",\"item\":\"https:\\\/\\\/fatherheartfrance.com\\\/\"},{\"@type\":\"ListItem\",\"position\":2,\"name\":\"Quand tu marcheras dans la vall\u00e9e de l&rsquo;ombre de la mort, je serai avec toi\"}]},{\"@type\":\"WebSite\",\"@id\":\"https:\\\/\\\/fatherheartfrance.com\\\/#website\",\"url\":\"https:\\\/\\\/fatherheartfrance.com\\\/\",\"name\":\"Fatherheart - France\",\"description\":\"Amour du P\u00e8re\",\"publisher\":{\"@id\":\"https:\\\/\\\/fatherheartfrance.com\\\/#organization\"},\"potentialAction\":[{\"@type\":\"SearchAction\",\"target\":{\"@type\":\"EntryPoint\",\"urlTemplate\":\"https:\\\/\\\/fatherheartfrance.com\\\/?s={search_term_string}\"},\"query-input\":{\"@type\":\"PropertyValueSpecification\",\"valueRequired\":true,\"valueName\":\"search_term_string\"}}],\"inLanguage\":\"fr-FR\"},{\"@type\":\"Organization\",\"@id\":\"https:\\\/\\\/fatherheartfrance.com\\\/#organization\",\"name\":\"fatherheartfrance\",\"url\":\"https:\\\/\\\/fatherheartfrance.com\\\/\",\"logo\":{\"@type\":\"ImageObject\",\"inLanguage\":\"fr-FR\",\"@id\":\"https:\\\/\\\/fatherheartfrance.com\\\/#\\\/schema\\\/logo\\\/image\\\/\",\"url\":\"https:\\\/\\\/fatherheartfrance.com\\\/wp-content\\\/uploads\\\/2017\\\/02\\\/logo-3-e1488034589841.png\",\"contentUrl\":\"https:\\\/\\\/fatherheartfrance.com\\\/wp-content\\\/uploads\\\/2017\\\/02\\\/logo-3-e1488034589841.png\",\"width\":300,\"height\":82,\"caption\":\"fatherheartfrance\"},\"image\":{\"@id\":\"https:\\\/\\\/fatherheartfrance.com\\\/#\\\/schema\\\/logo\\\/image\\\/\"},\"sameAs\":[\"https:\\\/\\\/www.facebook.com\\\/ContactFHF\\\/\"]},{\"@type\":\"Person\",\"@id\":\"https:\\\/\\\/fatherheartfrance.com\\\/#\\\/schema\\\/person\\\/a980675cd50a6bb00fc1a61b57ba7420\",\"name\":\"Fr\u00e9d\u00e9ric C\",\"image\":{\"@type\":\"ImageObject\",\"inLanguage\":\"fr-FR\",\"@id\":\"https:\\\/\\\/secure.gravatar.com\\\/avatar\\\/f847814b88f468c211776e97f3b93c066195167c83d3e8cb7e6ca0612f3757a8?s=96&d=mm&r=g\",\"url\":\"https:\\\/\\\/secure.gravatar.com\\\/avatar\\\/f847814b88f468c211776e97f3b93c066195167c83d3e8cb7e6ca0612f3757a8?s=96&d=mm&r=g\",\"contentUrl\":\"https:\\\/\\\/secure.gravatar.com\\\/avatar\\\/f847814b88f468c211776e97f3b93c066195167c83d3e8cb7e6ca0612f3757a8?s=96&d=mm&r=g\",\"caption\":\"Fr\u00e9d\u00e9ric C\"},\"url\":\"https:\\\/\\\/fatherheartfrance.com\\\/index.php\\\/author\\\/frederic\\\/\"}]}<\/script>\n<!-- \/ Yoast SEO plugin. -->","yoast_head_json":{"title":"Quand tu marcheras dans la vall\u00e9e de l'ombre de la mort, je serai avec toi - Fatherheart - France","robots":{"index":"index","follow":"follow","max-snippet":"max-snippet:-1","max-image-preview":"max-image-preview:large","max-video-preview":"max-video-preview:-1"},"canonical":"https:\/\/fatherheartfrance.com\/index.php\/2023\/01\/28\/quand-tu-marcheras-dans-la-vallee-de-lombre-de-la-mort-je-serai-avec-toi\/","og_locale":"fr_FR","og_type":"article","og_title":"Quand tu marcheras dans la vall\u00e9e de l'ombre de la mort, je serai avec toi - Fatherheart - France","og_description":"Psaume 23:4 (LSG) Quand je marche dans la vall\u00e9e de l&rsquo;ombre de la mort, Je ne crains aucun mal, car tu es avec moi: Ta houlette et ton b\u00e2ton me rassurent. C&rsquo;est un verset tr\u00e8s appr\u00e9ci\u00e9 que celui du Psaume 23. La plupart du temps ce verset est cit\u00e9 \u00e0 l&rsquo;occasion d&rsquo;un moment difficile ou Lire plus ...","og_url":"https:\/\/fatherheartfrance.com\/index.php\/2023\/01\/28\/quand-tu-marcheras-dans-la-vallee-de-lombre-de-la-mort-je-serai-avec-toi\/","og_site_name":"Fatherheart - France","article_publisher":"https:\/\/www.facebook.com\/ContactFHF\/","article_published_time":"2023-01-28T07:45:19+00:00","article_modified_time":"2023-01-28T07:45:21+00:00","og_image":[{"width":1920,"height":1280,"url":"https:\/\/fatherheartfrance.com\/wp-content\/uploads\/2022\/06\/stones-gd71e7b824_1920.jpg","type":"image\/jpeg"}],"author":"Fr\u00e9d\u00e9ric C","twitter_card":"summary_large_image","twitter_misc":{"\u00c9crit par":"Fr\u00e9d\u00e9ric C","Dur\u00e9e de lecture estim\u00e9e":"2 minutes"},"schema":{"@context":"https:\/\/schema.org","@graph":[{"@type":"Article","@id":"https:\/\/fatherheartfrance.com\/index.php\/2023\/01\/28\/quand-tu-marcheras-dans-la-vallee-de-lombre-de-la-mort-je-serai-avec-toi\/#article","isPartOf":{"@id":"https:\/\/fatherheartfrance.com\/index.php\/2023\/01\/28\/quand-tu-marcheras-dans-la-vallee-de-lombre-de-la-mort-je-serai-avec-toi\/"},"author":{"name":"Fr\u00e9d\u00e9ric C","@id":"https:\/\/fatherheartfrance.com\/#\/schema\/person\/a980675cd50a6bb00fc1a61b57ba7420"},"headline":"Quand tu marcheras dans la vall\u00e9e de l&rsquo;ombre de la mort, je serai avec toi","datePublished":"2023-01-28T07:45:19+00:00","dateModified":"2023-01-28T07:45:21+00:00","mainEntityOfPage":{"@id":"https:\/\/fatherheartfrance.com\/index.php\/2023\/01\/28\/quand-tu-marcheras-dans-la-vallee-de-lombre-de-la-mort-je-serai-avec-toi\/"},"wordCount":291,"commentCount":0,"publisher":{"@id":"https:\/\/fatherheartfrance.com\/#organization"},"image":{"@id":"https:\/\/fatherheartfrance.com\/index.php\/2023\/01\/28\/quand-tu-marcheras-dans-la-vallee-de-lombre-de-la-mort-je-serai-avec-toi\/#primaryimage"},"thumbnailUrl":"https:\/\/fatherheartfrance.com\/wp-content\/uploads\/2022\/06\/stones-gd71e7b824_1920.jpg","inLanguage":"fr-FR","potentialAction":[{"@type":"CommentAction","name":"Comment","target":["https:\/\/fatherheartfrance.com\/index.php\/2023\/01\/28\/quand-tu-marcheras-dans-la-vallee-de-lombre-de-la-mort-je-serai-avec-toi\/#respond"]}]},{"@type":"WebPage","@id":"https:\/\/fatherheartfrance.com\/index.php\/2023\/01\/28\/quand-tu-marcheras-dans-la-vallee-de-lombre-de-la-mort-je-serai-avec-toi\/","url":"https:\/\/fatherheartfrance.com\/index.php\/2023\/01\/28\/quand-tu-marcheras-dans-la-vallee-de-lombre-de-la-mort-je-serai-avec-toi\/","name":"Quand tu marcheras dans la vall\u00e9e de l'ombre de la mort, je serai avec toi - Fatherheart - France","isPartOf":{"@id":"https:\/\/fatherheartfrance.com\/#website"},"primaryImageOfPage":{"@id":"https:\/\/fatherheartfrance.com\/index.php\/2023\/01\/28\/quand-tu-marcheras-dans-la-vallee-de-lombre-de-la-mort-je-serai-avec-toi\/#primaryimage"},"image":{"@id":"https:\/\/fatherheartfrance.com\/index.php\/2023\/01\/28\/quand-tu-marcheras-dans-la-vallee-de-lombre-de-la-mort-je-serai-avec-toi\/#primaryimage"},"thumbnailUrl":"https:\/\/fatherheartfrance.com\/wp-content\/uploads\/2022\/06\/stones-gd71e7b824_1920.jpg","datePublished":"2023-01-28T07:45:19+00:00","dateModified":"2023-01-28T07:45:21+00:00","breadcrumb":{"@id":"https:\/\/fatherheartfrance.com\/index.php\/2023\/01\/28\/quand-tu-marcheras-dans-la-vallee-de-lombre-de-la-mort-je-serai-avec-toi\/#breadcrumb"},"inLanguage":"fr-FR","potentialAction":[{"@type":"ReadAction","target":["https:\/\/fatherheartfrance.com\/index.php\/2023\/01\/28\/quand-tu-marcheras-dans-la-vallee-de-lombre-de-la-mort-je-serai-avec-toi\/"]}]},{"@type":"ImageObject","inLanguage":"fr-FR","@id":"https:\/\/fatherheartfrance.com\/index.php\/2023\/01\/28\/quand-tu-marcheras-dans-la-vallee-de-lombre-de-la-mort-je-serai-avec-toi\/#primaryimage","url":"https:\/\/fatherheartfrance.com\/wp-content\/uploads\/2022\/06\/stones-gd71e7b824_1920.jpg","contentUrl":"https:\/\/fatherheartfrance.com\/wp-content\/uploads\/2022\/06\/stones-gd71e7b824_1920.jpg","width":1920,"height":1280,"caption":"stones-Fatherheart-France"},{"@type":"BreadcrumbList","@id":"https:\/\/fatherheartfrance.com\/index.php\/2023\/01\/28\/quand-tu-marcheras-dans-la-vallee-de-lombre-de-la-mort-je-serai-avec-toi\/#breadcrumb","itemListElement":[{"@type":"ListItem","position":1,"name":"Accueil","item":"https:\/\/fatherheartfrance.com\/"},{"@type":"ListItem","position":2,"name":"Quand tu marcheras dans la vall\u00e9e de l&rsquo;ombre de la mort, je serai avec toi"}]},{"@type":"WebSite","@id":"https:\/\/fatherheartfrance.com\/#website","url":"https:\/\/fatherheartfrance.com\/","name":"Fatherheart - France","description":"Amour du P\u00e8re","publisher":{"@id":"https:\/\/fatherheartfrance.com\/#organization"},"potentialAction":[{"@type":"SearchAction","target":{"@type":"EntryPoint","urlTemplate":"https:\/\/fatherheartfrance.com\/?s={search_term_string}"},"query-input":{"@type":"PropertyValueSpecification","valueRequired":true,"valueName":"search_term_string"}}],"inLanguage":"fr-FR"},{"@type":"Organization","@id":"https:\/\/fatherheartfrance.com\/#organization","name":"fatherheartfrance","url":"https:\/\/fatherheartfrance.com\/","logo":{"@type":"ImageObject","inLanguage":"fr-FR","@id":"https:\/\/fatherheartfrance.com\/#\/schema\/logo\/image\/","url":"https:\/\/fatherheartfrance.com\/wp-content\/uploads\/2017\/02\/logo-3-e1488034589841.png","contentUrl":"https:\/\/fatherheartfrance.com\/wp-content\/uploads\/2017\/02\/logo-3-e1488034589841.png","width":300,"height":82,"caption":"fatherheartfrance"},"image":{"@id":"https:\/\/fatherheartfrance.com\/#\/schema\/logo\/image\/"},"sameAs":["https:\/\/www.facebook.com\/ContactFHF\/"]},{"@type":"Person","@id":"https:\/\/fatherheartfrance.com\/#\/schema\/person\/a980675cd50a6bb00fc1a61b57ba7420","name":"Fr\u00e9d\u00e9ric C","image":{"@type":"ImageObject","inLanguage":"fr-FR","@id":"https:\/\/secure.gravatar.com\/avatar\/f847814b88f468c211776e97f3b93c066195167c83d3e8cb7e6ca0612f3757a8?s=96&d=mm&r=g","url":"https:\/\/secure.gravatar.com\/avatar\/f847814b88f468c211776e97f3b93c066195167c83d3e8cb7e6ca0612f3757a8?s=96&d=mm&r=g","contentUrl":"https:\/\/secure.gravatar.com\/avatar\/f847814b88f468c211776e97f3b93c066195167c83d3e8cb7e6ca0612f3757a8?s=96&d=mm&r=g","caption":"Fr\u00e9d\u00e9ric C"},"url":"https:\/\/fatherheartfrance.com\/index.php\/author\/frederic\/"}]}},"_links":{"self":[{"href":"https:\/\/fatherheartfrance.com\/index.php\/wp-json\/wp\/v2\/posts\/1930","targetHints":{"allow":["GET"]}}],"collection":[{"href":"https:\/\/fatherheartfrance.com\/index.php\/wp-json\/wp\/v2\/posts"}],"about":[{"href":"https:\/\/fatherheartfrance.com\/index.php\/wp-json\/wp\/v2\/types\/post"}],"author":[{"embeddable":true,"href":"https:\/\/fatherheartfrance.com\/index.php\/wp-json\/wp\/v2\/users\/3"}],"replies":[{"embeddable":true,"href":"https:\/\/fatherheartfrance.com\/index.php\/wp-json\/wp\/v2\/comments?post=1930"}],"version-history":[{"count":1,"href":"https:\/\/fatherheartfrance.com\/index.php\/wp-json\/wp\/v2\/posts\/1930\/revisions"}],"predecessor-version":[{"id":1931,"href":"https:\/\/fatherheartfrance.com\/index.php\/wp-json\/wp\/v2\/posts\/1930\/revisions\/1931"}],"wp:featuredmedia":[{"embeddable":true,"href":"https:\/\/fatherheartfrance.com\/index.php\/wp-json\/wp\/v2\/media\/1845"}],"wp:attachment":[{"href":"https:\/\/fatherheartfrance.com\/index.php\/wp-json\/wp\/v2\/media?parent=1930"}],"wp:term":[{"taxonomy":"category","embeddable":true,"href":"https:\/\/fatherheartfrance.com\/index.php\/wp-json\/wp\/v2\/categories?post=1930"},{"taxonomy":"post_tag","embeddable":true,"href":"https:\/\/fatherheartfrance.com\/index.php\/wp-json\/wp\/v2\/tags?post=1930"}],"curies":[{"name":"wp","href":"https:\/\/api.w.org\/{rel}","templated":true}]}}