{"id":1892,"date":"2022-10-01T09:53:47","date_gmt":"2022-10-01T07:53:47","guid":{"rendered":"https:\/\/fatherheartfrance.com\/?p=1892"},"modified":"2022-10-01T09:56:39","modified_gmt":"2022-10-01T07:56:39","slug":"je-te-connaissais-avant-ta-naissance-et-je-tai-concu-pour-mes-desseins","status":"publish","type":"post","link":"https:\/\/fatherheartfrance.com\/index.php\/2022\/10\/01\/je-te-connaissais-avant-ta-naissance-et-je-tai-concu-pour-mes-desseins\/","title":{"rendered":"Je te connaissais avant ta naissance et je t&rsquo;ai con\u00e7u pour mes desseins"},"content":{"rendered":"\n<p class=\"wp-block-paragraph\"><\/p>\n\n\n\n<p class=\"wp-block-paragraph\"><em>J\u00e9r\u00e9mie 1:5 (WEB)<br>\u00ab\u00a0Avant que je te forme dans le ventre, je te connaissais.<br>Avant que tu ne sortes du ventre de ta m\u00e8re, je t&rsquo;ai sanctifi\u00e9.<br>Je t&rsquo;ai \u00e9tabli proph\u00e8te des nations.\u00a0\u00bb<\/em><\/p>\n\n\n\n<p class=\"wp-block-paragraph\">Dans ce verset, Dieu s&rsquo;adresse au proph\u00e8te J\u00e9r\u00e9mie et le rassure sur le fait qu&rsquo;avant m\u00eame qu&rsquo;il ne soit con\u00e7u dans le ventre de sa m\u00e8re, Dieu le connaissait et qu&rsquo;Il l&rsquo;a con\u00e7u pour ses desseins. Cela nous invite \u00e0 nous questionner&#8230;<\/p>\n\n\n\n<p class=\"wp-block-paragraph\">Comment Dieu a-t-il pu conna\u00eetre J\u00e9r\u00e9mie avant m\u00eame qu&rsquo;il ne soit con\u00e7u ? On peut essayer de comprendre en comparant notre cr\u00e9ation \u00e0 la fa\u00e7on dont un architecte con\u00e7oit un b\u00e2timent. (Cette analogie ne pourra jamais d\u00e9crire correctement le processus de cr\u00e9ation, mais elle aide \u00e0 saisir cette promesse). Avant qu&rsquo;un b\u00e2timent ne soit construit, il doit \u00eatre con\u00e7u par un architecte.<\/p>\n\n\n\n<p class=\"wp-block-paragraph\">Au cours du processus de conception, l&rsquo;architecte passe beaucoup de temps \u00e0 r\u00e9fl\u00e9chir aux plans et aux objectifs du b\u00e2timent qu&rsquo;il va cr\u00e9er. Aucun d\u00e9tail ne sera trop petit pour que l&rsquo;architecte le n\u00e9glige. M\u00eame si le b\u00e2timent n&rsquo;est pas encore cr\u00e9\u00e9, il l&rsquo;a d\u00e9j\u00e0 cr\u00e9\u00e9 dans son esprit, puis il met le projet sur papier.<\/p>\n\n\n\n<p class=\"wp-block-paragraph\">Lorsque Dieu dit qu&rsquo;Il nous connaissait avant notre conception, Il portait notre projet dans son c\u0153ur avant la cr\u00e9ation du monde et il nous connaissait intimement avant le jour merveilleux de notre conception.<\/p>\n\n\n\n<p class=\"wp-block-paragraph\">Si nous nous sommes d\u00e9j\u00e0 senti incompris de quelqu&rsquo;un, si nous nous sommes d\u00e9j\u00e0 senti seul dans cette vie, que cette promesse de Dieu \u00ab\u00a0qu&rsquo;Il nous connaissait avant la fondation du monde\u00a0\u00bb puisse apporter un grand r\u00e9confort \u00e0 notre c\u0153ur aujourd&rsquo;hui. Nous sommes son ouvrage, cr\u00e9\u00e9 en Christ pour accomplir son dessein particulier !<\/p>\n\n\n\n<p class=\"has-text-align-right has-extra-small-font-size wp-block-paragraph\">34<\/p>\n","protected":false},"excerpt":{"rendered":"<p>J\u00e9r\u00e9mie 1:5 (WEB)\u00ab\u00a0Avant que je te forme dans le ventre, je te connaissais.Avant que tu ne sortes du ventre de ta m\u00e8re, je t&rsquo;ai sanctifi\u00e9.Je t&rsquo;ai \u00e9tabli proph\u00e8te des nations.\u00a0\u00bb Dans ce verset, Dieu s&rsquo;adresse au proph\u00e8te J\u00e9r\u00e9mie et le rassure sur le fait qu&rsquo;avant m\u00eame qu&rsquo;il ne soit con\u00e7u dans le ventre de sa <a class=\"more-link\" href=\"https:\/\/fatherheartfrance.com\/index.php\/2022\/10\/01\/je-te-connaissais-avant-ta-naissance-et-je-tai-concu-pour-mes-desseins\/\">Lire plus &#8230;<\/a><\/p>\n","protected":false},"author":3,"featured_media":1844,"comment_status":"open","ping_status":"open","sticky":false,"template":"","format":"standard","meta":{"_crdt_document":"","_exactmetrics_skip_tracking":false,"_exactmetrics_sitenote_active":false,"_exactmetrics_sitenote_note":"","_exactmetrics_sitenote_category":0,"footnotes":""},"categories":[1],"tags":[],"class_list":["post-1892","post","type-post","status-publish","format-standard","has-post-thumbnail","hentry","category-non-classe"],"yoast_head":"<!-- This site is optimized with the Yoast SEO plugin v27.5 - https:\/\/yoast.com\/product\/yoast-seo-wordpress\/ -->\n<title>Je te connaissais avant ta naissance et je t&#039;ai con\u00e7u pour mes desseins - Fatherheart - France<\/title>\n<meta name=\"robots\" content=\"index, follow, max-snippet:-1, max-image-preview:large, max-video-preview:-1\" \/>\n<link rel=\"canonical\" href=\"https:\/\/fatherheartfrance.com\/index.php\/2022\/10\/01\/je-te-connaissais-avant-ta-naissance-et-je-tai-concu-pour-mes-desseins\/\" \/>\n<meta property=\"og:locale\" content=\"fr_FR\" \/>\n<meta property=\"og:type\" content=\"article\" \/>\n<meta property=\"og:title\" content=\"Je te connaissais avant ta naissance et je t&#039;ai con\u00e7u pour mes desseins - Fatherheart - France\" \/>\n<meta property=\"og:description\" content=\"J\u00e9r\u00e9mie 1:5 (WEB)\u00ab\u00a0Avant que je te forme dans le ventre, je te connaissais.Avant que tu ne sortes du ventre de ta m\u00e8re, je t&rsquo;ai sanctifi\u00e9.Je t&rsquo;ai \u00e9tabli proph\u00e8te des nations.\u00a0\u00bb Dans ce verset, Dieu s&rsquo;adresse au proph\u00e8te J\u00e9r\u00e9mie et le rassure sur le fait qu&rsquo;avant m\u00eame qu&rsquo;il ne soit con\u00e7u dans le ventre de sa Lire plus ...\" \/>\n<meta property=\"og:url\" content=\"https:\/\/fatherheartfrance.com\/index.php\/2022\/10\/01\/je-te-connaissais-avant-ta-naissance-et-je-tai-concu-pour-mes-desseins\/\" \/>\n<meta property=\"og:site_name\" content=\"Fatherheart - France\" \/>\n<meta property=\"article:publisher\" content=\"https:\/\/www.facebook.com\/ContactFHF\/\" \/>\n<meta property=\"article:published_time\" content=\"2022-10-01T07:53:47+00:00\" \/>\n<meta property=\"article:modified_time\" content=\"2022-10-01T07:56:39+00:00\" \/>\n<meta property=\"og:image\" content=\"https:\/\/fatherheartfrance.com\/wp-content\/uploads\/2022\/06\/landscape-gd731b5560_1920.jpg\" \/>\n\t<meta property=\"og:image:width\" content=\"1920\" \/>\n\t<meta property=\"og:image:height\" content=\"1080\" \/>\n\t<meta property=\"og:image:type\" content=\"image\/jpeg\" \/>\n<meta name=\"author\" content=\"Fr\u00e9d\u00e9ric C\" \/>\n<meta name=\"twitter:card\" content=\"summary_large_image\" \/>\n<meta name=\"twitter:label1\" content=\"\u00c9crit par\" \/>\n\t<meta name=\"twitter:data1\" content=\"Fr\u00e9d\u00e9ric C\" \/>\n\t<meta name=\"twitter:label2\" content=\"Dur\u00e9e de lecture estim\u00e9e\" \/>\n\t<meta name=\"twitter:data2\" content=\"2 minutes\" \/>\n<script type=\"application\/ld+json\" class=\"yoast-schema-graph\">{\"@context\":\"https:\\\/\\\/schema.org\",\"@graph\":[{\"@type\":\"Article\",\"@id\":\"https:\\\/\\\/fatherheartfrance.com\\\/index.php\\\/2022\\\/10\\\/01\\\/je-te-connaissais-avant-ta-naissance-et-je-tai-concu-pour-mes-desseins\\\/#article\",\"isPartOf\":{\"@id\":\"https:\\\/\\\/fatherheartfrance.com\\\/index.php\\\/2022\\\/10\\\/01\\\/je-te-connaissais-avant-ta-naissance-et-je-tai-concu-pour-mes-desseins\\\/\"},\"author\":{\"name\":\"Fr\u00e9d\u00e9ric C\",\"@id\":\"https:\\\/\\\/fatherheartfrance.com\\\/#\\\/schema\\\/person\\\/a980675cd50a6bb00fc1a61b57ba7420\"},\"headline\":\"Je te connaissais avant ta naissance et je t&rsquo;ai con\u00e7u pour mes desseins\",\"datePublished\":\"2022-10-01T07:53:47+00:00\",\"dateModified\":\"2022-10-01T07:56:39+00:00\",\"mainEntityOfPage\":{\"@id\":\"https:\\\/\\\/fatherheartfrance.com\\\/index.php\\\/2022\\\/10\\\/01\\\/je-te-connaissais-avant-ta-naissance-et-je-tai-concu-pour-mes-desseins\\\/\"},\"wordCount\":344,\"commentCount\":0,\"publisher\":{\"@id\":\"https:\\\/\\\/fatherheartfrance.com\\\/#organization\"},\"image\":{\"@id\":\"https:\\\/\\\/fatherheartfrance.com\\\/index.php\\\/2022\\\/10\\\/01\\\/je-te-connaissais-avant-ta-naissance-et-je-tai-concu-pour-mes-desseins\\\/#primaryimage\"},\"thumbnailUrl\":\"https:\\\/\\\/fatherheartfrance.com\\\/wp-content\\\/uploads\\\/2022\\\/06\\\/landscape-gd731b5560_1920.jpg\",\"inLanguage\":\"fr-FR\",\"potentialAction\":[{\"@type\":\"CommentAction\",\"name\":\"Comment\",\"target\":[\"https:\\\/\\\/fatherheartfrance.com\\\/index.php\\\/2022\\\/10\\\/01\\\/je-te-connaissais-avant-ta-naissance-et-je-tai-concu-pour-mes-desseins\\\/#respond\"]}]},{\"@type\":\"WebPage\",\"@id\":\"https:\\\/\\\/fatherheartfrance.com\\\/index.php\\\/2022\\\/10\\\/01\\\/je-te-connaissais-avant-ta-naissance-et-je-tai-concu-pour-mes-desseins\\\/\",\"url\":\"https:\\\/\\\/fatherheartfrance.com\\\/index.php\\\/2022\\\/10\\\/01\\\/je-te-connaissais-avant-ta-naissance-et-je-tai-concu-pour-mes-desseins\\\/\",\"name\":\"Je te connaissais avant ta naissance et je t'ai con\u00e7u pour mes desseins - Fatherheart - France\",\"isPartOf\":{\"@id\":\"https:\\\/\\\/fatherheartfrance.com\\\/#website\"},\"primaryImageOfPage\":{\"@id\":\"https:\\\/\\\/fatherheartfrance.com\\\/index.php\\\/2022\\\/10\\\/01\\\/je-te-connaissais-avant-ta-naissance-et-je-tai-concu-pour-mes-desseins\\\/#primaryimage\"},\"image\":{\"@id\":\"https:\\\/\\\/fatherheartfrance.com\\\/index.php\\\/2022\\\/10\\\/01\\\/je-te-connaissais-avant-ta-naissance-et-je-tai-concu-pour-mes-desseins\\\/#primaryimage\"},\"thumbnailUrl\":\"https:\\\/\\\/fatherheartfrance.com\\\/wp-content\\\/uploads\\\/2022\\\/06\\\/landscape-gd731b5560_1920.jpg\",\"datePublished\":\"2022-10-01T07:53:47+00:00\",\"dateModified\":\"2022-10-01T07:56:39+00:00\",\"breadcrumb\":{\"@id\":\"https:\\\/\\\/fatherheartfrance.com\\\/index.php\\\/2022\\\/10\\\/01\\\/je-te-connaissais-avant-ta-naissance-et-je-tai-concu-pour-mes-desseins\\\/#breadcrumb\"},\"inLanguage\":\"fr-FR\",\"potentialAction\":[{\"@type\":\"ReadAction\",\"target\":[\"https:\\\/\\\/fatherheartfrance.com\\\/index.php\\\/2022\\\/10\\\/01\\\/je-te-connaissais-avant-ta-naissance-et-je-tai-concu-pour-mes-desseins\\\/\"]}]},{\"@type\":\"ImageObject\",\"inLanguage\":\"fr-FR\",\"@id\":\"https:\\\/\\\/fatherheartfrance.com\\\/index.php\\\/2022\\\/10\\\/01\\\/je-te-connaissais-avant-ta-naissance-et-je-tai-concu-pour-mes-desseins\\\/#primaryimage\",\"url\":\"https:\\\/\\\/fatherheartfrance.com\\\/wp-content\\\/uploads\\\/2022\\\/06\\\/landscape-gd731b5560_1920.jpg\",\"contentUrl\":\"https:\\\/\\\/fatherheartfrance.com\\\/wp-content\\\/uploads\\\/2022\\\/06\\\/landscape-gd731b5560_1920.jpg\",\"width\":1920,\"height\":1080,\"caption\":\"landscape-Fatherheart-France\"},{\"@type\":\"BreadcrumbList\",\"@id\":\"https:\\\/\\\/fatherheartfrance.com\\\/index.php\\\/2022\\\/10\\\/01\\\/je-te-connaissais-avant-ta-naissance-et-je-tai-concu-pour-mes-desseins\\\/#breadcrumb\",\"itemListElement\":[{\"@type\":\"ListItem\",\"position\":1,\"name\":\"Accueil\",\"item\":\"https:\\\/\\\/fatherheartfrance.com\\\/\"},{\"@type\":\"ListItem\",\"position\":2,\"name\":\"Je te connaissais avant ta naissance et je t&rsquo;ai con\u00e7u pour mes desseins\"}]},{\"@type\":\"WebSite\",\"@id\":\"https:\\\/\\\/fatherheartfrance.com\\\/#website\",\"url\":\"https:\\\/\\\/fatherheartfrance.com\\\/\",\"name\":\"Fatherheart - France\",\"description\":\"Amour du P\u00e8re\",\"publisher\":{\"@id\":\"https:\\\/\\\/fatherheartfrance.com\\\/#organization\"},\"potentialAction\":[{\"@type\":\"SearchAction\",\"target\":{\"@type\":\"EntryPoint\",\"urlTemplate\":\"https:\\\/\\\/fatherheartfrance.com\\\/?s={search_term_string}\"},\"query-input\":{\"@type\":\"PropertyValueSpecification\",\"valueRequired\":true,\"valueName\":\"search_term_string\"}}],\"inLanguage\":\"fr-FR\"},{\"@type\":\"Organization\",\"@id\":\"https:\\\/\\\/fatherheartfrance.com\\\/#organization\",\"name\":\"fatherheartfrance\",\"url\":\"https:\\\/\\\/fatherheartfrance.com\\\/\",\"logo\":{\"@type\":\"ImageObject\",\"inLanguage\":\"fr-FR\",\"@id\":\"https:\\\/\\\/fatherheartfrance.com\\\/#\\\/schema\\\/logo\\\/image\\\/\",\"url\":\"https:\\\/\\\/fatherheartfrance.com\\\/wp-content\\\/uploads\\\/2017\\\/02\\\/logo-3-e1488034589841.png\",\"contentUrl\":\"https:\\\/\\\/fatherheartfrance.com\\\/wp-content\\\/uploads\\\/2017\\\/02\\\/logo-3-e1488034589841.png\",\"width\":300,\"height\":82,\"caption\":\"fatherheartfrance\"},\"image\":{\"@id\":\"https:\\\/\\\/fatherheartfrance.com\\\/#\\\/schema\\\/logo\\\/image\\\/\"},\"sameAs\":[\"https:\\\/\\\/www.facebook.com\\\/ContactFHF\\\/\"]},{\"@type\":\"Person\",\"@id\":\"https:\\\/\\\/fatherheartfrance.com\\\/#\\\/schema\\\/person\\\/a980675cd50a6bb00fc1a61b57ba7420\",\"name\":\"Fr\u00e9d\u00e9ric C\",\"image\":{\"@type\":\"ImageObject\",\"inLanguage\":\"fr-FR\",\"@id\":\"https:\\\/\\\/secure.gravatar.com\\\/avatar\\\/f847814b88f468c211776e97f3b93c066195167c83d3e8cb7e6ca0612f3757a8?s=96&d=mm&r=g\",\"url\":\"https:\\\/\\\/secure.gravatar.com\\\/avatar\\\/f847814b88f468c211776e97f3b93c066195167c83d3e8cb7e6ca0612f3757a8?s=96&d=mm&r=g\",\"contentUrl\":\"https:\\\/\\\/secure.gravatar.com\\\/avatar\\\/f847814b88f468c211776e97f3b93c066195167c83d3e8cb7e6ca0612f3757a8?s=96&d=mm&r=g\",\"caption\":\"Fr\u00e9d\u00e9ric C\"},\"url\":\"https:\\\/\\\/fatherheartfrance.com\\\/index.php\\\/author\\\/frederic\\\/\"}]}<\/script>\n<!-- \/ Yoast SEO plugin. -->","yoast_head_json":{"title":"Je te connaissais avant ta naissance et je t'ai con\u00e7u pour mes desseins - Fatherheart - France","robots":{"index":"index","follow":"follow","max-snippet":"max-snippet:-1","max-image-preview":"max-image-preview:large","max-video-preview":"max-video-preview:-1"},"canonical":"https:\/\/fatherheartfrance.com\/index.php\/2022\/10\/01\/je-te-connaissais-avant-ta-naissance-et-je-tai-concu-pour-mes-desseins\/","og_locale":"fr_FR","og_type":"article","og_title":"Je te connaissais avant ta naissance et je t'ai con\u00e7u pour mes desseins - Fatherheart - France","og_description":"J\u00e9r\u00e9mie 1:5 (WEB)\u00ab\u00a0Avant que je te forme dans le ventre, je te connaissais.Avant que tu ne sortes du ventre de ta m\u00e8re, je t&rsquo;ai sanctifi\u00e9.Je t&rsquo;ai \u00e9tabli proph\u00e8te des nations.\u00a0\u00bb Dans ce verset, Dieu s&rsquo;adresse au proph\u00e8te J\u00e9r\u00e9mie et le rassure sur le fait qu&rsquo;avant m\u00eame qu&rsquo;il ne soit con\u00e7u dans le ventre de sa Lire plus ...","og_url":"https:\/\/fatherheartfrance.com\/index.php\/2022\/10\/01\/je-te-connaissais-avant-ta-naissance-et-je-tai-concu-pour-mes-desseins\/","og_site_name":"Fatherheart - France","article_publisher":"https:\/\/www.facebook.com\/ContactFHF\/","article_published_time":"2022-10-01T07:53:47+00:00","article_modified_time":"2022-10-01T07:56:39+00:00","og_image":[{"width":1920,"height":1080,"url":"https:\/\/fatherheartfrance.com\/wp-content\/uploads\/2022\/06\/landscape-gd731b5560_1920.jpg","type":"image\/jpeg"}],"author":"Fr\u00e9d\u00e9ric C","twitter_card":"summary_large_image","twitter_misc":{"\u00c9crit par":"Fr\u00e9d\u00e9ric C","Dur\u00e9e de lecture estim\u00e9e":"2 minutes"},"schema":{"@context":"https:\/\/schema.org","@graph":[{"@type":"Article","@id":"https:\/\/fatherheartfrance.com\/index.php\/2022\/10\/01\/je-te-connaissais-avant-ta-naissance-et-je-tai-concu-pour-mes-desseins\/#article","isPartOf":{"@id":"https:\/\/fatherheartfrance.com\/index.php\/2022\/10\/01\/je-te-connaissais-avant-ta-naissance-et-je-tai-concu-pour-mes-desseins\/"},"author":{"name":"Fr\u00e9d\u00e9ric C","@id":"https:\/\/fatherheartfrance.com\/#\/schema\/person\/a980675cd50a6bb00fc1a61b57ba7420"},"headline":"Je te connaissais avant ta naissance et je t&rsquo;ai con\u00e7u pour mes desseins","datePublished":"2022-10-01T07:53:47+00:00","dateModified":"2022-10-01T07:56:39+00:00","mainEntityOfPage":{"@id":"https:\/\/fatherheartfrance.com\/index.php\/2022\/10\/01\/je-te-connaissais-avant-ta-naissance-et-je-tai-concu-pour-mes-desseins\/"},"wordCount":344,"commentCount":0,"publisher":{"@id":"https:\/\/fatherheartfrance.com\/#organization"},"image":{"@id":"https:\/\/fatherheartfrance.com\/index.php\/2022\/10\/01\/je-te-connaissais-avant-ta-naissance-et-je-tai-concu-pour-mes-desseins\/#primaryimage"},"thumbnailUrl":"https:\/\/fatherheartfrance.com\/wp-content\/uploads\/2022\/06\/landscape-gd731b5560_1920.jpg","inLanguage":"fr-FR","potentialAction":[{"@type":"CommentAction","name":"Comment","target":["https:\/\/fatherheartfrance.com\/index.php\/2022\/10\/01\/je-te-connaissais-avant-ta-naissance-et-je-tai-concu-pour-mes-desseins\/#respond"]}]},{"@type":"WebPage","@id":"https:\/\/fatherheartfrance.com\/index.php\/2022\/10\/01\/je-te-connaissais-avant-ta-naissance-et-je-tai-concu-pour-mes-desseins\/","url":"https:\/\/fatherheartfrance.com\/index.php\/2022\/10\/01\/je-te-connaissais-avant-ta-naissance-et-je-tai-concu-pour-mes-desseins\/","name":"Je te connaissais avant ta naissance et je t'ai con\u00e7u pour mes desseins - Fatherheart - France","isPartOf":{"@id":"https:\/\/fatherheartfrance.com\/#website"},"primaryImageOfPage":{"@id":"https:\/\/fatherheartfrance.com\/index.php\/2022\/10\/01\/je-te-connaissais-avant-ta-naissance-et-je-tai-concu-pour-mes-desseins\/#primaryimage"},"image":{"@id":"https:\/\/fatherheartfrance.com\/index.php\/2022\/10\/01\/je-te-connaissais-avant-ta-naissance-et-je-tai-concu-pour-mes-desseins\/#primaryimage"},"thumbnailUrl":"https:\/\/fatherheartfrance.com\/wp-content\/uploads\/2022\/06\/landscape-gd731b5560_1920.jpg","datePublished":"2022-10-01T07:53:47+00:00","dateModified":"2022-10-01T07:56:39+00:00","breadcrumb":{"@id":"https:\/\/fatherheartfrance.com\/index.php\/2022\/10\/01\/je-te-connaissais-avant-ta-naissance-et-je-tai-concu-pour-mes-desseins\/#breadcrumb"},"inLanguage":"fr-FR","potentialAction":[{"@type":"ReadAction","target":["https:\/\/fatherheartfrance.com\/index.php\/2022\/10\/01\/je-te-connaissais-avant-ta-naissance-et-je-tai-concu-pour-mes-desseins\/"]}]},{"@type":"ImageObject","inLanguage":"fr-FR","@id":"https:\/\/fatherheartfrance.com\/index.php\/2022\/10\/01\/je-te-connaissais-avant-ta-naissance-et-je-tai-concu-pour-mes-desseins\/#primaryimage","url":"https:\/\/fatherheartfrance.com\/wp-content\/uploads\/2022\/06\/landscape-gd731b5560_1920.jpg","contentUrl":"https:\/\/fatherheartfrance.com\/wp-content\/uploads\/2022\/06\/landscape-gd731b5560_1920.jpg","width":1920,"height":1080,"caption":"landscape-Fatherheart-France"},{"@type":"BreadcrumbList","@id":"https:\/\/fatherheartfrance.com\/index.php\/2022\/10\/01\/je-te-connaissais-avant-ta-naissance-et-je-tai-concu-pour-mes-desseins\/#breadcrumb","itemListElement":[{"@type":"ListItem","position":1,"name":"Accueil","item":"https:\/\/fatherheartfrance.com\/"},{"@type":"ListItem","position":2,"name":"Je te connaissais avant ta naissance et je t&rsquo;ai con\u00e7u pour mes desseins"}]},{"@type":"WebSite","@id":"https:\/\/fatherheartfrance.com\/#website","url":"https:\/\/fatherheartfrance.com\/","name":"Fatherheart - France","description":"Amour du P\u00e8re","publisher":{"@id":"https:\/\/fatherheartfrance.com\/#organization"},"potentialAction":[{"@type":"SearchAction","target":{"@type":"EntryPoint","urlTemplate":"https:\/\/fatherheartfrance.com\/?s={search_term_string}"},"query-input":{"@type":"PropertyValueSpecification","valueRequired":true,"valueName":"search_term_string"}}],"inLanguage":"fr-FR"},{"@type":"Organization","@id":"https:\/\/fatherheartfrance.com\/#organization","name":"fatherheartfrance","url":"https:\/\/fatherheartfrance.com\/","logo":{"@type":"ImageObject","inLanguage":"fr-FR","@id":"https:\/\/fatherheartfrance.com\/#\/schema\/logo\/image\/","url":"https:\/\/fatherheartfrance.com\/wp-content\/uploads\/2017\/02\/logo-3-e1488034589841.png","contentUrl":"https:\/\/fatherheartfrance.com\/wp-content\/uploads\/2017\/02\/logo-3-e1488034589841.png","width":300,"height":82,"caption":"fatherheartfrance"},"image":{"@id":"https:\/\/fatherheartfrance.com\/#\/schema\/logo\/image\/"},"sameAs":["https:\/\/www.facebook.com\/ContactFHF\/"]},{"@type":"Person","@id":"https:\/\/fatherheartfrance.com\/#\/schema\/person\/a980675cd50a6bb00fc1a61b57ba7420","name":"Fr\u00e9d\u00e9ric C","image":{"@type":"ImageObject","inLanguage":"fr-FR","@id":"https:\/\/secure.gravatar.com\/avatar\/f847814b88f468c211776e97f3b93c066195167c83d3e8cb7e6ca0612f3757a8?s=96&d=mm&r=g","url":"https:\/\/secure.gravatar.com\/avatar\/f847814b88f468c211776e97f3b93c066195167c83d3e8cb7e6ca0612f3757a8?s=96&d=mm&r=g","contentUrl":"https:\/\/secure.gravatar.com\/avatar\/f847814b88f468c211776e97f3b93c066195167c83d3e8cb7e6ca0612f3757a8?s=96&d=mm&r=g","caption":"Fr\u00e9d\u00e9ric C"},"url":"https:\/\/fatherheartfrance.com\/index.php\/author\/frederic\/"}]}},"_links":{"self":[{"href":"https:\/\/fatherheartfrance.com\/index.php\/wp-json\/wp\/v2\/posts\/1892","targetHints":{"allow":["GET"]}}],"collection":[{"href":"https:\/\/fatherheartfrance.com\/index.php\/wp-json\/wp\/v2\/posts"}],"about":[{"href":"https:\/\/fatherheartfrance.com\/index.php\/wp-json\/wp\/v2\/types\/post"}],"author":[{"embeddable":true,"href":"https:\/\/fatherheartfrance.com\/index.php\/wp-json\/wp\/v2\/users\/3"}],"replies":[{"embeddable":true,"href":"https:\/\/fatherheartfrance.com\/index.php\/wp-json\/wp\/v2\/comments?post=1892"}],"version-history":[{"count":1,"href":"https:\/\/fatherheartfrance.com\/index.php\/wp-json\/wp\/v2\/posts\/1892\/revisions"}],"predecessor-version":[{"id":1893,"href":"https:\/\/fatherheartfrance.com\/index.php\/wp-json\/wp\/v2\/posts\/1892\/revisions\/1893"}],"wp:featuredmedia":[{"embeddable":true,"href":"https:\/\/fatherheartfrance.com\/index.php\/wp-json\/wp\/v2\/media\/1844"}],"wp:attachment":[{"href":"https:\/\/fatherheartfrance.com\/index.php\/wp-json\/wp\/v2\/media?parent=1892"}],"wp:term":[{"taxonomy":"category","embeddable":true,"href":"https:\/\/fatherheartfrance.com\/index.php\/wp-json\/wp\/v2\/categories?post=1892"},{"taxonomy":"post_tag","embeddable":true,"href":"https:\/\/fatherheartfrance.com\/index.php\/wp-json\/wp\/v2\/tags?post=1892"}],"curies":[{"name":"wp","href":"https:\/\/api.w.org\/{rel}","templated":true}]}}