{"id":1883,"date":"2022-09-17T09:18:18","date_gmt":"2022-09-17T07:18:18","guid":{"rendered":"https:\/\/fatherheartfrance.com\/?p=1883"},"modified":"2022-09-17T09:18:20","modified_gmt":"2022-09-17T07:18:20","slug":"ma-puissance-reposera-sur-toi-quand-tu-seras-faible","status":"publish","type":"post","link":"https:\/\/fatherheartfrance.com\/index.php\/2022\/09\/17\/ma-puissance-reposera-sur-toi-quand-tu-seras-faible\/","title":{"rendered":"Ma puissance reposera sur toi quand tu seras faible"},"content":{"rendered":"\n<p class=\"wp-block-paragraph\"><\/p>\n\n\n\n<p class=\"wp-block-paragraph\"><em>2 Corinthiens 12:9 (BDS) il m\u2019a r\u00e9pondu: \u00ab Ma gr\u00e2ce te suffit, c\u2019est dans la faiblesse que ma puissance se manifeste pleinement. \u00bb C\u2019est pourquoi je me vanterai plut\u00f4t de mes faiblesses, afin que la puissance de Christ repose sur moi.<\/em><\/p>\n\n\n\n<p class=\"wp-block-paragraph\">Ce verset nous vient d&rsquo;une rencontre de l&rsquo;ap\u00f4tre Paul avec le Seigneur J\u00e9sus lui-m\u00eame. Chacun pour son \u00e9dification peut lire le texte entier qui se trouve dans 2 Corinthiens 12:1-10. En bref, Paul a cette incroyable exp\u00e9rience du troisi\u00e8me ciel o\u00f9 il voit des choses extraordinaire qu&rsquo;il ne peut pas partager avec les autres. D&rsquo;autre part, il y a cette \u00ab\u00a0\u00e9pine dans la chair\u00a0\u00bb, un messager de Satan envoy\u00e9 pour le harceler.<\/p>\n\n\n\n<p class=\"wp-block-paragraph\">Par trois fois, il demande au Seigneur d&rsquo;\u00f4ter cette \u00ab\u00a0\u00e9pine dans sa chair\u00a0\u00bb et la r\u00e9ponse de J\u00e9sus \u00e0 Paul, dans la premi\u00e8re partie du verset 9, est la suivante\u2026 Il m&rsquo;a r\u00e9pondu : \u00ab\u00a0<em>Ma gr\u00e2ce te suffit, car ma puissance s&rsquo;accomplit dans la faiblesse<\/em>\u00ab\u00a0. (WEB) Apr\u00e8s avoir entendu ces paroles de la bouche de J\u00e9sus lui-m\u00eame, Paul a re\u00e7u une nouvelle r\u00e9v\u00e9lation sur le fonctionnement du royaume de Dieu.<\/p>\n\n\n\n<p class=\"wp-block-paragraph\">Dans la derni\u00e8re partie du verset 9, Paul r\u00e9pond \u00e0 J\u00e9sus en disant\u2026 <em>Je pr\u00e9f\u00e8re donc me glorifier de mes faiblesses, afin que la puissance du Christ repose sur moi.<\/em> (WEB) Le royaume de Dieu est oppos\u00e9 au royaume de ce monde. Ce sont les pauvres en esprit qui h\u00e9riteront du royaume. Dieu a choisi les choses insens\u00e9es du monde pour confondre les sages. Les derniers seront les premiers et, bien s\u00fbr, les faibles seront rendus forts.<\/p>\n\n\n\n<p class=\"wp-block-paragraph\">Ayons des yeux pour voir le royaume de Dieu et l&#8217;embrasser de tout notre c\u0153ur. Lorsque nous sommes vides de notre propre capacit\u00e9 \u00e0 g\u00e9rer la vie, puissions-nous voir que c&rsquo;est alors que la puissance du Christ repose sur nous. Puissions-nous tous \u00eatre capables de nous vanter de nos faiblesses afin que la force de notre fr\u00e8re a\u00een\u00e9 J\u00e9sus soit perfectionn\u00e9e en nous.<\/p>\n\n\n\n<p class=\"has-text-align-right has-extra-small-font-size wp-block-paragraph\">18<\/p>\n","protected":false},"excerpt":{"rendered":"<p>2 Corinthiens 12:9 (BDS) il m\u2019a r\u00e9pondu: \u00ab Ma gr\u00e2ce te suffit, c\u2019est dans la faiblesse que ma puissance se manifeste pleinement. \u00bb C\u2019est pourquoi je me vanterai plut\u00f4t de mes faiblesses, afin que la puissance de Christ repose sur moi. Ce verset nous vient d&rsquo;une rencontre de l&rsquo;ap\u00f4tre Paul avec le Seigneur J\u00e9sus lui-m\u00eame. <a class=\"more-link\" href=\"https:\/\/fatherheartfrance.com\/index.php\/2022\/09\/17\/ma-puissance-reposera-sur-toi-quand-tu-seras-faible\/\">Lire plus &#8230;<\/a><\/p>\n","protected":false},"author":3,"featured_media":1842,"comment_status":"open","ping_status":"open","sticky":false,"template":"","format":"standard","meta":{"_crdt_document":"","_exactmetrics_skip_tracking":false,"_exactmetrics_sitenote_active":false,"_exactmetrics_sitenote_note":"","_exactmetrics_sitenote_category":0,"footnotes":""},"categories":[1],"tags":[],"class_list":["post-1883","post","type-post","status-publish","format-standard","has-post-thumbnail","hentry","category-non-classe"],"yoast_head":"<!-- This site is optimized with the Yoast SEO plugin v27.5 - https:\/\/yoast.com\/product\/yoast-seo-wordpress\/ -->\n<title>Ma puissance reposera sur toi quand tu seras faible - Fatherheart - France<\/title>\n<meta name=\"robots\" content=\"index, follow, max-snippet:-1, max-image-preview:large, max-video-preview:-1\" \/>\n<link rel=\"canonical\" href=\"https:\/\/fatherheartfrance.com\/index.php\/2022\/09\/17\/ma-puissance-reposera-sur-toi-quand-tu-seras-faible\/\" \/>\n<meta property=\"og:locale\" content=\"fr_FR\" \/>\n<meta property=\"og:type\" content=\"article\" \/>\n<meta property=\"og:title\" content=\"Ma puissance reposera sur toi quand tu seras faible - Fatherheart - France\" \/>\n<meta property=\"og:description\" content=\"2 Corinthiens 12:9 (BDS) il m\u2019a r\u00e9pondu: \u00ab Ma gr\u00e2ce te suffit, c\u2019est dans la faiblesse que ma puissance se manifeste pleinement. \u00bb C\u2019est pourquoi je me vanterai plut\u00f4t de mes faiblesses, afin que la puissance de Christ repose sur moi. Ce verset nous vient d&rsquo;une rencontre de l&rsquo;ap\u00f4tre Paul avec le Seigneur J\u00e9sus lui-m\u00eame. Lire plus ...\" \/>\n<meta property=\"og:url\" content=\"https:\/\/fatherheartfrance.com\/index.php\/2022\/09\/17\/ma-puissance-reposera-sur-toi-quand-tu-seras-faible\/\" \/>\n<meta property=\"og:site_name\" content=\"Fatherheart - France\" \/>\n<meta property=\"article:publisher\" content=\"https:\/\/www.facebook.com\/ContactFHF\/\" \/>\n<meta property=\"article:published_time\" content=\"2022-09-17T07:18:18+00:00\" \/>\n<meta property=\"article:modified_time\" content=\"2022-09-17T07:18:20+00:00\" \/>\n<meta property=\"og:image\" content=\"https:\/\/fatherheartfrance.com\/wp-content\/uploads\/2022\/06\/niagara-falls-g3afe879b9_1920.jpg\" \/>\n\t<meta property=\"og:image:width\" content=\"1920\" \/>\n\t<meta property=\"og:image:height\" content=\"1280\" \/>\n\t<meta property=\"og:image:type\" content=\"image\/jpeg\" \/>\n<meta name=\"author\" content=\"Fr\u00e9d\u00e9ric C\" \/>\n<meta name=\"twitter:card\" content=\"summary_large_image\" \/>\n<meta name=\"twitter:label1\" content=\"\u00c9crit par\" \/>\n\t<meta name=\"twitter:data1\" content=\"Fr\u00e9d\u00e9ric C\" \/>\n\t<meta name=\"twitter:label2\" content=\"Dur\u00e9e de lecture estim\u00e9e\" \/>\n\t<meta name=\"twitter:data2\" content=\"2 minutes\" \/>\n<script type=\"application\/ld+json\" class=\"yoast-schema-graph\">{\"@context\":\"https:\\\/\\\/schema.org\",\"@graph\":[{\"@type\":\"Article\",\"@id\":\"https:\\\/\\\/fatherheartfrance.com\\\/index.php\\\/2022\\\/09\\\/17\\\/ma-puissance-reposera-sur-toi-quand-tu-seras-faible\\\/#article\",\"isPartOf\":{\"@id\":\"https:\\\/\\\/fatherheartfrance.com\\\/index.php\\\/2022\\\/09\\\/17\\\/ma-puissance-reposera-sur-toi-quand-tu-seras-faible\\\/\"},\"author\":{\"name\":\"Fr\u00e9d\u00e9ric C\",\"@id\":\"https:\\\/\\\/fatherheartfrance.com\\\/#\\\/schema\\\/person\\\/a980675cd50a6bb00fc1a61b57ba7420\"},\"headline\":\"Ma puissance reposera sur toi quand tu seras faible\",\"datePublished\":\"2022-09-17T07:18:18+00:00\",\"dateModified\":\"2022-09-17T07:18:20+00:00\",\"mainEntityOfPage\":{\"@id\":\"https:\\\/\\\/fatherheartfrance.com\\\/index.php\\\/2022\\\/09\\\/17\\\/ma-puissance-reposera-sur-toi-quand-tu-seras-faible\\\/\"},\"wordCount\":366,\"commentCount\":0,\"publisher\":{\"@id\":\"https:\\\/\\\/fatherheartfrance.com\\\/#organization\"},\"image\":{\"@id\":\"https:\\\/\\\/fatherheartfrance.com\\\/index.php\\\/2022\\\/09\\\/17\\\/ma-puissance-reposera-sur-toi-quand-tu-seras-faible\\\/#primaryimage\"},\"thumbnailUrl\":\"https:\\\/\\\/fatherheartfrance.com\\\/wp-content\\\/uploads\\\/2022\\\/06\\\/niagara-falls-g3afe879b9_1920.jpg\",\"inLanguage\":\"fr-FR\",\"potentialAction\":[{\"@type\":\"CommentAction\",\"name\":\"Comment\",\"target\":[\"https:\\\/\\\/fatherheartfrance.com\\\/index.php\\\/2022\\\/09\\\/17\\\/ma-puissance-reposera-sur-toi-quand-tu-seras-faible\\\/#respond\"]}]},{\"@type\":\"WebPage\",\"@id\":\"https:\\\/\\\/fatherheartfrance.com\\\/index.php\\\/2022\\\/09\\\/17\\\/ma-puissance-reposera-sur-toi-quand-tu-seras-faible\\\/\",\"url\":\"https:\\\/\\\/fatherheartfrance.com\\\/index.php\\\/2022\\\/09\\\/17\\\/ma-puissance-reposera-sur-toi-quand-tu-seras-faible\\\/\",\"name\":\"Ma puissance reposera sur toi quand tu seras faible - Fatherheart - France\",\"isPartOf\":{\"@id\":\"https:\\\/\\\/fatherheartfrance.com\\\/#website\"},\"primaryImageOfPage\":{\"@id\":\"https:\\\/\\\/fatherheartfrance.com\\\/index.php\\\/2022\\\/09\\\/17\\\/ma-puissance-reposera-sur-toi-quand-tu-seras-faible\\\/#primaryimage\"},\"image\":{\"@id\":\"https:\\\/\\\/fatherheartfrance.com\\\/index.php\\\/2022\\\/09\\\/17\\\/ma-puissance-reposera-sur-toi-quand-tu-seras-faible\\\/#primaryimage\"},\"thumbnailUrl\":\"https:\\\/\\\/fatherheartfrance.com\\\/wp-content\\\/uploads\\\/2022\\\/06\\\/niagara-falls-g3afe879b9_1920.jpg\",\"datePublished\":\"2022-09-17T07:18:18+00:00\",\"dateModified\":\"2022-09-17T07:18:20+00:00\",\"breadcrumb\":{\"@id\":\"https:\\\/\\\/fatherheartfrance.com\\\/index.php\\\/2022\\\/09\\\/17\\\/ma-puissance-reposera-sur-toi-quand-tu-seras-faible\\\/#breadcrumb\"},\"inLanguage\":\"fr-FR\",\"potentialAction\":[{\"@type\":\"ReadAction\",\"target\":[\"https:\\\/\\\/fatherheartfrance.com\\\/index.php\\\/2022\\\/09\\\/17\\\/ma-puissance-reposera-sur-toi-quand-tu-seras-faible\\\/\"]}]},{\"@type\":\"ImageObject\",\"inLanguage\":\"fr-FR\",\"@id\":\"https:\\\/\\\/fatherheartfrance.com\\\/index.php\\\/2022\\\/09\\\/17\\\/ma-puissance-reposera-sur-toi-quand-tu-seras-faible\\\/#primaryimage\",\"url\":\"https:\\\/\\\/fatherheartfrance.com\\\/wp-content\\\/uploads\\\/2022\\\/06\\\/niagara-falls-g3afe879b9_1920.jpg\",\"contentUrl\":\"https:\\\/\\\/fatherheartfrance.com\\\/wp-content\\\/uploads\\\/2022\\\/06\\\/niagara-falls-g3afe879b9_1920.jpg\",\"width\":1920,\"height\":1280,\"caption\":\"niagara-falls-Fatherheart-France\"},{\"@type\":\"BreadcrumbList\",\"@id\":\"https:\\\/\\\/fatherheartfrance.com\\\/index.php\\\/2022\\\/09\\\/17\\\/ma-puissance-reposera-sur-toi-quand-tu-seras-faible\\\/#breadcrumb\",\"itemListElement\":[{\"@type\":\"ListItem\",\"position\":1,\"name\":\"Accueil\",\"item\":\"https:\\\/\\\/fatherheartfrance.com\\\/\"},{\"@type\":\"ListItem\",\"position\":2,\"name\":\"Ma puissance reposera sur toi quand tu seras faible\"}]},{\"@type\":\"WebSite\",\"@id\":\"https:\\\/\\\/fatherheartfrance.com\\\/#website\",\"url\":\"https:\\\/\\\/fatherheartfrance.com\\\/\",\"name\":\"Fatherheart - France\",\"description\":\"Amour du P\u00e8re\",\"publisher\":{\"@id\":\"https:\\\/\\\/fatherheartfrance.com\\\/#organization\"},\"potentialAction\":[{\"@type\":\"SearchAction\",\"target\":{\"@type\":\"EntryPoint\",\"urlTemplate\":\"https:\\\/\\\/fatherheartfrance.com\\\/?s={search_term_string}\"},\"query-input\":{\"@type\":\"PropertyValueSpecification\",\"valueRequired\":true,\"valueName\":\"search_term_string\"}}],\"inLanguage\":\"fr-FR\"},{\"@type\":\"Organization\",\"@id\":\"https:\\\/\\\/fatherheartfrance.com\\\/#organization\",\"name\":\"fatherheartfrance\",\"url\":\"https:\\\/\\\/fatherheartfrance.com\\\/\",\"logo\":{\"@type\":\"ImageObject\",\"inLanguage\":\"fr-FR\",\"@id\":\"https:\\\/\\\/fatherheartfrance.com\\\/#\\\/schema\\\/logo\\\/image\\\/\",\"url\":\"https:\\\/\\\/fatherheartfrance.com\\\/wp-content\\\/uploads\\\/2017\\\/02\\\/logo-3-e1488034589841.png\",\"contentUrl\":\"https:\\\/\\\/fatherheartfrance.com\\\/wp-content\\\/uploads\\\/2017\\\/02\\\/logo-3-e1488034589841.png\",\"width\":300,\"height\":82,\"caption\":\"fatherheartfrance\"},\"image\":{\"@id\":\"https:\\\/\\\/fatherheartfrance.com\\\/#\\\/schema\\\/logo\\\/image\\\/\"},\"sameAs\":[\"https:\\\/\\\/www.facebook.com\\\/ContactFHF\\\/\"]},{\"@type\":\"Person\",\"@id\":\"https:\\\/\\\/fatherheartfrance.com\\\/#\\\/schema\\\/person\\\/a980675cd50a6bb00fc1a61b57ba7420\",\"name\":\"Fr\u00e9d\u00e9ric C\",\"image\":{\"@type\":\"ImageObject\",\"inLanguage\":\"fr-FR\",\"@id\":\"https:\\\/\\\/secure.gravatar.com\\\/avatar\\\/f847814b88f468c211776e97f3b93c066195167c83d3e8cb7e6ca0612f3757a8?s=96&d=mm&r=g\",\"url\":\"https:\\\/\\\/secure.gravatar.com\\\/avatar\\\/f847814b88f468c211776e97f3b93c066195167c83d3e8cb7e6ca0612f3757a8?s=96&d=mm&r=g\",\"contentUrl\":\"https:\\\/\\\/secure.gravatar.com\\\/avatar\\\/f847814b88f468c211776e97f3b93c066195167c83d3e8cb7e6ca0612f3757a8?s=96&d=mm&r=g\",\"caption\":\"Fr\u00e9d\u00e9ric C\"},\"url\":\"https:\\\/\\\/fatherheartfrance.com\\\/index.php\\\/author\\\/frederic\\\/\"}]}<\/script>\n<!-- \/ Yoast SEO plugin. -->","yoast_head_json":{"title":"Ma puissance reposera sur toi quand tu seras faible - Fatherheart - France","robots":{"index":"index","follow":"follow","max-snippet":"max-snippet:-1","max-image-preview":"max-image-preview:large","max-video-preview":"max-video-preview:-1"},"canonical":"https:\/\/fatherheartfrance.com\/index.php\/2022\/09\/17\/ma-puissance-reposera-sur-toi-quand-tu-seras-faible\/","og_locale":"fr_FR","og_type":"article","og_title":"Ma puissance reposera sur toi quand tu seras faible - Fatherheart - France","og_description":"2 Corinthiens 12:9 (BDS) il m\u2019a r\u00e9pondu: \u00ab Ma gr\u00e2ce te suffit, c\u2019est dans la faiblesse que ma puissance se manifeste pleinement. \u00bb C\u2019est pourquoi je me vanterai plut\u00f4t de mes faiblesses, afin que la puissance de Christ repose sur moi. Ce verset nous vient d&rsquo;une rencontre de l&rsquo;ap\u00f4tre Paul avec le Seigneur J\u00e9sus lui-m\u00eame. Lire plus ...","og_url":"https:\/\/fatherheartfrance.com\/index.php\/2022\/09\/17\/ma-puissance-reposera-sur-toi-quand-tu-seras-faible\/","og_site_name":"Fatherheart - France","article_publisher":"https:\/\/www.facebook.com\/ContactFHF\/","article_published_time":"2022-09-17T07:18:18+00:00","article_modified_time":"2022-09-17T07:18:20+00:00","og_image":[{"width":1920,"height":1280,"url":"https:\/\/fatherheartfrance.com\/wp-content\/uploads\/2022\/06\/niagara-falls-g3afe879b9_1920.jpg","type":"image\/jpeg"}],"author":"Fr\u00e9d\u00e9ric C","twitter_card":"summary_large_image","twitter_misc":{"\u00c9crit par":"Fr\u00e9d\u00e9ric C","Dur\u00e9e de lecture estim\u00e9e":"2 minutes"},"schema":{"@context":"https:\/\/schema.org","@graph":[{"@type":"Article","@id":"https:\/\/fatherheartfrance.com\/index.php\/2022\/09\/17\/ma-puissance-reposera-sur-toi-quand-tu-seras-faible\/#article","isPartOf":{"@id":"https:\/\/fatherheartfrance.com\/index.php\/2022\/09\/17\/ma-puissance-reposera-sur-toi-quand-tu-seras-faible\/"},"author":{"name":"Fr\u00e9d\u00e9ric C","@id":"https:\/\/fatherheartfrance.com\/#\/schema\/person\/a980675cd50a6bb00fc1a61b57ba7420"},"headline":"Ma puissance reposera sur toi quand tu seras faible","datePublished":"2022-09-17T07:18:18+00:00","dateModified":"2022-09-17T07:18:20+00:00","mainEntityOfPage":{"@id":"https:\/\/fatherheartfrance.com\/index.php\/2022\/09\/17\/ma-puissance-reposera-sur-toi-quand-tu-seras-faible\/"},"wordCount":366,"commentCount":0,"publisher":{"@id":"https:\/\/fatherheartfrance.com\/#organization"},"image":{"@id":"https:\/\/fatherheartfrance.com\/index.php\/2022\/09\/17\/ma-puissance-reposera-sur-toi-quand-tu-seras-faible\/#primaryimage"},"thumbnailUrl":"https:\/\/fatherheartfrance.com\/wp-content\/uploads\/2022\/06\/niagara-falls-g3afe879b9_1920.jpg","inLanguage":"fr-FR","potentialAction":[{"@type":"CommentAction","name":"Comment","target":["https:\/\/fatherheartfrance.com\/index.php\/2022\/09\/17\/ma-puissance-reposera-sur-toi-quand-tu-seras-faible\/#respond"]}]},{"@type":"WebPage","@id":"https:\/\/fatherheartfrance.com\/index.php\/2022\/09\/17\/ma-puissance-reposera-sur-toi-quand-tu-seras-faible\/","url":"https:\/\/fatherheartfrance.com\/index.php\/2022\/09\/17\/ma-puissance-reposera-sur-toi-quand-tu-seras-faible\/","name":"Ma puissance reposera sur toi quand tu seras faible - Fatherheart - France","isPartOf":{"@id":"https:\/\/fatherheartfrance.com\/#website"},"primaryImageOfPage":{"@id":"https:\/\/fatherheartfrance.com\/index.php\/2022\/09\/17\/ma-puissance-reposera-sur-toi-quand-tu-seras-faible\/#primaryimage"},"image":{"@id":"https:\/\/fatherheartfrance.com\/index.php\/2022\/09\/17\/ma-puissance-reposera-sur-toi-quand-tu-seras-faible\/#primaryimage"},"thumbnailUrl":"https:\/\/fatherheartfrance.com\/wp-content\/uploads\/2022\/06\/niagara-falls-g3afe879b9_1920.jpg","datePublished":"2022-09-17T07:18:18+00:00","dateModified":"2022-09-17T07:18:20+00:00","breadcrumb":{"@id":"https:\/\/fatherheartfrance.com\/index.php\/2022\/09\/17\/ma-puissance-reposera-sur-toi-quand-tu-seras-faible\/#breadcrumb"},"inLanguage":"fr-FR","potentialAction":[{"@type":"ReadAction","target":["https:\/\/fatherheartfrance.com\/index.php\/2022\/09\/17\/ma-puissance-reposera-sur-toi-quand-tu-seras-faible\/"]}]},{"@type":"ImageObject","inLanguage":"fr-FR","@id":"https:\/\/fatherheartfrance.com\/index.php\/2022\/09\/17\/ma-puissance-reposera-sur-toi-quand-tu-seras-faible\/#primaryimage","url":"https:\/\/fatherheartfrance.com\/wp-content\/uploads\/2022\/06\/niagara-falls-g3afe879b9_1920.jpg","contentUrl":"https:\/\/fatherheartfrance.com\/wp-content\/uploads\/2022\/06\/niagara-falls-g3afe879b9_1920.jpg","width":1920,"height":1280,"caption":"niagara-falls-Fatherheart-France"},{"@type":"BreadcrumbList","@id":"https:\/\/fatherheartfrance.com\/index.php\/2022\/09\/17\/ma-puissance-reposera-sur-toi-quand-tu-seras-faible\/#breadcrumb","itemListElement":[{"@type":"ListItem","position":1,"name":"Accueil","item":"https:\/\/fatherheartfrance.com\/"},{"@type":"ListItem","position":2,"name":"Ma puissance reposera sur toi quand tu seras faible"}]},{"@type":"WebSite","@id":"https:\/\/fatherheartfrance.com\/#website","url":"https:\/\/fatherheartfrance.com\/","name":"Fatherheart - France","description":"Amour du P\u00e8re","publisher":{"@id":"https:\/\/fatherheartfrance.com\/#organization"},"potentialAction":[{"@type":"SearchAction","target":{"@type":"EntryPoint","urlTemplate":"https:\/\/fatherheartfrance.com\/?s={search_term_string}"},"query-input":{"@type":"PropertyValueSpecification","valueRequired":true,"valueName":"search_term_string"}}],"inLanguage":"fr-FR"},{"@type":"Organization","@id":"https:\/\/fatherheartfrance.com\/#organization","name":"fatherheartfrance","url":"https:\/\/fatherheartfrance.com\/","logo":{"@type":"ImageObject","inLanguage":"fr-FR","@id":"https:\/\/fatherheartfrance.com\/#\/schema\/logo\/image\/","url":"https:\/\/fatherheartfrance.com\/wp-content\/uploads\/2017\/02\/logo-3-e1488034589841.png","contentUrl":"https:\/\/fatherheartfrance.com\/wp-content\/uploads\/2017\/02\/logo-3-e1488034589841.png","width":300,"height":82,"caption":"fatherheartfrance"},"image":{"@id":"https:\/\/fatherheartfrance.com\/#\/schema\/logo\/image\/"},"sameAs":["https:\/\/www.facebook.com\/ContactFHF\/"]},{"@type":"Person","@id":"https:\/\/fatherheartfrance.com\/#\/schema\/person\/a980675cd50a6bb00fc1a61b57ba7420","name":"Fr\u00e9d\u00e9ric C","image":{"@type":"ImageObject","inLanguage":"fr-FR","@id":"https:\/\/secure.gravatar.com\/avatar\/f847814b88f468c211776e97f3b93c066195167c83d3e8cb7e6ca0612f3757a8?s=96&d=mm&r=g","url":"https:\/\/secure.gravatar.com\/avatar\/f847814b88f468c211776e97f3b93c066195167c83d3e8cb7e6ca0612f3757a8?s=96&d=mm&r=g","contentUrl":"https:\/\/secure.gravatar.com\/avatar\/f847814b88f468c211776e97f3b93c066195167c83d3e8cb7e6ca0612f3757a8?s=96&d=mm&r=g","caption":"Fr\u00e9d\u00e9ric C"},"url":"https:\/\/fatherheartfrance.com\/index.php\/author\/frederic\/"}]}},"_links":{"self":[{"href":"https:\/\/fatherheartfrance.com\/index.php\/wp-json\/wp\/v2\/posts\/1883","targetHints":{"allow":["GET"]}}],"collection":[{"href":"https:\/\/fatherheartfrance.com\/index.php\/wp-json\/wp\/v2\/posts"}],"about":[{"href":"https:\/\/fatherheartfrance.com\/index.php\/wp-json\/wp\/v2\/types\/post"}],"author":[{"embeddable":true,"href":"https:\/\/fatherheartfrance.com\/index.php\/wp-json\/wp\/v2\/users\/3"}],"replies":[{"embeddable":true,"href":"https:\/\/fatherheartfrance.com\/index.php\/wp-json\/wp\/v2\/comments?post=1883"}],"version-history":[{"count":1,"href":"https:\/\/fatherheartfrance.com\/index.php\/wp-json\/wp\/v2\/posts\/1883\/revisions"}],"predecessor-version":[{"id":1884,"href":"https:\/\/fatherheartfrance.com\/index.php\/wp-json\/wp\/v2\/posts\/1883\/revisions\/1884"}],"wp:featuredmedia":[{"embeddable":true,"href":"https:\/\/fatherheartfrance.com\/index.php\/wp-json\/wp\/v2\/media\/1842"}],"wp:attachment":[{"href":"https:\/\/fatherheartfrance.com\/index.php\/wp-json\/wp\/v2\/media?parent=1883"}],"wp:term":[{"taxonomy":"category","embeddable":true,"href":"https:\/\/fatherheartfrance.com\/index.php\/wp-json\/wp\/v2\/categories?post=1883"},{"taxonomy":"post_tag","embeddable":true,"href":"https:\/\/fatherheartfrance.com\/index.php\/wp-json\/wp\/v2\/tags?post=1883"}],"curies":[{"name":"wp","href":"https:\/\/api.w.org\/{rel}","templated":true}]}}