{"id":1835,"date":"2022-06-04T07:00:00","date_gmt":"2022-06-04T05:00:00","guid":{"rendered":"https:\/\/fatherheartfrance.com\/?p=1835"},"modified":"2022-06-03T22:05:20","modified_gmt":"2022-06-03T20:05:20","slug":"tu-as-ete-cree-de-maniere-merveilleuse-et-admirable","status":"publish","type":"post","link":"https:\/\/fatherheartfrance.com\/index.php\/2022\/06\/04\/tu-as-ete-cree-de-maniere-merveilleuse-et-admirable\/","title":{"rendered":"Tu as \u00e9t\u00e9 cr\u00e9\u00e9 de mani\u00e8re merveilleuse et admirable"},"content":{"rendered":"\n<p class=\"wp-block-paragraph\"><\/p>\n\n\n\n<p class=\"wp-block-paragraph\"><em>Psaume 139:14 (FRDBY) Je te c\u00e9l\u00e9brerai de ce que j&rsquo;ai \u00e9t\u00e9 fait d&rsquo;une \u00e9trange et admirable mani\u00e8re. Tes oeuvres sont merveilleuses, et mon \u00e2me le sait tr\u00e8s-bien.<\/em><\/p>\n\n\n\n<p class=\"wp-block-paragraph\">Dieu a cr\u00e9\u00e9 chacun de nous de fa\u00e7on unique, de ses propres mains. Dans ce verset, le roi David y d\u00e9clare qu&rsquo;il est l&rsquo;\u0153uvre du Dieu vivant et qu&rsquo;il a \u00e9t\u00e9 cr\u00e9\u00e9 de fa\u00e7on merveilleuse.<\/p>\n\n\n\n<p class=\"wp-block-paragraph\">Pouvez-vous dire la m\u00eame chose de votre vie ? Pouvez-vous vous regarder dans le miroir et d\u00e9clarer \u00e0 Dieu, le coeur rempli de joie\u2026 \u00ab\u00a0Je te loue parce que je suis merveilleusement fait !!!!!\u00a0\u00bb. Lorsque la plupart des gens se regardent dans un miroir, ils ne voient que leurs imperfections. M\u00eame les c\u00e9l\u00e9brit\u00e9s les plus populaires et les mannequins professionnels sont obs\u00e9d\u00e9s par le plus petit des d\u00e9fauts.<\/p>\n\n\n\n<p class=\"wp-block-paragraph\">Dans le grand commandement, J\u00e9sus nous dit que nous devons aimer Dieu de tout notre c\u0153ur, de tout notre esprit et de toute notre force\u2026 et aimer notre prochain comme nous nous aimons nous-m\u00eames. S&rsquo;aimer du point de vue de Dieu n&rsquo;est pas du narcissisme, mais plut\u00f4t un simple accord avec la fa\u00e7on dont Dieu nous voit\u2026 Nous sommes merveilleusement faits !<\/p>\n\n\n\n<p class=\"wp-block-paragraph\">Dans certains milieux chr\u00e9tiens, la haine de soi peut \u00eatre consid\u00e9r\u00e9e comme une forme d&rsquo;humilit\u00e9. Ce n&rsquo;est pas cela qui apporte de la joie dans le c\u0153ur de notre P\u00e8re. S&rsquo;il dit que nous avons \u00e9t\u00e9 cr\u00e9\u00e9s de fa\u00e7on merveilleuse, qui sommes-nous pour ne pas \u00eatre d&rsquo;accord avec le Dieu vivant ?!<\/p>\n\n\n\n<p class=\"has-text-align-right has-extra-small-font-size wp-block-paragraph\">338<\/p>\n","protected":false},"excerpt":{"rendered":"<p>Psaume 139:14 (FRDBY) Je te c\u00e9l\u00e9brerai de ce que j&rsquo;ai \u00e9t\u00e9 fait d&rsquo;une \u00e9trange et admirable mani\u00e8re. Tes oeuvres sont merveilleuses, et mon \u00e2me le sait tr\u00e8s-bien. Dieu a cr\u00e9\u00e9 chacun de nous de fa\u00e7on unique, de ses propres mains. Dans ce verset, le roi David y d\u00e9clare qu&rsquo;il est l&rsquo;\u0153uvre du Dieu vivant et <a class=\"more-link\" href=\"https:\/\/fatherheartfrance.com\/index.php\/2022\/06\/04\/tu-as-ete-cree-de-maniere-merveilleuse-et-admirable\/\">Lire plus &#8230;<\/a><\/p>\n","protected":false},"author":3,"featured_media":1838,"comment_status":"open","ping_status":"open","sticky":false,"template":"","format":"standard","meta":{"_crdt_document":"","_exactmetrics_skip_tracking":false,"_exactmetrics_sitenote_active":false,"_exactmetrics_sitenote_note":"","_exactmetrics_sitenote_category":0,"footnotes":""},"categories":[1],"tags":[],"class_list":["post-1835","post","type-post","status-publish","format-standard","has-post-thumbnail","hentry","category-non-classe"],"yoast_head":"<!-- This site is optimized with the Yoast SEO plugin v27.5 - https:\/\/yoast.com\/product\/yoast-seo-wordpress\/ -->\n<title>Tu as \u00e9t\u00e9 cr\u00e9\u00e9 de mani\u00e8re merveilleuse et admirable - Fatherheart - France<\/title>\n<meta name=\"robots\" content=\"index, follow, max-snippet:-1, max-image-preview:large, max-video-preview:-1\" \/>\n<link rel=\"canonical\" href=\"https:\/\/fatherheartfrance.com\/index.php\/2022\/06\/04\/tu-as-ete-cree-de-maniere-merveilleuse-et-admirable\/\" \/>\n<meta property=\"og:locale\" content=\"fr_FR\" \/>\n<meta property=\"og:type\" content=\"article\" \/>\n<meta property=\"og:title\" content=\"Tu as \u00e9t\u00e9 cr\u00e9\u00e9 de mani\u00e8re merveilleuse et admirable - Fatherheart - France\" \/>\n<meta property=\"og:description\" content=\"Psaume 139:14 (FRDBY) Je te c\u00e9l\u00e9brerai de ce que j&rsquo;ai \u00e9t\u00e9 fait d&rsquo;une \u00e9trange et admirable mani\u00e8re. Tes oeuvres sont merveilleuses, et mon \u00e2me le sait tr\u00e8s-bien. Dieu a cr\u00e9\u00e9 chacun de nous de fa\u00e7on unique, de ses propres mains. Dans ce verset, le roi David y d\u00e9clare qu&rsquo;il est l&rsquo;\u0153uvre du Dieu vivant et Lire plus ...\" \/>\n<meta property=\"og:url\" content=\"https:\/\/fatherheartfrance.com\/index.php\/2022\/06\/04\/tu-as-ete-cree-de-maniere-merveilleuse-et-admirable\/\" \/>\n<meta property=\"og:site_name\" content=\"Fatherheart - France\" \/>\n<meta property=\"article:publisher\" content=\"https:\/\/www.facebook.com\/ContactFHF\/\" \/>\n<meta property=\"article:published_time\" content=\"2022-06-04T05:00:00+00:00\" \/>\n<meta property=\"og:image\" content=\"https:\/\/fatherheartfrance.com\/wp-content\/uploads\/2022\/06\/autumn-gfc2f899a1_1920.jpg\" \/>\n\t<meta property=\"og:image:width\" content=\"1920\" \/>\n\t<meta property=\"og:image:height\" content=\"1440\" \/>\n\t<meta property=\"og:image:type\" content=\"image\/jpeg\" \/>\n<meta name=\"author\" content=\"Fr\u00e9d\u00e9ric C\" \/>\n<meta name=\"twitter:card\" content=\"summary_large_image\" \/>\n<meta name=\"twitter:label1\" content=\"\u00c9crit par\" \/>\n\t<meta name=\"twitter:data1\" content=\"Fr\u00e9d\u00e9ric C\" \/>\n\t<meta name=\"twitter:label2\" content=\"Dur\u00e9e de lecture estim\u00e9e\" \/>\n\t<meta name=\"twitter:data2\" content=\"2 minutes\" \/>\n<script type=\"application\/ld+json\" class=\"yoast-schema-graph\">{\"@context\":\"https:\\\/\\\/schema.org\",\"@graph\":[{\"@type\":\"Article\",\"@id\":\"https:\\\/\\\/fatherheartfrance.com\\\/index.php\\\/2022\\\/06\\\/04\\\/tu-as-ete-cree-de-maniere-merveilleuse-et-admirable\\\/#article\",\"isPartOf\":{\"@id\":\"https:\\\/\\\/fatherheartfrance.com\\\/index.php\\\/2022\\\/06\\\/04\\\/tu-as-ete-cree-de-maniere-merveilleuse-et-admirable\\\/\"},\"author\":{\"name\":\"Fr\u00e9d\u00e9ric C\",\"@id\":\"https:\\\/\\\/fatherheartfrance.com\\\/#\\\/schema\\\/person\\\/a980675cd50a6bb00fc1a61b57ba7420\"},\"headline\":\"Tu as \u00e9t\u00e9 cr\u00e9\u00e9 de mani\u00e8re merveilleuse et admirable\",\"datePublished\":\"2022-06-04T05:00:00+00:00\",\"mainEntityOfPage\":{\"@id\":\"https:\\\/\\\/fatherheartfrance.com\\\/index.php\\\/2022\\\/06\\\/04\\\/tu-as-ete-cree-de-maniere-merveilleuse-et-admirable\\\/\"},\"wordCount\":287,\"commentCount\":0,\"publisher\":{\"@id\":\"https:\\\/\\\/fatherheartfrance.com\\\/#organization\"},\"image\":{\"@id\":\"https:\\\/\\\/fatherheartfrance.com\\\/index.php\\\/2022\\\/06\\\/04\\\/tu-as-ete-cree-de-maniere-merveilleuse-et-admirable\\\/#primaryimage\"},\"thumbnailUrl\":\"https:\\\/\\\/fatherheartfrance.com\\\/wp-content\\\/uploads\\\/2022\\\/06\\\/autumn-gfc2f899a1_1920.jpg\",\"inLanguage\":\"fr-FR\",\"potentialAction\":[{\"@type\":\"CommentAction\",\"name\":\"Comment\",\"target\":[\"https:\\\/\\\/fatherheartfrance.com\\\/index.php\\\/2022\\\/06\\\/04\\\/tu-as-ete-cree-de-maniere-merveilleuse-et-admirable\\\/#respond\"]}]},{\"@type\":\"WebPage\",\"@id\":\"https:\\\/\\\/fatherheartfrance.com\\\/index.php\\\/2022\\\/06\\\/04\\\/tu-as-ete-cree-de-maniere-merveilleuse-et-admirable\\\/\",\"url\":\"https:\\\/\\\/fatherheartfrance.com\\\/index.php\\\/2022\\\/06\\\/04\\\/tu-as-ete-cree-de-maniere-merveilleuse-et-admirable\\\/\",\"name\":\"Tu as \u00e9t\u00e9 cr\u00e9\u00e9 de mani\u00e8re merveilleuse et admirable - Fatherheart - France\",\"isPartOf\":{\"@id\":\"https:\\\/\\\/fatherheartfrance.com\\\/#website\"},\"primaryImageOfPage\":{\"@id\":\"https:\\\/\\\/fatherheartfrance.com\\\/index.php\\\/2022\\\/06\\\/04\\\/tu-as-ete-cree-de-maniere-merveilleuse-et-admirable\\\/#primaryimage\"},\"image\":{\"@id\":\"https:\\\/\\\/fatherheartfrance.com\\\/index.php\\\/2022\\\/06\\\/04\\\/tu-as-ete-cree-de-maniere-merveilleuse-et-admirable\\\/#primaryimage\"},\"thumbnailUrl\":\"https:\\\/\\\/fatherheartfrance.com\\\/wp-content\\\/uploads\\\/2022\\\/06\\\/autumn-gfc2f899a1_1920.jpg\",\"datePublished\":\"2022-06-04T05:00:00+00:00\",\"breadcrumb\":{\"@id\":\"https:\\\/\\\/fatherheartfrance.com\\\/index.php\\\/2022\\\/06\\\/04\\\/tu-as-ete-cree-de-maniere-merveilleuse-et-admirable\\\/#breadcrumb\"},\"inLanguage\":\"fr-FR\",\"potentialAction\":[{\"@type\":\"ReadAction\",\"target\":[\"https:\\\/\\\/fatherheartfrance.com\\\/index.php\\\/2022\\\/06\\\/04\\\/tu-as-ete-cree-de-maniere-merveilleuse-et-admirable\\\/\"]}]},{\"@type\":\"ImageObject\",\"inLanguage\":\"fr-FR\",\"@id\":\"https:\\\/\\\/fatherheartfrance.com\\\/index.php\\\/2022\\\/06\\\/04\\\/tu-as-ete-cree-de-maniere-merveilleuse-et-admirable\\\/#primaryimage\",\"url\":\"https:\\\/\\\/fatherheartfrance.com\\\/wp-content\\\/uploads\\\/2022\\\/06\\\/autumn-gfc2f899a1_1920.jpg\",\"contentUrl\":\"https:\\\/\\\/fatherheartfrance.com\\\/wp-content\\\/uploads\\\/2022\\\/06\\\/autumn-gfc2f899a1_1920.jpg\",\"width\":1920,\"height\":1440,\"caption\":\"autumn-Fatherheart-France\"},{\"@type\":\"BreadcrumbList\",\"@id\":\"https:\\\/\\\/fatherheartfrance.com\\\/index.php\\\/2022\\\/06\\\/04\\\/tu-as-ete-cree-de-maniere-merveilleuse-et-admirable\\\/#breadcrumb\",\"itemListElement\":[{\"@type\":\"ListItem\",\"position\":1,\"name\":\"Accueil\",\"item\":\"https:\\\/\\\/fatherheartfrance.com\\\/\"},{\"@type\":\"ListItem\",\"position\":2,\"name\":\"Tu as \u00e9t\u00e9 cr\u00e9\u00e9 de mani\u00e8re merveilleuse et admirable\"}]},{\"@type\":\"WebSite\",\"@id\":\"https:\\\/\\\/fatherheartfrance.com\\\/#website\",\"url\":\"https:\\\/\\\/fatherheartfrance.com\\\/\",\"name\":\"Fatherheart - France\",\"description\":\"Amour du P\u00e8re\",\"publisher\":{\"@id\":\"https:\\\/\\\/fatherheartfrance.com\\\/#organization\"},\"potentialAction\":[{\"@type\":\"SearchAction\",\"target\":{\"@type\":\"EntryPoint\",\"urlTemplate\":\"https:\\\/\\\/fatherheartfrance.com\\\/?s={search_term_string}\"},\"query-input\":{\"@type\":\"PropertyValueSpecification\",\"valueRequired\":true,\"valueName\":\"search_term_string\"}}],\"inLanguage\":\"fr-FR\"},{\"@type\":\"Organization\",\"@id\":\"https:\\\/\\\/fatherheartfrance.com\\\/#organization\",\"name\":\"fatherheartfrance\",\"url\":\"https:\\\/\\\/fatherheartfrance.com\\\/\",\"logo\":{\"@type\":\"ImageObject\",\"inLanguage\":\"fr-FR\",\"@id\":\"https:\\\/\\\/fatherheartfrance.com\\\/#\\\/schema\\\/logo\\\/image\\\/\",\"url\":\"https:\\\/\\\/fatherheartfrance.com\\\/wp-content\\\/uploads\\\/2017\\\/02\\\/logo-3-e1488034589841.png\",\"contentUrl\":\"https:\\\/\\\/fatherheartfrance.com\\\/wp-content\\\/uploads\\\/2017\\\/02\\\/logo-3-e1488034589841.png\",\"width\":300,\"height\":82,\"caption\":\"fatherheartfrance\"},\"image\":{\"@id\":\"https:\\\/\\\/fatherheartfrance.com\\\/#\\\/schema\\\/logo\\\/image\\\/\"},\"sameAs\":[\"https:\\\/\\\/www.facebook.com\\\/ContactFHF\\\/\"]},{\"@type\":\"Person\",\"@id\":\"https:\\\/\\\/fatherheartfrance.com\\\/#\\\/schema\\\/person\\\/a980675cd50a6bb00fc1a61b57ba7420\",\"name\":\"Fr\u00e9d\u00e9ric C\",\"image\":{\"@type\":\"ImageObject\",\"inLanguage\":\"fr-FR\",\"@id\":\"https:\\\/\\\/secure.gravatar.com\\\/avatar\\\/f847814b88f468c211776e97f3b93c066195167c83d3e8cb7e6ca0612f3757a8?s=96&d=mm&r=g\",\"url\":\"https:\\\/\\\/secure.gravatar.com\\\/avatar\\\/f847814b88f468c211776e97f3b93c066195167c83d3e8cb7e6ca0612f3757a8?s=96&d=mm&r=g\",\"contentUrl\":\"https:\\\/\\\/secure.gravatar.com\\\/avatar\\\/f847814b88f468c211776e97f3b93c066195167c83d3e8cb7e6ca0612f3757a8?s=96&d=mm&r=g\",\"caption\":\"Fr\u00e9d\u00e9ric C\"},\"url\":\"https:\\\/\\\/fatherheartfrance.com\\\/index.php\\\/author\\\/frederic\\\/\"}]}<\/script>\n<!-- \/ Yoast SEO plugin. -->","yoast_head_json":{"title":"Tu as \u00e9t\u00e9 cr\u00e9\u00e9 de mani\u00e8re merveilleuse et admirable - Fatherheart - France","robots":{"index":"index","follow":"follow","max-snippet":"max-snippet:-1","max-image-preview":"max-image-preview:large","max-video-preview":"max-video-preview:-1"},"canonical":"https:\/\/fatherheartfrance.com\/index.php\/2022\/06\/04\/tu-as-ete-cree-de-maniere-merveilleuse-et-admirable\/","og_locale":"fr_FR","og_type":"article","og_title":"Tu as \u00e9t\u00e9 cr\u00e9\u00e9 de mani\u00e8re merveilleuse et admirable - Fatherheart - France","og_description":"Psaume 139:14 (FRDBY) Je te c\u00e9l\u00e9brerai de ce que j&rsquo;ai \u00e9t\u00e9 fait d&rsquo;une \u00e9trange et admirable mani\u00e8re. Tes oeuvres sont merveilleuses, et mon \u00e2me le sait tr\u00e8s-bien. Dieu a cr\u00e9\u00e9 chacun de nous de fa\u00e7on unique, de ses propres mains. Dans ce verset, le roi David y d\u00e9clare qu&rsquo;il est l&rsquo;\u0153uvre du Dieu vivant et Lire plus ...","og_url":"https:\/\/fatherheartfrance.com\/index.php\/2022\/06\/04\/tu-as-ete-cree-de-maniere-merveilleuse-et-admirable\/","og_site_name":"Fatherheart - France","article_publisher":"https:\/\/www.facebook.com\/ContactFHF\/","article_published_time":"2022-06-04T05:00:00+00:00","og_image":[{"width":1920,"height":1440,"url":"https:\/\/fatherheartfrance.com\/wp-content\/uploads\/2022\/06\/autumn-gfc2f899a1_1920.jpg","type":"image\/jpeg"}],"author":"Fr\u00e9d\u00e9ric C","twitter_card":"summary_large_image","twitter_misc":{"\u00c9crit par":"Fr\u00e9d\u00e9ric C","Dur\u00e9e de lecture estim\u00e9e":"2 minutes"},"schema":{"@context":"https:\/\/schema.org","@graph":[{"@type":"Article","@id":"https:\/\/fatherheartfrance.com\/index.php\/2022\/06\/04\/tu-as-ete-cree-de-maniere-merveilleuse-et-admirable\/#article","isPartOf":{"@id":"https:\/\/fatherheartfrance.com\/index.php\/2022\/06\/04\/tu-as-ete-cree-de-maniere-merveilleuse-et-admirable\/"},"author":{"name":"Fr\u00e9d\u00e9ric C","@id":"https:\/\/fatherheartfrance.com\/#\/schema\/person\/a980675cd50a6bb00fc1a61b57ba7420"},"headline":"Tu as \u00e9t\u00e9 cr\u00e9\u00e9 de mani\u00e8re merveilleuse et admirable","datePublished":"2022-06-04T05:00:00+00:00","mainEntityOfPage":{"@id":"https:\/\/fatherheartfrance.com\/index.php\/2022\/06\/04\/tu-as-ete-cree-de-maniere-merveilleuse-et-admirable\/"},"wordCount":287,"commentCount":0,"publisher":{"@id":"https:\/\/fatherheartfrance.com\/#organization"},"image":{"@id":"https:\/\/fatherheartfrance.com\/index.php\/2022\/06\/04\/tu-as-ete-cree-de-maniere-merveilleuse-et-admirable\/#primaryimage"},"thumbnailUrl":"https:\/\/fatherheartfrance.com\/wp-content\/uploads\/2022\/06\/autumn-gfc2f899a1_1920.jpg","inLanguage":"fr-FR","potentialAction":[{"@type":"CommentAction","name":"Comment","target":["https:\/\/fatherheartfrance.com\/index.php\/2022\/06\/04\/tu-as-ete-cree-de-maniere-merveilleuse-et-admirable\/#respond"]}]},{"@type":"WebPage","@id":"https:\/\/fatherheartfrance.com\/index.php\/2022\/06\/04\/tu-as-ete-cree-de-maniere-merveilleuse-et-admirable\/","url":"https:\/\/fatherheartfrance.com\/index.php\/2022\/06\/04\/tu-as-ete-cree-de-maniere-merveilleuse-et-admirable\/","name":"Tu as \u00e9t\u00e9 cr\u00e9\u00e9 de mani\u00e8re merveilleuse et admirable - Fatherheart - France","isPartOf":{"@id":"https:\/\/fatherheartfrance.com\/#website"},"primaryImageOfPage":{"@id":"https:\/\/fatherheartfrance.com\/index.php\/2022\/06\/04\/tu-as-ete-cree-de-maniere-merveilleuse-et-admirable\/#primaryimage"},"image":{"@id":"https:\/\/fatherheartfrance.com\/index.php\/2022\/06\/04\/tu-as-ete-cree-de-maniere-merveilleuse-et-admirable\/#primaryimage"},"thumbnailUrl":"https:\/\/fatherheartfrance.com\/wp-content\/uploads\/2022\/06\/autumn-gfc2f899a1_1920.jpg","datePublished":"2022-06-04T05:00:00+00:00","breadcrumb":{"@id":"https:\/\/fatherheartfrance.com\/index.php\/2022\/06\/04\/tu-as-ete-cree-de-maniere-merveilleuse-et-admirable\/#breadcrumb"},"inLanguage":"fr-FR","potentialAction":[{"@type":"ReadAction","target":["https:\/\/fatherheartfrance.com\/index.php\/2022\/06\/04\/tu-as-ete-cree-de-maniere-merveilleuse-et-admirable\/"]}]},{"@type":"ImageObject","inLanguage":"fr-FR","@id":"https:\/\/fatherheartfrance.com\/index.php\/2022\/06\/04\/tu-as-ete-cree-de-maniere-merveilleuse-et-admirable\/#primaryimage","url":"https:\/\/fatherheartfrance.com\/wp-content\/uploads\/2022\/06\/autumn-gfc2f899a1_1920.jpg","contentUrl":"https:\/\/fatherheartfrance.com\/wp-content\/uploads\/2022\/06\/autumn-gfc2f899a1_1920.jpg","width":1920,"height":1440,"caption":"autumn-Fatherheart-France"},{"@type":"BreadcrumbList","@id":"https:\/\/fatherheartfrance.com\/index.php\/2022\/06\/04\/tu-as-ete-cree-de-maniere-merveilleuse-et-admirable\/#breadcrumb","itemListElement":[{"@type":"ListItem","position":1,"name":"Accueil","item":"https:\/\/fatherheartfrance.com\/"},{"@type":"ListItem","position":2,"name":"Tu as \u00e9t\u00e9 cr\u00e9\u00e9 de mani\u00e8re merveilleuse et admirable"}]},{"@type":"WebSite","@id":"https:\/\/fatherheartfrance.com\/#website","url":"https:\/\/fatherheartfrance.com\/","name":"Fatherheart - France","description":"Amour du P\u00e8re","publisher":{"@id":"https:\/\/fatherheartfrance.com\/#organization"},"potentialAction":[{"@type":"SearchAction","target":{"@type":"EntryPoint","urlTemplate":"https:\/\/fatherheartfrance.com\/?s={search_term_string}"},"query-input":{"@type":"PropertyValueSpecification","valueRequired":true,"valueName":"search_term_string"}}],"inLanguage":"fr-FR"},{"@type":"Organization","@id":"https:\/\/fatherheartfrance.com\/#organization","name":"fatherheartfrance","url":"https:\/\/fatherheartfrance.com\/","logo":{"@type":"ImageObject","inLanguage":"fr-FR","@id":"https:\/\/fatherheartfrance.com\/#\/schema\/logo\/image\/","url":"https:\/\/fatherheartfrance.com\/wp-content\/uploads\/2017\/02\/logo-3-e1488034589841.png","contentUrl":"https:\/\/fatherheartfrance.com\/wp-content\/uploads\/2017\/02\/logo-3-e1488034589841.png","width":300,"height":82,"caption":"fatherheartfrance"},"image":{"@id":"https:\/\/fatherheartfrance.com\/#\/schema\/logo\/image\/"},"sameAs":["https:\/\/www.facebook.com\/ContactFHF\/"]},{"@type":"Person","@id":"https:\/\/fatherheartfrance.com\/#\/schema\/person\/a980675cd50a6bb00fc1a61b57ba7420","name":"Fr\u00e9d\u00e9ric C","image":{"@type":"ImageObject","inLanguage":"fr-FR","@id":"https:\/\/secure.gravatar.com\/avatar\/f847814b88f468c211776e97f3b93c066195167c83d3e8cb7e6ca0612f3757a8?s=96&d=mm&r=g","url":"https:\/\/secure.gravatar.com\/avatar\/f847814b88f468c211776e97f3b93c066195167c83d3e8cb7e6ca0612f3757a8?s=96&d=mm&r=g","contentUrl":"https:\/\/secure.gravatar.com\/avatar\/f847814b88f468c211776e97f3b93c066195167c83d3e8cb7e6ca0612f3757a8?s=96&d=mm&r=g","caption":"Fr\u00e9d\u00e9ric C"},"url":"https:\/\/fatherheartfrance.com\/index.php\/author\/frederic\/"}]}},"_links":{"self":[{"href":"https:\/\/fatherheartfrance.com\/index.php\/wp-json\/wp\/v2\/posts\/1835","targetHints":{"allow":["GET"]}}],"collection":[{"href":"https:\/\/fatherheartfrance.com\/index.php\/wp-json\/wp\/v2\/posts"}],"about":[{"href":"https:\/\/fatherheartfrance.com\/index.php\/wp-json\/wp\/v2\/types\/post"}],"author":[{"embeddable":true,"href":"https:\/\/fatherheartfrance.com\/index.php\/wp-json\/wp\/v2\/users\/3"}],"replies":[{"embeddable":true,"href":"https:\/\/fatherheartfrance.com\/index.php\/wp-json\/wp\/v2\/comments?post=1835"}],"version-history":[{"count":1,"href":"https:\/\/fatherheartfrance.com\/index.php\/wp-json\/wp\/v2\/posts\/1835\/revisions"}],"predecessor-version":[{"id":1862,"href":"https:\/\/fatherheartfrance.com\/index.php\/wp-json\/wp\/v2\/posts\/1835\/revisions\/1862"}],"wp:featuredmedia":[{"embeddable":true,"href":"https:\/\/fatherheartfrance.com\/index.php\/wp-json\/wp\/v2\/media\/1838"}],"wp:attachment":[{"href":"https:\/\/fatherheartfrance.com\/index.php\/wp-json\/wp\/v2\/media?parent=1835"}],"wp:term":[{"taxonomy":"category","embeddable":true,"href":"https:\/\/fatherheartfrance.com\/index.php\/wp-json\/wp\/v2\/categories?post=1835"},{"taxonomy":"post_tag","embeddable":true,"href":"https:\/\/fatherheartfrance.com\/index.php\/wp-json\/wp\/v2\/tags?post=1835"}],"curies":[{"name":"wp","href":"https:\/\/api.w.org\/{rel}","templated":true}]}}