{"id":1801,"date":"2022-04-16T08:55:15","date_gmt":"2022-04-16T06:55:15","guid":{"rendered":"https:\/\/fatherheartfrance.com\/?p=1801"},"modified":"2022-04-16T08:55:17","modified_gmt":"2022-04-16T06:55:17","slug":"si-tu-restes-tranquille-je-ferai-ton-combat-a-ta-place","status":"publish","type":"post","link":"https:\/\/fatherheartfrance.com\/index.php\/2022\/04\/16\/si-tu-restes-tranquille-je-ferai-ton-combat-a-ta-place\/","title":{"rendered":"Si tu restes tranquille, je ferai ton combat \u00e0 ta place"},"content":{"rendered":"\n<p class=\"wp-block-paragraph\"><\/p>\n\n\n\n<p class=\"wp-block-paragraph\"><em>Exode 14:14 (FRDBY) L&rsquo;\u00c9ternel combattra pour vous, et vous, vous demeurerez tranquilles&#8230;<\/em><\/p>\n\n\n\n<p class=\"wp-block-paragraph\">Dans ce verset, nous avons l&rsquo;assurance \u00e9tonnante que le Dieu qui a donn\u00e9 naissance \u00e0 l&rsquo;univers tout entier combattra pour nous si nous restons tranquilles. La Bible NIV traduit ce verset ainsi\u2026 <em>L&rsquo;\u00c9ternel combattra pour toi ; tu n&rsquo;as qu&rsquo;\u00e0 rester tranquille.<\/em><\/p>\n\n\n\n<p class=\"wp-block-paragraph\">Il y a quelque chose dans le c\u0153ur de Dieu qui se bat en notre faveur lorsque nous n&rsquo;essayons pas de nous battre pour nous-m\u00eames. Attendre le Seigneur n&rsquo;est pas passif, mais c&rsquo;est la chose la plus active que nous puissions faire. Lorsque nous attendons que Dieu combatte pour nous, nous nous mettons dans une position tr\u00e8s vuln\u00e9rable et, ce faisant, nous d\u00e9montrons de mani\u00e8re tr\u00e8s pratique que nous savons que notre Papa c\u00e9leste est la source de notre aide.<\/p>\n\n\n\n<p class=\"wp-block-paragraph\">Cela signifie-t-il que nous ne menons jamais de guerre sur le plan spirituel ? Apr\u00e8s tout, la Bible dit que nous devons \u00ab\u00a0<em>r\u00e9sister au diable et il s&rsquo;enfuira<\/em>\u00ab\u00a0, \u00ab\u00a0<em>rev\u00eatir l&rsquo;armure compl\u00e8te de Dieu<\/em>\u00ab\u00a0, etc. Ce dont parle Exode 14:14, c&rsquo;est de combattre dans nos propres forces. Il y a une \u00e9norme diff\u00e9rence entre combattre nos batailles de notre mieux et combattre les batailles dans la puissance du Seigneur.<\/p>\n\n\n\n<p class=\"wp-block-paragraph\">Lorsque nous apprenons que la bataille est vraiment celle du Seigneur, nous pouvons nous reposer sur sa capacit\u00e9 \u00e0 nous sauver et puiser dans sa force et non dans la n\u00f4tre. Quelle que soit la bataille \u00e0 laquelle vous \u00eates confront\u00e9 aujourd&rsquo;hui, soyez r\u00e9confort\u00e9 en sachant que vous avez un P\u00e8re (Dieu) et un Grand Fr\u00e8re (J\u00e9sus) qui se battent en votre nom. Il nous suffit d&rsquo;\u00eatre en paix et de regarder ce qui se passe.<\/p>\n\n\n\n<p class=\"wp-block-paragraph\">N&rsquo;oubliez pas : Il est ressuscit\u00e9 !<\/p>\n\n\n\n<p class=\"has-text-align-right has-extra-small-font-size wp-block-paragraph\">290<\/p>\n","protected":false},"excerpt":{"rendered":"<p>Exode 14:14 (FRDBY) L&rsquo;\u00c9ternel combattra pour vous, et vous, vous demeurerez tranquilles&#8230; Dans ce verset, nous avons l&rsquo;assurance \u00e9tonnante que le Dieu qui a donn\u00e9 naissance \u00e0 l&rsquo;univers tout entier combattra pour nous si nous restons tranquilles. La Bible NIV traduit ce verset ainsi\u2026 L&rsquo;\u00c9ternel combattra pour toi ; tu n&rsquo;as qu&rsquo;\u00e0 rester tranquille. Il <a class=\"more-link\" href=\"https:\/\/fatherheartfrance.com\/index.php\/2022\/04\/16\/si-tu-restes-tranquille-je-ferai-ton-combat-a-ta-place\/\">Lire plus &#8230;<\/a><\/p>\n","protected":false},"author":3,"featured_media":1769,"comment_status":"open","ping_status":"open","sticky":false,"template":"","format":"standard","meta":{"_crdt_document":"","_exactmetrics_skip_tracking":false,"_exactmetrics_sitenote_active":false,"_exactmetrics_sitenote_note":"","_exactmetrics_sitenote_category":0,"footnotes":""},"categories":[1],"tags":[],"class_list":["post-1801","post","type-post","status-publish","format-standard","has-post-thumbnail","hentry","category-non-classe"],"yoast_head":"<!-- This site is optimized with the Yoast SEO plugin v27.5 - https:\/\/yoast.com\/product\/yoast-seo-wordpress\/ -->\n<title>Si tu restes tranquille, je ferai ton combat \u00e0 ta place - Fatherheart - France<\/title>\n<meta name=\"robots\" content=\"index, follow, max-snippet:-1, max-image-preview:large, max-video-preview:-1\" \/>\n<link rel=\"canonical\" href=\"https:\/\/fatherheartfrance.com\/index.php\/2022\/04\/16\/si-tu-restes-tranquille-je-ferai-ton-combat-a-ta-place\/\" \/>\n<meta property=\"og:locale\" content=\"fr_FR\" \/>\n<meta property=\"og:type\" content=\"article\" \/>\n<meta property=\"og:title\" content=\"Si tu restes tranquille, je ferai ton combat \u00e0 ta place - Fatherheart - France\" \/>\n<meta property=\"og:description\" content=\"Exode 14:14 (FRDBY) L&rsquo;\u00c9ternel combattra pour vous, et vous, vous demeurerez tranquilles&#8230; Dans ce verset, nous avons l&rsquo;assurance \u00e9tonnante que le Dieu qui a donn\u00e9 naissance \u00e0 l&rsquo;univers tout entier combattra pour nous si nous restons tranquilles. La Bible NIV traduit ce verset ainsi\u2026 L&rsquo;\u00c9ternel combattra pour toi ; tu n&rsquo;as qu&rsquo;\u00e0 rester tranquille. Il Lire plus ...\" \/>\n<meta property=\"og:url\" content=\"https:\/\/fatherheartfrance.com\/index.php\/2022\/04\/16\/si-tu-restes-tranquille-je-ferai-ton-combat-a-ta-place\/\" \/>\n<meta property=\"og:site_name\" content=\"Fatherheart - France\" \/>\n<meta property=\"article:publisher\" content=\"https:\/\/www.facebook.com\/ContactFHF\/\" \/>\n<meta property=\"article:published_time\" content=\"2022-04-16T06:55:15+00:00\" \/>\n<meta property=\"article:modified_time\" content=\"2022-04-16T06:55:17+00:00\" \/>\n<meta property=\"og:image\" content=\"https:\/\/fatherheartfrance.com\/wp-content\/uploads\/2022\/01\/flower-gdfa93e41e_1920.jpg\" \/>\n\t<meta property=\"og:image:width\" content=\"1920\" \/>\n\t<meta property=\"og:image:height\" content=\"1492\" \/>\n\t<meta property=\"og:image:type\" content=\"image\/jpeg\" \/>\n<meta name=\"author\" content=\"Fr\u00e9d\u00e9ric C\" \/>\n<meta name=\"twitter:card\" content=\"summary_large_image\" \/>\n<meta name=\"twitter:label1\" content=\"\u00c9crit par\" \/>\n\t<meta name=\"twitter:data1\" content=\"Fr\u00e9d\u00e9ric C\" \/>\n\t<meta name=\"twitter:label2\" content=\"Dur\u00e9e de lecture estim\u00e9e\" \/>\n\t<meta name=\"twitter:data2\" content=\"2 minutes\" \/>\n<script type=\"application\/ld+json\" class=\"yoast-schema-graph\">{\"@context\":\"https:\\\/\\\/schema.org\",\"@graph\":[{\"@type\":\"Article\",\"@id\":\"https:\\\/\\\/fatherheartfrance.com\\\/index.php\\\/2022\\\/04\\\/16\\\/si-tu-restes-tranquille-je-ferai-ton-combat-a-ta-place\\\/#article\",\"isPartOf\":{\"@id\":\"https:\\\/\\\/fatherheartfrance.com\\\/index.php\\\/2022\\\/04\\\/16\\\/si-tu-restes-tranquille-je-ferai-ton-combat-a-ta-place\\\/\"},\"author\":{\"name\":\"Fr\u00e9d\u00e9ric C\",\"@id\":\"https:\\\/\\\/fatherheartfrance.com\\\/#\\\/schema\\\/person\\\/a980675cd50a6bb00fc1a61b57ba7420\"},\"headline\":\"Si tu restes tranquille, je ferai ton combat \u00e0 ta place\",\"datePublished\":\"2022-04-16T06:55:15+00:00\",\"dateModified\":\"2022-04-16T06:55:17+00:00\",\"mainEntityOfPage\":{\"@id\":\"https:\\\/\\\/fatherheartfrance.com\\\/index.php\\\/2022\\\/04\\\/16\\\/si-tu-restes-tranquille-je-ferai-ton-combat-a-ta-place\\\/\"},\"wordCount\":318,\"commentCount\":0,\"publisher\":{\"@id\":\"https:\\\/\\\/fatherheartfrance.com\\\/#organization\"},\"image\":{\"@id\":\"https:\\\/\\\/fatherheartfrance.com\\\/index.php\\\/2022\\\/04\\\/16\\\/si-tu-restes-tranquille-je-ferai-ton-combat-a-ta-place\\\/#primaryimage\"},\"thumbnailUrl\":\"https:\\\/\\\/fatherheartfrance.com\\\/wp-content\\\/uploads\\\/2022\\\/01\\\/flower-gdfa93e41e_1920.jpg\",\"inLanguage\":\"fr-FR\",\"potentialAction\":[{\"@type\":\"CommentAction\",\"name\":\"Comment\",\"target\":[\"https:\\\/\\\/fatherheartfrance.com\\\/index.php\\\/2022\\\/04\\\/16\\\/si-tu-restes-tranquille-je-ferai-ton-combat-a-ta-place\\\/#respond\"]}]},{\"@type\":\"WebPage\",\"@id\":\"https:\\\/\\\/fatherheartfrance.com\\\/index.php\\\/2022\\\/04\\\/16\\\/si-tu-restes-tranquille-je-ferai-ton-combat-a-ta-place\\\/\",\"url\":\"https:\\\/\\\/fatherheartfrance.com\\\/index.php\\\/2022\\\/04\\\/16\\\/si-tu-restes-tranquille-je-ferai-ton-combat-a-ta-place\\\/\",\"name\":\"Si tu restes tranquille, je ferai ton combat \u00e0 ta place - Fatherheart - France\",\"isPartOf\":{\"@id\":\"https:\\\/\\\/fatherheartfrance.com\\\/#website\"},\"primaryImageOfPage\":{\"@id\":\"https:\\\/\\\/fatherheartfrance.com\\\/index.php\\\/2022\\\/04\\\/16\\\/si-tu-restes-tranquille-je-ferai-ton-combat-a-ta-place\\\/#primaryimage\"},\"image\":{\"@id\":\"https:\\\/\\\/fatherheartfrance.com\\\/index.php\\\/2022\\\/04\\\/16\\\/si-tu-restes-tranquille-je-ferai-ton-combat-a-ta-place\\\/#primaryimage\"},\"thumbnailUrl\":\"https:\\\/\\\/fatherheartfrance.com\\\/wp-content\\\/uploads\\\/2022\\\/01\\\/flower-gdfa93e41e_1920.jpg\",\"datePublished\":\"2022-04-16T06:55:15+00:00\",\"dateModified\":\"2022-04-16T06:55:17+00:00\",\"breadcrumb\":{\"@id\":\"https:\\\/\\\/fatherheartfrance.com\\\/index.php\\\/2022\\\/04\\\/16\\\/si-tu-restes-tranquille-je-ferai-ton-combat-a-ta-place\\\/#breadcrumb\"},\"inLanguage\":\"fr-FR\",\"potentialAction\":[{\"@type\":\"ReadAction\",\"target\":[\"https:\\\/\\\/fatherheartfrance.com\\\/index.php\\\/2022\\\/04\\\/16\\\/si-tu-restes-tranquille-je-ferai-ton-combat-a-ta-place\\\/\"]}]},{\"@type\":\"ImageObject\",\"inLanguage\":\"fr-FR\",\"@id\":\"https:\\\/\\\/fatherheartfrance.com\\\/index.php\\\/2022\\\/04\\\/16\\\/si-tu-restes-tranquille-je-ferai-ton-combat-a-ta-place\\\/#primaryimage\",\"url\":\"https:\\\/\\\/fatherheartfrance.com\\\/wp-content\\\/uploads\\\/2022\\\/01\\\/flower-gdfa93e41e_1920.jpg\",\"contentUrl\":\"https:\\\/\\\/fatherheartfrance.com\\\/wp-content\\\/uploads\\\/2022\\\/01\\\/flower-gdfa93e41e_1920.jpg\",\"width\":1920,\"height\":1492,\"caption\":\"flower-Fatherheart-France\"},{\"@type\":\"BreadcrumbList\",\"@id\":\"https:\\\/\\\/fatherheartfrance.com\\\/index.php\\\/2022\\\/04\\\/16\\\/si-tu-restes-tranquille-je-ferai-ton-combat-a-ta-place\\\/#breadcrumb\",\"itemListElement\":[{\"@type\":\"ListItem\",\"position\":1,\"name\":\"Accueil\",\"item\":\"https:\\\/\\\/fatherheartfrance.com\\\/\"},{\"@type\":\"ListItem\",\"position\":2,\"name\":\"Si tu restes tranquille, je ferai ton combat \u00e0 ta place\"}]},{\"@type\":\"WebSite\",\"@id\":\"https:\\\/\\\/fatherheartfrance.com\\\/#website\",\"url\":\"https:\\\/\\\/fatherheartfrance.com\\\/\",\"name\":\"Fatherheart - France\",\"description\":\"Amour du P\u00e8re\",\"publisher\":{\"@id\":\"https:\\\/\\\/fatherheartfrance.com\\\/#organization\"},\"potentialAction\":[{\"@type\":\"SearchAction\",\"target\":{\"@type\":\"EntryPoint\",\"urlTemplate\":\"https:\\\/\\\/fatherheartfrance.com\\\/?s={search_term_string}\"},\"query-input\":{\"@type\":\"PropertyValueSpecification\",\"valueRequired\":true,\"valueName\":\"search_term_string\"}}],\"inLanguage\":\"fr-FR\"},{\"@type\":\"Organization\",\"@id\":\"https:\\\/\\\/fatherheartfrance.com\\\/#organization\",\"name\":\"fatherheartfrance\",\"url\":\"https:\\\/\\\/fatherheartfrance.com\\\/\",\"logo\":{\"@type\":\"ImageObject\",\"inLanguage\":\"fr-FR\",\"@id\":\"https:\\\/\\\/fatherheartfrance.com\\\/#\\\/schema\\\/logo\\\/image\\\/\",\"url\":\"https:\\\/\\\/fatherheartfrance.com\\\/wp-content\\\/uploads\\\/2017\\\/02\\\/logo-3-e1488034589841.png\",\"contentUrl\":\"https:\\\/\\\/fatherheartfrance.com\\\/wp-content\\\/uploads\\\/2017\\\/02\\\/logo-3-e1488034589841.png\",\"width\":300,\"height\":82,\"caption\":\"fatherheartfrance\"},\"image\":{\"@id\":\"https:\\\/\\\/fatherheartfrance.com\\\/#\\\/schema\\\/logo\\\/image\\\/\"},\"sameAs\":[\"https:\\\/\\\/www.facebook.com\\\/ContactFHF\\\/\"]},{\"@type\":\"Person\",\"@id\":\"https:\\\/\\\/fatherheartfrance.com\\\/#\\\/schema\\\/person\\\/a980675cd50a6bb00fc1a61b57ba7420\",\"name\":\"Fr\u00e9d\u00e9ric C\",\"image\":{\"@type\":\"ImageObject\",\"inLanguage\":\"fr-FR\",\"@id\":\"https:\\\/\\\/secure.gravatar.com\\\/avatar\\\/f847814b88f468c211776e97f3b93c066195167c83d3e8cb7e6ca0612f3757a8?s=96&d=mm&r=g\",\"url\":\"https:\\\/\\\/secure.gravatar.com\\\/avatar\\\/f847814b88f468c211776e97f3b93c066195167c83d3e8cb7e6ca0612f3757a8?s=96&d=mm&r=g\",\"contentUrl\":\"https:\\\/\\\/secure.gravatar.com\\\/avatar\\\/f847814b88f468c211776e97f3b93c066195167c83d3e8cb7e6ca0612f3757a8?s=96&d=mm&r=g\",\"caption\":\"Fr\u00e9d\u00e9ric C\"},\"url\":\"https:\\\/\\\/fatherheartfrance.com\\\/index.php\\\/author\\\/frederic\\\/\"}]}<\/script>\n<!-- \/ Yoast SEO plugin. -->","yoast_head_json":{"title":"Si tu restes tranquille, je ferai ton combat \u00e0 ta place - Fatherheart - France","robots":{"index":"index","follow":"follow","max-snippet":"max-snippet:-1","max-image-preview":"max-image-preview:large","max-video-preview":"max-video-preview:-1"},"canonical":"https:\/\/fatherheartfrance.com\/index.php\/2022\/04\/16\/si-tu-restes-tranquille-je-ferai-ton-combat-a-ta-place\/","og_locale":"fr_FR","og_type":"article","og_title":"Si tu restes tranquille, je ferai ton combat \u00e0 ta place - Fatherheart - France","og_description":"Exode 14:14 (FRDBY) L&rsquo;\u00c9ternel combattra pour vous, et vous, vous demeurerez tranquilles&#8230; Dans ce verset, nous avons l&rsquo;assurance \u00e9tonnante que le Dieu qui a donn\u00e9 naissance \u00e0 l&rsquo;univers tout entier combattra pour nous si nous restons tranquilles. La Bible NIV traduit ce verset ainsi\u2026 L&rsquo;\u00c9ternel combattra pour toi ; tu n&rsquo;as qu&rsquo;\u00e0 rester tranquille. Il Lire plus ...","og_url":"https:\/\/fatherheartfrance.com\/index.php\/2022\/04\/16\/si-tu-restes-tranquille-je-ferai-ton-combat-a-ta-place\/","og_site_name":"Fatherheart - France","article_publisher":"https:\/\/www.facebook.com\/ContactFHF\/","article_published_time":"2022-04-16T06:55:15+00:00","article_modified_time":"2022-04-16T06:55:17+00:00","og_image":[{"width":1920,"height":1492,"url":"https:\/\/fatherheartfrance.com\/wp-content\/uploads\/2022\/01\/flower-gdfa93e41e_1920.jpg","type":"image\/jpeg"}],"author":"Fr\u00e9d\u00e9ric C","twitter_card":"summary_large_image","twitter_misc":{"\u00c9crit par":"Fr\u00e9d\u00e9ric C","Dur\u00e9e de lecture estim\u00e9e":"2 minutes"},"schema":{"@context":"https:\/\/schema.org","@graph":[{"@type":"Article","@id":"https:\/\/fatherheartfrance.com\/index.php\/2022\/04\/16\/si-tu-restes-tranquille-je-ferai-ton-combat-a-ta-place\/#article","isPartOf":{"@id":"https:\/\/fatherheartfrance.com\/index.php\/2022\/04\/16\/si-tu-restes-tranquille-je-ferai-ton-combat-a-ta-place\/"},"author":{"name":"Fr\u00e9d\u00e9ric C","@id":"https:\/\/fatherheartfrance.com\/#\/schema\/person\/a980675cd50a6bb00fc1a61b57ba7420"},"headline":"Si tu restes tranquille, je ferai ton combat \u00e0 ta place","datePublished":"2022-04-16T06:55:15+00:00","dateModified":"2022-04-16T06:55:17+00:00","mainEntityOfPage":{"@id":"https:\/\/fatherheartfrance.com\/index.php\/2022\/04\/16\/si-tu-restes-tranquille-je-ferai-ton-combat-a-ta-place\/"},"wordCount":318,"commentCount":0,"publisher":{"@id":"https:\/\/fatherheartfrance.com\/#organization"},"image":{"@id":"https:\/\/fatherheartfrance.com\/index.php\/2022\/04\/16\/si-tu-restes-tranquille-je-ferai-ton-combat-a-ta-place\/#primaryimage"},"thumbnailUrl":"https:\/\/fatherheartfrance.com\/wp-content\/uploads\/2022\/01\/flower-gdfa93e41e_1920.jpg","inLanguage":"fr-FR","potentialAction":[{"@type":"CommentAction","name":"Comment","target":["https:\/\/fatherheartfrance.com\/index.php\/2022\/04\/16\/si-tu-restes-tranquille-je-ferai-ton-combat-a-ta-place\/#respond"]}]},{"@type":"WebPage","@id":"https:\/\/fatherheartfrance.com\/index.php\/2022\/04\/16\/si-tu-restes-tranquille-je-ferai-ton-combat-a-ta-place\/","url":"https:\/\/fatherheartfrance.com\/index.php\/2022\/04\/16\/si-tu-restes-tranquille-je-ferai-ton-combat-a-ta-place\/","name":"Si tu restes tranquille, je ferai ton combat \u00e0 ta place - Fatherheart - France","isPartOf":{"@id":"https:\/\/fatherheartfrance.com\/#website"},"primaryImageOfPage":{"@id":"https:\/\/fatherheartfrance.com\/index.php\/2022\/04\/16\/si-tu-restes-tranquille-je-ferai-ton-combat-a-ta-place\/#primaryimage"},"image":{"@id":"https:\/\/fatherheartfrance.com\/index.php\/2022\/04\/16\/si-tu-restes-tranquille-je-ferai-ton-combat-a-ta-place\/#primaryimage"},"thumbnailUrl":"https:\/\/fatherheartfrance.com\/wp-content\/uploads\/2022\/01\/flower-gdfa93e41e_1920.jpg","datePublished":"2022-04-16T06:55:15+00:00","dateModified":"2022-04-16T06:55:17+00:00","breadcrumb":{"@id":"https:\/\/fatherheartfrance.com\/index.php\/2022\/04\/16\/si-tu-restes-tranquille-je-ferai-ton-combat-a-ta-place\/#breadcrumb"},"inLanguage":"fr-FR","potentialAction":[{"@type":"ReadAction","target":["https:\/\/fatherheartfrance.com\/index.php\/2022\/04\/16\/si-tu-restes-tranquille-je-ferai-ton-combat-a-ta-place\/"]}]},{"@type":"ImageObject","inLanguage":"fr-FR","@id":"https:\/\/fatherheartfrance.com\/index.php\/2022\/04\/16\/si-tu-restes-tranquille-je-ferai-ton-combat-a-ta-place\/#primaryimage","url":"https:\/\/fatherheartfrance.com\/wp-content\/uploads\/2022\/01\/flower-gdfa93e41e_1920.jpg","contentUrl":"https:\/\/fatherheartfrance.com\/wp-content\/uploads\/2022\/01\/flower-gdfa93e41e_1920.jpg","width":1920,"height":1492,"caption":"flower-Fatherheart-France"},{"@type":"BreadcrumbList","@id":"https:\/\/fatherheartfrance.com\/index.php\/2022\/04\/16\/si-tu-restes-tranquille-je-ferai-ton-combat-a-ta-place\/#breadcrumb","itemListElement":[{"@type":"ListItem","position":1,"name":"Accueil","item":"https:\/\/fatherheartfrance.com\/"},{"@type":"ListItem","position":2,"name":"Si tu restes tranquille, je ferai ton combat \u00e0 ta place"}]},{"@type":"WebSite","@id":"https:\/\/fatherheartfrance.com\/#website","url":"https:\/\/fatherheartfrance.com\/","name":"Fatherheart - France","description":"Amour du P\u00e8re","publisher":{"@id":"https:\/\/fatherheartfrance.com\/#organization"},"potentialAction":[{"@type":"SearchAction","target":{"@type":"EntryPoint","urlTemplate":"https:\/\/fatherheartfrance.com\/?s={search_term_string}"},"query-input":{"@type":"PropertyValueSpecification","valueRequired":true,"valueName":"search_term_string"}}],"inLanguage":"fr-FR"},{"@type":"Organization","@id":"https:\/\/fatherheartfrance.com\/#organization","name":"fatherheartfrance","url":"https:\/\/fatherheartfrance.com\/","logo":{"@type":"ImageObject","inLanguage":"fr-FR","@id":"https:\/\/fatherheartfrance.com\/#\/schema\/logo\/image\/","url":"https:\/\/fatherheartfrance.com\/wp-content\/uploads\/2017\/02\/logo-3-e1488034589841.png","contentUrl":"https:\/\/fatherheartfrance.com\/wp-content\/uploads\/2017\/02\/logo-3-e1488034589841.png","width":300,"height":82,"caption":"fatherheartfrance"},"image":{"@id":"https:\/\/fatherheartfrance.com\/#\/schema\/logo\/image\/"},"sameAs":["https:\/\/www.facebook.com\/ContactFHF\/"]},{"@type":"Person","@id":"https:\/\/fatherheartfrance.com\/#\/schema\/person\/a980675cd50a6bb00fc1a61b57ba7420","name":"Fr\u00e9d\u00e9ric C","image":{"@type":"ImageObject","inLanguage":"fr-FR","@id":"https:\/\/secure.gravatar.com\/avatar\/f847814b88f468c211776e97f3b93c066195167c83d3e8cb7e6ca0612f3757a8?s=96&d=mm&r=g","url":"https:\/\/secure.gravatar.com\/avatar\/f847814b88f468c211776e97f3b93c066195167c83d3e8cb7e6ca0612f3757a8?s=96&d=mm&r=g","contentUrl":"https:\/\/secure.gravatar.com\/avatar\/f847814b88f468c211776e97f3b93c066195167c83d3e8cb7e6ca0612f3757a8?s=96&d=mm&r=g","caption":"Fr\u00e9d\u00e9ric C"},"url":"https:\/\/fatherheartfrance.com\/index.php\/author\/frederic\/"}]}},"_links":{"self":[{"href":"https:\/\/fatherheartfrance.com\/index.php\/wp-json\/wp\/v2\/posts\/1801","targetHints":{"allow":["GET"]}}],"collection":[{"href":"https:\/\/fatherheartfrance.com\/index.php\/wp-json\/wp\/v2\/posts"}],"about":[{"href":"https:\/\/fatherheartfrance.com\/index.php\/wp-json\/wp\/v2\/types\/post"}],"author":[{"embeddable":true,"href":"https:\/\/fatherheartfrance.com\/index.php\/wp-json\/wp\/v2\/users\/3"}],"replies":[{"embeddable":true,"href":"https:\/\/fatherheartfrance.com\/index.php\/wp-json\/wp\/v2\/comments?post=1801"}],"version-history":[{"count":1,"href":"https:\/\/fatherheartfrance.com\/index.php\/wp-json\/wp\/v2\/posts\/1801\/revisions"}],"predecessor-version":[{"id":1802,"href":"https:\/\/fatherheartfrance.com\/index.php\/wp-json\/wp\/v2\/posts\/1801\/revisions\/1802"}],"wp:featuredmedia":[{"embeddable":true,"href":"https:\/\/fatherheartfrance.com\/index.php\/wp-json\/wp\/v2\/media\/1769"}],"wp:attachment":[{"href":"https:\/\/fatherheartfrance.com\/index.php\/wp-json\/wp\/v2\/media?parent=1801"}],"wp:term":[{"taxonomy":"category","embeddable":true,"href":"https:\/\/fatherheartfrance.com\/index.php\/wp-json\/wp\/v2\/categories?post=1801"},{"taxonomy":"post_tag","embeddable":true,"href":"https:\/\/fatherheartfrance.com\/index.php\/wp-json\/wp\/v2\/tags?post=1801"}],"curies":[{"name":"wp","href":"https:\/\/api.w.org\/{rel}","templated":true}]}}