{"id":1793,"date":"2022-03-19T07:41:56","date_gmt":"2022-03-19T06:41:56","guid":{"rendered":"https:\/\/fatherheartfrance.com\/?p=1793"},"modified":"2022-03-19T07:41:57","modified_gmt":"2022-03-19T06:41:57","slug":"si-tu-aides-les-pauvres-ta-lumiere-brillera-comme-laurore","status":"publish","type":"post","link":"https:\/\/fatherheartfrance.com\/index.php\/2022\/03\/19\/si-tu-aides-les-pauvres-ta-lumiere-brillera-comme-laurore\/","title":{"rendered":"Si tu aides les pauvres, ta lumi\u00e8re brillera comme l&rsquo;aurore"},"content":{"rendered":"\n<p class=\"wp-block-paragraph\"><\/p>\n\n\n\n<p class=\"wp-block-paragraph\"><em>Esa\u00efe 58:7-8 (LSG) Partage ton pain avec celui qui a faim, Et fais entrer dans ta maison les malheureux sans asile; Si tu vois un homme nu, couvre-le, Et ne te d\u00e9tourne pas de ton semblable. Alors ta lumi\u00e8re poindra comme l&rsquo;aurore, Et ta gu\u00e9rison germera promptement; Ta justice marchera devant toi, Et la gloire de l&rsquo;\u00c9ternel t&rsquo;accompagnera..<\/em><\/p>\n\n\n\n<p class=\"wp-block-paragraph\">Le c\u0153ur de Dieu est pour l&rsquo;opprim\u00e9. Il prot\u00e8ge la veuve et l&rsquo;orphelin et a choisi les pauvres de ce monde pour h\u00e9riter de son royaume. Dans ce verset, Dieu nous dit que si nous nourrissons les affam\u00e9s, donnons un abri aux pauvres et habillons ceux qui sont nus, alors sa faveur et ses b\u00e9n\u00e9dictions brilleront sur tout ce que nous faisons.<\/p>\n\n\n\n<p class=\"wp-block-paragraph\">La version NLT d&rsquo;Esa\u00efe 58:8 dit\u2026 \u00ab\u00a0<em>Alors ton salut viendra comme l&rsquo;aurore, et tes blessures seront vite gu\u00e9ries. Ta pi\u00e9t\u00e9 te conduira en avant, et la gloire de l&rsquo;\u00c9ternel te prot\u00e9gera par derri\u00e8re.<\/em>\u00ab\u00a0<\/p>\n\n\n\n<p class=\"wp-block-paragraph\">Quelle glorieuse promesse ! Si nous prenons soin de ceux qui ne peuvent pas prendre soin d&rsquo;eux-m\u00eames, alors Dieu prendra soin de nous de toutes les mani\u00e8res possibles. Nos blessures gu\u00e9riront rapidement, la lumi\u00e8re de notre pi\u00e9t\u00e9 nous fera avancer et la gloire du Seigneur prot\u00e9gera nos arri\u00e8res ! Le c\u0153ur de Dieu est pour l&rsquo;opprim\u00e9.<\/p>\n\n\n\n<p class=\"wp-block-paragraph\">\u00c0 tous \u00e9gards, nous sommes nous aussi des outsiders que Dieu prot\u00e8ge et dont il prend soin. Puissions-nous voir le monde \u00e0 travers les yeux de notre P\u00e8re aujourd&rsquo;hui et voir les nombreuses opportunit\u00e9s qu&rsquo;il nous pr\u00e9sente afin que nous puissions \u00eatre une b\u00e9n\u00e9diction pour les autres.<\/p>\n\n\n\n<p class=\"wp-block-paragraph\">Seigneur, aide-nous aujourd&rsquo;hui \u00e0 voir les besoins autour de nous et \u00e0 \u00eatre une manifestation de ton amour, de ta vie et de tes provisions pour ceux qui sont dans le besoin. Merci qu&rsquo;en aidant les autres, ton amour et ta gloire nous prot\u00e8gent aussi.<\/p>\n\n\n\n<p class=\"has-text-align-right has-extra-small-font-size wp-block-paragraph\"><em>263<\/em><\/p>\n","protected":false},"excerpt":{"rendered":"<p>Esa\u00efe 58:7-8 (LSG) Partage ton pain avec celui qui a faim, Et fais entrer dans ta maison les malheureux sans asile; Si tu vois un homme nu, couvre-le, Et ne te d\u00e9tourne pas de ton semblable. Alors ta lumi\u00e8re poindra comme l&rsquo;aurore, Et ta gu\u00e9rison germera promptement; Ta justice marchera devant toi, Et la gloire <a class=\"more-link\" href=\"https:\/\/fatherheartfrance.com\/index.php\/2022\/03\/19\/si-tu-aides-les-pauvres-ta-lumiere-brillera-comme-laurore\/\">Lire plus &#8230;<\/a><\/p>\n","protected":false},"author":3,"featured_media":1766,"comment_status":"open","ping_status":"open","sticky":false,"template":"","format":"standard","meta":{"_crdt_document":"","_exactmetrics_skip_tracking":false,"_exactmetrics_sitenote_active":false,"_exactmetrics_sitenote_note":"","_exactmetrics_sitenote_category":0,"footnotes":""},"categories":[1],"tags":[],"class_list":["post-1793","post","type-post","status-publish","format-standard","has-post-thumbnail","hentry","category-non-classe"],"yoast_head":"<!-- This site is optimized with the Yoast SEO plugin v27.5 - https:\/\/yoast.com\/product\/yoast-seo-wordpress\/ -->\n<title>Si tu aides les pauvres, ta lumi\u00e8re brillera comme l&#039;aurore - Fatherheart - France<\/title>\n<meta name=\"robots\" content=\"index, follow, max-snippet:-1, max-image-preview:large, max-video-preview:-1\" \/>\n<link rel=\"canonical\" href=\"https:\/\/fatherheartfrance.com\/index.php\/2022\/03\/19\/si-tu-aides-les-pauvres-ta-lumiere-brillera-comme-laurore\/\" \/>\n<meta property=\"og:locale\" content=\"fr_FR\" \/>\n<meta property=\"og:type\" content=\"article\" \/>\n<meta property=\"og:title\" content=\"Si tu aides les pauvres, ta lumi\u00e8re brillera comme l&#039;aurore - Fatherheart - France\" \/>\n<meta property=\"og:description\" content=\"Esa\u00efe 58:7-8 (LSG) Partage ton pain avec celui qui a faim, Et fais entrer dans ta maison les malheureux sans asile; Si tu vois un homme nu, couvre-le, Et ne te d\u00e9tourne pas de ton semblable. Alors ta lumi\u00e8re poindra comme l&rsquo;aurore, Et ta gu\u00e9rison germera promptement; Ta justice marchera devant toi, Et la gloire Lire plus ...\" \/>\n<meta property=\"og:url\" content=\"https:\/\/fatherheartfrance.com\/index.php\/2022\/03\/19\/si-tu-aides-les-pauvres-ta-lumiere-brillera-comme-laurore\/\" \/>\n<meta property=\"og:site_name\" content=\"Fatherheart - France\" \/>\n<meta property=\"article:publisher\" content=\"https:\/\/www.facebook.com\/ContactFHF\/\" \/>\n<meta property=\"article:published_time\" content=\"2022-03-19T06:41:56+00:00\" \/>\n<meta property=\"article:modified_time\" content=\"2022-03-19T06:41:57+00:00\" \/>\n<meta property=\"og:image\" content=\"https:\/\/fatherheartfrance.com\/wp-content\/uploads\/2022\/01\/crocus-g50aeb2499_1920.jpg\" \/>\n\t<meta property=\"og:image:width\" content=\"1920\" \/>\n\t<meta property=\"og:image:height\" content=\"1280\" \/>\n\t<meta property=\"og:image:type\" content=\"image\/jpeg\" \/>\n<meta name=\"author\" content=\"Fr\u00e9d\u00e9ric C\" \/>\n<meta name=\"twitter:card\" content=\"summary_large_image\" \/>\n<meta name=\"twitter:label1\" content=\"\u00c9crit par\" \/>\n\t<meta name=\"twitter:data1\" content=\"Fr\u00e9d\u00e9ric C\" \/>\n\t<meta name=\"twitter:label2\" content=\"Dur\u00e9e de lecture estim\u00e9e\" \/>\n\t<meta name=\"twitter:data2\" content=\"2 minutes\" \/>\n<script type=\"application\/ld+json\" class=\"yoast-schema-graph\">{\"@context\":\"https:\\\/\\\/schema.org\",\"@graph\":[{\"@type\":\"Article\",\"@id\":\"https:\\\/\\\/fatherheartfrance.com\\\/index.php\\\/2022\\\/03\\\/19\\\/si-tu-aides-les-pauvres-ta-lumiere-brillera-comme-laurore\\\/#article\",\"isPartOf\":{\"@id\":\"https:\\\/\\\/fatherheartfrance.com\\\/index.php\\\/2022\\\/03\\\/19\\\/si-tu-aides-les-pauvres-ta-lumiere-brillera-comme-laurore\\\/\"},\"author\":{\"name\":\"Fr\u00e9d\u00e9ric C\",\"@id\":\"https:\\\/\\\/fatherheartfrance.com\\\/#\\\/schema\\\/person\\\/a980675cd50a6bb00fc1a61b57ba7420\"},\"headline\":\"Si tu aides les pauvres, ta lumi\u00e8re brillera comme l&rsquo;aurore\",\"datePublished\":\"2022-03-19T06:41:56+00:00\",\"dateModified\":\"2022-03-19T06:41:57+00:00\",\"mainEntityOfPage\":{\"@id\":\"https:\\\/\\\/fatherheartfrance.com\\\/index.php\\\/2022\\\/03\\\/19\\\/si-tu-aides-les-pauvres-ta-lumiere-brillera-comme-laurore\\\/\"},\"wordCount\":350,\"commentCount\":0,\"publisher\":{\"@id\":\"https:\\\/\\\/fatherheartfrance.com\\\/#organization\"},\"image\":{\"@id\":\"https:\\\/\\\/fatherheartfrance.com\\\/index.php\\\/2022\\\/03\\\/19\\\/si-tu-aides-les-pauvres-ta-lumiere-brillera-comme-laurore\\\/#primaryimage\"},\"thumbnailUrl\":\"https:\\\/\\\/fatherheartfrance.com\\\/wp-content\\\/uploads\\\/2022\\\/01\\\/crocus-g50aeb2499_1920.jpg\",\"inLanguage\":\"fr-FR\",\"potentialAction\":[{\"@type\":\"CommentAction\",\"name\":\"Comment\",\"target\":[\"https:\\\/\\\/fatherheartfrance.com\\\/index.php\\\/2022\\\/03\\\/19\\\/si-tu-aides-les-pauvres-ta-lumiere-brillera-comme-laurore\\\/#respond\"]}]},{\"@type\":\"WebPage\",\"@id\":\"https:\\\/\\\/fatherheartfrance.com\\\/index.php\\\/2022\\\/03\\\/19\\\/si-tu-aides-les-pauvres-ta-lumiere-brillera-comme-laurore\\\/\",\"url\":\"https:\\\/\\\/fatherheartfrance.com\\\/index.php\\\/2022\\\/03\\\/19\\\/si-tu-aides-les-pauvres-ta-lumiere-brillera-comme-laurore\\\/\",\"name\":\"Si tu aides les pauvres, ta lumi\u00e8re brillera comme l'aurore - Fatherheart - France\",\"isPartOf\":{\"@id\":\"https:\\\/\\\/fatherheartfrance.com\\\/#website\"},\"primaryImageOfPage\":{\"@id\":\"https:\\\/\\\/fatherheartfrance.com\\\/index.php\\\/2022\\\/03\\\/19\\\/si-tu-aides-les-pauvres-ta-lumiere-brillera-comme-laurore\\\/#primaryimage\"},\"image\":{\"@id\":\"https:\\\/\\\/fatherheartfrance.com\\\/index.php\\\/2022\\\/03\\\/19\\\/si-tu-aides-les-pauvres-ta-lumiere-brillera-comme-laurore\\\/#primaryimage\"},\"thumbnailUrl\":\"https:\\\/\\\/fatherheartfrance.com\\\/wp-content\\\/uploads\\\/2022\\\/01\\\/crocus-g50aeb2499_1920.jpg\",\"datePublished\":\"2022-03-19T06:41:56+00:00\",\"dateModified\":\"2022-03-19T06:41:57+00:00\",\"breadcrumb\":{\"@id\":\"https:\\\/\\\/fatherheartfrance.com\\\/index.php\\\/2022\\\/03\\\/19\\\/si-tu-aides-les-pauvres-ta-lumiere-brillera-comme-laurore\\\/#breadcrumb\"},\"inLanguage\":\"fr-FR\",\"potentialAction\":[{\"@type\":\"ReadAction\",\"target\":[\"https:\\\/\\\/fatherheartfrance.com\\\/index.php\\\/2022\\\/03\\\/19\\\/si-tu-aides-les-pauvres-ta-lumiere-brillera-comme-laurore\\\/\"]}]},{\"@type\":\"ImageObject\",\"inLanguage\":\"fr-FR\",\"@id\":\"https:\\\/\\\/fatherheartfrance.com\\\/index.php\\\/2022\\\/03\\\/19\\\/si-tu-aides-les-pauvres-ta-lumiere-brillera-comme-laurore\\\/#primaryimage\",\"url\":\"https:\\\/\\\/fatherheartfrance.com\\\/wp-content\\\/uploads\\\/2022\\\/01\\\/crocus-g50aeb2499_1920.jpg\",\"contentUrl\":\"https:\\\/\\\/fatherheartfrance.com\\\/wp-content\\\/uploads\\\/2022\\\/01\\\/crocus-g50aeb2499_1920.jpg\",\"width\":1920,\"height\":1280,\"caption\":\"crocus-Fatherheart-France\"},{\"@type\":\"BreadcrumbList\",\"@id\":\"https:\\\/\\\/fatherheartfrance.com\\\/index.php\\\/2022\\\/03\\\/19\\\/si-tu-aides-les-pauvres-ta-lumiere-brillera-comme-laurore\\\/#breadcrumb\",\"itemListElement\":[{\"@type\":\"ListItem\",\"position\":1,\"name\":\"Accueil\",\"item\":\"https:\\\/\\\/fatherheartfrance.com\\\/\"},{\"@type\":\"ListItem\",\"position\":2,\"name\":\"Si tu aides les pauvres, ta lumi\u00e8re brillera comme l&rsquo;aurore\"}]},{\"@type\":\"WebSite\",\"@id\":\"https:\\\/\\\/fatherheartfrance.com\\\/#website\",\"url\":\"https:\\\/\\\/fatherheartfrance.com\\\/\",\"name\":\"Fatherheart - France\",\"description\":\"Amour du P\u00e8re\",\"publisher\":{\"@id\":\"https:\\\/\\\/fatherheartfrance.com\\\/#organization\"},\"potentialAction\":[{\"@type\":\"SearchAction\",\"target\":{\"@type\":\"EntryPoint\",\"urlTemplate\":\"https:\\\/\\\/fatherheartfrance.com\\\/?s={search_term_string}\"},\"query-input\":{\"@type\":\"PropertyValueSpecification\",\"valueRequired\":true,\"valueName\":\"search_term_string\"}}],\"inLanguage\":\"fr-FR\"},{\"@type\":\"Organization\",\"@id\":\"https:\\\/\\\/fatherheartfrance.com\\\/#organization\",\"name\":\"fatherheartfrance\",\"url\":\"https:\\\/\\\/fatherheartfrance.com\\\/\",\"logo\":{\"@type\":\"ImageObject\",\"inLanguage\":\"fr-FR\",\"@id\":\"https:\\\/\\\/fatherheartfrance.com\\\/#\\\/schema\\\/logo\\\/image\\\/\",\"url\":\"https:\\\/\\\/fatherheartfrance.com\\\/wp-content\\\/uploads\\\/2017\\\/02\\\/logo-3-e1488034589841.png\",\"contentUrl\":\"https:\\\/\\\/fatherheartfrance.com\\\/wp-content\\\/uploads\\\/2017\\\/02\\\/logo-3-e1488034589841.png\",\"width\":300,\"height\":82,\"caption\":\"fatherheartfrance\"},\"image\":{\"@id\":\"https:\\\/\\\/fatherheartfrance.com\\\/#\\\/schema\\\/logo\\\/image\\\/\"},\"sameAs\":[\"https:\\\/\\\/www.facebook.com\\\/ContactFHF\\\/\"]},{\"@type\":\"Person\",\"@id\":\"https:\\\/\\\/fatherheartfrance.com\\\/#\\\/schema\\\/person\\\/a980675cd50a6bb00fc1a61b57ba7420\",\"name\":\"Fr\u00e9d\u00e9ric C\",\"image\":{\"@type\":\"ImageObject\",\"inLanguage\":\"fr-FR\",\"@id\":\"https:\\\/\\\/secure.gravatar.com\\\/avatar\\\/f847814b88f468c211776e97f3b93c066195167c83d3e8cb7e6ca0612f3757a8?s=96&d=mm&r=g\",\"url\":\"https:\\\/\\\/secure.gravatar.com\\\/avatar\\\/f847814b88f468c211776e97f3b93c066195167c83d3e8cb7e6ca0612f3757a8?s=96&d=mm&r=g\",\"contentUrl\":\"https:\\\/\\\/secure.gravatar.com\\\/avatar\\\/f847814b88f468c211776e97f3b93c066195167c83d3e8cb7e6ca0612f3757a8?s=96&d=mm&r=g\",\"caption\":\"Fr\u00e9d\u00e9ric C\"},\"url\":\"https:\\\/\\\/fatherheartfrance.com\\\/index.php\\\/author\\\/frederic\\\/\"}]}<\/script>\n<!-- \/ Yoast SEO plugin. -->","yoast_head_json":{"title":"Si tu aides les pauvres, ta lumi\u00e8re brillera comme l'aurore - Fatherheart - France","robots":{"index":"index","follow":"follow","max-snippet":"max-snippet:-1","max-image-preview":"max-image-preview:large","max-video-preview":"max-video-preview:-1"},"canonical":"https:\/\/fatherheartfrance.com\/index.php\/2022\/03\/19\/si-tu-aides-les-pauvres-ta-lumiere-brillera-comme-laurore\/","og_locale":"fr_FR","og_type":"article","og_title":"Si tu aides les pauvres, ta lumi\u00e8re brillera comme l'aurore - Fatherheart - France","og_description":"Esa\u00efe 58:7-8 (LSG) Partage ton pain avec celui qui a faim, Et fais entrer dans ta maison les malheureux sans asile; Si tu vois un homme nu, couvre-le, Et ne te d\u00e9tourne pas de ton semblable. Alors ta lumi\u00e8re poindra comme l&rsquo;aurore, Et ta gu\u00e9rison germera promptement; Ta justice marchera devant toi, Et la gloire Lire plus ...","og_url":"https:\/\/fatherheartfrance.com\/index.php\/2022\/03\/19\/si-tu-aides-les-pauvres-ta-lumiere-brillera-comme-laurore\/","og_site_name":"Fatherheart - France","article_publisher":"https:\/\/www.facebook.com\/ContactFHF\/","article_published_time":"2022-03-19T06:41:56+00:00","article_modified_time":"2022-03-19T06:41:57+00:00","og_image":[{"width":1920,"height":1280,"url":"https:\/\/fatherheartfrance.com\/wp-content\/uploads\/2022\/01\/crocus-g50aeb2499_1920.jpg","type":"image\/jpeg"}],"author":"Fr\u00e9d\u00e9ric C","twitter_card":"summary_large_image","twitter_misc":{"\u00c9crit par":"Fr\u00e9d\u00e9ric C","Dur\u00e9e de lecture estim\u00e9e":"2 minutes"},"schema":{"@context":"https:\/\/schema.org","@graph":[{"@type":"Article","@id":"https:\/\/fatherheartfrance.com\/index.php\/2022\/03\/19\/si-tu-aides-les-pauvres-ta-lumiere-brillera-comme-laurore\/#article","isPartOf":{"@id":"https:\/\/fatherheartfrance.com\/index.php\/2022\/03\/19\/si-tu-aides-les-pauvres-ta-lumiere-brillera-comme-laurore\/"},"author":{"name":"Fr\u00e9d\u00e9ric C","@id":"https:\/\/fatherheartfrance.com\/#\/schema\/person\/a980675cd50a6bb00fc1a61b57ba7420"},"headline":"Si tu aides les pauvres, ta lumi\u00e8re brillera comme l&rsquo;aurore","datePublished":"2022-03-19T06:41:56+00:00","dateModified":"2022-03-19T06:41:57+00:00","mainEntityOfPage":{"@id":"https:\/\/fatherheartfrance.com\/index.php\/2022\/03\/19\/si-tu-aides-les-pauvres-ta-lumiere-brillera-comme-laurore\/"},"wordCount":350,"commentCount":0,"publisher":{"@id":"https:\/\/fatherheartfrance.com\/#organization"},"image":{"@id":"https:\/\/fatherheartfrance.com\/index.php\/2022\/03\/19\/si-tu-aides-les-pauvres-ta-lumiere-brillera-comme-laurore\/#primaryimage"},"thumbnailUrl":"https:\/\/fatherheartfrance.com\/wp-content\/uploads\/2022\/01\/crocus-g50aeb2499_1920.jpg","inLanguage":"fr-FR","potentialAction":[{"@type":"CommentAction","name":"Comment","target":["https:\/\/fatherheartfrance.com\/index.php\/2022\/03\/19\/si-tu-aides-les-pauvres-ta-lumiere-brillera-comme-laurore\/#respond"]}]},{"@type":"WebPage","@id":"https:\/\/fatherheartfrance.com\/index.php\/2022\/03\/19\/si-tu-aides-les-pauvres-ta-lumiere-brillera-comme-laurore\/","url":"https:\/\/fatherheartfrance.com\/index.php\/2022\/03\/19\/si-tu-aides-les-pauvres-ta-lumiere-brillera-comme-laurore\/","name":"Si tu aides les pauvres, ta lumi\u00e8re brillera comme l'aurore - Fatherheart - France","isPartOf":{"@id":"https:\/\/fatherheartfrance.com\/#website"},"primaryImageOfPage":{"@id":"https:\/\/fatherheartfrance.com\/index.php\/2022\/03\/19\/si-tu-aides-les-pauvres-ta-lumiere-brillera-comme-laurore\/#primaryimage"},"image":{"@id":"https:\/\/fatherheartfrance.com\/index.php\/2022\/03\/19\/si-tu-aides-les-pauvres-ta-lumiere-brillera-comme-laurore\/#primaryimage"},"thumbnailUrl":"https:\/\/fatherheartfrance.com\/wp-content\/uploads\/2022\/01\/crocus-g50aeb2499_1920.jpg","datePublished":"2022-03-19T06:41:56+00:00","dateModified":"2022-03-19T06:41:57+00:00","breadcrumb":{"@id":"https:\/\/fatherheartfrance.com\/index.php\/2022\/03\/19\/si-tu-aides-les-pauvres-ta-lumiere-brillera-comme-laurore\/#breadcrumb"},"inLanguage":"fr-FR","potentialAction":[{"@type":"ReadAction","target":["https:\/\/fatherheartfrance.com\/index.php\/2022\/03\/19\/si-tu-aides-les-pauvres-ta-lumiere-brillera-comme-laurore\/"]}]},{"@type":"ImageObject","inLanguage":"fr-FR","@id":"https:\/\/fatherheartfrance.com\/index.php\/2022\/03\/19\/si-tu-aides-les-pauvres-ta-lumiere-brillera-comme-laurore\/#primaryimage","url":"https:\/\/fatherheartfrance.com\/wp-content\/uploads\/2022\/01\/crocus-g50aeb2499_1920.jpg","contentUrl":"https:\/\/fatherheartfrance.com\/wp-content\/uploads\/2022\/01\/crocus-g50aeb2499_1920.jpg","width":1920,"height":1280,"caption":"crocus-Fatherheart-France"},{"@type":"BreadcrumbList","@id":"https:\/\/fatherheartfrance.com\/index.php\/2022\/03\/19\/si-tu-aides-les-pauvres-ta-lumiere-brillera-comme-laurore\/#breadcrumb","itemListElement":[{"@type":"ListItem","position":1,"name":"Accueil","item":"https:\/\/fatherheartfrance.com\/"},{"@type":"ListItem","position":2,"name":"Si tu aides les pauvres, ta lumi\u00e8re brillera comme l&rsquo;aurore"}]},{"@type":"WebSite","@id":"https:\/\/fatherheartfrance.com\/#website","url":"https:\/\/fatherheartfrance.com\/","name":"Fatherheart - France","description":"Amour du P\u00e8re","publisher":{"@id":"https:\/\/fatherheartfrance.com\/#organization"},"potentialAction":[{"@type":"SearchAction","target":{"@type":"EntryPoint","urlTemplate":"https:\/\/fatherheartfrance.com\/?s={search_term_string}"},"query-input":{"@type":"PropertyValueSpecification","valueRequired":true,"valueName":"search_term_string"}}],"inLanguage":"fr-FR"},{"@type":"Organization","@id":"https:\/\/fatherheartfrance.com\/#organization","name":"fatherheartfrance","url":"https:\/\/fatherheartfrance.com\/","logo":{"@type":"ImageObject","inLanguage":"fr-FR","@id":"https:\/\/fatherheartfrance.com\/#\/schema\/logo\/image\/","url":"https:\/\/fatherheartfrance.com\/wp-content\/uploads\/2017\/02\/logo-3-e1488034589841.png","contentUrl":"https:\/\/fatherheartfrance.com\/wp-content\/uploads\/2017\/02\/logo-3-e1488034589841.png","width":300,"height":82,"caption":"fatherheartfrance"},"image":{"@id":"https:\/\/fatherheartfrance.com\/#\/schema\/logo\/image\/"},"sameAs":["https:\/\/www.facebook.com\/ContactFHF\/"]},{"@type":"Person","@id":"https:\/\/fatherheartfrance.com\/#\/schema\/person\/a980675cd50a6bb00fc1a61b57ba7420","name":"Fr\u00e9d\u00e9ric C","image":{"@type":"ImageObject","inLanguage":"fr-FR","@id":"https:\/\/secure.gravatar.com\/avatar\/f847814b88f468c211776e97f3b93c066195167c83d3e8cb7e6ca0612f3757a8?s=96&d=mm&r=g","url":"https:\/\/secure.gravatar.com\/avatar\/f847814b88f468c211776e97f3b93c066195167c83d3e8cb7e6ca0612f3757a8?s=96&d=mm&r=g","contentUrl":"https:\/\/secure.gravatar.com\/avatar\/f847814b88f468c211776e97f3b93c066195167c83d3e8cb7e6ca0612f3757a8?s=96&d=mm&r=g","caption":"Fr\u00e9d\u00e9ric C"},"url":"https:\/\/fatherheartfrance.com\/index.php\/author\/frederic\/"}]}},"_links":{"self":[{"href":"https:\/\/fatherheartfrance.com\/index.php\/wp-json\/wp\/v2\/posts\/1793","targetHints":{"allow":["GET"]}}],"collection":[{"href":"https:\/\/fatherheartfrance.com\/index.php\/wp-json\/wp\/v2\/posts"}],"about":[{"href":"https:\/\/fatherheartfrance.com\/index.php\/wp-json\/wp\/v2\/types\/post"}],"author":[{"embeddable":true,"href":"https:\/\/fatherheartfrance.com\/index.php\/wp-json\/wp\/v2\/users\/3"}],"replies":[{"embeddable":true,"href":"https:\/\/fatherheartfrance.com\/index.php\/wp-json\/wp\/v2\/comments?post=1793"}],"version-history":[{"count":1,"href":"https:\/\/fatherheartfrance.com\/index.php\/wp-json\/wp\/v2\/posts\/1793\/revisions"}],"predecessor-version":[{"id":1794,"href":"https:\/\/fatherheartfrance.com\/index.php\/wp-json\/wp\/v2\/posts\/1793\/revisions\/1794"}],"wp:featuredmedia":[{"embeddable":true,"href":"https:\/\/fatherheartfrance.com\/index.php\/wp-json\/wp\/v2\/media\/1766"}],"wp:attachment":[{"href":"https:\/\/fatherheartfrance.com\/index.php\/wp-json\/wp\/v2\/media?parent=1793"}],"wp:term":[{"taxonomy":"category","embeddable":true,"href":"https:\/\/fatherheartfrance.com\/index.php\/wp-json\/wp\/v2\/categories?post=1793"},{"taxonomy":"post_tag","embeddable":true,"href":"https:\/\/fatherheartfrance.com\/index.php\/wp-json\/wp\/v2\/tags?post=1793"}],"curies":[{"name":"wp","href":"https:\/\/api.w.org\/{rel}","templated":true}]}}