{"id":1787,"date":"2022-03-05T09:21:38","date_gmt":"2022-03-05T08:21:38","guid":{"rendered":"https:\/\/fatherheartfrance.com\/?p=1787"},"modified":"2022-03-05T09:21:40","modified_gmt":"2022-03-05T08:21:40","slug":"tous-les-jours-de-ta-vie-sont-ecrits-dans-mon-livre","status":"publish","type":"post","link":"https:\/\/fatherheartfrance.com\/index.php\/2022\/03\/05\/tous-les-jours-de-ta-vie-sont-ecrits-dans-mon-livre\/","title":{"rendered":"Tous les jours de ta vie sont \u00e9crits dans mon livre"},"content":{"rendered":"\n<p class=\"wp-block-paragraph\"><\/p>\n\n\n\n<p class=\"wp-block-paragraph\"><em>Psaume 139:16 (LSG) Quand je n&rsquo;\u00e9tais qu&rsquo;une masse informe, tes yeux me voyaient; Et sur ton livre \u00e9taient tous inscrits Les jours qui m&rsquo;\u00e9taient destin\u00e9s, Avant qu&rsquo;aucun d&rsquo;eux exist\u00e2t.<\/em><\/p>\n\n\n\n<p class=\"wp-block-paragraph\">Quelle promesse \u00e9tonnante ! Avant m\u00eame que notre corps ne soit form\u00e9, les yeux de Dieu \u00e9taient fix\u00e9s sur nous. Avant m\u00eame que nous ne respirions un seul souffle, Dieu avait cr\u00e9\u00e9 un livre sp\u00e9cial qui contenait chaque jour de notre vie.<\/p>\n\n\n\n<p class=\"wp-block-paragraph\">Nous entendons parfois dire que les gens ont du mal \u00e0 se sentir \u00e0 leur place dans ce monde. S&rsquo;ils sont n\u00e9s d&rsquo;une grossesse non souhait\u00e9e, ils peuvent avoir l&rsquo;impression que leur vie n&rsquo;a pas \u00e9t\u00e9 planifi\u00e9e intentionnellement. De nombreuses personnes disent qu&rsquo;elles ont eu l&rsquo;impression toute leur vie d&rsquo;\u00eatre une erreur !<\/p>\n\n\n\n<p class=\"wp-block-paragraph\">Si vous luttez contre l&rsquo;un de ces sentiments, que cette promesse \u00e9tablisse une fois pour toutes la v\u00e9rit\u00e9 irr\u00e9vocable que c&rsquo;est Dieu lui-m\u00eame qui a planifi\u00e9 votre vie avant la fondation du monde. Ce ne sont pas vos parents ou les circonstances qui ont planifi\u00e9 votre existence, mais votre P\u00e8re c\u00e9leste qui vous aime.<\/p>\n\n\n\n<p class=\"wp-block-paragraph\">Chacun de vos jours ont \u00e9t\u00e9 \u00e9crit dans son livre sp\u00e9cial avant qu&rsquo;ils ne se r\u00e9alisent ! Quelle attention aux d\u00e9tails ! Quel amour indescriptible ! Vous avez \u00e9t\u00e9 voulus par le Cr\u00e9ateur des cieux et de la terre et Il a un plan pour vous faire prosp\u00e9rer et non pour vous nuire, pour vous donner une esp\u00e9rance et un brillant avenir (J\u00e9r\u00e9mie 29:11).<\/p>\n\n\n\n<p class=\"has-text-align-right has-extra-small-font-size wp-block-paragraph\">248<\/p>\n","protected":false},"excerpt":{"rendered":"<p>Psaume 139:16 (LSG) Quand je n&rsquo;\u00e9tais qu&rsquo;une masse informe, tes yeux me voyaient; Et sur ton livre \u00e9taient tous inscrits Les jours qui m&rsquo;\u00e9taient destin\u00e9s, Avant qu&rsquo;aucun d&rsquo;eux exist\u00e2t. Quelle promesse \u00e9tonnante ! Avant m\u00eame que notre corps ne soit form\u00e9, les yeux de Dieu \u00e9taient fix\u00e9s sur nous. Avant m\u00eame que nous ne respirions <a class=\"more-link\" href=\"https:\/\/fatherheartfrance.com\/index.php\/2022\/03\/05\/tous-les-jours-de-ta-vie-sont-ecrits-dans-mon-livre\/\">Lire plus &#8230;<\/a><\/p>\n","protected":false},"author":3,"featured_media":1767,"comment_status":"open","ping_status":"open","sticky":false,"template":"","format":"standard","meta":{"_crdt_document":"","_exactmetrics_skip_tracking":false,"_exactmetrics_sitenote_active":false,"_exactmetrics_sitenote_note":"","_exactmetrics_sitenote_category":0,"footnotes":""},"categories":[1],"tags":[],"class_list":["post-1787","post","type-post","status-publish","format-standard","has-post-thumbnail","hentry","category-non-classe"],"yoast_head":"<!-- This site is optimized with the Yoast SEO plugin v27.5 - https:\/\/yoast.com\/product\/yoast-seo-wordpress\/ -->\n<title>Tous les jours de ta vie sont \u00e9crits dans mon livre - Fatherheart - France<\/title>\n<meta name=\"robots\" content=\"index, follow, max-snippet:-1, max-image-preview:large, max-video-preview:-1\" \/>\n<link rel=\"canonical\" href=\"https:\/\/fatherheartfrance.com\/index.php\/2022\/03\/05\/tous-les-jours-de-ta-vie-sont-ecrits-dans-mon-livre\/\" \/>\n<meta property=\"og:locale\" content=\"fr_FR\" \/>\n<meta property=\"og:type\" content=\"article\" \/>\n<meta property=\"og:title\" content=\"Tous les jours de ta vie sont \u00e9crits dans mon livre - Fatherheart - France\" \/>\n<meta property=\"og:description\" content=\"Psaume 139:16 (LSG) Quand je n&rsquo;\u00e9tais qu&rsquo;une masse informe, tes yeux me voyaient; Et sur ton livre \u00e9taient tous inscrits Les jours qui m&rsquo;\u00e9taient destin\u00e9s, Avant qu&rsquo;aucun d&rsquo;eux exist\u00e2t. Quelle promesse \u00e9tonnante ! Avant m\u00eame que notre corps ne soit form\u00e9, les yeux de Dieu \u00e9taient fix\u00e9s sur nous. Avant m\u00eame que nous ne respirions Lire plus ...\" \/>\n<meta property=\"og:url\" content=\"https:\/\/fatherheartfrance.com\/index.php\/2022\/03\/05\/tous-les-jours-de-ta-vie-sont-ecrits-dans-mon-livre\/\" \/>\n<meta property=\"og:site_name\" content=\"Fatherheart - France\" \/>\n<meta property=\"article:publisher\" content=\"https:\/\/www.facebook.com\/ContactFHF\/\" \/>\n<meta property=\"article:published_time\" content=\"2022-03-05T08:21:38+00:00\" \/>\n<meta property=\"article:modified_time\" content=\"2022-03-05T08:21:40+00:00\" \/>\n<meta property=\"og:image\" content=\"https:\/\/fatherheartfrance.com\/wp-content\/uploads\/2022\/01\/flowers-g1dca0818d_1920.jpg\" \/>\n\t<meta property=\"og:image:width\" content=\"1920\" \/>\n\t<meta property=\"og:image:height\" content=\"1280\" \/>\n\t<meta property=\"og:image:type\" content=\"image\/jpeg\" \/>\n<meta name=\"author\" content=\"Fr\u00e9d\u00e9ric C\" \/>\n<meta name=\"twitter:card\" content=\"summary_large_image\" \/>\n<meta name=\"twitter:label1\" content=\"\u00c9crit par\" \/>\n\t<meta name=\"twitter:data1\" content=\"Fr\u00e9d\u00e9ric C\" \/>\n\t<meta name=\"twitter:label2\" content=\"Dur\u00e9e de lecture estim\u00e9e\" \/>\n\t<meta name=\"twitter:data2\" content=\"2 minutes\" \/>\n<script type=\"application\/ld+json\" class=\"yoast-schema-graph\">{\"@context\":\"https:\\\/\\\/schema.org\",\"@graph\":[{\"@type\":\"Article\",\"@id\":\"https:\\\/\\\/fatherheartfrance.com\\\/index.php\\\/2022\\\/03\\\/05\\\/tous-les-jours-de-ta-vie-sont-ecrits-dans-mon-livre\\\/#article\",\"isPartOf\":{\"@id\":\"https:\\\/\\\/fatherheartfrance.com\\\/index.php\\\/2022\\\/03\\\/05\\\/tous-les-jours-de-ta-vie-sont-ecrits-dans-mon-livre\\\/\"},\"author\":{\"name\":\"Fr\u00e9d\u00e9ric C\",\"@id\":\"https:\\\/\\\/fatherheartfrance.com\\\/#\\\/schema\\\/person\\\/a980675cd50a6bb00fc1a61b57ba7420\"},\"headline\":\"Tous les jours de ta vie sont \u00e9crits dans mon livre\",\"datePublished\":\"2022-03-05T08:21:38+00:00\",\"dateModified\":\"2022-03-05T08:21:40+00:00\",\"mainEntityOfPage\":{\"@id\":\"https:\\\/\\\/fatherheartfrance.com\\\/index.php\\\/2022\\\/03\\\/05\\\/tous-les-jours-de-ta-vie-sont-ecrits-dans-mon-livre\\\/\"},\"wordCount\":281,\"commentCount\":0,\"publisher\":{\"@id\":\"https:\\\/\\\/fatherheartfrance.com\\\/#organization\"},\"image\":{\"@id\":\"https:\\\/\\\/fatherheartfrance.com\\\/index.php\\\/2022\\\/03\\\/05\\\/tous-les-jours-de-ta-vie-sont-ecrits-dans-mon-livre\\\/#primaryimage\"},\"thumbnailUrl\":\"https:\\\/\\\/fatherheartfrance.com\\\/wp-content\\\/uploads\\\/2022\\\/01\\\/flowers-g1dca0818d_1920.jpg\",\"inLanguage\":\"fr-FR\",\"potentialAction\":[{\"@type\":\"CommentAction\",\"name\":\"Comment\",\"target\":[\"https:\\\/\\\/fatherheartfrance.com\\\/index.php\\\/2022\\\/03\\\/05\\\/tous-les-jours-de-ta-vie-sont-ecrits-dans-mon-livre\\\/#respond\"]}]},{\"@type\":\"WebPage\",\"@id\":\"https:\\\/\\\/fatherheartfrance.com\\\/index.php\\\/2022\\\/03\\\/05\\\/tous-les-jours-de-ta-vie-sont-ecrits-dans-mon-livre\\\/\",\"url\":\"https:\\\/\\\/fatherheartfrance.com\\\/index.php\\\/2022\\\/03\\\/05\\\/tous-les-jours-de-ta-vie-sont-ecrits-dans-mon-livre\\\/\",\"name\":\"Tous les jours de ta vie sont \u00e9crits dans mon livre - Fatherheart - France\",\"isPartOf\":{\"@id\":\"https:\\\/\\\/fatherheartfrance.com\\\/#website\"},\"primaryImageOfPage\":{\"@id\":\"https:\\\/\\\/fatherheartfrance.com\\\/index.php\\\/2022\\\/03\\\/05\\\/tous-les-jours-de-ta-vie-sont-ecrits-dans-mon-livre\\\/#primaryimage\"},\"image\":{\"@id\":\"https:\\\/\\\/fatherheartfrance.com\\\/index.php\\\/2022\\\/03\\\/05\\\/tous-les-jours-de-ta-vie-sont-ecrits-dans-mon-livre\\\/#primaryimage\"},\"thumbnailUrl\":\"https:\\\/\\\/fatherheartfrance.com\\\/wp-content\\\/uploads\\\/2022\\\/01\\\/flowers-g1dca0818d_1920.jpg\",\"datePublished\":\"2022-03-05T08:21:38+00:00\",\"dateModified\":\"2022-03-05T08:21:40+00:00\",\"breadcrumb\":{\"@id\":\"https:\\\/\\\/fatherheartfrance.com\\\/index.php\\\/2022\\\/03\\\/05\\\/tous-les-jours-de-ta-vie-sont-ecrits-dans-mon-livre\\\/#breadcrumb\"},\"inLanguage\":\"fr-FR\",\"potentialAction\":[{\"@type\":\"ReadAction\",\"target\":[\"https:\\\/\\\/fatherheartfrance.com\\\/index.php\\\/2022\\\/03\\\/05\\\/tous-les-jours-de-ta-vie-sont-ecrits-dans-mon-livre\\\/\"]}]},{\"@type\":\"ImageObject\",\"inLanguage\":\"fr-FR\",\"@id\":\"https:\\\/\\\/fatherheartfrance.com\\\/index.php\\\/2022\\\/03\\\/05\\\/tous-les-jours-de-ta-vie-sont-ecrits-dans-mon-livre\\\/#primaryimage\",\"url\":\"https:\\\/\\\/fatherheartfrance.com\\\/wp-content\\\/uploads\\\/2022\\\/01\\\/flowers-g1dca0818d_1920.jpg\",\"contentUrl\":\"https:\\\/\\\/fatherheartfrance.com\\\/wp-content\\\/uploads\\\/2022\\\/01\\\/flowers-g1dca0818d_1920.jpg\",\"width\":1920,\"height\":1280,\"caption\":\"flowers-Fatherheart-France\"},{\"@type\":\"BreadcrumbList\",\"@id\":\"https:\\\/\\\/fatherheartfrance.com\\\/index.php\\\/2022\\\/03\\\/05\\\/tous-les-jours-de-ta-vie-sont-ecrits-dans-mon-livre\\\/#breadcrumb\",\"itemListElement\":[{\"@type\":\"ListItem\",\"position\":1,\"name\":\"Accueil\",\"item\":\"https:\\\/\\\/fatherheartfrance.com\\\/\"},{\"@type\":\"ListItem\",\"position\":2,\"name\":\"Tous les jours de ta vie sont \u00e9crits dans mon livre\"}]},{\"@type\":\"WebSite\",\"@id\":\"https:\\\/\\\/fatherheartfrance.com\\\/#website\",\"url\":\"https:\\\/\\\/fatherheartfrance.com\\\/\",\"name\":\"Fatherheart - France\",\"description\":\"Amour du P\u00e8re\",\"publisher\":{\"@id\":\"https:\\\/\\\/fatherheartfrance.com\\\/#organization\"},\"potentialAction\":[{\"@type\":\"SearchAction\",\"target\":{\"@type\":\"EntryPoint\",\"urlTemplate\":\"https:\\\/\\\/fatherheartfrance.com\\\/?s={search_term_string}\"},\"query-input\":{\"@type\":\"PropertyValueSpecification\",\"valueRequired\":true,\"valueName\":\"search_term_string\"}}],\"inLanguage\":\"fr-FR\"},{\"@type\":\"Organization\",\"@id\":\"https:\\\/\\\/fatherheartfrance.com\\\/#organization\",\"name\":\"fatherheartfrance\",\"url\":\"https:\\\/\\\/fatherheartfrance.com\\\/\",\"logo\":{\"@type\":\"ImageObject\",\"inLanguage\":\"fr-FR\",\"@id\":\"https:\\\/\\\/fatherheartfrance.com\\\/#\\\/schema\\\/logo\\\/image\\\/\",\"url\":\"https:\\\/\\\/fatherheartfrance.com\\\/wp-content\\\/uploads\\\/2017\\\/02\\\/logo-3-e1488034589841.png\",\"contentUrl\":\"https:\\\/\\\/fatherheartfrance.com\\\/wp-content\\\/uploads\\\/2017\\\/02\\\/logo-3-e1488034589841.png\",\"width\":300,\"height\":82,\"caption\":\"fatherheartfrance\"},\"image\":{\"@id\":\"https:\\\/\\\/fatherheartfrance.com\\\/#\\\/schema\\\/logo\\\/image\\\/\"},\"sameAs\":[\"https:\\\/\\\/www.facebook.com\\\/ContactFHF\\\/\"]},{\"@type\":\"Person\",\"@id\":\"https:\\\/\\\/fatherheartfrance.com\\\/#\\\/schema\\\/person\\\/a980675cd50a6bb00fc1a61b57ba7420\",\"name\":\"Fr\u00e9d\u00e9ric C\",\"image\":{\"@type\":\"ImageObject\",\"inLanguage\":\"fr-FR\",\"@id\":\"https:\\\/\\\/secure.gravatar.com\\\/avatar\\\/f847814b88f468c211776e97f3b93c066195167c83d3e8cb7e6ca0612f3757a8?s=96&d=mm&r=g\",\"url\":\"https:\\\/\\\/secure.gravatar.com\\\/avatar\\\/f847814b88f468c211776e97f3b93c066195167c83d3e8cb7e6ca0612f3757a8?s=96&d=mm&r=g\",\"contentUrl\":\"https:\\\/\\\/secure.gravatar.com\\\/avatar\\\/f847814b88f468c211776e97f3b93c066195167c83d3e8cb7e6ca0612f3757a8?s=96&d=mm&r=g\",\"caption\":\"Fr\u00e9d\u00e9ric C\"},\"url\":\"https:\\\/\\\/fatherheartfrance.com\\\/index.php\\\/author\\\/frederic\\\/\"}]}<\/script>\n<!-- \/ Yoast SEO plugin. -->","yoast_head_json":{"title":"Tous les jours de ta vie sont \u00e9crits dans mon livre - Fatherheart - France","robots":{"index":"index","follow":"follow","max-snippet":"max-snippet:-1","max-image-preview":"max-image-preview:large","max-video-preview":"max-video-preview:-1"},"canonical":"https:\/\/fatherheartfrance.com\/index.php\/2022\/03\/05\/tous-les-jours-de-ta-vie-sont-ecrits-dans-mon-livre\/","og_locale":"fr_FR","og_type":"article","og_title":"Tous les jours de ta vie sont \u00e9crits dans mon livre - Fatherheart - France","og_description":"Psaume 139:16 (LSG) Quand je n&rsquo;\u00e9tais qu&rsquo;une masse informe, tes yeux me voyaient; Et sur ton livre \u00e9taient tous inscrits Les jours qui m&rsquo;\u00e9taient destin\u00e9s, Avant qu&rsquo;aucun d&rsquo;eux exist\u00e2t. Quelle promesse \u00e9tonnante ! Avant m\u00eame que notre corps ne soit form\u00e9, les yeux de Dieu \u00e9taient fix\u00e9s sur nous. Avant m\u00eame que nous ne respirions Lire plus ...","og_url":"https:\/\/fatherheartfrance.com\/index.php\/2022\/03\/05\/tous-les-jours-de-ta-vie-sont-ecrits-dans-mon-livre\/","og_site_name":"Fatherheart - France","article_publisher":"https:\/\/www.facebook.com\/ContactFHF\/","article_published_time":"2022-03-05T08:21:38+00:00","article_modified_time":"2022-03-05T08:21:40+00:00","og_image":[{"width":1920,"height":1280,"url":"https:\/\/fatherheartfrance.com\/wp-content\/uploads\/2022\/01\/flowers-g1dca0818d_1920.jpg","type":"image\/jpeg"}],"author":"Fr\u00e9d\u00e9ric C","twitter_card":"summary_large_image","twitter_misc":{"\u00c9crit par":"Fr\u00e9d\u00e9ric C","Dur\u00e9e de lecture estim\u00e9e":"2 minutes"},"schema":{"@context":"https:\/\/schema.org","@graph":[{"@type":"Article","@id":"https:\/\/fatherheartfrance.com\/index.php\/2022\/03\/05\/tous-les-jours-de-ta-vie-sont-ecrits-dans-mon-livre\/#article","isPartOf":{"@id":"https:\/\/fatherheartfrance.com\/index.php\/2022\/03\/05\/tous-les-jours-de-ta-vie-sont-ecrits-dans-mon-livre\/"},"author":{"name":"Fr\u00e9d\u00e9ric C","@id":"https:\/\/fatherheartfrance.com\/#\/schema\/person\/a980675cd50a6bb00fc1a61b57ba7420"},"headline":"Tous les jours de ta vie sont \u00e9crits dans mon livre","datePublished":"2022-03-05T08:21:38+00:00","dateModified":"2022-03-05T08:21:40+00:00","mainEntityOfPage":{"@id":"https:\/\/fatherheartfrance.com\/index.php\/2022\/03\/05\/tous-les-jours-de-ta-vie-sont-ecrits-dans-mon-livre\/"},"wordCount":281,"commentCount":0,"publisher":{"@id":"https:\/\/fatherheartfrance.com\/#organization"},"image":{"@id":"https:\/\/fatherheartfrance.com\/index.php\/2022\/03\/05\/tous-les-jours-de-ta-vie-sont-ecrits-dans-mon-livre\/#primaryimage"},"thumbnailUrl":"https:\/\/fatherheartfrance.com\/wp-content\/uploads\/2022\/01\/flowers-g1dca0818d_1920.jpg","inLanguage":"fr-FR","potentialAction":[{"@type":"CommentAction","name":"Comment","target":["https:\/\/fatherheartfrance.com\/index.php\/2022\/03\/05\/tous-les-jours-de-ta-vie-sont-ecrits-dans-mon-livre\/#respond"]}]},{"@type":"WebPage","@id":"https:\/\/fatherheartfrance.com\/index.php\/2022\/03\/05\/tous-les-jours-de-ta-vie-sont-ecrits-dans-mon-livre\/","url":"https:\/\/fatherheartfrance.com\/index.php\/2022\/03\/05\/tous-les-jours-de-ta-vie-sont-ecrits-dans-mon-livre\/","name":"Tous les jours de ta vie sont \u00e9crits dans mon livre - Fatherheart - France","isPartOf":{"@id":"https:\/\/fatherheartfrance.com\/#website"},"primaryImageOfPage":{"@id":"https:\/\/fatherheartfrance.com\/index.php\/2022\/03\/05\/tous-les-jours-de-ta-vie-sont-ecrits-dans-mon-livre\/#primaryimage"},"image":{"@id":"https:\/\/fatherheartfrance.com\/index.php\/2022\/03\/05\/tous-les-jours-de-ta-vie-sont-ecrits-dans-mon-livre\/#primaryimage"},"thumbnailUrl":"https:\/\/fatherheartfrance.com\/wp-content\/uploads\/2022\/01\/flowers-g1dca0818d_1920.jpg","datePublished":"2022-03-05T08:21:38+00:00","dateModified":"2022-03-05T08:21:40+00:00","breadcrumb":{"@id":"https:\/\/fatherheartfrance.com\/index.php\/2022\/03\/05\/tous-les-jours-de-ta-vie-sont-ecrits-dans-mon-livre\/#breadcrumb"},"inLanguage":"fr-FR","potentialAction":[{"@type":"ReadAction","target":["https:\/\/fatherheartfrance.com\/index.php\/2022\/03\/05\/tous-les-jours-de-ta-vie-sont-ecrits-dans-mon-livre\/"]}]},{"@type":"ImageObject","inLanguage":"fr-FR","@id":"https:\/\/fatherheartfrance.com\/index.php\/2022\/03\/05\/tous-les-jours-de-ta-vie-sont-ecrits-dans-mon-livre\/#primaryimage","url":"https:\/\/fatherheartfrance.com\/wp-content\/uploads\/2022\/01\/flowers-g1dca0818d_1920.jpg","contentUrl":"https:\/\/fatherheartfrance.com\/wp-content\/uploads\/2022\/01\/flowers-g1dca0818d_1920.jpg","width":1920,"height":1280,"caption":"flowers-Fatherheart-France"},{"@type":"BreadcrumbList","@id":"https:\/\/fatherheartfrance.com\/index.php\/2022\/03\/05\/tous-les-jours-de-ta-vie-sont-ecrits-dans-mon-livre\/#breadcrumb","itemListElement":[{"@type":"ListItem","position":1,"name":"Accueil","item":"https:\/\/fatherheartfrance.com\/"},{"@type":"ListItem","position":2,"name":"Tous les jours de ta vie sont \u00e9crits dans mon livre"}]},{"@type":"WebSite","@id":"https:\/\/fatherheartfrance.com\/#website","url":"https:\/\/fatherheartfrance.com\/","name":"Fatherheart - France","description":"Amour du P\u00e8re","publisher":{"@id":"https:\/\/fatherheartfrance.com\/#organization"},"potentialAction":[{"@type":"SearchAction","target":{"@type":"EntryPoint","urlTemplate":"https:\/\/fatherheartfrance.com\/?s={search_term_string}"},"query-input":{"@type":"PropertyValueSpecification","valueRequired":true,"valueName":"search_term_string"}}],"inLanguage":"fr-FR"},{"@type":"Organization","@id":"https:\/\/fatherheartfrance.com\/#organization","name":"fatherheartfrance","url":"https:\/\/fatherheartfrance.com\/","logo":{"@type":"ImageObject","inLanguage":"fr-FR","@id":"https:\/\/fatherheartfrance.com\/#\/schema\/logo\/image\/","url":"https:\/\/fatherheartfrance.com\/wp-content\/uploads\/2017\/02\/logo-3-e1488034589841.png","contentUrl":"https:\/\/fatherheartfrance.com\/wp-content\/uploads\/2017\/02\/logo-3-e1488034589841.png","width":300,"height":82,"caption":"fatherheartfrance"},"image":{"@id":"https:\/\/fatherheartfrance.com\/#\/schema\/logo\/image\/"},"sameAs":["https:\/\/www.facebook.com\/ContactFHF\/"]},{"@type":"Person","@id":"https:\/\/fatherheartfrance.com\/#\/schema\/person\/a980675cd50a6bb00fc1a61b57ba7420","name":"Fr\u00e9d\u00e9ric C","image":{"@type":"ImageObject","inLanguage":"fr-FR","@id":"https:\/\/secure.gravatar.com\/avatar\/f847814b88f468c211776e97f3b93c066195167c83d3e8cb7e6ca0612f3757a8?s=96&d=mm&r=g","url":"https:\/\/secure.gravatar.com\/avatar\/f847814b88f468c211776e97f3b93c066195167c83d3e8cb7e6ca0612f3757a8?s=96&d=mm&r=g","contentUrl":"https:\/\/secure.gravatar.com\/avatar\/f847814b88f468c211776e97f3b93c066195167c83d3e8cb7e6ca0612f3757a8?s=96&d=mm&r=g","caption":"Fr\u00e9d\u00e9ric C"},"url":"https:\/\/fatherheartfrance.com\/index.php\/author\/frederic\/"}]}},"_links":{"self":[{"href":"https:\/\/fatherheartfrance.com\/index.php\/wp-json\/wp\/v2\/posts\/1787","targetHints":{"allow":["GET"]}}],"collection":[{"href":"https:\/\/fatherheartfrance.com\/index.php\/wp-json\/wp\/v2\/posts"}],"about":[{"href":"https:\/\/fatherheartfrance.com\/index.php\/wp-json\/wp\/v2\/types\/post"}],"author":[{"embeddable":true,"href":"https:\/\/fatherheartfrance.com\/index.php\/wp-json\/wp\/v2\/users\/3"}],"replies":[{"embeddable":true,"href":"https:\/\/fatherheartfrance.com\/index.php\/wp-json\/wp\/v2\/comments?post=1787"}],"version-history":[{"count":1,"href":"https:\/\/fatherheartfrance.com\/index.php\/wp-json\/wp\/v2\/posts\/1787\/revisions"}],"predecessor-version":[{"id":1788,"href":"https:\/\/fatherheartfrance.com\/index.php\/wp-json\/wp\/v2\/posts\/1787\/revisions\/1788"}],"wp:featuredmedia":[{"embeddable":true,"href":"https:\/\/fatherheartfrance.com\/index.php\/wp-json\/wp\/v2\/media\/1767"}],"wp:attachment":[{"href":"https:\/\/fatherheartfrance.com\/index.php\/wp-json\/wp\/v2\/media?parent=1787"}],"wp:term":[{"taxonomy":"category","embeddable":true,"href":"https:\/\/fatherheartfrance.com\/index.php\/wp-json\/wp\/v2\/categories?post=1787"},{"taxonomy":"post_tag","embeddable":true,"href":"https:\/\/fatherheartfrance.com\/index.php\/wp-json\/wp\/v2\/tags?post=1787"}],"curies":[{"name":"wp","href":"https:\/\/api.w.org\/{rel}","templated":true}]}}