{"id":1775,"date":"2022-02-05T11:16:34","date_gmt":"2022-02-05T10:16:34","guid":{"rendered":"https:\/\/fatherheartfrance.com\/?p=1775"},"modified":"2022-02-05T11:16:36","modified_gmt":"2022-02-05T10:16:36","slug":"jai-pris-soin-de-toi-depuis-le-moment-ou-tu-es-ne","status":"publish","type":"post","link":"https:\/\/fatherheartfrance.com\/index.php\/2022\/02\/05\/jai-pris-soin-de-toi-depuis-le-moment-ou-tu-es-ne\/","title":{"rendered":"J&rsquo;ai pris soin de toi depuis le moment o\u00f9 tu es n\u00e9"},"content":{"rendered":"\n<p class=\"wp-block-paragraph\"><\/p>\n\n\n\n<p class=\"wp-block-paragraph\"><em>Psaume 71:6 (TPT) C&rsquo;est toi qui m&rsquo;a soutenu depuis le jour de ma naissance,<br>m&rsquo;aimant, m&rsquo;aidant \u00e0 travers le voyage de ma vie.<br>Tu as fait de moi un miracle ;<br>pas \u00e9tonnant que je te fasse confiance et te loue pour toujours !<br>Beaucoup s&rsquo;\u00e9tonnent de mon succ\u00e8s,<br>mais je sais que c&rsquo;est gr\u00e2ce \u00e0 toi, mon puissant pr<\/em>otecteur !<\/p>\n\n\n\n<p class=\"wp-block-paragraph\">Dans ce psaume, David d\u00e9clare que c&rsquo;est Dieu qui l&rsquo;a sorti du ventre de sa m\u00e8re. Dans la Bible Message, ce verset dit : \u00a0\u00bb <em>Je me suis accroch\u00e9 \u00e0 toi depuis le jour de ma naissance, le jour o\u00f9 tu m&rsquo;as sorti du berceau <\/em>\u00ab\u00a0. D&rsquo;autres traduction disent  : \u00a0\u00bb <em>D\u00e8s ma naissance, j&rsquo;ai compt\u00e9 sur toi ; tu m&rsquo;as fait sortir du ventre de ma m\u00e8re<\/em>.\u00a0\u00bb<\/p>\n\n\n\n<p class=\"wp-block-paragraph\">Quelle promesse merveilleuse ! Notre Dieu et P\u00e8re \u00e9tait l\u00e0 le jour de notre naissance ! De nombreuses personnes ont le sentiment que leurs parents n&rsquo;ont pas planifi\u00e9 leur naissance et que leur vie est un accident. Cette promesse biblique dit exactement le contraire ! Pas une seule personne qui soit n\u00e9e n&rsquo;a \u00e9t\u00e9 une erreur ! Dieu a planifi\u00e9 chaque naissance et \u00e9tait dans la salle d&rsquo;accouchement pour nous accueillir tous dans le monde.<\/p>\n\n\n\n<p class=\"wp-block-paragraph\">Si vous avez du mal \u00e0 vous sentir \u00e0 votre place dans ce monde, que cette promesse p\u00e9n\u00e8tre profond\u00e9ment votre c\u0153ur. Dieu nous a tiss\u00e9 dans le ventre de notre m\u00e8re et il a pris soin de nous depuis notre naissance jusqu&rsquo;\u00e0 aujourd&rsquo;hui. Et il ne cessera jamais de prendre soin de nous, car nous sommes  la prunelle de ses yeux !<\/p>\n\n\n\n<p class=\"has-text-align-right has-extra-small-font-size wp-block-paragraph\">217<\/p>\n","protected":false},"excerpt":{"rendered":"<p>Psaume 71:6 (TPT) C&rsquo;est toi qui m&rsquo;a soutenu depuis le jour de ma naissance,m&rsquo;aimant, m&rsquo;aidant \u00e0 travers le voyage de ma vie.Tu as fait de moi un miracle ;pas \u00e9tonnant que je te fasse confiance et te loue pour toujours !Beaucoup s&rsquo;\u00e9tonnent de mon succ\u00e8s,mais je sais que c&rsquo;est gr\u00e2ce \u00e0 toi, mon puissant protecteur <a class=\"more-link\" href=\"https:\/\/fatherheartfrance.com\/index.php\/2022\/02\/05\/jai-pris-soin-de-toi-depuis-le-moment-ou-tu-es-ne\/\">Lire plus &#8230;<\/a><\/p>\n","protected":false},"author":3,"featured_media":1757,"comment_status":"open","ping_status":"open","sticky":false,"template":"","format":"standard","meta":{"_crdt_document":"","_exactmetrics_skip_tracking":false,"_exactmetrics_sitenote_active":false,"_exactmetrics_sitenote_note":"","_exactmetrics_sitenote_category":0,"footnotes":""},"categories":[1],"tags":[],"class_list":["post-1775","post","type-post","status-publish","format-standard","has-post-thumbnail","hentry","category-non-classe"],"yoast_head":"<!-- This site is optimized with the Yoast SEO plugin v27.5 - https:\/\/yoast.com\/product\/yoast-seo-wordpress\/ -->\n<title>J&#039;ai pris soin de toi depuis le moment o\u00f9 tu es n\u00e9 - Fatherheart - France<\/title>\n<meta name=\"robots\" content=\"index, follow, max-snippet:-1, max-image-preview:large, max-video-preview:-1\" \/>\n<link rel=\"canonical\" href=\"https:\/\/fatherheartfrance.com\/index.php\/2022\/02\/05\/jai-pris-soin-de-toi-depuis-le-moment-ou-tu-es-ne\/\" \/>\n<meta property=\"og:locale\" content=\"fr_FR\" \/>\n<meta property=\"og:type\" content=\"article\" \/>\n<meta property=\"og:title\" content=\"J&#039;ai pris soin de toi depuis le moment o\u00f9 tu es n\u00e9 - Fatherheart - France\" \/>\n<meta property=\"og:description\" content=\"Psaume 71:6 (TPT) C&rsquo;est toi qui m&rsquo;a soutenu depuis le jour de ma naissance,m&rsquo;aimant, m&rsquo;aidant \u00e0 travers le voyage de ma vie.Tu as fait de moi un miracle ;pas \u00e9tonnant que je te fasse confiance et te loue pour toujours !Beaucoup s&rsquo;\u00e9tonnent de mon succ\u00e8s,mais je sais que c&rsquo;est gr\u00e2ce \u00e0 toi, mon puissant protecteur Lire plus ...\" \/>\n<meta property=\"og:url\" content=\"https:\/\/fatherheartfrance.com\/index.php\/2022\/02\/05\/jai-pris-soin-de-toi-depuis-le-moment-ou-tu-es-ne\/\" \/>\n<meta property=\"og:site_name\" content=\"Fatherheart - France\" \/>\n<meta property=\"article:publisher\" content=\"https:\/\/www.facebook.com\/ContactFHF\/\" \/>\n<meta property=\"article:published_time\" content=\"2022-02-05T10:16:34+00:00\" \/>\n<meta property=\"article:modified_time\" content=\"2022-02-05T10:16:36+00:00\" \/>\n<meta property=\"og:image\" content=\"https:\/\/fatherheartfrance.com\/wp-content\/uploads\/2022\/01\/floral-background-g5c1a59c82_1920.jpg\" \/>\n\t<meta property=\"og:image:width\" content=\"1920\" \/>\n\t<meta property=\"og:image:height\" content=\"1440\" \/>\n\t<meta property=\"og:image:type\" content=\"image\/jpeg\" \/>\n<meta name=\"author\" content=\"Fr\u00e9d\u00e9ric C\" \/>\n<meta name=\"twitter:card\" content=\"summary_large_image\" \/>\n<meta name=\"twitter:label1\" content=\"\u00c9crit par\" \/>\n\t<meta name=\"twitter:data1\" content=\"Fr\u00e9d\u00e9ric C\" \/>\n\t<meta name=\"twitter:label2\" content=\"Dur\u00e9e de lecture estim\u00e9e\" \/>\n\t<meta name=\"twitter:data2\" content=\"2 minutes\" \/>\n<script type=\"application\/ld+json\" class=\"yoast-schema-graph\">{\"@context\":\"https:\\\/\\\/schema.org\",\"@graph\":[{\"@type\":\"Article\",\"@id\":\"https:\\\/\\\/fatherheartfrance.com\\\/index.php\\\/2022\\\/02\\\/05\\\/jai-pris-soin-de-toi-depuis-le-moment-ou-tu-es-ne\\\/#article\",\"isPartOf\":{\"@id\":\"https:\\\/\\\/fatherheartfrance.com\\\/index.php\\\/2022\\\/02\\\/05\\\/jai-pris-soin-de-toi-depuis-le-moment-ou-tu-es-ne\\\/\"},\"author\":{\"name\":\"Fr\u00e9d\u00e9ric C\",\"@id\":\"https:\\\/\\\/fatherheartfrance.com\\\/#\\\/schema\\\/person\\\/a980675cd50a6bb00fc1a61b57ba7420\"},\"headline\":\"J&rsquo;ai pris soin de toi depuis le moment o\u00f9 tu es n\u00e9\",\"datePublished\":\"2022-02-05T10:16:34+00:00\",\"dateModified\":\"2022-02-05T10:16:36+00:00\",\"mainEntityOfPage\":{\"@id\":\"https:\\\/\\\/fatherheartfrance.com\\\/index.php\\\/2022\\\/02\\\/05\\\/jai-pris-soin-de-toi-depuis-le-moment-ou-tu-es-ne\\\/\"},\"wordCount\":288,\"commentCount\":0,\"publisher\":{\"@id\":\"https:\\\/\\\/fatherheartfrance.com\\\/#organization\"},\"image\":{\"@id\":\"https:\\\/\\\/fatherheartfrance.com\\\/index.php\\\/2022\\\/02\\\/05\\\/jai-pris-soin-de-toi-depuis-le-moment-ou-tu-es-ne\\\/#primaryimage\"},\"thumbnailUrl\":\"https:\\\/\\\/fatherheartfrance.com\\\/wp-content\\\/uploads\\\/2022\\\/01\\\/floral-background-g5c1a59c82_1920.jpg\",\"inLanguage\":\"fr-FR\",\"potentialAction\":[{\"@type\":\"CommentAction\",\"name\":\"Comment\",\"target\":[\"https:\\\/\\\/fatherheartfrance.com\\\/index.php\\\/2022\\\/02\\\/05\\\/jai-pris-soin-de-toi-depuis-le-moment-ou-tu-es-ne\\\/#respond\"]}]},{\"@type\":\"WebPage\",\"@id\":\"https:\\\/\\\/fatherheartfrance.com\\\/index.php\\\/2022\\\/02\\\/05\\\/jai-pris-soin-de-toi-depuis-le-moment-ou-tu-es-ne\\\/\",\"url\":\"https:\\\/\\\/fatherheartfrance.com\\\/index.php\\\/2022\\\/02\\\/05\\\/jai-pris-soin-de-toi-depuis-le-moment-ou-tu-es-ne\\\/\",\"name\":\"J'ai pris soin de toi depuis le moment o\u00f9 tu es n\u00e9 - Fatherheart - France\",\"isPartOf\":{\"@id\":\"https:\\\/\\\/fatherheartfrance.com\\\/#website\"},\"primaryImageOfPage\":{\"@id\":\"https:\\\/\\\/fatherheartfrance.com\\\/index.php\\\/2022\\\/02\\\/05\\\/jai-pris-soin-de-toi-depuis-le-moment-ou-tu-es-ne\\\/#primaryimage\"},\"image\":{\"@id\":\"https:\\\/\\\/fatherheartfrance.com\\\/index.php\\\/2022\\\/02\\\/05\\\/jai-pris-soin-de-toi-depuis-le-moment-ou-tu-es-ne\\\/#primaryimage\"},\"thumbnailUrl\":\"https:\\\/\\\/fatherheartfrance.com\\\/wp-content\\\/uploads\\\/2022\\\/01\\\/floral-background-g5c1a59c82_1920.jpg\",\"datePublished\":\"2022-02-05T10:16:34+00:00\",\"dateModified\":\"2022-02-05T10:16:36+00:00\",\"breadcrumb\":{\"@id\":\"https:\\\/\\\/fatherheartfrance.com\\\/index.php\\\/2022\\\/02\\\/05\\\/jai-pris-soin-de-toi-depuis-le-moment-ou-tu-es-ne\\\/#breadcrumb\"},\"inLanguage\":\"fr-FR\",\"potentialAction\":[{\"@type\":\"ReadAction\",\"target\":[\"https:\\\/\\\/fatherheartfrance.com\\\/index.php\\\/2022\\\/02\\\/05\\\/jai-pris-soin-de-toi-depuis-le-moment-ou-tu-es-ne\\\/\"]}]},{\"@type\":\"ImageObject\",\"inLanguage\":\"fr-FR\",\"@id\":\"https:\\\/\\\/fatherheartfrance.com\\\/index.php\\\/2022\\\/02\\\/05\\\/jai-pris-soin-de-toi-depuis-le-moment-ou-tu-es-ne\\\/#primaryimage\",\"url\":\"https:\\\/\\\/fatherheartfrance.com\\\/wp-content\\\/uploads\\\/2022\\\/01\\\/floral-background-g5c1a59c82_1920.jpg\",\"contentUrl\":\"https:\\\/\\\/fatherheartfrance.com\\\/wp-content\\\/uploads\\\/2022\\\/01\\\/floral-background-g5c1a59c82_1920.jpg\",\"width\":1920,\"height\":1440,\"caption\":\"floral-background-Fatherheart-France\"},{\"@type\":\"BreadcrumbList\",\"@id\":\"https:\\\/\\\/fatherheartfrance.com\\\/index.php\\\/2022\\\/02\\\/05\\\/jai-pris-soin-de-toi-depuis-le-moment-ou-tu-es-ne\\\/#breadcrumb\",\"itemListElement\":[{\"@type\":\"ListItem\",\"position\":1,\"name\":\"Accueil\",\"item\":\"https:\\\/\\\/fatherheartfrance.com\\\/\"},{\"@type\":\"ListItem\",\"position\":2,\"name\":\"J&rsquo;ai pris soin de toi depuis le moment o\u00f9 tu es n\u00e9\"}]},{\"@type\":\"WebSite\",\"@id\":\"https:\\\/\\\/fatherheartfrance.com\\\/#website\",\"url\":\"https:\\\/\\\/fatherheartfrance.com\\\/\",\"name\":\"Fatherheart - France\",\"description\":\"Amour du P\u00e8re\",\"publisher\":{\"@id\":\"https:\\\/\\\/fatherheartfrance.com\\\/#organization\"},\"potentialAction\":[{\"@type\":\"SearchAction\",\"target\":{\"@type\":\"EntryPoint\",\"urlTemplate\":\"https:\\\/\\\/fatherheartfrance.com\\\/?s={search_term_string}\"},\"query-input\":{\"@type\":\"PropertyValueSpecification\",\"valueRequired\":true,\"valueName\":\"search_term_string\"}}],\"inLanguage\":\"fr-FR\"},{\"@type\":\"Organization\",\"@id\":\"https:\\\/\\\/fatherheartfrance.com\\\/#organization\",\"name\":\"fatherheartfrance\",\"url\":\"https:\\\/\\\/fatherheartfrance.com\\\/\",\"logo\":{\"@type\":\"ImageObject\",\"inLanguage\":\"fr-FR\",\"@id\":\"https:\\\/\\\/fatherheartfrance.com\\\/#\\\/schema\\\/logo\\\/image\\\/\",\"url\":\"https:\\\/\\\/fatherheartfrance.com\\\/wp-content\\\/uploads\\\/2017\\\/02\\\/logo-3-e1488034589841.png\",\"contentUrl\":\"https:\\\/\\\/fatherheartfrance.com\\\/wp-content\\\/uploads\\\/2017\\\/02\\\/logo-3-e1488034589841.png\",\"width\":300,\"height\":82,\"caption\":\"fatherheartfrance\"},\"image\":{\"@id\":\"https:\\\/\\\/fatherheartfrance.com\\\/#\\\/schema\\\/logo\\\/image\\\/\"},\"sameAs\":[\"https:\\\/\\\/www.facebook.com\\\/ContactFHF\\\/\"]},{\"@type\":\"Person\",\"@id\":\"https:\\\/\\\/fatherheartfrance.com\\\/#\\\/schema\\\/person\\\/a980675cd50a6bb00fc1a61b57ba7420\",\"name\":\"Fr\u00e9d\u00e9ric C\",\"image\":{\"@type\":\"ImageObject\",\"inLanguage\":\"fr-FR\",\"@id\":\"https:\\\/\\\/secure.gravatar.com\\\/avatar\\\/f847814b88f468c211776e97f3b93c066195167c83d3e8cb7e6ca0612f3757a8?s=96&d=mm&r=g\",\"url\":\"https:\\\/\\\/secure.gravatar.com\\\/avatar\\\/f847814b88f468c211776e97f3b93c066195167c83d3e8cb7e6ca0612f3757a8?s=96&d=mm&r=g\",\"contentUrl\":\"https:\\\/\\\/secure.gravatar.com\\\/avatar\\\/f847814b88f468c211776e97f3b93c066195167c83d3e8cb7e6ca0612f3757a8?s=96&d=mm&r=g\",\"caption\":\"Fr\u00e9d\u00e9ric C\"},\"url\":\"https:\\\/\\\/fatherheartfrance.com\\\/index.php\\\/author\\\/frederic\\\/\"}]}<\/script>\n<!-- \/ Yoast SEO plugin. -->","yoast_head_json":{"title":"J'ai pris soin de toi depuis le moment o\u00f9 tu es n\u00e9 - Fatherheart - France","robots":{"index":"index","follow":"follow","max-snippet":"max-snippet:-1","max-image-preview":"max-image-preview:large","max-video-preview":"max-video-preview:-1"},"canonical":"https:\/\/fatherheartfrance.com\/index.php\/2022\/02\/05\/jai-pris-soin-de-toi-depuis-le-moment-ou-tu-es-ne\/","og_locale":"fr_FR","og_type":"article","og_title":"J'ai pris soin de toi depuis le moment o\u00f9 tu es n\u00e9 - Fatherheart - France","og_description":"Psaume 71:6 (TPT) C&rsquo;est toi qui m&rsquo;a soutenu depuis le jour de ma naissance,m&rsquo;aimant, m&rsquo;aidant \u00e0 travers le voyage de ma vie.Tu as fait de moi un miracle ;pas \u00e9tonnant que je te fasse confiance et te loue pour toujours !Beaucoup s&rsquo;\u00e9tonnent de mon succ\u00e8s,mais je sais que c&rsquo;est gr\u00e2ce \u00e0 toi, mon puissant protecteur Lire plus ...","og_url":"https:\/\/fatherheartfrance.com\/index.php\/2022\/02\/05\/jai-pris-soin-de-toi-depuis-le-moment-ou-tu-es-ne\/","og_site_name":"Fatherheart - France","article_publisher":"https:\/\/www.facebook.com\/ContactFHF\/","article_published_time":"2022-02-05T10:16:34+00:00","article_modified_time":"2022-02-05T10:16:36+00:00","og_image":[{"width":1920,"height":1440,"url":"https:\/\/fatherheartfrance.com\/wp-content\/uploads\/2022\/01\/floral-background-g5c1a59c82_1920.jpg","type":"image\/jpeg"}],"author":"Fr\u00e9d\u00e9ric C","twitter_card":"summary_large_image","twitter_misc":{"\u00c9crit par":"Fr\u00e9d\u00e9ric C","Dur\u00e9e de lecture estim\u00e9e":"2 minutes"},"schema":{"@context":"https:\/\/schema.org","@graph":[{"@type":"Article","@id":"https:\/\/fatherheartfrance.com\/index.php\/2022\/02\/05\/jai-pris-soin-de-toi-depuis-le-moment-ou-tu-es-ne\/#article","isPartOf":{"@id":"https:\/\/fatherheartfrance.com\/index.php\/2022\/02\/05\/jai-pris-soin-de-toi-depuis-le-moment-ou-tu-es-ne\/"},"author":{"name":"Fr\u00e9d\u00e9ric C","@id":"https:\/\/fatherheartfrance.com\/#\/schema\/person\/a980675cd50a6bb00fc1a61b57ba7420"},"headline":"J&rsquo;ai pris soin de toi depuis le moment o\u00f9 tu es n\u00e9","datePublished":"2022-02-05T10:16:34+00:00","dateModified":"2022-02-05T10:16:36+00:00","mainEntityOfPage":{"@id":"https:\/\/fatherheartfrance.com\/index.php\/2022\/02\/05\/jai-pris-soin-de-toi-depuis-le-moment-ou-tu-es-ne\/"},"wordCount":288,"commentCount":0,"publisher":{"@id":"https:\/\/fatherheartfrance.com\/#organization"},"image":{"@id":"https:\/\/fatherheartfrance.com\/index.php\/2022\/02\/05\/jai-pris-soin-de-toi-depuis-le-moment-ou-tu-es-ne\/#primaryimage"},"thumbnailUrl":"https:\/\/fatherheartfrance.com\/wp-content\/uploads\/2022\/01\/floral-background-g5c1a59c82_1920.jpg","inLanguage":"fr-FR","potentialAction":[{"@type":"CommentAction","name":"Comment","target":["https:\/\/fatherheartfrance.com\/index.php\/2022\/02\/05\/jai-pris-soin-de-toi-depuis-le-moment-ou-tu-es-ne\/#respond"]}]},{"@type":"WebPage","@id":"https:\/\/fatherheartfrance.com\/index.php\/2022\/02\/05\/jai-pris-soin-de-toi-depuis-le-moment-ou-tu-es-ne\/","url":"https:\/\/fatherheartfrance.com\/index.php\/2022\/02\/05\/jai-pris-soin-de-toi-depuis-le-moment-ou-tu-es-ne\/","name":"J'ai pris soin de toi depuis le moment o\u00f9 tu es n\u00e9 - Fatherheart - France","isPartOf":{"@id":"https:\/\/fatherheartfrance.com\/#website"},"primaryImageOfPage":{"@id":"https:\/\/fatherheartfrance.com\/index.php\/2022\/02\/05\/jai-pris-soin-de-toi-depuis-le-moment-ou-tu-es-ne\/#primaryimage"},"image":{"@id":"https:\/\/fatherheartfrance.com\/index.php\/2022\/02\/05\/jai-pris-soin-de-toi-depuis-le-moment-ou-tu-es-ne\/#primaryimage"},"thumbnailUrl":"https:\/\/fatherheartfrance.com\/wp-content\/uploads\/2022\/01\/floral-background-g5c1a59c82_1920.jpg","datePublished":"2022-02-05T10:16:34+00:00","dateModified":"2022-02-05T10:16:36+00:00","breadcrumb":{"@id":"https:\/\/fatherheartfrance.com\/index.php\/2022\/02\/05\/jai-pris-soin-de-toi-depuis-le-moment-ou-tu-es-ne\/#breadcrumb"},"inLanguage":"fr-FR","potentialAction":[{"@type":"ReadAction","target":["https:\/\/fatherheartfrance.com\/index.php\/2022\/02\/05\/jai-pris-soin-de-toi-depuis-le-moment-ou-tu-es-ne\/"]}]},{"@type":"ImageObject","inLanguage":"fr-FR","@id":"https:\/\/fatherheartfrance.com\/index.php\/2022\/02\/05\/jai-pris-soin-de-toi-depuis-le-moment-ou-tu-es-ne\/#primaryimage","url":"https:\/\/fatherheartfrance.com\/wp-content\/uploads\/2022\/01\/floral-background-g5c1a59c82_1920.jpg","contentUrl":"https:\/\/fatherheartfrance.com\/wp-content\/uploads\/2022\/01\/floral-background-g5c1a59c82_1920.jpg","width":1920,"height":1440,"caption":"floral-background-Fatherheart-France"},{"@type":"BreadcrumbList","@id":"https:\/\/fatherheartfrance.com\/index.php\/2022\/02\/05\/jai-pris-soin-de-toi-depuis-le-moment-ou-tu-es-ne\/#breadcrumb","itemListElement":[{"@type":"ListItem","position":1,"name":"Accueil","item":"https:\/\/fatherheartfrance.com\/"},{"@type":"ListItem","position":2,"name":"J&rsquo;ai pris soin de toi depuis le moment o\u00f9 tu es n\u00e9"}]},{"@type":"WebSite","@id":"https:\/\/fatherheartfrance.com\/#website","url":"https:\/\/fatherheartfrance.com\/","name":"Fatherheart - France","description":"Amour du P\u00e8re","publisher":{"@id":"https:\/\/fatherheartfrance.com\/#organization"},"potentialAction":[{"@type":"SearchAction","target":{"@type":"EntryPoint","urlTemplate":"https:\/\/fatherheartfrance.com\/?s={search_term_string}"},"query-input":{"@type":"PropertyValueSpecification","valueRequired":true,"valueName":"search_term_string"}}],"inLanguage":"fr-FR"},{"@type":"Organization","@id":"https:\/\/fatherheartfrance.com\/#organization","name":"fatherheartfrance","url":"https:\/\/fatherheartfrance.com\/","logo":{"@type":"ImageObject","inLanguage":"fr-FR","@id":"https:\/\/fatherheartfrance.com\/#\/schema\/logo\/image\/","url":"https:\/\/fatherheartfrance.com\/wp-content\/uploads\/2017\/02\/logo-3-e1488034589841.png","contentUrl":"https:\/\/fatherheartfrance.com\/wp-content\/uploads\/2017\/02\/logo-3-e1488034589841.png","width":300,"height":82,"caption":"fatherheartfrance"},"image":{"@id":"https:\/\/fatherheartfrance.com\/#\/schema\/logo\/image\/"},"sameAs":["https:\/\/www.facebook.com\/ContactFHF\/"]},{"@type":"Person","@id":"https:\/\/fatherheartfrance.com\/#\/schema\/person\/a980675cd50a6bb00fc1a61b57ba7420","name":"Fr\u00e9d\u00e9ric C","image":{"@type":"ImageObject","inLanguage":"fr-FR","@id":"https:\/\/secure.gravatar.com\/avatar\/f847814b88f468c211776e97f3b93c066195167c83d3e8cb7e6ca0612f3757a8?s=96&d=mm&r=g","url":"https:\/\/secure.gravatar.com\/avatar\/f847814b88f468c211776e97f3b93c066195167c83d3e8cb7e6ca0612f3757a8?s=96&d=mm&r=g","contentUrl":"https:\/\/secure.gravatar.com\/avatar\/f847814b88f468c211776e97f3b93c066195167c83d3e8cb7e6ca0612f3757a8?s=96&d=mm&r=g","caption":"Fr\u00e9d\u00e9ric C"},"url":"https:\/\/fatherheartfrance.com\/index.php\/author\/frederic\/"}]}},"_links":{"self":[{"href":"https:\/\/fatherheartfrance.com\/index.php\/wp-json\/wp\/v2\/posts\/1775","targetHints":{"allow":["GET"]}}],"collection":[{"href":"https:\/\/fatherheartfrance.com\/index.php\/wp-json\/wp\/v2\/posts"}],"about":[{"href":"https:\/\/fatherheartfrance.com\/index.php\/wp-json\/wp\/v2\/types\/post"}],"author":[{"embeddable":true,"href":"https:\/\/fatherheartfrance.com\/index.php\/wp-json\/wp\/v2\/users\/3"}],"replies":[{"embeddable":true,"href":"https:\/\/fatherheartfrance.com\/index.php\/wp-json\/wp\/v2\/comments?post=1775"}],"version-history":[{"count":1,"href":"https:\/\/fatherheartfrance.com\/index.php\/wp-json\/wp\/v2\/posts\/1775\/revisions"}],"predecessor-version":[{"id":1776,"href":"https:\/\/fatherheartfrance.com\/index.php\/wp-json\/wp\/v2\/posts\/1775\/revisions\/1776"}],"wp:featuredmedia":[{"embeddable":true,"href":"https:\/\/fatherheartfrance.com\/index.php\/wp-json\/wp\/v2\/media\/1757"}],"wp:attachment":[{"href":"https:\/\/fatherheartfrance.com\/index.php\/wp-json\/wp\/v2\/media?parent=1775"}],"wp:term":[{"taxonomy":"category","embeddable":true,"href":"https:\/\/fatherheartfrance.com\/index.php\/wp-json\/wp\/v2\/categories?post=1775"},{"taxonomy":"post_tag","embeddable":true,"href":"https:\/\/fatherheartfrance.com\/index.php\/wp-json\/wp\/v2\/tags?post=1775"}],"curies":[{"name":"wp","href":"https:\/\/api.w.org\/{rel}","templated":true}]}}