{"id":1735,"date":"2021-12-11T10:32:31","date_gmt":"2021-12-11T09:32:31","guid":{"rendered":"https:\/\/fatherheartfrance.com\/?p=1735"},"modified":"2021-12-11T10:32:34","modified_gmt":"2021-12-11T09:32:34","slug":"je-vous-ai-oint-de-mon-esprit-comme-un-acompte-de-ce-qui-est-encore-a-venir","status":"publish","type":"post","link":"https:\/\/fatherheartfrance.com\/index.php\/2021\/12\/11\/je-vous-ai-oint-de-mon-esprit-comme-un-acompte-de-ce-qui-est-encore-a-venir\/","title":{"rendered":"Je vous ai oint de Mon Esprit comme un acompte de ce qui est encore \u00e0 venir"},"content":{"rendered":"\n<p class=\"wp-block-paragraph\"><\/p>\n\n\n\n<p class=\"wp-block-paragraph\"><em>2 Corinthiens 1:21-22 (TPT) Or, c\u2019est Dieu lui-m\u00eame qui nous a oints. Et il ne cesse de nous fortifier, vous et nous, dans l\u2019union avec le Christ. Il sait que nous sommes \u00e0 lui puisqu\u2019il a \u00e9galement appos\u00e9 son sceau d\u2019amour sur nos c\u0153urs et nous a donn\u00e9 le Saint-Esprit comme on donne une bague de fian\u00e7ailles \u00e0 une jeune mari\u00e9e \u2013 un acompte sur les b\u00e9n\u00e9dictions \u00e0 venir !<\/em><\/p>\n\n\n\n<p class=\"wp-block-paragraph\">Il est \u00e9tonnant de penser que Dieu nous a donn\u00e9 son propre Saint-Esprit pour nous oindre et nous sceller de sa propre pr\u00e9sence. Le don de son c\u0153ur n\u2019est qu\u2019un acompte de ce qui est encore \u00e0 venir ! Dans 1 Corinthiens 13, Paul dit que nous ne voyons qu\u2019en partie, mais qu\u2019un jour nous le verrons face \u00e0 face. La preuve de notre citoyennet\u00e9 c\u00e9leste est que Dieu a plac\u00e9 son Esprit au c\u0153ur m\u00eame de notre \u00eatre.<\/p>\n\n\n\n<p class=\"wp-block-paragraph\">La Bible NIV dit qu\u2019il a appos\u00e9 son \u00ab&nbsp;sceau de propri\u00e9t\u00e9 sur nous, et il a mis son Esprit dans nos c\u0153urs comme un d\u00e9p\u00f4t, garantissant ce qui est \u00e0 venir&nbsp;\u00bb. Quelle promesse merveilleuse ! Nous appartenons \u00e0 Dieu ! Il y a tant de choses \u00e0 venir pendant toute l\u2019\u00e9ternit\u00e9 \u2013 \u00e0 cause du d\u00e9sir d\u00e9sir qu\u2019il a que nous lui appartenions !<\/p>\n\n\n\n<p class=\"wp-block-paragraph\">Puissions nous devenir tous de plus en plus sensibles \u00e0 Sa pr\u00e9sence aimante qui vit d\u00e9j\u00e0 en nous. Puissions-nous tous nous r\u00e9jouir en sachant que le Dieu tout-puissant nous a donn\u00e9 son propre Esprit comme un acompte pour ce qui est encore \u00e0 venir !<\/p>\n","protected":false},"excerpt":{"rendered":"<p>2 Corinthiens 1:21-22 (TPT) Or, c\u2019est Dieu lui-m\u00eame qui nous a oints. Et il ne cesse de nous fortifier, vous et nous, dans l\u2019union avec le Christ. Il sait que nous sommes \u00e0 lui puisqu\u2019il a \u00e9galement appos\u00e9 son sceau d\u2019amour sur nos c\u0153urs et nous a donn\u00e9 le Saint-Esprit comme on donne une bague <a class=\"more-link\" href=\"https:\/\/fatherheartfrance.com\/index.php\/2021\/12\/11\/je-vous-ai-oint-de-mon-esprit-comme-un-acompte-de-ce-qui-est-encore-a-venir\/\">Lire plus &#8230;<\/a><\/p>\n","protected":false},"author":3,"featured_media":1736,"comment_status":"open","ping_status":"open","sticky":false,"template":"","format":"standard","meta":{"_crdt_document":"","_exactmetrics_skip_tracking":false,"_exactmetrics_sitenote_active":false,"_exactmetrics_sitenote_note":"","_exactmetrics_sitenote_category":0,"footnotes":""},"categories":[1],"tags":[],"class_list":["post-1735","post","type-post","status-publish","format-standard","has-post-thumbnail","hentry","category-non-classe"],"yoast_head":"<!-- This site is optimized with the Yoast SEO plugin v27.5 - https:\/\/yoast.com\/product\/yoast-seo-wordpress\/ -->\n<title>Je vous ai oint de Mon Esprit comme un acompte de ce qui est encore \u00e0 venir - Fatherheart - France<\/title>\n<meta name=\"robots\" content=\"index, follow, max-snippet:-1, max-image-preview:large, max-video-preview:-1\" \/>\n<link rel=\"canonical\" href=\"https:\/\/fatherheartfrance.com\/index.php\/2021\/12\/11\/je-vous-ai-oint-de-mon-esprit-comme-un-acompte-de-ce-qui-est-encore-a-venir\/\" \/>\n<meta property=\"og:locale\" content=\"fr_FR\" \/>\n<meta property=\"og:type\" content=\"article\" \/>\n<meta property=\"og:title\" content=\"Je vous ai oint de Mon Esprit comme un acompte de ce qui est encore \u00e0 venir - Fatherheart - France\" \/>\n<meta property=\"og:description\" content=\"2 Corinthiens 1:21-22 (TPT) Or, c\u2019est Dieu lui-m\u00eame qui nous a oints. Et il ne cesse de nous fortifier, vous et nous, dans l\u2019union avec le Christ. Il sait que nous sommes \u00e0 lui puisqu\u2019il a \u00e9galement appos\u00e9 son sceau d\u2019amour sur nos c\u0153urs et nous a donn\u00e9 le Saint-Esprit comme on donne une bague Lire plus ...\" \/>\n<meta property=\"og:url\" content=\"https:\/\/fatherheartfrance.com\/index.php\/2021\/12\/11\/je-vous-ai-oint-de-mon-esprit-comme-un-acompte-de-ce-qui-est-encore-a-venir\/\" \/>\n<meta property=\"og:site_name\" content=\"Fatherheart - France\" \/>\n<meta property=\"article:publisher\" content=\"https:\/\/www.facebook.com\/ContactFHF\/\" \/>\n<meta property=\"article:published_time\" content=\"2021-12-11T09:32:31+00:00\" \/>\n<meta property=\"article:modified_time\" content=\"2021-12-11T09:32:34+00:00\" \/>\n<meta property=\"og:image\" content=\"https:\/\/fatherheartfrance.com\/wp-content\/uploads\/2021\/12\/winter-landscape-gcb14b65c3_1920.jpg\" \/>\n\t<meta property=\"og:image:width\" content=\"1920\" \/>\n\t<meta property=\"og:image:height\" content=\"1281\" \/>\n\t<meta property=\"og:image:type\" content=\"image\/jpeg\" \/>\n<meta name=\"author\" content=\"Fr\u00e9d\u00e9ric C\" \/>\n<meta name=\"twitter:card\" content=\"summary_large_image\" \/>\n<meta name=\"twitter:label1\" content=\"\u00c9crit par\" \/>\n\t<meta name=\"twitter:data1\" content=\"Fr\u00e9d\u00e9ric C\" \/>\n\t<meta name=\"twitter:label2\" content=\"Dur\u00e9e de lecture estim\u00e9e\" \/>\n\t<meta name=\"twitter:data2\" content=\"2 minutes\" \/>\n<script type=\"application\/ld+json\" class=\"yoast-schema-graph\">{\"@context\":\"https:\\\/\\\/schema.org\",\"@graph\":[{\"@type\":\"Article\",\"@id\":\"https:\\\/\\\/fatherheartfrance.com\\\/index.php\\\/2021\\\/12\\\/11\\\/je-vous-ai-oint-de-mon-esprit-comme-un-acompte-de-ce-qui-est-encore-a-venir\\\/#article\",\"isPartOf\":{\"@id\":\"https:\\\/\\\/fatherheartfrance.com\\\/index.php\\\/2021\\\/12\\\/11\\\/je-vous-ai-oint-de-mon-esprit-comme-un-acompte-de-ce-qui-est-encore-a-venir\\\/\"},\"author\":{\"name\":\"Fr\u00e9d\u00e9ric C\",\"@id\":\"https:\\\/\\\/fatherheartfrance.com\\\/#\\\/schema\\\/person\\\/a980675cd50a6bb00fc1a61b57ba7420\"},\"headline\":\"Je vous ai oint de Mon Esprit comme un acompte de ce qui est encore \u00e0 venir\",\"datePublished\":\"2021-12-11T09:32:31+00:00\",\"dateModified\":\"2021-12-11T09:32:34+00:00\",\"mainEntityOfPage\":{\"@id\":\"https:\\\/\\\/fatherheartfrance.com\\\/index.php\\\/2021\\\/12\\\/11\\\/je-vous-ai-oint-de-mon-esprit-comme-un-acompte-de-ce-qui-est-encore-a-venir\\\/\"},\"wordCount\":285,\"commentCount\":0,\"publisher\":{\"@id\":\"https:\\\/\\\/fatherheartfrance.com\\\/#organization\"},\"image\":{\"@id\":\"https:\\\/\\\/fatherheartfrance.com\\\/index.php\\\/2021\\\/12\\\/11\\\/je-vous-ai-oint-de-mon-esprit-comme-un-acompte-de-ce-qui-est-encore-a-venir\\\/#primaryimage\"},\"thumbnailUrl\":\"https:\\\/\\\/fatherheartfrance.com\\\/wp-content\\\/uploads\\\/2021\\\/12\\\/winter-landscape-gcb14b65c3_1920.jpg\",\"inLanguage\":\"fr-FR\",\"potentialAction\":[{\"@type\":\"CommentAction\",\"name\":\"Comment\",\"target\":[\"https:\\\/\\\/fatherheartfrance.com\\\/index.php\\\/2021\\\/12\\\/11\\\/je-vous-ai-oint-de-mon-esprit-comme-un-acompte-de-ce-qui-est-encore-a-venir\\\/#respond\"]}]},{\"@type\":\"WebPage\",\"@id\":\"https:\\\/\\\/fatherheartfrance.com\\\/index.php\\\/2021\\\/12\\\/11\\\/je-vous-ai-oint-de-mon-esprit-comme-un-acompte-de-ce-qui-est-encore-a-venir\\\/\",\"url\":\"https:\\\/\\\/fatherheartfrance.com\\\/index.php\\\/2021\\\/12\\\/11\\\/je-vous-ai-oint-de-mon-esprit-comme-un-acompte-de-ce-qui-est-encore-a-venir\\\/\",\"name\":\"Je vous ai oint de Mon Esprit comme un acompte de ce qui est encore \u00e0 venir - Fatherheart - France\",\"isPartOf\":{\"@id\":\"https:\\\/\\\/fatherheartfrance.com\\\/#website\"},\"primaryImageOfPage\":{\"@id\":\"https:\\\/\\\/fatherheartfrance.com\\\/index.php\\\/2021\\\/12\\\/11\\\/je-vous-ai-oint-de-mon-esprit-comme-un-acompte-de-ce-qui-est-encore-a-venir\\\/#primaryimage\"},\"image\":{\"@id\":\"https:\\\/\\\/fatherheartfrance.com\\\/index.php\\\/2021\\\/12\\\/11\\\/je-vous-ai-oint-de-mon-esprit-comme-un-acompte-de-ce-qui-est-encore-a-venir\\\/#primaryimage\"},\"thumbnailUrl\":\"https:\\\/\\\/fatherheartfrance.com\\\/wp-content\\\/uploads\\\/2021\\\/12\\\/winter-landscape-gcb14b65c3_1920.jpg\",\"datePublished\":\"2021-12-11T09:32:31+00:00\",\"dateModified\":\"2021-12-11T09:32:34+00:00\",\"breadcrumb\":{\"@id\":\"https:\\\/\\\/fatherheartfrance.com\\\/index.php\\\/2021\\\/12\\\/11\\\/je-vous-ai-oint-de-mon-esprit-comme-un-acompte-de-ce-qui-est-encore-a-venir\\\/#breadcrumb\"},\"inLanguage\":\"fr-FR\",\"potentialAction\":[{\"@type\":\"ReadAction\",\"target\":[\"https:\\\/\\\/fatherheartfrance.com\\\/index.php\\\/2021\\\/12\\\/11\\\/je-vous-ai-oint-de-mon-esprit-comme-un-acompte-de-ce-qui-est-encore-a-venir\\\/\"]}]},{\"@type\":\"ImageObject\",\"inLanguage\":\"fr-FR\",\"@id\":\"https:\\\/\\\/fatherheartfrance.com\\\/index.php\\\/2021\\\/12\\\/11\\\/je-vous-ai-oint-de-mon-esprit-comme-un-acompte-de-ce-qui-est-encore-a-venir\\\/#primaryimage\",\"url\":\"https:\\\/\\\/fatherheartfrance.com\\\/wp-content\\\/uploads\\\/2021\\\/12\\\/winter-landscape-gcb14b65c3_1920.jpg\",\"contentUrl\":\"https:\\\/\\\/fatherheartfrance.com\\\/wp-content\\\/uploads\\\/2021\\\/12\\\/winter-landscape-gcb14b65c3_1920.jpg\",\"width\":1920,\"height\":1281,\"caption\":\"winter-landscape-Fatherheart-France\"},{\"@type\":\"BreadcrumbList\",\"@id\":\"https:\\\/\\\/fatherheartfrance.com\\\/index.php\\\/2021\\\/12\\\/11\\\/je-vous-ai-oint-de-mon-esprit-comme-un-acompte-de-ce-qui-est-encore-a-venir\\\/#breadcrumb\",\"itemListElement\":[{\"@type\":\"ListItem\",\"position\":1,\"name\":\"Accueil\",\"item\":\"https:\\\/\\\/fatherheartfrance.com\\\/\"},{\"@type\":\"ListItem\",\"position\":2,\"name\":\"Je vous ai oint de Mon Esprit comme un acompte de ce qui est encore \u00e0 venir\"}]},{\"@type\":\"WebSite\",\"@id\":\"https:\\\/\\\/fatherheartfrance.com\\\/#website\",\"url\":\"https:\\\/\\\/fatherheartfrance.com\\\/\",\"name\":\"Fatherheart - France\",\"description\":\"Amour du P\u00e8re\",\"publisher\":{\"@id\":\"https:\\\/\\\/fatherheartfrance.com\\\/#organization\"},\"potentialAction\":[{\"@type\":\"SearchAction\",\"target\":{\"@type\":\"EntryPoint\",\"urlTemplate\":\"https:\\\/\\\/fatherheartfrance.com\\\/?s={search_term_string}\"},\"query-input\":{\"@type\":\"PropertyValueSpecification\",\"valueRequired\":true,\"valueName\":\"search_term_string\"}}],\"inLanguage\":\"fr-FR\"},{\"@type\":\"Organization\",\"@id\":\"https:\\\/\\\/fatherheartfrance.com\\\/#organization\",\"name\":\"fatherheartfrance\",\"url\":\"https:\\\/\\\/fatherheartfrance.com\\\/\",\"logo\":{\"@type\":\"ImageObject\",\"inLanguage\":\"fr-FR\",\"@id\":\"https:\\\/\\\/fatherheartfrance.com\\\/#\\\/schema\\\/logo\\\/image\\\/\",\"url\":\"https:\\\/\\\/fatherheartfrance.com\\\/wp-content\\\/uploads\\\/2017\\\/02\\\/logo-3-e1488034589841.png\",\"contentUrl\":\"https:\\\/\\\/fatherheartfrance.com\\\/wp-content\\\/uploads\\\/2017\\\/02\\\/logo-3-e1488034589841.png\",\"width\":300,\"height\":82,\"caption\":\"fatherheartfrance\"},\"image\":{\"@id\":\"https:\\\/\\\/fatherheartfrance.com\\\/#\\\/schema\\\/logo\\\/image\\\/\"},\"sameAs\":[\"https:\\\/\\\/www.facebook.com\\\/ContactFHF\\\/\"]},{\"@type\":\"Person\",\"@id\":\"https:\\\/\\\/fatherheartfrance.com\\\/#\\\/schema\\\/person\\\/a980675cd50a6bb00fc1a61b57ba7420\",\"name\":\"Fr\u00e9d\u00e9ric C\",\"image\":{\"@type\":\"ImageObject\",\"inLanguage\":\"fr-FR\",\"@id\":\"https:\\\/\\\/secure.gravatar.com\\\/avatar\\\/f847814b88f468c211776e97f3b93c066195167c83d3e8cb7e6ca0612f3757a8?s=96&d=mm&r=g\",\"url\":\"https:\\\/\\\/secure.gravatar.com\\\/avatar\\\/f847814b88f468c211776e97f3b93c066195167c83d3e8cb7e6ca0612f3757a8?s=96&d=mm&r=g\",\"contentUrl\":\"https:\\\/\\\/secure.gravatar.com\\\/avatar\\\/f847814b88f468c211776e97f3b93c066195167c83d3e8cb7e6ca0612f3757a8?s=96&d=mm&r=g\",\"caption\":\"Fr\u00e9d\u00e9ric C\"},\"url\":\"https:\\\/\\\/fatherheartfrance.com\\\/index.php\\\/author\\\/frederic\\\/\"}]}<\/script>\n<!-- \/ Yoast SEO plugin. -->","yoast_head_json":{"title":"Je vous ai oint de Mon Esprit comme un acompte de ce qui est encore \u00e0 venir - Fatherheart - France","robots":{"index":"index","follow":"follow","max-snippet":"max-snippet:-1","max-image-preview":"max-image-preview:large","max-video-preview":"max-video-preview:-1"},"canonical":"https:\/\/fatherheartfrance.com\/index.php\/2021\/12\/11\/je-vous-ai-oint-de-mon-esprit-comme-un-acompte-de-ce-qui-est-encore-a-venir\/","og_locale":"fr_FR","og_type":"article","og_title":"Je vous ai oint de Mon Esprit comme un acompte de ce qui est encore \u00e0 venir - Fatherheart - France","og_description":"2 Corinthiens 1:21-22 (TPT) Or, c\u2019est Dieu lui-m\u00eame qui nous a oints. Et il ne cesse de nous fortifier, vous et nous, dans l\u2019union avec le Christ. Il sait que nous sommes \u00e0 lui puisqu\u2019il a \u00e9galement appos\u00e9 son sceau d\u2019amour sur nos c\u0153urs et nous a donn\u00e9 le Saint-Esprit comme on donne une bague Lire plus ...","og_url":"https:\/\/fatherheartfrance.com\/index.php\/2021\/12\/11\/je-vous-ai-oint-de-mon-esprit-comme-un-acompte-de-ce-qui-est-encore-a-venir\/","og_site_name":"Fatherheart - France","article_publisher":"https:\/\/www.facebook.com\/ContactFHF\/","article_published_time":"2021-12-11T09:32:31+00:00","article_modified_time":"2021-12-11T09:32:34+00:00","og_image":[{"width":1920,"height":1281,"url":"https:\/\/fatherheartfrance.com\/wp-content\/uploads\/2021\/12\/winter-landscape-gcb14b65c3_1920.jpg","type":"image\/jpeg"}],"author":"Fr\u00e9d\u00e9ric C","twitter_card":"summary_large_image","twitter_misc":{"\u00c9crit par":"Fr\u00e9d\u00e9ric C","Dur\u00e9e de lecture estim\u00e9e":"2 minutes"},"schema":{"@context":"https:\/\/schema.org","@graph":[{"@type":"Article","@id":"https:\/\/fatherheartfrance.com\/index.php\/2021\/12\/11\/je-vous-ai-oint-de-mon-esprit-comme-un-acompte-de-ce-qui-est-encore-a-venir\/#article","isPartOf":{"@id":"https:\/\/fatherheartfrance.com\/index.php\/2021\/12\/11\/je-vous-ai-oint-de-mon-esprit-comme-un-acompte-de-ce-qui-est-encore-a-venir\/"},"author":{"name":"Fr\u00e9d\u00e9ric C","@id":"https:\/\/fatherheartfrance.com\/#\/schema\/person\/a980675cd50a6bb00fc1a61b57ba7420"},"headline":"Je vous ai oint de Mon Esprit comme un acompte de ce qui est encore \u00e0 venir","datePublished":"2021-12-11T09:32:31+00:00","dateModified":"2021-12-11T09:32:34+00:00","mainEntityOfPage":{"@id":"https:\/\/fatherheartfrance.com\/index.php\/2021\/12\/11\/je-vous-ai-oint-de-mon-esprit-comme-un-acompte-de-ce-qui-est-encore-a-venir\/"},"wordCount":285,"commentCount":0,"publisher":{"@id":"https:\/\/fatherheartfrance.com\/#organization"},"image":{"@id":"https:\/\/fatherheartfrance.com\/index.php\/2021\/12\/11\/je-vous-ai-oint-de-mon-esprit-comme-un-acompte-de-ce-qui-est-encore-a-venir\/#primaryimage"},"thumbnailUrl":"https:\/\/fatherheartfrance.com\/wp-content\/uploads\/2021\/12\/winter-landscape-gcb14b65c3_1920.jpg","inLanguage":"fr-FR","potentialAction":[{"@type":"CommentAction","name":"Comment","target":["https:\/\/fatherheartfrance.com\/index.php\/2021\/12\/11\/je-vous-ai-oint-de-mon-esprit-comme-un-acompte-de-ce-qui-est-encore-a-venir\/#respond"]}]},{"@type":"WebPage","@id":"https:\/\/fatherheartfrance.com\/index.php\/2021\/12\/11\/je-vous-ai-oint-de-mon-esprit-comme-un-acompte-de-ce-qui-est-encore-a-venir\/","url":"https:\/\/fatherheartfrance.com\/index.php\/2021\/12\/11\/je-vous-ai-oint-de-mon-esprit-comme-un-acompte-de-ce-qui-est-encore-a-venir\/","name":"Je vous ai oint de Mon Esprit comme un acompte de ce qui est encore \u00e0 venir - Fatherheart - France","isPartOf":{"@id":"https:\/\/fatherheartfrance.com\/#website"},"primaryImageOfPage":{"@id":"https:\/\/fatherheartfrance.com\/index.php\/2021\/12\/11\/je-vous-ai-oint-de-mon-esprit-comme-un-acompte-de-ce-qui-est-encore-a-venir\/#primaryimage"},"image":{"@id":"https:\/\/fatherheartfrance.com\/index.php\/2021\/12\/11\/je-vous-ai-oint-de-mon-esprit-comme-un-acompte-de-ce-qui-est-encore-a-venir\/#primaryimage"},"thumbnailUrl":"https:\/\/fatherheartfrance.com\/wp-content\/uploads\/2021\/12\/winter-landscape-gcb14b65c3_1920.jpg","datePublished":"2021-12-11T09:32:31+00:00","dateModified":"2021-12-11T09:32:34+00:00","breadcrumb":{"@id":"https:\/\/fatherheartfrance.com\/index.php\/2021\/12\/11\/je-vous-ai-oint-de-mon-esprit-comme-un-acompte-de-ce-qui-est-encore-a-venir\/#breadcrumb"},"inLanguage":"fr-FR","potentialAction":[{"@type":"ReadAction","target":["https:\/\/fatherheartfrance.com\/index.php\/2021\/12\/11\/je-vous-ai-oint-de-mon-esprit-comme-un-acompte-de-ce-qui-est-encore-a-venir\/"]}]},{"@type":"ImageObject","inLanguage":"fr-FR","@id":"https:\/\/fatherheartfrance.com\/index.php\/2021\/12\/11\/je-vous-ai-oint-de-mon-esprit-comme-un-acompte-de-ce-qui-est-encore-a-venir\/#primaryimage","url":"https:\/\/fatherheartfrance.com\/wp-content\/uploads\/2021\/12\/winter-landscape-gcb14b65c3_1920.jpg","contentUrl":"https:\/\/fatherheartfrance.com\/wp-content\/uploads\/2021\/12\/winter-landscape-gcb14b65c3_1920.jpg","width":1920,"height":1281,"caption":"winter-landscape-Fatherheart-France"},{"@type":"BreadcrumbList","@id":"https:\/\/fatherheartfrance.com\/index.php\/2021\/12\/11\/je-vous-ai-oint-de-mon-esprit-comme-un-acompte-de-ce-qui-est-encore-a-venir\/#breadcrumb","itemListElement":[{"@type":"ListItem","position":1,"name":"Accueil","item":"https:\/\/fatherheartfrance.com\/"},{"@type":"ListItem","position":2,"name":"Je vous ai oint de Mon Esprit comme un acompte de ce qui est encore \u00e0 venir"}]},{"@type":"WebSite","@id":"https:\/\/fatherheartfrance.com\/#website","url":"https:\/\/fatherheartfrance.com\/","name":"Fatherheart - France","description":"Amour du P\u00e8re","publisher":{"@id":"https:\/\/fatherheartfrance.com\/#organization"},"potentialAction":[{"@type":"SearchAction","target":{"@type":"EntryPoint","urlTemplate":"https:\/\/fatherheartfrance.com\/?s={search_term_string}"},"query-input":{"@type":"PropertyValueSpecification","valueRequired":true,"valueName":"search_term_string"}}],"inLanguage":"fr-FR"},{"@type":"Organization","@id":"https:\/\/fatherheartfrance.com\/#organization","name":"fatherheartfrance","url":"https:\/\/fatherheartfrance.com\/","logo":{"@type":"ImageObject","inLanguage":"fr-FR","@id":"https:\/\/fatherheartfrance.com\/#\/schema\/logo\/image\/","url":"https:\/\/fatherheartfrance.com\/wp-content\/uploads\/2017\/02\/logo-3-e1488034589841.png","contentUrl":"https:\/\/fatherheartfrance.com\/wp-content\/uploads\/2017\/02\/logo-3-e1488034589841.png","width":300,"height":82,"caption":"fatherheartfrance"},"image":{"@id":"https:\/\/fatherheartfrance.com\/#\/schema\/logo\/image\/"},"sameAs":["https:\/\/www.facebook.com\/ContactFHF\/"]},{"@type":"Person","@id":"https:\/\/fatherheartfrance.com\/#\/schema\/person\/a980675cd50a6bb00fc1a61b57ba7420","name":"Fr\u00e9d\u00e9ric C","image":{"@type":"ImageObject","inLanguage":"fr-FR","@id":"https:\/\/secure.gravatar.com\/avatar\/f847814b88f468c211776e97f3b93c066195167c83d3e8cb7e6ca0612f3757a8?s=96&d=mm&r=g","url":"https:\/\/secure.gravatar.com\/avatar\/f847814b88f468c211776e97f3b93c066195167c83d3e8cb7e6ca0612f3757a8?s=96&d=mm&r=g","contentUrl":"https:\/\/secure.gravatar.com\/avatar\/f847814b88f468c211776e97f3b93c066195167c83d3e8cb7e6ca0612f3757a8?s=96&d=mm&r=g","caption":"Fr\u00e9d\u00e9ric C"},"url":"https:\/\/fatherheartfrance.com\/index.php\/author\/frederic\/"}]}},"_links":{"self":[{"href":"https:\/\/fatherheartfrance.com\/index.php\/wp-json\/wp\/v2\/posts\/1735","targetHints":{"allow":["GET"]}}],"collection":[{"href":"https:\/\/fatherheartfrance.com\/index.php\/wp-json\/wp\/v2\/posts"}],"about":[{"href":"https:\/\/fatherheartfrance.com\/index.php\/wp-json\/wp\/v2\/types\/post"}],"author":[{"embeddable":true,"href":"https:\/\/fatherheartfrance.com\/index.php\/wp-json\/wp\/v2\/users\/3"}],"replies":[{"embeddable":true,"href":"https:\/\/fatherheartfrance.com\/index.php\/wp-json\/wp\/v2\/comments?post=1735"}],"version-history":[{"count":1,"href":"https:\/\/fatherheartfrance.com\/index.php\/wp-json\/wp\/v2\/posts\/1735\/revisions"}],"predecessor-version":[{"id":1739,"href":"https:\/\/fatherheartfrance.com\/index.php\/wp-json\/wp\/v2\/posts\/1735\/revisions\/1739"}],"wp:featuredmedia":[{"embeddable":true,"href":"https:\/\/fatherheartfrance.com\/index.php\/wp-json\/wp\/v2\/media\/1736"}],"wp:attachment":[{"href":"https:\/\/fatherheartfrance.com\/index.php\/wp-json\/wp\/v2\/media?parent=1735"}],"wp:term":[{"taxonomy":"category","embeddable":true,"href":"https:\/\/fatherheartfrance.com\/index.php\/wp-json\/wp\/v2\/categories?post=1735"},{"taxonomy":"post_tag","embeddable":true,"href":"https:\/\/fatherheartfrance.com\/index.php\/wp-json\/wp\/v2\/tags?post=1735"}],"curies":[{"name":"wp","href":"https:\/\/api.w.org\/{rel}","templated":true}]}}