{"id":1730,"date":"2021-11-27T12:14:34","date_gmt":"2021-11-27T11:14:34","guid":{"rendered":"https:\/\/fatherheartfrance.com\/?p=1730"},"modified":"2021-11-27T12:14:40","modified_gmt":"2021-11-27T11:14:40","slug":"ceux-qui-vaincront-mangeront-de-larbre-de-vie-au-paradis","status":"publish","type":"post","link":"https:\/\/fatherheartfrance.com\/index.php\/2021\/11\/27\/ceux-qui-vaincront-mangeront-de-larbre-de-vie-au-paradis\/","title":{"rendered":"Ceux qui vaincront mangeront de l&rsquo;arbre de vie au paradis"},"content":{"rendered":"\n<p class=\"wp-block-paragraph\"><em>Apocalypse 2:7 (LSG)<br>Que celui qui a des oreilles entende ce que l&rsquo;Esprit dit aux \u00c9glises: A celui qui vaincra je donnerai \u00e0 manger de l&rsquo;arbre de vie, qui est dans le paradis de Dieu.<\/em><\/p>\n\n\n\n<p class=\"wp-block-paragraph\">Dans les chapitres 2 et 3 du livre de l&rsquo;Apocalypse, nous lisons que J\u00e9sus a un message sp\u00e9cifique pour sept des \u00e9glises qui existaient en ce temps-l\u00e0. Les paroles que J\u00e9sus a adress\u00e9es \u00e0 ces \u00e9glises donnent \u00e0 r\u00e9fl\u00e9chir, mais il est important de se rappeler que chacun de ses messages se termine par une promesse.<\/p>\n\n\n\n<p class=\"wp-block-paragraph\">Dans ce passage de l&rsquo;\u00c9criture, J\u00e9sus termine son exhortation \u00e0 l&rsquo;\u00c9glise d&rsquo;\u00c9ph\u00e8se par la promesse que ceux qui vaincront mangeront de l&rsquo;arbre de vie dans le jardin de Dieu. Il s&rsquo;agit d&rsquo;une promesse incroyable de restauration compl\u00e8te pour tous ceux qui sont en Christ. Tout dans l&rsquo;histoire de l&rsquo;humanit\u00e9 a commenc\u00e9 dans un jardin et c&rsquo;est de ce lieu tr\u00e8s haut qu&rsquo;Adam et Eve sont tomb\u00e9s. Dieu a toujours eu \u00e0 c\u0153ur de restaurer son peuple dans tout ce qui a \u00e9t\u00e9 perdu le jour o\u00f9 Adam et \u00c8ve ont quitt\u00e9 le jardin.<\/p>\n\n\n\n<p class=\"wp-block-paragraph\">Dans cette promesse, J\u00e9sus nous rappelle que ceux qui vainquent seront restaur\u00e9s dans une gloire encore plus grande que celle dont Adam et \u00c8ve jouissaient avant leur chute. Quelles que soient les difficult\u00e9s de la vie sur terre, rappelons-nous que notre destin\u00e9e est de vivre \u00e9ternellement, compl\u00e8tement restaur\u00e9s dans tout ce que notre P\u00e8re avait pr\u00e9vu pour nous \u00e0 l&rsquo;origine. Gr\u00e2ce \u00e0 l&rsquo;\u0153uvre achev\u00e9e de notre fr\u00e8re a\u00een\u00e9 J\u00e9sus, vous et moi pourrons un jour go\u00fbter aux fruits les plus d\u00e9licats de l&rsquo;arbre de vie lui-m\u00eame. All\u00e9luia !<\/p>\n","protected":false},"excerpt":{"rendered":"<p>Apocalypse 2:7 (LSG)Que celui qui a des oreilles entende ce que l&rsquo;Esprit dit aux \u00c9glises: A celui qui vaincra je donnerai \u00e0 manger de l&rsquo;arbre de vie, qui est dans le paradis de Dieu. Dans les chapitres 2 et 3 du livre de l&rsquo;Apocalypse, nous lisons que J\u00e9sus a un message sp\u00e9cifique pour sept des <a class=\"more-link\" href=\"https:\/\/fatherheartfrance.com\/index.php\/2021\/11\/27\/ceux-qui-vaincront-mangeront-de-larbre-de-vie-au-paradis\/\">Lire plus &#8230;<\/a><\/p>\n","protected":false},"author":3,"featured_media":1685,"comment_status":"open","ping_status":"open","sticky":false,"template":"","format":"standard","meta":{"_crdt_document":"","_exactmetrics_skip_tracking":false,"_exactmetrics_sitenote_active":false,"_exactmetrics_sitenote_note":"","_exactmetrics_sitenote_category":0,"footnotes":""},"categories":[1],"tags":[],"class_list":["post-1730","post","type-post","status-publish","format-standard","has-post-thumbnail","hentry","category-non-classe"],"yoast_head":"<!-- This site is optimized with the Yoast SEO plugin v27.5 - https:\/\/yoast.com\/product\/yoast-seo-wordpress\/ -->\n<title>Ceux qui vaincront mangeront de l&#039;arbre de vie au paradis - Fatherheart - France<\/title>\n<meta name=\"robots\" content=\"index, follow, max-snippet:-1, max-image-preview:large, max-video-preview:-1\" \/>\n<link rel=\"canonical\" href=\"https:\/\/fatherheartfrance.com\/index.php\/2021\/11\/27\/ceux-qui-vaincront-mangeront-de-larbre-de-vie-au-paradis\/\" \/>\n<meta property=\"og:locale\" content=\"fr_FR\" \/>\n<meta property=\"og:type\" content=\"article\" \/>\n<meta property=\"og:title\" content=\"Ceux qui vaincront mangeront de l&#039;arbre de vie au paradis - Fatherheart - France\" \/>\n<meta property=\"og:description\" content=\"Apocalypse 2:7 (LSG)Que celui qui a des oreilles entende ce que l&rsquo;Esprit dit aux \u00c9glises: A celui qui vaincra je donnerai \u00e0 manger de l&rsquo;arbre de vie, qui est dans le paradis de Dieu. Dans les chapitres 2 et 3 du livre de l&rsquo;Apocalypse, nous lisons que J\u00e9sus a un message sp\u00e9cifique pour sept des Lire plus ...\" \/>\n<meta property=\"og:url\" content=\"https:\/\/fatherheartfrance.com\/index.php\/2021\/11\/27\/ceux-qui-vaincront-mangeront-de-larbre-de-vie-au-paradis\/\" \/>\n<meta property=\"og:site_name\" content=\"Fatherheart - France\" \/>\n<meta property=\"article:publisher\" content=\"https:\/\/www.facebook.com\/ContactFHF\/\" \/>\n<meta property=\"article:published_time\" content=\"2021-11-27T11:14:34+00:00\" \/>\n<meta property=\"article:modified_time\" content=\"2021-11-27T11:14:40+00:00\" \/>\n<meta property=\"og:image\" content=\"https:\/\/fatherheartfrance.com\/wp-content\/uploads\/2021\/08\/sand-3157732_1920.jpg\" \/>\n\t<meta property=\"og:image:width\" content=\"1920\" \/>\n\t<meta property=\"og:image:height\" content=\"998\" \/>\n\t<meta property=\"og:image:type\" content=\"image\/jpeg\" \/>\n<meta name=\"author\" content=\"Fr\u00e9d\u00e9ric C\" \/>\n<meta name=\"twitter:card\" content=\"summary_large_image\" \/>\n<meta name=\"twitter:label1\" content=\"\u00c9crit par\" \/>\n\t<meta name=\"twitter:data1\" content=\"Fr\u00e9d\u00e9ric C\" \/>\n\t<meta name=\"twitter:label2\" content=\"Dur\u00e9e de lecture estim\u00e9e\" \/>\n\t<meta name=\"twitter:data2\" content=\"2 minutes\" \/>\n<script type=\"application\/ld+json\" class=\"yoast-schema-graph\">{\"@context\":\"https:\\\/\\\/schema.org\",\"@graph\":[{\"@type\":\"Article\",\"@id\":\"https:\\\/\\\/fatherheartfrance.com\\\/index.php\\\/2021\\\/11\\\/27\\\/ceux-qui-vaincront-mangeront-de-larbre-de-vie-au-paradis\\\/#article\",\"isPartOf\":{\"@id\":\"https:\\\/\\\/fatherheartfrance.com\\\/index.php\\\/2021\\\/11\\\/27\\\/ceux-qui-vaincront-mangeront-de-larbre-de-vie-au-paradis\\\/\"},\"author\":{\"name\":\"Fr\u00e9d\u00e9ric C\",\"@id\":\"https:\\\/\\\/fatherheartfrance.com\\\/#\\\/schema\\\/person\\\/a980675cd50a6bb00fc1a61b57ba7420\"},\"headline\":\"Ceux qui vaincront mangeront de l&rsquo;arbre de vie au paradis\",\"datePublished\":\"2021-11-27T11:14:34+00:00\",\"dateModified\":\"2021-11-27T11:14:40+00:00\",\"mainEntityOfPage\":{\"@id\":\"https:\\\/\\\/fatherheartfrance.com\\\/index.php\\\/2021\\\/11\\\/27\\\/ceux-qui-vaincront-mangeront-de-larbre-de-vie-au-paradis\\\/\"},\"wordCount\":317,\"commentCount\":0,\"publisher\":{\"@id\":\"https:\\\/\\\/fatherheartfrance.com\\\/#organization\"},\"image\":{\"@id\":\"https:\\\/\\\/fatherheartfrance.com\\\/index.php\\\/2021\\\/11\\\/27\\\/ceux-qui-vaincront-mangeront-de-larbre-de-vie-au-paradis\\\/#primaryimage\"},\"thumbnailUrl\":\"https:\\\/\\\/fatherheartfrance.com\\\/wp-content\\\/uploads\\\/2021\\\/08\\\/sand-3157732_1920.jpg\",\"inLanguage\":\"fr-FR\",\"potentialAction\":[{\"@type\":\"CommentAction\",\"name\":\"Comment\",\"target\":[\"https:\\\/\\\/fatherheartfrance.com\\\/index.php\\\/2021\\\/11\\\/27\\\/ceux-qui-vaincront-mangeront-de-larbre-de-vie-au-paradis\\\/#respond\"]}]},{\"@type\":\"WebPage\",\"@id\":\"https:\\\/\\\/fatherheartfrance.com\\\/index.php\\\/2021\\\/11\\\/27\\\/ceux-qui-vaincront-mangeront-de-larbre-de-vie-au-paradis\\\/\",\"url\":\"https:\\\/\\\/fatherheartfrance.com\\\/index.php\\\/2021\\\/11\\\/27\\\/ceux-qui-vaincront-mangeront-de-larbre-de-vie-au-paradis\\\/\",\"name\":\"Ceux qui vaincront mangeront de l'arbre de vie au paradis - Fatherheart - France\",\"isPartOf\":{\"@id\":\"https:\\\/\\\/fatherheartfrance.com\\\/#website\"},\"primaryImageOfPage\":{\"@id\":\"https:\\\/\\\/fatherheartfrance.com\\\/index.php\\\/2021\\\/11\\\/27\\\/ceux-qui-vaincront-mangeront-de-larbre-de-vie-au-paradis\\\/#primaryimage\"},\"image\":{\"@id\":\"https:\\\/\\\/fatherheartfrance.com\\\/index.php\\\/2021\\\/11\\\/27\\\/ceux-qui-vaincront-mangeront-de-larbre-de-vie-au-paradis\\\/#primaryimage\"},\"thumbnailUrl\":\"https:\\\/\\\/fatherheartfrance.com\\\/wp-content\\\/uploads\\\/2021\\\/08\\\/sand-3157732_1920.jpg\",\"datePublished\":\"2021-11-27T11:14:34+00:00\",\"dateModified\":\"2021-11-27T11:14:40+00:00\",\"breadcrumb\":{\"@id\":\"https:\\\/\\\/fatherheartfrance.com\\\/index.php\\\/2021\\\/11\\\/27\\\/ceux-qui-vaincront-mangeront-de-larbre-de-vie-au-paradis\\\/#breadcrumb\"},\"inLanguage\":\"fr-FR\",\"potentialAction\":[{\"@type\":\"ReadAction\",\"target\":[\"https:\\\/\\\/fatherheartfrance.com\\\/index.php\\\/2021\\\/11\\\/27\\\/ceux-qui-vaincront-mangeront-de-larbre-de-vie-au-paradis\\\/\"]}]},{\"@type\":\"ImageObject\",\"inLanguage\":\"fr-FR\",\"@id\":\"https:\\\/\\\/fatherheartfrance.com\\\/index.php\\\/2021\\\/11\\\/27\\\/ceux-qui-vaincront-mangeront-de-larbre-de-vie-au-paradis\\\/#primaryimage\",\"url\":\"https:\\\/\\\/fatherheartfrance.com\\\/wp-content\\\/uploads\\\/2021\\\/08\\\/sand-3157732_1920.jpg\",\"contentUrl\":\"https:\\\/\\\/fatherheartfrance.com\\\/wp-content\\\/uploads\\\/2021\\\/08\\\/sand-3157732_1920.jpg\",\"width\":1920,\"height\":998,\"caption\":\"sand-Fatherheart-France\"},{\"@type\":\"BreadcrumbList\",\"@id\":\"https:\\\/\\\/fatherheartfrance.com\\\/index.php\\\/2021\\\/11\\\/27\\\/ceux-qui-vaincront-mangeront-de-larbre-de-vie-au-paradis\\\/#breadcrumb\",\"itemListElement\":[{\"@type\":\"ListItem\",\"position\":1,\"name\":\"Accueil\",\"item\":\"https:\\\/\\\/fatherheartfrance.com\\\/\"},{\"@type\":\"ListItem\",\"position\":2,\"name\":\"Ceux qui vaincront mangeront de l&rsquo;arbre de vie au paradis\"}]},{\"@type\":\"WebSite\",\"@id\":\"https:\\\/\\\/fatherheartfrance.com\\\/#website\",\"url\":\"https:\\\/\\\/fatherheartfrance.com\\\/\",\"name\":\"Fatherheart - France\",\"description\":\"Amour du P\u00e8re\",\"publisher\":{\"@id\":\"https:\\\/\\\/fatherheartfrance.com\\\/#organization\"},\"potentialAction\":[{\"@type\":\"SearchAction\",\"target\":{\"@type\":\"EntryPoint\",\"urlTemplate\":\"https:\\\/\\\/fatherheartfrance.com\\\/?s={search_term_string}\"},\"query-input\":{\"@type\":\"PropertyValueSpecification\",\"valueRequired\":true,\"valueName\":\"search_term_string\"}}],\"inLanguage\":\"fr-FR\"},{\"@type\":\"Organization\",\"@id\":\"https:\\\/\\\/fatherheartfrance.com\\\/#organization\",\"name\":\"fatherheartfrance\",\"url\":\"https:\\\/\\\/fatherheartfrance.com\\\/\",\"logo\":{\"@type\":\"ImageObject\",\"inLanguage\":\"fr-FR\",\"@id\":\"https:\\\/\\\/fatherheartfrance.com\\\/#\\\/schema\\\/logo\\\/image\\\/\",\"url\":\"https:\\\/\\\/fatherheartfrance.com\\\/wp-content\\\/uploads\\\/2017\\\/02\\\/logo-3-e1488034589841.png\",\"contentUrl\":\"https:\\\/\\\/fatherheartfrance.com\\\/wp-content\\\/uploads\\\/2017\\\/02\\\/logo-3-e1488034589841.png\",\"width\":300,\"height\":82,\"caption\":\"fatherheartfrance\"},\"image\":{\"@id\":\"https:\\\/\\\/fatherheartfrance.com\\\/#\\\/schema\\\/logo\\\/image\\\/\"},\"sameAs\":[\"https:\\\/\\\/www.facebook.com\\\/ContactFHF\\\/\"]},{\"@type\":\"Person\",\"@id\":\"https:\\\/\\\/fatherheartfrance.com\\\/#\\\/schema\\\/person\\\/a980675cd50a6bb00fc1a61b57ba7420\",\"name\":\"Fr\u00e9d\u00e9ric C\",\"image\":{\"@type\":\"ImageObject\",\"inLanguage\":\"fr-FR\",\"@id\":\"https:\\\/\\\/secure.gravatar.com\\\/avatar\\\/f847814b88f468c211776e97f3b93c066195167c83d3e8cb7e6ca0612f3757a8?s=96&d=mm&r=g\",\"url\":\"https:\\\/\\\/secure.gravatar.com\\\/avatar\\\/f847814b88f468c211776e97f3b93c066195167c83d3e8cb7e6ca0612f3757a8?s=96&d=mm&r=g\",\"contentUrl\":\"https:\\\/\\\/secure.gravatar.com\\\/avatar\\\/f847814b88f468c211776e97f3b93c066195167c83d3e8cb7e6ca0612f3757a8?s=96&d=mm&r=g\",\"caption\":\"Fr\u00e9d\u00e9ric C\"},\"url\":\"https:\\\/\\\/fatherheartfrance.com\\\/index.php\\\/author\\\/frederic\\\/\"}]}<\/script>\n<!-- \/ Yoast SEO plugin. -->","yoast_head_json":{"title":"Ceux qui vaincront mangeront de l'arbre de vie au paradis - Fatherheart - France","robots":{"index":"index","follow":"follow","max-snippet":"max-snippet:-1","max-image-preview":"max-image-preview:large","max-video-preview":"max-video-preview:-1"},"canonical":"https:\/\/fatherheartfrance.com\/index.php\/2021\/11\/27\/ceux-qui-vaincront-mangeront-de-larbre-de-vie-au-paradis\/","og_locale":"fr_FR","og_type":"article","og_title":"Ceux qui vaincront mangeront de l'arbre de vie au paradis - Fatherheart - France","og_description":"Apocalypse 2:7 (LSG)Que celui qui a des oreilles entende ce que l&rsquo;Esprit dit aux \u00c9glises: A celui qui vaincra je donnerai \u00e0 manger de l&rsquo;arbre de vie, qui est dans le paradis de Dieu. Dans les chapitres 2 et 3 du livre de l&rsquo;Apocalypse, nous lisons que J\u00e9sus a un message sp\u00e9cifique pour sept des Lire plus ...","og_url":"https:\/\/fatherheartfrance.com\/index.php\/2021\/11\/27\/ceux-qui-vaincront-mangeront-de-larbre-de-vie-au-paradis\/","og_site_name":"Fatherheart - France","article_publisher":"https:\/\/www.facebook.com\/ContactFHF\/","article_published_time":"2021-11-27T11:14:34+00:00","article_modified_time":"2021-11-27T11:14:40+00:00","og_image":[{"width":1920,"height":998,"url":"https:\/\/fatherheartfrance.com\/wp-content\/uploads\/2021\/08\/sand-3157732_1920.jpg","type":"image\/jpeg"}],"author":"Fr\u00e9d\u00e9ric C","twitter_card":"summary_large_image","twitter_misc":{"\u00c9crit par":"Fr\u00e9d\u00e9ric C","Dur\u00e9e de lecture estim\u00e9e":"2 minutes"},"schema":{"@context":"https:\/\/schema.org","@graph":[{"@type":"Article","@id":"https:\/\/fatherheartfrance.com\/index.php\/2021\/11\/27\/ceux-qui-vaincront-mangeront-de-larbre-de-vie-au-paradis\/#article","isPartOf":{"@id":"https:\/\/fatherheartfrance.com\/index.php\/2021\/11\/27\/ceux-qui-vaincront-mangeront-de-larbre-de-vie-au-paradis\/"},"author":{"name":"Fr\u00e9d\u00e9ric C","@id":"https:\/\/fatherheartfrance.com\/#\/schema\/person\/a980675cd50a6bb00fc1a61b57ba7420"},"headline":"Ceux qui vaincront mangeront de l&rsquo;arbre de vie au paradis","datePublished":"2021-11-27T11:14:34+00:00","dateModified":"2021-11-27T11:14:40+00:00","mainEntityOfPage":{"@id":"https:\/\/fatherheartfrance.com\/index.php\/2021\/11\/27\/ceux-qui-vaincront-mangeront-de-larbre-de-vie-au-paradis\/"},"wordCount":317,"commentCount":0,"publisher":{"@id":"https:\/\/fatherheartfrance.com\/#organization"},"image":{"@id":"https:\/\/fatherheartfrance.com\/index.php\/2021\/11\/27\/ceux-qui-vaincront-mangeront-de-larbre-de-vie-au-paradis\/#primaryimage"},"thumbnailUrl":"https:\/\/fatherheartfrance.com\/wp-content\/uploads\/2021\/08\/sand-3157732_1920.jpg","inLanguage":"fr-FR","potentialAction":[{"@type":"CommentAction","name":"Comment","target":["https:\/\/fatherheartfrance.com\/index.php\/2021\/11\/27\/ceux-qui-vaincront-mangeront-de-larbre-de-vie-au-paradis\/#respond"]}]},{"@type":"WebPage","@id":"https:\/\/fatherheartfrance.com\/index.php\/2021\/11\/27\/ceux-qui-vaincront-mangeront-de-larbre-de-vie-au-paradis\/","url":"https:\/\/fatherheartfrance.com\/index.php\/2021\/11\/27\/ceux-qui-vaincront-mangeront-de-larbre-de-vie-au-paradis\/","name":"Ceux qui vaincront mangeront de l'arbre de vie au paradis - Fatherheart - France","isPartOf":{"@id":"https:\/\/fatherheartfrance.com\/#website"},"primaryImageOfPage":{"@id":"https:\/\/fatherheartfrance.com\/index.php\/2021\/11\/27\/ceux-qui-vaincront-mangeront-de-larbre-de-vie-au-paradis\/#primaryimage"},"image":{"@id":"https:\/\/fatherheartfrance.com\/index.php\/2021\/11\/27\/ceux-qui-vaincront-mangeront-de-larbre-de-vie-au-paradis\/#primaryimage"},"thumbnailUrl":"https:\/\/fatherheartfrance.com\/wp-content\/uploads\/2021\/08\/sand-3157732_1920.jpg","datePublished":"2021-11-27T11:14:34+00:00","dateModified":"2021-11-27T11:14:40+00:00","breadcrumb":{"@id":"https:\/\/fatherheartfrance.com\/index.php\/2021\/11\/27\/ceux-qui-vaincront-mangeront-de-larbre-de-vie-au-paradis\/#breadcrumb"},"inLanguage":"fr-FR","potentialAction":[{"@type":"ReadAction","target":["https:\/\/fatherheartfrance.com\/index.php\/2021\/11\/27\/ceux-qui-vaincront-mangeront-de-larbre-de-vie-au-paradis\/"]}]},{"@type":"ImageObject","inLanguage":"fr-FR","@id":"https:\/\/fatherheartfrance.com\/index.php\/2021\/11\/27\/ceux-qui-vaincront-mangeront-de-larbre-de-vie-au-paradis\/#primaryimage","url":"https:\/\/fatherheartfrance.com\/wp-content\/uploads\/2021\/08\/sand-3157732_1920.jpg","contentUrl":"https:\/\/fatherheartfrance.com\/wp-content\/uploads\/2021\/08\/sand-3157732_1920.jpg","width":1920,"height":998,"caption":"sand-Fatherheart-France"},{"@type":"BreadcrumbList","@id":"https:\/\/fatherheartfrance.com\/index.php\/2021\/11\/27\/ceux-qui-vaincront-mangeront-de-larbre-de-vie-au-paradis\/#breadcrumb","itemListElement":[{"@type":"ListItem","position":1,"name":"Accueil","item":"https:\/\/fatherheartfrance.com\/"},{"@type":"ListItem","position":2,"name":"Ceux qui vaincront mangeront de l&rsquo;arbre de vie au paradis"}]},{"@type":"WebSite","@id":"https:\/\/fatherheartfrance.com\/#website","url":"https:\/\/fatherheartfrance.com\/","name":"Fatherheart - France","description":"Amour du P\u00e8re","publisher":{"@id":"https:\/\/fatherheartfrance.com\/#organization"},"potentialAction":[{"@type":"SearchAction","target":{"@type":"EntryPoint","urlTemplate":"https:\/\/fatherheartfrance.com\/?s={search_term_string}"},"query-input":{"@type":"PropertyValueSpecification","valueRequired":true,"valueName":"search_term_string"}}],"inLanguage":"fr-FR"},{"@type":"Organization","@id":"https:\/\/fatherheartfrance.com\/#organization","name":"fatherheartfrance","url":"https:\/\/fatherheartfrance.com\/","logo":{"@type":"ImageObject","inLanguage":"fr-FR","@id":"https:\/\/fatherheartfrance.com\/#\/schema\/logo\/image\/","url":"https:\/\/fatherheartfrance.com\/wp-content\/uploads\/2017\/02\/logo-3-e1488034589841.png","contentUrl":"https:\/\/fatherheartfrance.com\/wp-content\/uploads\/2017\/02\/logo-3-e1488034589841.png","width":300,"height":82,"caption":"fatherheartfrance"},"image":{"@id":"https:\/\/fatherheartfrance.com\/#\/schema\/logo\/image\/"},"sameAs":["https:\/\/www.facebook.com\/ContactFHF\/"]},{"@type":"Person","@id":"https:\/\/fatherheartfrance.com\/#\/schema\/person\/a980675cd50a6bb00fc1a61b57ba7420","name":"Fr\u00e9d\u00e9ric C","image":{"@type":"ImageObject","inLanguage":"fr-FR","@id":"https:\/\/secure.gravatar.com\/avatar\/f847814b88f468c211776e97f3b93c066195167c83d3e8cb7e6ca0612f3757a8?s=96&d=mm&r=g","url":"https:\/\/secure.gravatar.com\/avatar\/f847814b88f468c211776e97f3b93c066195167c83d3e8cb7e6ca0612f3757a8?s=96&d=mm&r=g","contentUrl":"https:\/\/secure.gravatar.com\/avatar\/f847814b88f468c211776e97f3b93c066195167c83d3e8cb7e6ca0612f3757a8?s=96&d=mm&r=g","caption":"Fr\u00e9d\u00e9ric C"},"url":"https:\/\/fatherheartfrance.com\/index.php\/author\/frederic\/"}]}},"_links":{"self":[{"href":"https:\/\/fatherheartfrance.com\/index.php\/wp-json\/wp\/v2\/posts\/1730","targetHints":{"allow":["GET"]}}],"collection":[{"href":"https:\/\/fatherheartfrance.com\/index.php\/wp-json\/wp\/v2\/posts"}],"about":[{"href":"https:\/\/fatherheartfrance.com\/index.php\/wp-json\/wp\/v2\/types\/post"}],"author":[{"embeddable":true,"href":"https:\/\/fatherheartfrance.com\/index.php\/wp-json\/wp\/v2\/users\/3"}],"replies":[{"embeddable":true,"href":"https:\/\/fatherheartfrance.com\/index.php\/wp-json\/wp\/v2\/comments?post=1730"}],"version-history":[{"count":1,"href":"https:\/\/fatherheartfrance.com\/index.php\/wp-json\/wp\/v2\/posts\/1730\/revisions"}],"predecessor-version":[{"id":1731,"href":"https:\/\/fatherheartfrance.com\/index.php\/wp-json\/wp\/v2\/posts\/1730\/revisions\/1731"}],"wp:featuredmedia":[{"embeddable":true,"href":"https:\/\/fatherheartfrance.com\/index.php\/wp-json\/wp\/v2\/media\/1685"}],"wp:attachment":[{"href":"https:\/\/fatherheartfrance.com\/index.php\/wp-json\/wp\/v2\/media?parent=1730"}],"wp:term":[{"taxonomy":"category","embeddable":true,"href":"https:\/\/fatherheartfrance.com\/index.php\/wp-json\/wp\/v2\/categories?post=1730"},{"taxonomy":"post_tag","embeddable":true,"href":"https:\/\/fatherheartfrance.com\/index.php\/wp-json\/wp\/v2\/tags?post=1730"}],"curies":[{"name":"wp","href":"https:\/\/api.w.org\/{rel}","templated":true}]}}