{"id":173,"date":"2017-05-01T09:00:53","date_gmt":"2017-05-01T07:00:53","guid":{"rendered":"https:\/\/fatherheartfrance.com\/?p=173"},"modified":"2017-05-06T19:37:56","modified_gmt":"2017-05-06T17:37:56","slug":"evenement-experimenter-le-coeur-du-pere-28oct","status":"publish","type":"post","link":"https:\/\/fatherheartfrance.com\/index.php\/2017\/05\/01\/evenement-experimenter-le-coeur-du-pere-28oct\/","title":{"rendered":"\u00c9v\u00e8nement : Exp\u00e9rimenter le coeur du P\u00e8re &#8211; visite de Linda et Tr\u00e9vor Galpin &#8211; 28 et 29 oct. 2017"},"content":{"rendered":"<p><img decoding=\"async\" src=\"https:\/\/fatherheartfrance.com\/wp-content\/uploads\/2017\/05\/FLYER_FATHER_HEART-Final-v2.jpg\" alt=\"Flyer de l'\u00e9v\u00e8nement -Exp\u00e9rimenter le coeur du P\u00e8re- organis\u00e9 par l'association Fatherheart France pour le 28 et 29 Octobre 2017\" width=\"50%\" \/><\/p>\n<h2>Pour qui ?<\/h2>\n<p>Tout d&rsquo;abord, cette conf\u00e9rence est ouverte \u00e0 tous !<br \/>\nCependant, il n\u2019y a pas de cr\u00e8che ni de r\u00e9union pour les enfants. Aussi, pour respecter les temps d\u2019intimit\u00e9 avec le P\u00e8re, l\u2019entr\u00e9e est r\u00e9serv\u00e9e aux personnes de plus de 16 ans.<\/p>\n<h2>Qui parle ?<\/h2>\n<p>Ce seront Linda et Tr\u00e9vor Galpin, second\u00e9s de l\u2019\u00e9quipe locale, qui vous offrirons cette rencontre le temps d&rsquo;un weekend.<\/p>\n<h2>S\u2019inscrire ?<\/h2>\n<p><strong>La conf\u00e9rence est gratuite.<\/strong> N\u00e9anmoins, il est important de vous inscrire pour nous permettre de mieux vous servir et de vous tenir inform\u00e9s.<br \/>\nAlors, pour s&rsquo;inscrire, veuillez remplir ce formulaire rapide ici : <a href=\"https:\/\/www.inscription-facile.com\/form\/j1kks9xzcE16P62DFgtV\">Formulaire d&rsquo;inscription<\/a>.<\/p>\n<h2>O\u00f9 et quand ?<\/h2>\n<p>Cette conf\u00e9rence se tient les <strong>28 et 29 Octobre 2017<\/strong> au <strong>Diagora de Lab\u00e8ge<\/strong> (150 Rue Pierre Gilles de Gennes, 31670 Lab\u00e8ge).<\/p>\n<h3>Localiser le Diagora de Lab\u00e8ge :<\/h3>\n<div id=\"map\"><\/div>\n<p><script>\n      function initMap() {\n        var uluru = {lat: 43.5421444, lng: 1.5112778};\n        var map = new google.maps.Map(document.getElementById('map'), {\n          zoom: 12,\n          center: {lat: 43.5661434, lng: 1.4849897}\n        });\n        var marker = new google.maps.Marker({\n          position: uluru,\n          map: map\n        });\n      }\n    <\/script><br \/>\n<script async defer src=\"https:\/\/maps.googleapis.com\/maps\/api\/js?key=AIzaSyA4sK0k-gxmvVVUIdVqSfaWZLr8b6Lac-E&#038;callback=initMap\">\n<\/script><\/p>\n<h2>Parking et acc\u00e8s au Diagora :<\/h2>\n<p>Premi\u00e8rement, le centre des congr\u00e8s est \u00e9quip\u00e9 d\u2019un grand <strong>parking<\/strong>.<\/p>\n<p>Ensuite, pour ce qui est de <strong>l&rsquo;acc\u00e8s au Diagora<\/strong>, il est possible par :<br \/>\n&#8211; le bus Tiss\u00e9o N\u00b0 79 (arr\u00eat De Gennes) \u00e0 partir de la station de m\u00e9tro B (terminus de Ramonville) (15mn)<br \/>\n&#8211; \u00e0 pied de la gare SNCF \u00ab\u00a0Lab\u00e8ge Innopole\u00a0\u00bb (15mn)<br \/>\nEnfin, pour plus d&rsquo;informations sur les acc\u00e8s, veuillez vous orientez vers le site web du centre des congr\u00e8s Diagora disponible en cliquant <a href=\"http:\/\/diagora-congres.com\/informations-pratiques\/\">ICI<\/a>.<\/p>\n<h2>Se loger, se nourrir ?<\/h2>\n<p>Vous trouverez toutes sortes d&rsquo;h\u00f4tels et de restaurants \u00e0 proximit\u00e9 du centre de congr\u00e8s.<br \/>\nD&rsquo;ailleurs, n&rsquo;h\u00e9sitez pas \u00e0 zoomer sur la carte ci-dessus afin de chercher quels h\u00f4tels et restaurants sont les plus proches.<br \/>\nAutrement, il y a aussi un centre commercial non loin de Diagora avec un Carrefour. Ainsi, vous pourrez vous faire vous-m\u00eame \u00e0 manger si vous pr\u00e9f\u00e9rez.<\/p>\n<h2>Soutenir l\u2019\u00e9v\u00e9nement ?<\/h2>\n<p>Alors, comme vous pouvez vous en douter, cet \u00e9v\u00e9nement engage un budget cons\u00e9quent. Donc, il vous est possible de soutenir cet \u00e9v\u00e8nement en envoyant vos dons part ch\u00e8ques \u00e0 \u00ab Fatherheart \u2013 France ; 3 rue des aub\u00e9pines ; 31650 Saint Orens de Gameville ; France \u00bb. Ces ch\u00e8ques doivent \u00eatre \u00e9tablis \u00e0 l\u2019ordre de \u00ab Fatherheart Ministries \u2013 France \u00bb.<\/p>\n<p>&nbsp;<\/p>\n<p><em><strong>Malgr\u00e9 tout, si vous avez encore des questions, n&rsquo;h\u00e9sitez pas \u00e0 <a href=\"https:\/\/fatherheartfrance.com\/index.php\/contactez-nous-2\/\">nous contacter<\/a>, nous serons heureux de vous r\u00e9pondre.<\/strong><\/em><\/p>\n<p>Enfin, nous vous souhaitons une excellente rencontre.<br \/>\nA bient\u00f4t !<\/p>\n","protected":false},"excerpt":{"rendered":"<p>Pour qui ? Tout d&rsquo;abord, cette conf\u00e9rence est ouverte \u00e0 tous ! Cependant, il n\u2019y a pas de cr\u00e8che ni de r\u00e9union pour les enfants. Aussi, pour respecter les temps d\u2019intimit\u00e9 avec le P\u00e8re, l\u2019entr\u00e9e est r\u00e9serv\u00e9e aux personnes de plus de 16 ans. Qui parle ? Ce seront Linda et Tr\u00e9vor Galpin, second\u00e9s de <a class=\"more-link\" href=\"https:\/\/fatherheartfrance.com\/index.php\/2017\/05\/01\/evenement-experimenter-le-coeur-du-pere-28oct\/\">Lire plus &#8230;<\/a><\/p>\n","protected":false},"author":1,"featured_media":265,"comment_status":"open","ping_status":"open","sticky":false,"template":"","format":"standard","meta":{"_crdt_document":"","_exactmetrics_skip_tracking":false,"_exactmetrics_sitenote_active":false,"_exactmetrics_sitenote_note":"","_exactmetrics_sitenote_category":0,"footnotes":""},"categories":[1],"tags":[3,7,6,5,4],"class_list":["post-173","post","type-post","status-publish","format-standard","has-post-thumbnail","hentry","category-non-classe","tag-evenement","tag-experimenter","tag-galpin","tag-linda","tag-trevor"],"yoast_head":"<!-- This site is optimized with the Yoast SEO plugin v27.5 - https:\/\/yoast.com\/product\/yoast-seo-wordpress\/ -->\n<title>Ev\u00e8nement : Exp\u00e9rimenter le coeur du P\u00e8re - visite de Linda et Tr\u00e9vor Galpin - 28 et 29 oct. 2017 - Fatherheart France<\/title>\n<meta name=\"description\" content=\"Ev\u00e8nement : Exp\u00e9rimenter le coeur du P\u00e8re - C&#039;est un \u00e9v\u00e8nement Gratuit. Pour qui ? O\u00f9 ? Quand ? S&#039;inscrire ? Venez voir l&#039;article qui r\u00e9pondra \u00e0 tout cela.\" \/>\n<meta name=\"robots\" content=\"index, follow, max-snippet:-1, max-image-preview:large, max-video-preview:-1\" \/>\n<link rel=\"canonical\" href=\"https:\/\/fatherheartfrance.com\/index.php\/2017\/05\/01\/evenement-experimenter-le-coeur-du-pere-28oct\/\" \/>\n<meta property=\"og:locale\" content=\"fr_FR\" \/>\n<meta property=\"og:type\" content=\"article\" \/>\n<meta property=\"og:title\" content=\"Ev\u00e8nement : Exp\u00e9rimenter le coeur du P\u00e8re - visite de Linda et Tr\u00e9vor Galpin - 28 et 29 oct. 2017 - Fatherheart France\" \/>\n<meta property=\"og:description\" content=\"Ev\u00e8nement : Exp\u00e9rimenter le coeur du P\u00e8re - C&#039;est un \u00e9v\u00e8nement Gratuit. Pour qui ? O\u00f9 ? Quand ? S&#039;inscrire ? Venez voir l&#039;article qui r\u00e9pondra \u00e0 tout cela.\" \/>\n<meta property=\"og:url\" content=\"https:\/\/fatherheartfrance.com\/index.php\/2017\/05\/01\/evenement-experimenter-le-coeur-du-pere-28oct\/\" \/>\n<meta property=\"og:site_name\" content=\"Fatherheart - France\" \/>\n<meta property=\"article:publisher\" content=\"https:\/\/www.facebook.com\/ContactFHF\/\" \/>\n<meta property=\"article:published_time\" content=\"2017-05-01T07:00:53+00:00\" \/>\n<meta property=\"article:modified_time\" content=\"2017-05-06T17:37:56+00:00\" \/>\n<meta property=\"og:image\" content=\"https:\/\/fatherheartfrance.com\/wp-content\/uploads\/2017\/05\/FLYER_FATHER_HEART-Final-v2.jpg\" \/>\n\t<meta property=\"og:image:width\" content=\"874\" \/>\n\t<meta property=\"og:image:height\" content=\"1240\" \/>\n\t<meta property=\"og:image:type\" content=\"image\/jpeg\" \/>\n<meta name=\"author\" content=\"root\" \/>\n<meta name=\"twitter:card\" content=\"summary_large_image\" \/>\n<meta name=\"twitter:label1\" content=\"\u00c9crit par\" \/>\n\t<meta name=\"twitter:data1\" content=\"root\" \/>\n\t<meta name=\"twitter:label2\" content=\"Dur\u00e9e de lecture estim\u00e9e\" \/>\n\t<meta name=\"twitter:data2\" content=\"2 minutes\" \/>\n<script type=\"application\/ld+json\" class=\"yoast-schema-graph\">{\"@context\":\"https:\\\/\\\/schema.org\",\"@graph\":[{\"@type\":\"Article\",\"@id\":\"https:\\\/\\\/fatherheartfrance.com\\\/index.php\\\/2017\\\/05\\\/01\\\/evenement-experimenter-le-coeur-du-pere-28oct\\\/#article\",\"isPartOf\":{\"@id\":\"https:\\\/\\\/fatherheartfrance.com\\\/index.php\\\/2017\\\/05\\\/01\\\/evenement-experimenter-le-coeur-du-pere-28oct\\\/\"},\"author\":{\"name\":\"root\",\"@id\":\"https:\\\/\\\/fatherheartfrance.com\\\/#\\\/schema\\\/person\\\/4e6a4eed1b8a166076f4decf3c33f10b\"},\"headline\":\"\u00c9v\u00e8nement : Exp\u00e9rimenter le coeur du P\u00e8re &#8211; visite de Linda et Tr\u00e9vor Galpin &#8211; 28 et 29 oct. 2017\",\"datePublished\":\"2017-05-01T07:00:53+00:00\",\"dateModified\":\"2017-05-06T17:37:56+00:00\",\"mainEntityOfPage\":{\"@id\":\"https:\\\/\\\/fatherheartfrance.com\\\/index.php\\\/2017\\\/05\\\/01\\\/evenement-experimenter-le-coeur-du-pere-28oct\\\/\"},\"wordCount\":420,\"commentCount\":0,\"publisher\":{\"@id\":\"https:\\\/\\\/fatherheartfrance.com\\\/#organization\"},\"image\":{\"@id\":\"https:\\\/\\\/fatherheartfrance.com\\\/index.php\\\/2017\\\/05\\\/01\\\/evenement-experimenter-le-coeur-du-pere-28oct\\\/#primaryimage\"},\"thumbnailUrl\":\"https:\\\/\\\/fatherheartfrance.com\\\/wp-content\\\/uploads\\\/2017\\\/05\\\/FLYER_FATHER_HEART-Final-v2.jpg\",\"keywords\":[\"\u00e9v\u00e8nement\",\"exp\u00e9rimenter\",\"Galpin\",\"Linda\",\"Tr\u00e9vor\"],\"inLanguage\":\"fr-FR\",\"potentialAction\":[{\"@type\":\"CommentAction\",\"name\":\"Comment\",\"target\":[\"https:\\\/\\\/fatherheartfrance.com\\\/index.php\\\/2017\\\/05\\\/01\\\/evenement-experimenter-le-coeur-du-pere-28oct\\\/#respond\"]}]},{\"@type\":\"WebPage\",\"@id\":\"https:\\\/\\\/fatherheartfrance.com\\\/index.php\\\/2017\\\/05\\\/01\\\/evenement-experimenter-le-coeur-du-pere-28oct\\\/\",\"url\":\"https:\\\/\\\/fatherheartfrance.com\\\/index.php\\\/2017\\\/05\\\/01\\\/evenement-experimenter-le-coeur-du-pere-28oct\\\/\",\"name\":\"Ev\u00e8nement : Exp\u00e9rimenter le coeur du P\u00e8re - visite de Linda et Tr\u00e9vor Galpin - 28 et 29 oct. 2017 - Fatherheart France\",\"isPartOf\":{\"@id\":\"https:\\\/\\\/fatherheartfrance.com\\\/#website\"},\"primaryImageOfPage\":{\"@id\":\"https:\\\/\\\/fatherheartfrance.com\\\/index.php\\\/2017\\\/05\\\/01\\\/evenement-experimenter-le-coeur-du-pere-28oct\\\/#primaryimage\"},\"image\":{\"@id\":\"https:\\\/\\\/fatherheartfrance.com\\\/index.php\\\/2017\\\/05\\\/01\\\/evenement-experimenter-le-coeur-du-pere-28oct\\\/#primaryimage\"},\"thumbnailUrl\":\"https:\\\/\\\/fatherheartfrance.com\\\/wp-content\\\/uploads\\\/2017\\\/05\\\/FLYER_FATHER_HEART-Final-v2.jpg\",\"datePublished\":\"2017-05-01T07:00:53+00:00\",\"dateModified\":\"2017-05-06T17:37:56+00:00\",\"description\":\"Ev\u00e8nement : Exp\u00e9rimenter le coeur du P\u00e8re - C'est un \u00e9v\u00e8nement Gratuit. Pour qui ? O\u00f9 ? Quand ? S'inscrire ? Venez voir l'article qui r\u00e9pondra \u00e0 tout cela.\",\"breadcrumb\":{\"@id\":\"https:\\\/\\\/fatherheartfrance.com\\\/index.php\\\/2017\\\/05\\\/01\\\/evenement-experimenter-le-coeur-du-pere-28oct\\\/#breadcrumb\"},\"inLanguage\":\"fr-FR\",\"potentialAction\":[{\"@type\":\"ReadAction\",\"target\":[\"https:\\\/\\\/fatherheartfrance.com\\\/index.php\\\/2017\\\/05\\\/01\\\/evenement-experimenter-le-coeur-du-pere-28oct\\\/\"]}]},{\"@type\":\"ImageObject\",\"inLanguage\":\"fr-FR\",\"@id\":\"https:\\\/\\\/fatherheartfrance.com\\\/index.php\\\/2017\\\/05\\\/01\\\/evenement-experimenter-le-coeur-du-pere-28oct\\\/#primaryimage\",\"url\":\"https:\\\/\\\/fatherheartfrance.com\\\/wp-content\\\/uploads\\\/2017\\\/05\\\/FLYER_FATHER_HEART-Final-v2.jpg\",\"contentUrl\":\"https:\\\/\\\/fatherheartfrance.com\\\/wp-content\\\/uploads\\\/2017\\\/05\\\/FLYER_FATHER_HEART-Final-v2.jpg\",\"width\":874,\"height\":1240,\"caption\":\"Flyer de l'\\\"Ev\u00e8nement : Exp\u00e9rimenter le coeur du P\u00e8re\\\" organis\u00e9 par l'association Fatherheart France\"},{\"@type\":\"BreadcrumbList\",\"@id\":\"https:\\\/\\\/fatherheartfrance.com\\\/index.php\\\/2017\\\/05\\\/01\\\/evenement-experimenter-le-coeur-du-pere-28oct\\\/#breadcrumb\",\"itemListElement\":[{\"@type\":\"ListItem\",\"position\":1,\"name\":\"Accueil\",\"item\":\"https:\\\/\\\/fatherheartfrance.com\\\/\"},{\"@type\":\"ListItem\",\"position\":2,\"name\":\"\u00c9v\u00e8nement : Exp\u00e9rimenter le coeur du P\u00e8re &#8211; visite de Linda et Tr\u00e9vor Galpin &#8211; 28 et 29 oct. 2017\"}]},{\"@type\":\"WebSite\",\"@id\":\"https:\\\/\\\/fatherheartfrance.com\\\/#website\",\"url\":\"https:\\\/\\\/fatherheartfrance.com\\\/\",\"name\":\"Fatherheart - France\",\"description\":\"Amour du P\u00e8re\",\"publisher\":{\"@id\":\"https:\\\/\\\/fatherheartfrance.com\\\/#organization\"},\"potentialAction\":[{\"@type\":\"SearchAction\",\"target\":{\"@type\":\"EntryPoint\",\"urlTemplate\":\"https:\\\/\\\/fatherheartfrance.com\\\/?s={search_term_string}\"},\"query-input\":{\"@type\":\"PropertyValueSpecification\",\"valueRequired\":true,\"valueName\":\"search_term_string\"}}],\"inLanguage\":\"fr-FR\"},{\"@type\":\"Organization\",\"@id\":\"https:\\\/\\\/fatherheartfrance.com\\\/#organization\",\"name\":\"fatherheartfrance\",\"url\":\"https:\\\/\\\/fatherheartfrance.com\\\/\",\"logo\":{\"@type\":\"ImageObject\",\"inLanguage\":\"fr-FR\",\"@id\":\"https:\\\/\\\/fatherheartfrance.com\\\/#\\\/schema\\\/logo\\\/image\\\/\",\"url\":\"https:\\\/\\\/fatherheartfrance.com\\\/wp-content\\\/uploads\\\/2017\\\/02\\\/logo-3-e1488034589841.png\",\"contentUrl\":\"https:\\\/\\\/fatherheartfrance.com\\\/wp-content\\\/uploads\\\/2017\\\/02\\\/logo-3-e1488034589841.png\",\"width\":300,\"height\":82,\"caption\":\"fatherheartfrance\"},\"image\":{\"@id\":\"https:\\\/\\\/fatherheartfrance.com\\\/#\\\/schema\\\/logo\\\/image\\\/\"},\"sameAs\":[\"https:\\\/\\\/www.facebook.com\\\/ContactFHF\\\/\"]},{\"@type\":\"Person\",\"@id\":\"https:\\\/\\\/fatherheartfrance.com\\\/#\\\/schema\\\/person\\\/4e6a4eed1b8a166076f4decf3c33f10b\",\"name\":\"root\",\"image\":{\"@type\":\"ImageObject\",\"inLanguage\":\"fr-FR\",\"@id\":\"https:\\\/\\\/secure.gravatar.com\\\/avatar\\\/90134c48bb6e476acb145270f22f6a35505ec7cfb4442e4430ba5743d76c23c7?s=96&d=mm&r=g\",\"url\":\"https:\\\/\\\/secure.gravatar.com\\\/avatar\\\/90134c48bb6e476acb145270f22f6a35505ec7cfb4442e4430ba5743d76c23c7?s=96&d=mm&r=g\",\"contentUrl\":\"https:\\\/\\\/secure.gravatar.com\\\/avatar\\\/90134c48bb6e476acb145270f22f6a35505ec7cfb4442e4430ba5743d76c23c7?s=96&d=mm&r=g\",\"caption\":\"root\"},\"url\":\"https:\\\/\\\/fatherheartfrance.com\\\/index.php\\\/author\\\/root\\\/\"}]}<\/script>\n<!-- \/ Yoast SEO plugin. -->","yoast_head_json":{"title":"Ev\u00e8nement : Exp\u00e9rimenter le coeur du P\u00e8re - visite de Linda et Tr\u00e9vor Galpin - 28 et 29 oct. 2017 - Fatherheart France","description":"Ev\u00e8nement : Exp\u00e9rimenter le coeur du P\u00e8re - C'est un \u00e9v\u00e8nement Gratuit. Pour qui ? O\u00f9 ? Quand ? S'inscrire ? Venez voir l'article qui r\u00e9pondra \u00e0 tout cela.","robots":{"index":"index","follow":"follow","max-snippet":"max-snippet:-1","max-image-preview":"max-image-preview:large","max-video-preview":"max-video-preview:-1"},"canonical":"https:\/\/fatherheartfrance.com\/index.php\/2017\/05\/01\/evenement-experimenter-le-coeur-du-pere-28oct\/","og_locale":"fr_FR","og_type":"article","og_title":"Ev\u00e8nement : Exp\u00e9rimenter le coeur du P\u00e8re - visite de Linda et Tr\u00e9vor Galpin - 28 et 29 oct. 2017 - Fatherheart France","og_description":"Ev\u00e8nement : Exp\u00e9rimenter le coeur du P\u00e8re - C'est un \u00e9v\u00e8nement Gratuit. Pour qui ? O\u00f9 ? Quand ? S'inscrire ? Venez voir l'article qui r\u00e9pondra \u00e0 tout cela.","og_url":"https:\/\/fatherheartfrance.com\/index.php\/2017\/05\/01\/evenement-experimenter-le-coeur-du-pere-28oct\/","og_site_name":"Fatherheart - France","article_publisher":"https:\/\/www.facebook.com\/ContactFHF\/","article_published_time":"2017-05-01T07:00:53+00:00","article_modified_time":"2017-05-06T17:37:56+00:00","og_image":[{"width":874,"height":1240,"url":"https:\/\/fatherheartfrance.com\/wp-content\/uploads\/2017\/05\/FLYER_FATHER_HEART-Final-v2.jpg","type":"image\/jpeg"}],"author":"root","twitter_card":"summary_large_image","twitter_misc":{"\u00c9crit par":"root","Dur\u00e9e de lecture estim\u00e9e":"2 minutes"},"schema":{"@context":"https:\/\/schema.org","@graph":[{"@type":"Article","@id":"https:\/\/fatherheartfrance.com\/index.php\/2017\/05\/01\/evenement-experimenter-le-coeur-du-pere-28oct\/#article","isPartOf":{"@id":"https:\/\/fatherheartfrance.com\/index.php\/2017\/05\/01\/evenement-experimenter-le-coeur-du-pere-28oct\/"},"author":{"name":"root","@id":"https:\/\/fatherheartfrance.com\/#\/schema\/person\/4e6a4eed1b8a166076f4decf3c33f10b"},"headline":"\u00c9v\u00e8nement : Exp\u00e9rimenter le coeur du P\u00e8re &#8211; visite de Linda et Tr\u00e9vor Galpin &#8211; 28 et 29 oct. 2017","datePublished":"2017-05-01T07:00:53+00:00","dateModified":"2017-05-06T17:37:56+00:00","mainEntityOfPage":{"@id":"https:\/\/fatherheartfrance.com\/index.php\/2017\/05\/01\/evenement-experimenter-le-coeur-du-pere-28oct\/"},"wordCount":420,"commentCount":0,"publisher":{"@id":"https:\/\/fatherheartfrance.com\/#organization"},"image":{"@id":"https:\/\/fatherheartfrance.com\/index.php\/2017\/05\/01\/evenement-experimenter-le-coeur-du-pere-28oct\/#primaryimage"},"thumbnailUrl":"https:\/\/fatherheartfrance.com\/wp-content\/uploads\/2017\/05\/FLYER_FATHER_HEART-Final-v2.jpg","keywords":["\u00e9v\u00e8nement","exp\u00e9rimenter","Galpin","Linda","Tr\u00e9vor"],"inLanguage":"fr-FR","potentialAction":[{"@type":"CommentAction","name":"Comment","target":["https:\/\/fatherheartfrance.com\/index.php\/2017\/05\/01\/evenement-experimenter-le-coeur-du-pere-28oct\/#respond"]}]},{"@type":"WebPage","@id":"https:\/\/fatherheartfrance.com\/index.php\/2017\/05\/01\/evenement-experimenter-le-coeur-du-pere-28oct\/","url":"https:\/\/fatherheartfrance.com\/index.php\/2017\/05\/01\/evenement-experimenter-le-coeur-du-pere-28oct\/","name":"Ev\u00e8nement : Exp\u00e9rimenter le coeur du P\u00e8re - visite de Linda et Tr\u00e9vor Galpin - 28 et 29 oct. 2017 - Fatherheart France","isPartOf":{"@id":"https:\/\/fatherheartfrance.com\/#website"},"primaryImageOfPage":{"@id":"https:\/\/fatherheartfrance.com\/index.php\/2017\/05\/01\/evenement-experimenter-le-coeur-du-pere-28oct\/#primaryimage"},"image":{"@id":"https:\/\/fatherheartfrance.com\/index.php\/2017\/05\/01\/evenement-experimenter-le-coeur-du-pere-28oct\/#primaryimage"},"thumbnailUrl":"https:\/\/fatherheartfrance.com\/wp-content\/uploads\/2017\/05\/FLYER_FATHER_HEART-Final-v2.jpg","datePublished":"2017-05-01T07:00:53+00:00","dateModified":"2017-05-06T17:37:56+00:00","description":"Ev\u00e8nement : Exp\u00e9rimenter le coeur du P\u00e8re - C'est un \u00e9v\u00e8nement Gratuit. Pour qui ? O\u00f9 ? Quand ? S'inscrire ? Venez voir l'article qui r\u00e9pondra \u00e0 tout cela.","breadcrumb":{"@id":"https:\/\/fatherheartfrance.com\/index.php\/2017\/05\/01\/evenement-experimenter-le-coeur-du-pere-28oct\/#breadcrumb"},"inLanguage":"fr-FR","potentialAction":[{"@type":"ReadAction","target":["https:\/\/fatherheartfrance.com\/index.php\/2017\/05\/01\/evenement-experimenter-le-coeur-du-pere-28oct\/"]}]},{"@type":"ImageObject","inLanguage":"fr-FR","@id":"https:\/\/fatherheartfrance.com\/index.php\/2017\/05\/01\/evenement-experimenter-le-coeur-du-pere-28oct\/#primaryimage","url":"https:\/\/fatherheartfrance.com\/wp-content\/uploads\/2017\/05\/FLYER_FATHER_HEART-Final-v2.jpg","contentUrl":"https:\/\/fatherheartfrance.com\/wp-content\/uploads\/2017\/05\/FLYER_FATHER_HEART-Final-v2.jpg","width":874,"height":1240,"caption":"Flyer de l'\"Ev\u00e8nement : Exp\u00e9rimenter le coeur du P\u00e8re\" organis\u00e9 par l'association Fatherheart France"},{"@type":"BreadcrumbList","@id":"https:\/\/fatherheartfrance.com\/index.php\/2017\/05\/01\/evenement-experimenter-le-coeur-du-pere-28oct\/#breadcrumb","itemListElement":[{"@type":"ListItem","position":1,"name":"Accueil","item":"https:\/\/fatherheartfrance.com\/"},{"@type":"ListItem","position":2,"name":"\u00c9v\u00e8nement : Exp\u00e9rimenter le coeur du P\u00e8re &#8211; visite de Linda et Tr\u00e9vor Galpin &#8211; 28 et 29 oct. 2017"}]},{"@type":"WebSite","@id":"https:\/\/fatherheartfrance.com\/#website","url":"https:\/\/fatherheartfrance.com\/","name":"Fatherheart - France","description":"Amour du P\u00e8re","publisher":{"@id":"https:\/\/fatherheartfrance.com\/#organization"},"potentialAction":[{"@type":"SearchAction","target":{"@type":"EntryPoint","urlTemplate":"https:\/\/fatherheartfrance.com\/?s={search_term_string}"},"query-input":{"@type":"PropertyValueSpecification","valueRequired":true,"valueName":"search_term_string"}}],"inLanguage":"fr-FR"},{"@type":"Organization","@id":"https:\/\/fatherheartfrance.com\/#organization","name":"fatherheartfrance","url":"https:\/\/fatherheartfrance.com\/","logo":{"@type":"ImageObject","inLanguage":"fr-FR","@id":"https:\/\/fatherheartfrance.com\/#\/schema\/logo\/image\/","url":"https:\/\/fatherheartfrance.com\/wp-content\/uploads\/2017\/02\/logo-3-e1488034589841.png","contentUrl":"https:\/\/fatherheartfrance.com\/wp-content\/uploads\/2017\/02\/logo-3-e1488034589841.png","width":300,"height":82,"caption":"fatherheartfrance"},"image":{"@id":"https:\/\/fatherheartfrance.com\/#\/schema\/logo\/image\/"},"sameAs":["https:\/\/www.facebook.com\/ContactFHF\/"]},{"@type":"Person","@id":"https:\/\/fatherheartfrance.com\/#\/schema\/person\/4e6a4eed1b8a166076f4decf3c33f10b","name":"root","image":{"@type":"ImageObject","inLanguage":"fr-FR","@id":"https:\/\/secure.gravatar.com\/avatar\/90134c48bb6e476acb145270f22f6a35505ec7cfb4442e4430ba5743d76c23c7?s=96&d=mm&r=g","url":"https:\/\/secure.gravatar.com\/avatar\/90134c48bb6e476acb145270f22f6a35505ec7cfb4442e4430ba5743d76c23c7?s=96&d=mm&r=g","contentUrl":"https:\/\/secure.gravatar.com\/avatar\/90134c48bb6e476acb145270f22f6a35505ec7cfb4442e4430ba5743d76c23c7?s=96&d=mm&r=g","caption":"root"},"url":"https:\/\/fatherheartfrance.com\/index.php\/author\/root\/"}]}},"_links":{"self":[{"href":"https:\/\/fatherheartfrance.com\/index.php\/wp-json\/wp\/v2\/posts\/173","targetHints":{"allow":["GET"]}}],"collection":[{"href":"https:\/\/fatherheartfrance.com\/index.php\/wp-json\/wp\/v2\/posts"}],"about":[{"href":"https:\/\/fatherheartfrance.com\/index.php\/wp-json\/wp\/v2\/types\/post"}],"author":[{"embeddable":true,"href":"https:\/\/fatherheartfrance.com\/index.php\/wp-json\/wp\/v2\/users\/1"}],"replies":[{"embeddable":true,"href":"https:\/\/fatherheartfrance.com\/index.php\/wp-json\/wp\/v2\/comments?post=173"}],"version-history":[{"count":5,"href":"https:\/\/fatherheartfrance.com\/index.php\/wp-json\/wp\/v2\/posts\/173\/revisions"}],"predecessor-version":[{"id":305,"href":"https:\/\/fatherheartfrance.com\/index.php\/wp-json\/wp\/v2\/posts\/173\/revisions\/305"}],"wp:featuredmedia":[{"embeddable":true,"href":"https:\/\/fatherheartfrance.com\/index.php\/wp-json\/wp\/v2\/media\/265"}],"wp:attachment":[{"href":"https:\/\/fatherheartfrance.com\/index.php\/wp-json\/wp\/v2\/media?parent=173"}],"wp:term":[{"taxonomy":"category","embeddable":true,"href":"https:\/\/fatherheartfrance.com\/index.php\/wp-json\/wp\/v2\/categories?post=173"},{"taxonomy":"post_tag","embeddable":true,"href":"https:\/\/fatherheartfrance.com\/index.php\/wp-json\/wp\/v2\/tags?post=173"}],"curies":[{"name":"wp","href":"https:\/\/api.w.org\/{rel}","templated":true}]}}