{"id":1704,"date":"2021-09-11T15:08:57","date_gmt":"2021-09-11T13:08:57","guid":{"rendered":"https:\/\/fatherheartfrance.com\/?p=1704"},"modified":"2021-09-11T15:09:34","modified_gmt":"2021-09-11T13:09:34","slug":"je-vous-ai-benis-en-christ-de-toute-benediction-celeste","status":"publish","type":"post","link":"https:\/\/fatherheartfrance.com\/index.php\/2021\/09\/11\/je-vous-ai-benis-en-christ-de-toute-benediction-celeste\/","title":{"rendered":"Je vous ai b\u00e9nis en Christ de toute b\u00e9n\u00e9diction c\u00e9leste"},"content":{"rendered":"\n<p class=\"wp-block-paragraph\"><em>\u00c9ph\u00e9siens 1:3 (FRDBY) <\/em><br><em>B\u00e9ni soit le Dieu et P\u00e8re de notre Seigneur J\u00e9sus Christ, qui nous a b\u00e9nis de toute b\u00e9n\u00e9diction spirituelle dans les lieux c\u00e9lestes en Christ;;<\/em><\/p>\n\n\n\n<p class=\"wp-block-paragraph\">Certains ont eu le privil\u00e8ge personnel de recevoir la b\u00e9n\u00e9diction de leur p\u00e8re terrestre avant leur mort. C&rsquo;est souvent ressenti alors comme un v\u00e9ritable honneur pour eux de recevoir une telle b\u00e9n\u00e9diction de leur propre p\u00e8re. Pourtant de nombreuses personnes n&rsquo;ont pas partag\u00e9 cette exp\u00e9rience avec leur propre p\u00e8re terrestre, peut-\u00eatre vous \u00eates vous m\u00eame sentis l\u00e9s\u00e9s par rapport \u00e0 la b\u00e9n\u00e9diction de votre p\u00e8re, un peu comme Esa\u00fc s&rsquo;est senti l\u00e9s\u00e9 par son fr\u00e8re Jacob. (comme dans l&rsquo;histoire de Gen\u00e8se 27).<\/p>\n\n\n\n<p class=\"wp-block-paragraph\">Mais la v\u00e9rit\u00e9, c&rsquo;est que notre Dieu et P\u00e8re a cr\u00e9\u00e9 un chemin \u00e0 travers la croix de J\u00e9sus-Christ (Galates 3:13-14) pour que chacun d&rsquo;entre nous puisse b\u00e9n\u00e9ficier de toutes les b\u00e9n\u00e9dictions c\u00e9lestes qui existent ! Cette promesse, tir\u00e9e d&rsquo;\u00c9ph\u00e9siens 1:3, dit que vous et moi avons \u00e9t\u00e9 b\u00e9nis de toutes les b\u00e9n\u00e9dictions spirituelles dans les lieux c\u00e9lestes. Toutes les b\u00e9n\u00e9dictions qui existent dans le ciel sont \u00e0 vous gr\u00e2ce \u00e0 ce que J\u00e9sus a fait !<\/p>\n\n\n\n<p class=\"wp-block-paragraph\">Nous n&rsquo;avons pas \u00e0 nous sentir priv\u00e9s d&rsquo;une quelconque b\u00e9n\u00e9diction terrestre, car nous avons un p\u00e8re c\u00e9leste qui a plus que compens\u00e9 notre manque de b\u00e9n\u00e9dictions sur terre en nous couvrant de ses propres b\u00e9n\u00e9dictions venues directement du ciel. Nous ne sommes pas des orphelins qui luttent pour survivre dans cette vie, mais nous faisons partie de la plus grande famille qui soit, car Dieu est notre P\u00e8re et J\u00e9sus est notre fr\u00e8re a\u00een\u00e9. Gr\u00e2ce \u00e0 notre riche h\u00e9ritage, nous avons \u00e9t\u00e9 b\u00e9nis en Christ avec toutes les b\u00e9n\u00e9dictions c\u00e9lestes qui existent ! All\u00e9luia !<\/p>\n","protected":false},"excerpt":{"rendered":"<p>\u00c9ph\u00e9siens 1:3 (FRDBY) B\u00e9ni soit le Dieu et P\u00e8re de notre Seigneur J\u00e9sus Christ, qui nous a b\u00e9nis de toute b\u00e9n\u00e9diction spirituelle dans les lieux c\u00e9lestes en Christ;; Certains ont eu le privil\u00e8ge personnel de recevoir la b\u00e9n\u00e9diction de leur p\u00e8re terrestre avant leur mort. C&rsquo;est souvent ressenti alors comme un v\u00e9ritable honneur pour eux <a class=\"more-link\" href=\"https:\/\/fatherheartfrance.com\/index.php\/2021\/09\/11\/je-vous-ai-benis-en-christ-de-toute-benediction-celeste\/\">Lire plus &#8230;<\/a><\/p>\n","protected":false},"author":3,"featured_media":1694,"comment_status":"open","ping_status":"open","sticky":false,"template":"","format":"standard","meta":{"_crdt_document":"","_exactmetrics_skip_tracking":false,"_exactmetrics_sitenote_active":false,"_exactmetrics_sitenote_note":"","_exactmetrics_sitenote_category":0,"footnotes":""},"categories":[1],"tags":[],"class_list":["post-1704","post","type-post","status-publish","format-standard","has-post-thumbnail","hentry","category-non-classe"],"yoast_head":"<!-- This site is optimized with the Yoast SEO plugin v27.5 - https:\/\/yoast.com\/product\/yoast-seo-wordpress\/ -->\n<title>Je vous ai b\u00e9nis en Christ de toute b\u00e9n\u00e9diction c\u00e9leste - Fatherheart - France<\/title>\n<meta name=\"robots\" content=\"index, follow, max-snippet:-1, max-image-preview:large, max-video-preview:-1\" \/>\n<link rel=\"canonical\" href=\"https:\/\/fatherheartfrance.com\/index.php\/2021\/09\/11\/je-vous-ai-benis-en-christ-de-toute-benediction-celeste\/\" \/>\n<meta property=\"og:locale\" content=\"fr_FR\" \/>\n<meta property=\"og:type\" content=\"article\" \/>\n<meta property=\"og:title\" content=\"Je vous ai b\u00e9nis en Christ de toute b\u00e9n\u00e9diction c\u00e9leste - Fatherheart - France\" \/>\n<meta property=\"og:description\" content=\"\u00c9ph\u00e9siens 1:3 (FRDBY) B\u00e9ni soit le Dieu et P\u00e8re de notre Seigneur J\u00e9sus Christ, qui nous a b\u00e9nis de toute b\u00e9n\u00e9diction spirituelle dans les lieux c\u00e9lestes en Christ;; Certains ont eu le privil\u00e8ge personnel de recevoir la b\u00e9n\u00e9diction de leur p\u00e8re terrestre avant leur mort. C&rsquo;est souvent ressenti alors comme un v\u00e9ritable honneur pour eux Lire plus ...\" \/>\n<meta property=\"og:url\" content=\"https:\/\/fatherheartfrance.com\/index.php\/2021\/09\/11\/je-vous-ai-benis-en-christ-de-toute-benediction-celeste\/\" \/>\n<meta property=\"og:site_name\" content=\"Fatherheart - France\" \/>\n<meta property=\"article:publisher\" content=\"https:\/\/www.facebook.com\/ContactFHF\/\" \/>\n<meta property=\"article:published_time\" content=\"2021-09-11T13:08:57+00:00\" \/>\n<meta property=\"article:modified_time\" content=\"2021-09-11T13:09:34+00:00\" \/>\n<meta property=\"og:image\" content=\"https:\/\/fatherheartfrance.com\/wp-content\/uploads\/2021\/08\/nature-1055091_1920.jpg\" \/>\n\t<meta property=\"og:image:width\" content=\"1920\" \/>\n\t<meta property=\"og:image:height\" content=\"1080\" \/>\n\t<meta property=\"og:image:type\" content=\"image\/jpeg\" \/>\n<meta name=\"author\" content=\"Fr\u00e9d\u00e9ric C\" \/>\n<meta name=\"twitter:card\" content=\"summary_large_image\" \/>\n<meta name=\"twitter:label1\" content=\"\u00c9crit par\" \/>\n\t<meta name=\"twitter:data1\" content=\"Fr\u00e9d\u00e9ric C\" \/>\n\t<meta name=\"twitter:label2\" content=\"Dur\u00e9e de lecture estim\u00e9e\" \/>\n\t<meta name=\"twitter:data2\" content=\"2 minutes\" \/>\n<script type=\"application\/ld+json\" class=\"yoast-schema-graph\">{\"@context\":\"https:\\\/\\\/schema.org\",\"@graph\":[{\"@type\":\"Article\",\"@id\":\"https:\\\/\\\/fatherheartfrance.com\\\/index.php\\\/2021\\\/09\\\/11\\\/je-vous-ai-benis-en-christ-de-toute-benediction-celeste\\\/#article\",\"isPartOf\":{\"@id\":\"https:\\\/\\\/fatherheartfrance.com\\\/index.php\\\/2021\\\/09\\\/11\\\/je-vous-ai-benis-en-christ-de-toute-benediction-celeste\\\/\"},\"author\":{\"name\":\"Fr\u00e9d\u00e9ric C\",\"@id\":\"https:\\\/\\\/fatherheartfrance.com\\\/#\\\/schema\\\/person\\\/a980675cd50a6bb00fc1a61b57ba7420\"},\"headline\":\"Je vous ai b\u00e9nis en Christ de toute b\u00e9n\u00e9diction c\u00e9leste\",\"datePublished\":\"2021-09-11T13:08:57+00:00\",\"dateModified\":\"2021-09-11T13:09:34+00:00\",\"mainEntityOfPage\":{\"@id\":\"https:\\\/\\\/fatherheartfrance.com\\\/index.php\\\/2021\\\/09\\\/11\\\/je-vous-ai-benis-en-christ-de-toute-benediction-celeste\\\/\"},\"wordCount\":358,\"commentCount\":0,\"publisher\":{\"@id\":\"https:\\\/\\\/fatherheartfrance.com\\\/#organization\"},\"image\":{\"@id\":\"https:\\\/\\\/fatherheartfrance.com\\\/index.php\\\/2021\\\/09\\\/11\\\/je-vous-ai-benis-en-christ-de-toute-benediction-celeste\\\/#primaryimage\"},\"thumbnailUrl\":\"https:\\\/\\\/fatherheartfrance.com\\\/wp-content\\\/uploads\\\/2021\\\/08\\\/nature-1055091_1920.jpg\",\"inLanguage\":\"fr-FR\",\"potentialAction\":[{\"@type\":\"CommentAction\",\"name\":\"Comment\",\"target\":[\"https:\\\/\\\/fatherheartfrance.com\\\/index.php\\\/2021\\\/09\\\/11\\\/je-vous-ai-benis-en-christ-de-toute-benediction-celeste\\\/#respond\"]}]},{\"@type\":\"WebPage\",\"@id\":\"https:\\\/\\\/fatherheartfrance.com\\\/index.php\\\/2021\\\/09\\\/11\\\/je-vous-ai-benis-en-christ-de-toute-benediction-celeste\\\/\",\"url\":\"https:\\\/\\\/fatherheartfrance.com\\\/index.php\\\/2021\\\/09\\\/11\\\/je-vous-ai-benis-en-christ-de-toute-benediction-celeste\\\/\",\"name\":\"Je vous ai b\u00e9nis en Christ de toute b\u00e9n\u00e9diction c\u00e9leste - Fatherheart - France\",\"isPartOf\":{\"@id\":\"https:\\\/\\\/fatherheartfrance.com\\\/#website\"},\"primaryImageOfPage\":{\"@id\":\"https:\\\/\\\/fatherheartfrance.com\\\/index.php\\\/2021\\\/09\\\/11\\\/je-vous-ai-benis-en-christ-de-toute-benediction-celeste\\\/#primaryimage\"},\"image\":{\"@id\":\"https:\\\/\\\/fatherheartfrance.com\\\/index.php\\\/2021\\\/09\\\/11\\\/je-vous-ai-benis-en-christ-de-toute-benediction-celeste\\\/#primaryimage\"},\"thumbnailUrl\":\"https:\\\/\\\/fatherheartfrance.com\\\/wp-content\\\/uploads\\\/2021\\\/08\\\/nature-1055091_1920.jpg\",\"datePublished\":\"2021-09-11T13:08:57+00:00\",\"dateModified\":\"2021-09-11T13:09:34+00:00\",\"breadcrumb\":{\"@id\":\"https:\\\/\\\/fatherheartfrance.com\\\/index.php\\\/2021\\\/09\\\/11\\\/je-vous-ai-benis-en-christ-de-toute-benediction-celeste\\\/#breadcrumb\"},\"inLanguage\":\"fr-FR\",\"potentialAction\":[{\"@type\":\"ReadAction\",\"target\":[\"https:\\\/\\\/fatherheartfrance.com\\\/index.php\\\/2021\\\/09\\\/11\\\/je-vous-ai-benis-en-christ-de-toute-benediction-celeste\\\/\"]}]},{\"@type\":\"ImageObject\",\"inLanguage\":\"fr-FR\",\"@id\":\"https:\\\/\\\/fatherheartfrance.com\\\/index.php\\\/2021\\\/09\\\/11\\\/je-vous-ai-benis-en-christ-de-toute-benediction-celeste\\\/#primaryimage\",\"url\":\"https:\\\/\\\/fatherheartfrance.com\\\/wp-content\\\/uploads\\\/2021\\\/08\\\/nature-1055091_1920.jpg\",\"contentUrl\":\"https:\\\/\\\/fatherheartfrance.com\\\/wp-content\\\/uploads\\\/2021\\\/08\\\/nature-1055091_1920.jpg\",\"width\":1920,\"height\":1080,\"caption\":\"nature-Fatherheart-France\"},{\"@type\":\"BreadcrumbList\",\"@id\":\"https:\\\/\\\/fatherheartfrance.com\\\/index.php\\\/2021\\\/09\\\/11\\\/je-vous-ai-benis-en-christ-de-toute-benediction-celeste\\\/#breadcrumb\",\"itemListElement\":[{\"@type\":\"ListItem\",\"position\":1,\"name\":\"Accueil\",\"item\":\"https:\\\/\\\/fatherheartfrance.com\\\/\"},{\"@type\":\"ListItem\",\"position\":2,\"name\":\"Je vous ai b\u00e9nis en Christ de toute b\u00e9n\u00e9diction c\u00e9leste\"}]},{\"@type\":\"WebSite\",\"@id\":\"https:\\\/\\\/fatherheartfrance.com\\\/#website\",\"url\":\"https:\\\/\\\/fatherheartfrance.com\\\/\",\"name\":\"Fatherheart - France\",\"description\":\"Amour du P\u00e8re\",\"publisher\":{\"@id\":\"https:\\\/\\\/fatherheartfrance.com\\\/#organization\"},\"potentialAction\":[{\"@type\":\"SearchAction\",\"target\":{\"@type\":\"EntryPoint\",\"urlTemplate\":\"https:\\\/\\\/fatherheartfrance.com\\\/?s={search_term_string}\"},\"query-input\":{\"@type\":\"PropertyValueSpecification\",\"valueRequired\":true,\"valueName\":\"search_term_string\"}}],\"inLanguage\":\"fr-FR\"},{\"@type\":\"Organization\",\"@id\":\"https:\\\/\\\/fatherheartfrance.com\\\/#organization\",\"name\":\"fatherheartfrance\",\"url\":\"https:\\\/\\\/fatherheartfrance.com\\\/\",\"logo\":{\"@type\":\"ImageObject\",\"inLanguage\":\"fr-FR\",\"@id\":\"https:\\\/\\\/fatherheartfrance.com\\\/#\\\/schema\\\/logo\\\/image\\\/\",\"url\":\"https:\\\/\\\/fatherheartfrance.com\\\/wp-content\\\/uploads\\\/2017\\\/02\\\/logo-3-e1488034589841.png\",\"contentUrl\":\"https:\\\/\\\/fatherheartfrance.com\\\/wp-content\\\/uploads\\\/2017\\\/02\\\/logo-3-e1488034589841.png\",\"width\":300,\"height\":82,\"caption\":\"fatherheartfrance\"},\"image\":{\"@id\":\"https:\\\/\\\/fatherheartfrance.com\\\/#\\\/schema\\\/logo\\\/image\\\/\"},\"sameAs\":[\"https:\\\/\\\/www.facebook.com\\\/ContactFHF\\\/\"]},{\"@type\":\"Person\",\"@id\":\"https:\\\/\\\/fatherheartfrance.com\\\/#\\\/schema\\\/person\\\/a980675cd50a6bb00fc1a61b57ba7420\",\"name\":\"Fr\u00e9d\u00e9ric C\",\"image\":{\"@type\":\"ImageObject\",\"inLanguage\":\"fr-FR\",\"@id\":\"https:\\\/\\\/secure.gravatar.com\\\/avatar\\\/f847814b88f468c211776e97f3b93c066195167c83d3e8cb7e6ca0612f3757a8?s=96&d=mm&r=g\",\"url\":\"https:\\\/\\\/secure.gravatar.com\\\/avatar\\\/f847814b88f468c211776e97f3b93c066195167c83d3e8cb7e6ca0612f3757a8?s=96&d=mm&r=g\",\"contentUrl\":\"https:\\\/\\\/secure.gravatar.com\\\/avatar\\\/f847814b88f468c211776e97f3b93c066195167c83d3e8cb7e6ca0612f3757a8?s=96&d=mm&r=g\",\"caption\":\"Fr\u00e9d\u00e9ric C\"},\"url\":\"https:\\\/\\\/fatherheartfrance.com\\\/index.php\\\/author\\\/frederic\\\/\"}]}<\/script>\n<!-- \/ Yoast SEO plugin. -->","yoast_head_json":{"title":"Je vous ai b\u00e9nis en Christ de toute b\u00e9n\u00e9diction c\u00e9leste - Fatherheart - France","robots":{"index":"index","follow":"follow","max-snippet":"max-snippet:-1","max-image-preview":"max-image-preview:large","max-video-preview":"max-video-preview:-1"},"canonical":"https:\/\/fatherheartfrance.com\/index.php\/2021\/09\/11\/je-vous-ai-benis-en-christ-de-toute-benediction-celeste\/","og_locale":"fr_FR","og_type":"article","og_title":"Je vous ai b\u00e9nis en Christ de toute b\u00e9n\u00e9diction c\u00e9leste - Fatherheart - France","og_description":"\u00c9ph\u00e9siens 1:3 (FRDBY) B\u00e9ni soit le Dieu et P\u00e8re de notre Seigneur J\u00e9sus Christ, qui nous a b\u00e9nis de toute b\u00e9n\u00e9diction spirituelle dans les lieux c\u00e9lestes en Christ;; Certains ont eu le privil\u00e8ge personnel de recevoir la b\u00e9n\u00e9diction de leur p\u00e8re terrestre avant leur mort. C&rsquo;est souvent ressenti alors comme un v\u00e9ritable honneur pour eux Lire plus ...","og_url":"https:\/\/fatherheartfrance.com\/index.php\/2021\/09\/11\/je-vous-ai-benis-en-christ-de-toute-benediction-celeste\/","og_site_name":"Fatherheart - France","article_publisher":"https:\/\/www.facebook.com\/ContactFHF\/","article_published_time":"2021-09-11T13:08:57+00:00","article_modified_time":"2021-09-11T13:09:34+00:00","og_image":[{"width":1920,"height":1080,"url":"https:\/\/fatherheartfrance.com\/wp-content\/uploads\/2021\/08\/nature-1055091_1920.jpg","type":"image\/jpeg"}],"author":"Fr\u00e9d\u00e9ric C","twitter_card":"summary_large_image","twitter_misc":{"\u00c9crit par":"Fr\u00e9d\u00e9ric C","Dur\u00e9e de lecture estim\u00e9e":"2 minutes"},"schema":{"@context":"https:\/\/schema.org","@graph":[{"@type":"Article","@id":"https:\/\/fatherheartfrance.com\/index.php\/2021\/09\/11\/je-vous-ai-benis-en-christ-de-toute-benediction-celeste\/#article","isPartOf":{"@id":"https:\/\/fatherheartfrance.com\/index.php\/2021\/09\/11\/je-vous-ai-benis-en-christ-de-toute-benediction-celeste\/"},"author":{"name":"Fr\u00e9d\u00e9ric C","@id":"https:\/\/fatherheartfrance.com\/#\/schema\/person\/a980675cd50a6bb00fc1a61b57ba7420"},"headline":"Je vous ai b\u00e9nis en Christ de toute b\u00e9n\u00e9diction c\u00e9leste","datePublished":"2021-09-11T13:08:57+00:00","dateModified":"2021-09-11T13:09:34+00:00","mainEntityOfPage":{"@id":"https:\/\/fatherheartfrance.com\/index.php\/2021\/09\/11\/je-vous-ai-benis-en-christ-de-toute-benediction-celeste\/"},"wordCount":358,"commentCount":0,"publisher":{"@id":"https:\/\/fatherheartfrance.com\/#organization"},"image":{"@id":"https:\/\/fatherheartfrance.com\/index.php\/2021\/09\/11\/je-vous-ai-benis-en-christ-de-toute-benediction-celeste\/#primaryimage"},"thumbnailUrl":"https:\/\/fatherheartfrance.com\/wp-content\/uploads\/2021\/08\/nature-1055091_1920.jpg","inLanguage":"fr-FR","potentialAction":[{"@type":"CommentAction","name":"Comment","target":["https:\/\/fatherheartfrance.com\/index.php\/2021\/09\/11\/je-vous-ai-benis-en-christ-de-toute-benediction-celeste\/#respond"]}]},{"@type":"WebPage","@id":"https:\/\/fatherheartfrance.com\/index.php\/2021\/09\/11\/je-vous-ai-benis-en-christ-de-toute-benediction-celeste\/","url":"https:\/\/fatherheartfrance.com\/index.php\/2021\/09\/11\/je-vous-ai-benis-en-christ-de-toute-benediction-celeste\/","name":"Je vous ai b\u00e9nis en Christ de toute b\u00e9n\u00e9diction c\u00e9leste - Fatherheart - France","isPartOf":{"@id":"https:\/\/fatherheartfrance.com\/#website"},"primaryImageOfPage":{"@id":"https:\/\/fatherheartfrance.com\/index.php\/2021\/09\/11\/je-vous-ai-benis-en-christ-de-toute-benediction-celeste\/#primaryimage"},"image":{"@id":"https:\/\/fatherheartfrance.com\/index.php\/2021\/09\/11\/je-vous-ai-benis-en-christ-de-toute-benediction-celeste\/#primaryimage"},"thumbnailUrl":"https:\/\/fatherheartfrance.com\/wp-content\/uploads\/2021\/08\/nature-1055091_1920.jpg","datePublished":"2021-09-11T13:08:57+00:00","dateModified":"2021-09-11T13:09:34+00:00","breadcrumb":{"@id":"https:\/\/fatherheartfrance.com\/index.php\/2021\/09\/11\/je-vous-ai-benis-en-christ-de-toute-benediction-celeste\/#breadcrumb"},"inLanguage":"fr-FR","potentialAction":[{"@type":"ReadAction","target":["https:\/\/fatherheartfrance.com\/index.php\/2021\/09\/11\/je-vous-ai-benis-en-christ-de-toute-benediction-celeste\/"]}]},{"@type":"ImageObject","inLanguage":"fr-FR","@id":"https:\/\/fatherheartfrance.com\/index.php\/2021\/09\/11\/je-vous-ai-benis-en-christ-de-toute-benediction-celeste\/#primaryimage","url":"https:\/\/fatherheartfrance.com\/wp-content\/uploads\/2021\/08\/nature-1055091_1920.jpg","contentUrl":"https:\/\/fatherheartfrance.com\/wp-content\/uploads\/2021\/08\/nature-1055091_1920.jpg","width":1920,"height":1080,"caption":"nature-Fatherheart-France"},{"@type":"BreadcrumbList","@id":"https:\/\/fatherheartfrance.com\/index.php\/2021\/09\/11\/je-vous-ai-benis-en-christ-de-toute-benediction-celeste\/#breadcrumb","itemListElement":[{"@type":"ListItem","position":1,"name":"Accueil","item":"https:\/\/fatherheartfrance.com\/"},{"@type":"ListItem","position":2,"name":"Je vous ai b\u00e9nis en Christ de toute b\u00e9n\u00e9diction c\u00e9leste"}]},{"@type":"WebSite","@id":"https:\/\/fatherheartfrance.com\/#website","url":"https:\/\/fatherheartfrance.com\/","name":"Fatherheart - France","description":"Amour du P\u00e8re","publisher":{"@id":"https:\/\/fatherheartfrance.com\/#organization"},"potentialAction":[{"@type":"SearchAction","target":{"@type":"EntryPoint","urlTemplate":"https:\/\/fatherheartfrance.com\/?s={search_term_string}"},"query-input":{"@type":"PropertyValueSpecification","valueRequired":true,"valueName":"search_term_string"}}],"inLanguage":"fr-FR"},{"@type":"Organization","@id":"https:\/\/fatherheartfrance.com\/#organization","name":"fatherheartfrance","url":"https:\/\/fatherheartfrance.com\/","logo":{"@type":"ImageObject","inLanguage":"fr-FR","@id":"https:\/\/fatherheartfrance.com\/#\/schema\/logo\/image\/","url":"https:\/\/fatherheartfrance.com\/wp-content\/uploads\/2017\/02\/logo-3-e1488034589841.png","contentUrl":"https:\/\/fatherheartfrance.com\/wp-content\/uploads\/2017\/02\/logo-3-e1488034589841.png","width":300,"height":82,"caption":"fatherheartfrance"},"image":{"@id":"https:\/\/fatherheartfrance.com\/#\/schema\/logo\/image\/"},"sameAs":["https:\/\/www.facebook.com\/ContactFHF\/"]},{"@type":"Person","@id":"https:\/\/fatherheartfrance.com\/#\/schema\/person\/a980675cd50a6bb00fc1a61b57ba7420","name":"Fr\u00e9d\u00e9ric C","image":{"@type":"ImageObject","inLanguage":"fr-FR","@id":"https:\/\/secure.gravatar.com\/avatar\/f847814b88f468c211776e97f3b93c066195167c83d3e8cb7e6ca0612f3757a8?s=96&d=mm&r=g","url":"https:\/\/secure.gravatar.com\/avatar\/f847814b88f468c211776e97f3b93c066195167c83d3e8cb7e6ca0612f3757a8?s=96&d=mm&r=g","contentUrl":"https:\/\/secure.gravatar.com\/avatar\/f847814b88f468c211776e97f3b93c066195167c83d3e8cb7e6ca0612f3757a8?s=96&d=mm&r=g","caption":"Fr\u00e9d\u00e9ric C"},"url":"https:\/\/fatherheartfrance.com\/index.php\/author\/frederic\/"}]}},"_links":{"self":[{"href":"https:\/\/fatherheartfrance.com\/index.php\/wp-json\/wp\/v2\/posts\/1704","targetHints":{"allow":["GET"]}}],"collection":[{"href":"https:\/\/fatherheartfrance.com\/index.php\/wp-json\/wp\/v2\/posts"}],"about":[{"href":"https:\/\/fatherheartfrance.com\/index.php\/wp-json\/wp\/v2\/types\/post"}],"author":[{"embeddable":true,"href":"https:\/\/fatherheartfrance.com\/index.php\/wp-json\/wp\/v2\/users\/3"}],"replies":[{"embeddable":true,"href":"https:\/\/fatherheartfrance.com\/index.php\/wp-json\/wp\/v2\/comments?post=1704"}],"version-history":[{"count":1,"href":"https:\/\/fatherheartfrance.com\/index.php\/wp-json\/wp\/v2\/posts\/1704\/revisions"}],"predecessor-version":[{"id":1705,"href":"https:\/\/fatherheartfrance.com\/index.php\/wp-json\/wp\/v2\/posts\/1704\/revisions\/1705"}],"wp:featuredmedia":[{"embeddable":true,"href":"https:\/\/fatherheartfrance.com\/index.php\/wp-json\/wp\/v2\/media\/1694"}],"wp:attachment":[{"href":"https:\/\/fatherheartfrance.com\/index.php\/wp-json\/wp\/v2\/media?parent=1704"}],"wp:term":[{"taxonomy":"category","embeddable":true,"href":"https:\/\/fatherheartfrance.com\/index.php\/wp-json\/wp\/v2\/categories?post=1704"},{"taxonomy":"post_tag","embeddable":true,"href":"https:\/\/fatherheartfrance.com\/index.php\/wp-json\/wp\/v2\/tags?post=1704"}],"curies":[{"name":"wp","href":"https:\/\/api.w.org\/{rel}","templated":true}]}}