{"id":1638,"date":"2021-07-03T15:49:33","date_gmt":"2021-07-03T13:49:33","guid":{"rendered":"https:\/\/fatherheartfrance.com\/?p=1638"},"modified":"2021-07-03T15:49:34","modified_gmt":"2021-07-03T13:49:34","slug":"je-tai-cree-a-mon-image-avec-ma-benediction-particuliere","status":"publish","type":"post","link":"https:\/\/fatherheartfrance.com\/index.php\/2021\/07\/03\/je-tai-cree-a-mon-image-avec-ma-benediction-particuliere\/","title":{"rendered":"Je t&rsquo;ai cr\u00e9\u00e9 \u00e0 mon image, avec ma b\u00e9n\u00e9diction particuli\u00e8re"},"content":{"rendered":"\n<p class=\"wp-block-paragraph\"><em>Gen\u00e8se 1:27-28 (WEB)\u00a0<br>27 Dieu cr\u00e9a l&rsquo;homme \u00e0 son image. Il le cr\u00e9a \u00e0 l&rsquo;image de Dieu ; il cr\u00e9a l&rsquo;homme et la femme. 28 Dieu les b\u00e9nit. Dieu leur dit : \u00ab\u00a0Soyez f\u00e9conds, multipliez, remplissez la terre et soumettez-la. Dominez les poissons de la mer, les oiseaux du ciel et tous les \u00eatres vivants qui se meuvent sur la terre.\u00a0\u00bb<\/em><\/p>\n\n\n\n<p class=\"wp-block-paragraph\">Dieu nous a cr\u00e9\u00e9s \u00e0 son image. R\u00e9fl\u00e9chissons-y un instant. Nous avons \u00e9t\u00e9 cr\u00e9\u00e9s pour refl\u00e9ter l&rsquo;image de Dieu lui-m\u00eame ! Je me demande ce que les anges ont pens\u00e9 lorsqu&rsquo;ils ont vu Adam et \u00c8ve pour la premi\u00e8re fois ? Quel privil\u00e8ge glorieux que d&rsquo;\u00eatre cr\u00e9\u00e9s \u00e0 l&rsquo;image de Celui qui nous a unis dans le sein de notre m\u00e8re !<\/p>\n\n\n\n<p class=\"wp-block-paragraph\">Puissions-nous ne jamais consid\u00e9rer cette b\u00e9n\u00e9diction comme acquise. Puissions-nous toujours \u00eatre en admiration devant le fait que nous avons \u00e9t\u00e9 cr\u00e9\u00e9s \u00e0 l&rsquo;image de Dieu. Lorsque J\u00e9sus est venu sur terre il y a 2 000 ans, il a scell\u00e9 l&rsquo;affaire en faisant en sorte que nous soyons conformes \u00e0 son image (Romains 8:29) \u00e0 l&rsquo;int\u00e9rieur et \u00e0 l&rsquo;ext\u00e9rieur, afin qu&rsquo;il puisse \u00eatre le premier n\u00e9 d&rsquo;une multitude de fr\u00e8res et s\u0153urs.<\/p>\n\n\n\n<p class=\"wp-block-paragraph\">Ma pri\u00e8re aujourd&rsquo;hui est que nous vivions \u00e0 la lumi\u00e8re de la b\u00e9n\u00e9diction originelle de notre P\u00e8re d&rsquo;\u00eatre f\u00e9conds, de multiplier et de dominer sur toute la terre en sachant que nous avons \u00e9t\u00e9 cr\u00e9\u00e9s pour ressembler \u00e0 notre Papa c\u00e9leste.<\/p>\n","protected":false},"excerpt":{"rendered":"<p>Gen\u00e8se 1:27-28 (WEB)\u00a027 Dieu cr\u00e9a l&rsquo;homme \u00e0 son image. Il le cr\u00e9a \u00e0 l&rsquo;image de Dieu ; il cr\u00e9a l&rsquo;homme et la femme. 28 Dieu les b\u00e9nit. Dieu leur dit : \u00ab\u00a0Soyez f\u00e9conds, multipliez, remplissez la terre et soumettez-la. Dominez les poissons de la mer, les oiseaux du ciel et tous les \u00eatres vivants qui <a class=\"more-link\" href=\"https:\/\/fatherheartfrance.com\/index.php\/2021\/07\/03\/je-tai-cree-a-mon-image-avec-ma-benediction-particuliere\/\">Lire plus &#8230;<\/a><\/p>\n","protected":false},"author":3,"featured_media":1612,"comment_status":"open","ping_status":"open","sticky":false,"template":"","format":"standard","meta":{"_crdt_document":"","_exactmetrics_skip_tracking":false,"_exactmetrics_sitenote_active":false,"_exactmetrics_sitenote_note":"","_exactmetrics_sitenote_category":0,"footnotes":""},"categories":[1],"tags":[],"class_list":["post-1638","post","type-post","status-publish","format-standard","has-post-thumbnail","hentry","category-non-classe"],"yoast_head":"<!-- This site is optimized with the Yoast SEO plugin v27.5 - https:\/\/yoast.com\/product\/yoast-seo-wordpress\/ -->\n<title>Je t&#039;ai cr\u00e9\u00e9 \u00e0 mon image, avec ma b\u00e9n\u00e9diction particuli\u00e8re - Fatherheart - France<\/title>\n<meta name=\"robots\" content=\"index, follow, max-snippet:-1, max-image-preview:large, max-video-preview:-1\" \/>\n<link rel=\"canonical\" href=\"https:\/\/fatherheartfrance.com\/index.php\/2021\/07\/03\/je-tai-cree-a-mon-image-avec-ma-benediction-particuliere\/\" \/>\n<meta property=\"og:locale\" content=\"fr_FR\" \/>\n<meta property=\"og:type\" content=\"article\" \/>\n<meta property=\"og:title\" content=\"Je t&#039;ai cr\u00e9\u00e9 \u00e0 mon image, avec ma b\u00e9n\u00e9diction particuli\u00e8re - Fatherheart - France\" \/>\n<meta property=\"og:description\" content=\"Gen\u00e8se 1:27-28 (WEB)\u00a027 Dieu cr\u00e9a l&rsquo;homme \u00e0 son image. Il le cr\u00e9a \u00e0 l&rsquo;image de Dieu ; il cr\u00e9a l&rsquo;homme et la femme. 28 Dieu les b\u00e9nit. Dieu leur dit : \u00ab\u00a0Soyez f\u00e9conds, multipliez, remplissez la terre et soumettez-la. Dominez les poissons de la mer, les oiseaux du ciel et tous les \u00eatres vivants qui Lire plus ...\" \/>\n<meta property=\"og:url\" content=\"https:\/\/fatherheartfrance.com\/index.php\/2021\/07\/03\/je-tai-cree-a-mon-image-avec-ma-benediction-particuliere\/\" \/>\n<meta property=\"og:site_name\" content=\"Fatherheart - France\" \/>\n<meta property=\"article:publisher\" content=\"https:\/\/www.facebook.com\/ContactFHF\/\" \/>\n<meta property=\"article:published_time\" content=\"2021-07-03T13:49:33+00:00\" \/>\n<meta property=\"article:modified_time\" content=\"2021-07-03T13:49:34+00:00\" \/>\n<meta property=\"og:image\" content=\"https:\/\/fatherheartfrance.com\/wp-content\/uploads\/2021\/04\/tree-3822149_1920.jpg\" \/>\n\t<meta property=\"og:image:width\" content=\"1920\" \/>\n\t<meta property=\"og:image:height\" content=\"1278\" \/>\n\t<meta property=\"og:image:type\" content=\"image\/jpeg\" \/>\n<meta name=\"author\" content=\"Fr\u00e9d\u00e9ric C\" \/>\n<meta name=\"twitter:card\" content=\"summary_large_image\" \/>\n<meta name=\"twitter:label1\" content=\"\u00c9crit par\" \/>\n\t<meta name=\"twitter:data1\" content=\"Fr\u00e9d\u00e9ric C\" \/>\n\t<meta name=\"twitter:label2\" content=\"Dur\u00e9e de lecture estim\u00e9e\" \/>\n\t<meta name=\"twitter:data2\" content=\"2 minutes\" \/>\n<script type=\"application\/ld+json\" class=\"yoast-schema-graph\">{\"@context\":\"https:\\\/\\\/schema.org\",\"@graph\":[{\"@type\":\"Article\",\"@id\":\"https:\\\/\\\/fatherheartfrance.com\\\/index.php\\\/2021\\\/07\\\/03\\\/je-tai-cree-a-mon-image-avec-ma-benediction-particuliere\\\/#article\",\"isPartOf\":{\"@id\":\"https:\\\/\\\/fatherheartfrance.com\\\/index.php\\\/2021\\\/07\\\/03\\\/je-tai-cree-a-mon-image-avec-ma-benediction-particuliere\\\/\"},\"author\":{\"name\":\"Fr\u00e9d\u00e9ric C\",\"@id\":\"https:\\\/\\\/fatherheartfrance.com\\\/#\\\/schema\\\/person\\\/a980675cd50a6bb00fc1a61b57ba7420\"},\"headline\":\"Je t&rsquo;ai cr\u00e9\u00e9 \u00e0 mon image, avec ma b\u00e9n\u00e9diction particuli\u00e8re\",\"datePublished\":\"2021-07-03T13:49:33+00:00\",\"dateModified\":\"2021-07-03T13:49:34+00:00\",\"mainEntityOfPage\":{\"@id\":\"https:\\\/\\\/fatherheartfrance.com\\\/index.php\\\/2021\\\/07\\\/03\\\/je-tai-cree-a-mon-image-avec-ma-benediction-particuliere\\\/\"},\"wordCount\":277,\"commentCount\":0,\"publisher\":{\"@id\":\"https:\\\/\\\/fatherheartfrance.com\\\/#organization\"},\"image\":{\"@id\":\"https:\\\/\\\/fatherheartfrance.com\\\/index.php\\\/2021\\\/07\\\/03\\\/je-tai-cree-a-mon-image-avec-ma-benediction-particuliere\\\/#primaryimage\"},\"thumbnailUrl\":\"https:\\\/\\\/fatherheartfrance.com\\\/wp-content\\\/uploads\\\/2021\\\/04\\\/tree-3822149_1920.jpg\",\"inLanguage\":\"fr-FR\",\"potentialAction\":[{\"@type\":\"CommentAction\",\"name\":\"Comment\",\"target\":[\"https:\\\/\\\/fatherheartfrance.com\\\/index.php\\\/2021\\\/07\\\/03\\\/je-tai-cree-a-mon-image-avec-ma-benediction-particuliere\\\/#respond\"]}]},{\"@type\":\"WebPage\",\"@id\":\"https:\\\/\\\/fatherheartfrance.com\\\/index.php\\\/2021\\\/07\\\/03\\\/je-tai-cree-a-mon-image-avec-ma-benediction-particuliere\\\/\",\"url\":\"https:\\\/\\\/fatherheartfrance.com\\\/index.php\\\/2021\\\/07\\\/03\\\/je-tai-cree-a-mon-image-avec-ma-benediction-particuliere\\\/\",\"name\":\"Je t'ai cr\u00e9\u00e9 \u00e0 mon image, avec ma b\u00e9n\u00e9diction particuli\u00e8re - Fatherheart - France\",\"isPartOf\":{\"@id\":\"https:\\\/\\\/fatherheartfrance.com\\\/#website\"},\"primaryImageOfPage\":{\"@id\":\"https:\\\/\\\/fatherheartfrance.com\\\/index.php\\\/2021\\\/07\\\/03\\\/je-tai-cree-a-mon-image-avec-ma-benediction-particuliere\\\/#primaryimage\"},\"image\":{\"@id\":\"https:\\\/\\\/fatherheartfrance.com\\\/index.php\\\/2021\\\/07\\\/03\\\/je-tai-cree-a-mon-image-avec-ma-benediction-particuliere\\\/#primaryimage\"},\"thumbnailUrl\":\"https:\\\/\\\/fatherheartfrance.com\\\/wp-content\\\/uploads\\\/2021\\\/04\\\/tree-3822149_1920.jpg\",\"datePublished\":\"2021-07-03T13:49:33+00:00\",\"dateModified\":\"2021-07-03T13:49:34+00:00\",\"breadcrumb\":{\"@id\":\"https:\\\/\\\/fatherheartfrance.com\\\/index.php\\\/2021\\\/07\\\/03\\\/je-tai-cree-a-mon-image-avec-ma-benediction-particuliere\\\/#breadcrumb\"},\"inLanguage\":\"fr-FR\",\"potentialAction\":[{\"@type\":\"ReadAction\",\"target\":[\"https:\\\/\\\/fatherheartfrance.com\\\/index.php\\\/2021\\\/07\\\/03\\\/je-tai-cree-a-mon-image-avec-ma-benediction-particuliere\\\/\"]}]},{\"@type\":\"ImageObject\",\"inLanguage\":\"fr-FR\",\"@id\":\"https:\\\/\\\/fatherheartfrance.com\\\/index.php\\\/2021\\\/07\\\/03\\\/je-tai-cree-a-mon-image-avec-ma-benediction-particuliere\\\/#primaryimage\",\"url\":\"https:\\\/\\\/fatherheartfrance.com\\\/wp-content\\\/uploads\\\/2021\\\/04\\\/tree-3822149_1920.jpg\",\"contentUrl\":\"https:\\\/\\\/fatherheartfrance.com\\\/wp-content\\\/uploads\\\/2021\\\/04\\\/tree-3822149_1920.jpg\",\"width\":1920,\"height\":1278,\"caption\":\"tree-Fatherheart-France\"},{\"@type\":\"BreadcrumbList\",\"@id\":\"https:\\\/\\\/fatherheartfrance.com\\\/index.php\\\/2021\\\/07\\\/03\\\/je-tai-cree-a-mon-image-avec-ma-benediction-particuliere\\\/#breadcrumb\",\"itemListElement\":[{\"@type\":\"ListItem\",\"position\":1,\"name\":\"Accueil\",\"item\":\"https:\\\/\\\/fatherheartfrance.com\\\/\"},{\"@type\":\"ListItem\",\"position\":2,\"name\":\"Je t&rsquo;ai cr\u00e9\u00e9 \u00e0 mon image, avec ma b\u00e9n\u00e9diction particuli\u00e8re\"}]},{\"@type\":\"WebSite\",\"@id\":\"https:\\\/\\\/fatherheartfrance.com\\\/#website\",\"url\":\"https:\\\/\\\/fatherheartfrance.com\\\/\",\"name\":\"Fatherheart - France\",\"description\":\"Amour du P\u00e8re\",\"publisher\":{\"@id\":\"https:\\\/\\\/fatherheartfrance.com\\\/#organization\"},\"potentialAction\":[{\"@type\":\"SearchAction\",\"target\":{\"@type\":\"EntryPoint\",\"urlTemplate\":\"https:\\\/\\\/fatherheartfrance.com\\\/?s={search_term_string}\"},\"query-input\":{\"@type\":\"PropertyValueSpecification\",\"valueRequired\":true,\"valueName\":\"search_term_string\"}}],\"inLanguage\":\"fr-FR\"},{\"@type\":\"Organization\",\"@id\":\"https:\\\/\\\/fatherheartfrance.com\\\/#organization\",\"name\":\"fatherheartfrance\",\"url\":\"https:\\\/\\\/fatherheartfrance.com\\\/\",\"logo\":{\"@type\":\"ImageObject\",\"inLanguage\":\"fr-FR\",\"@id\":\"https:\\\/\\\/fatherheartfrance.com\\\/#\\\/schema\\\/logo\\\/image\\\/\",\"url\":\"https:\\\/\\\/fatherheartfrance.com\\\/wp-content\\\/uploads\\\/2017\\\/02\\\/logo-3-e1488034589841.png\",\"contentUrl\":\"https:\\\/\\\/fatherheartfrance.com\\\/wp-content\\\/uploads\\\/2017\\\/02\\\/logo-3-e1488034589841.png\",\"width\":300,\"height\":82,\"caption\":\"fatherheartfrance\"},\"image\":{\"@id\":\"https:\\\/\\\/fatherheartfrance.com\\\/#\\\/schema\\\/logo\\\/image\\\/\"},\"sameAs\":[\"https:\\\/\\\/www.facebook.com\\\/ContactFHF\\\/\"]},{\"@type\":\"Person\",\"@id\":\"https:\\\/\\\/fatherheartfrance.com\\\/#\\\/schema\\\/person\\\/a980675cd50a6bb00fc1a61b57ba7420\",\"name\":\"Fr\u00e9d\u00e9ric C\",\"image\":{\"@type\":\"ImageObject\",\"inLanguage\":\"fr-FR\",\"@id\":\"https:\\\/\\\/secure.gravatar.com\\\/avatar\\\/f847814b88f468c211776e97f3b93c066195167c83d3e8cb7e6ca0612f3757a8?s=96&d=mm&r=g\",\"url\":\"https:\\\/\\\/secure.gravatar.com\\\/avatar\\\/f847814b88f468c211776e97f3b93c066195167c83d3e8cb7e6ca0612f3757a8?s=96&d=mm&r=g\",\"contentUrl\":\"https:\\\/\\\/secure.gravatar.com\\\/avatar\\\/f847814b88f468c211776e97f3b93c066195167c83d3e8cb7e6ca0612f3757a8?s=96&d=mm&r=g\",\"caption\":\"Fr\u00e9d\u00e9ric C\"},\"url\":\"https:\\\/\\\/fatherheartfrance.com\\\/index.php\\\/author\\\/frederic\\\/\"}]}<\/script>\n<!-- \/ Yoast SEO plugin. -->","yoast_head_json":{"title":"Je t'ai cr\u00e9\u00e9 \u00e0 mon image, avec ma b\u00e9n\u00e9diction particuli\u00e8re - Fatherheart - France","robots":{"index":"index","follow":"follow","max-snippet":"max-snippet:-1","max-image-preview":"max-image-preview:large","max-video-preview":"max-video-preview:-1"},"canonical":"https:\/\/fatherheartfrance.com\/index.php\/2021\/07\/03\/je-tai-cree-a-mon-image-avec-ma-benediction-particuliere\/","og_locale":"fr_FR","og_type":"article","og_title":"Je t'ai cr\u00e9\u00e9 \u00e0 mon image, avec ma b\u00e9n\u00e9diction particuli\u00e8re - Fatherheart - France","og_description":"Gen\u00e8se 1:27-28 (WEB)\u00a027 Dieu cr\u00e9a l&rsquo;homme \u00e0 son image. Il le cr\u00e9a \u00e0 l&rsquo;image de Dieu ; il cr\u00e9a l&rsquo;homme et la femme. 28 Dieu les b\u00e9nit. Dieu leur dit : \u00ab\u00a0Soyez f\u00e9conds, multipliez, remplissez la terre et soumettez-la. Dominez les poissons de la mer, les oiseaux du ciel et tous les \u00eatres vivants qui Lire plus ...","og_url":"https:\/\/fatherheartfrance.com\/index.php\/2021\/07\/03\/je-tai-cree-a-mon-image-avec-ma-benediction-particuliere\/","og_site_name":"Fatherheart - France","article_publisher":"https:\/\/www.facebook.com\/ContactFHF\/","article_published_time":"2021-07-03T13:49:33+00:00","article_modified_time":"2021-07-03T13:49:34+00:00","og_image":[{"width":1920,"height":1278,"url":"https:\/\/fatherheartfrance.com\/wp-content\/uploads\/2021\/04\/tree-3822149_1920.jpg","type":"image\/jpeg"}],"author":"Fr\u00e9d\u00e9ric C","twitter_card":"summary_large_image","twitter_misc":{"\u00c9crit par":"Fr\u00e9d\u00e9ric C","Dur\u00e9e de lecture estim\u00e9e":"2 minutes"},"schema":{"@context":"https:\/\/schema.org","@graph":[{"@type":"Article","@id":"https:\/\/fatherheartfrance.com\/index.php\/2021\/07\/03\/je-tai-cree-a-mon-image-avec-ma-benediction-particuliere\/#article","isPartOf":{"@id":"https:\/\/fatherheartfrance.com\/index.php\/2021\/07\/03\/je-tai-cree-a-mon-image-avec-ma-benediction-particuliere\/"},"author":{"name":"Fr\u00e9d\u00e9ric C","@id":"https:\/\/fatherheartfrance.com\/#\/schema\/person\/a980675cd50a6bb00fc1a61b57ba7420"},"headline":"Je t&rsquo;ai cr\u00e9\u00e9 \u00e0 mon image, avec ma b\u00e9n\u00e9diction particuli\u00e8re","datePublished":"2021-07-03T13:49:33+00:00","dateModified":"2021-07-03T13:49:34+00:00","mainEntityOfPage":{"@id":"https:\/\/fatherheartfrance.com\/index.php\/2021\/07\/03\/je-tai-cree-a-mon-image-avec-ma-benediction-particuliere\/"},"wordCount":277,"commentCount":0,"publisher":{"@id":"https:\/\/fatherheartfrance.com\/#organization"},"image":{"@id":"https:\/\/fatherheartfrance.com\/index.php\/2021\/07\/03\/je-tai-cree-a-mon-image-avec-ma-benediction-particuliere\/#primaryimage"},"thumbnailUrl":"https:\/\/fatherheartfrance.com\/wp-content\/uploads\/2021\/04\/tree-3822149_1920.jpg","inLanguage":"fr-FR","potentialAction":[{"@type":"CommentAction","name":"Comment","target":["https:\/\/fatherheartfrance.com\/index.php\/2021\/07\/03\/je-tai-cree-a-mon-image-avec-ma-benediction-particuliere\/#respond"]}]},{"@type":"WebPage","@id":"https:\/\/fatherheartfrance.com\/index.php\/2021\/07\/03\/je-tai-cree-a-mon-image-avec-ma-benediction-particuliere\/","url":"https:\/\/fatherheartfrance.com\/index.php\/2021\/07\/03\/je-tai-cree-a-mon-image-avec-ma-benediction-particuliere\/","name":"Je t'ai cr\u00e9\u00e9 \u00e0 mon image, avec ma b\u00e9n\u00e9diction particuli\u00e8re - Fatherheart - France","isPartOf":{"@id":"https:\/\/fatherheartfrance.com\/#website"},"primaryImageOfPage":{"@id":"https:\/\/fatherheartfrance.com\/index.php\/2021\/07\/03\/je-tai-cree-a-mon-image-avec-ma-benediction-particuliere\/#primaryimage"},"image":{"@id":"https:\/\/fatherheartfrance.com\/index.php\/2021\/07\/03\/je-tai-cree-a-mon-image-avec-ma-benediction-particuliere\/#primaryimage"},"thumbnailUrl":"https:\/\/fatherheartfrance.com\/wp-content\/uploads\/2021\/04\/tree-3822149_1920.jpg","datePublished":"2021-07-03T13:49:33+00:00","dateModified":"2021-07-03T13:49:34+00:00","breadcrumb":{"@id":"https:\/\/fatherheartfrance.com\/index.php\/2021\/07\/03\/je-tai-cree-a-mon-image-avec-ma-benediction-particuliere\/#breadcrumb"},"inLanguage":"fr-FR","potentialAction":[{"@type":"ReadAction","target":["https:\/\/fatherheartfrance.com\/index.php\/2021\/07\/03\/je-tai-cree-a-mon-image-avec-ma-benediction-particuliere\/"]}]},{"@type":"ImageObject","inLanguage":"fr-FR","@id":"https:\/\/fatherheartfrance.com\/index.php\/2021\/07\/03\/je-tai-cree-a-mon-image-avec-ma-benediction-particuliere\/#primaryimage","url":"https:\/\/fatherheartfrance.com\/wp-content\/uploads\/2021\/04\/tree-3822149_1920.jpg","contentUrl":"https:\/\/fatherheartfrance.com\/wp-content\/uploads\/2021\/04\/tree-3822149_1920.jpg","width":1920,"height":1278,"caption":"tree-Fatherheart-France"},{"@type":"BreadcrumbList","@id":"https:\/\/fatherheartfrance.com\/index.php\/2021\/07\/03\/je-tai-cree-a-mon-image-avec-ma-benediction-particuliere\/#breadcrumb","itemListElement":[{"@type":"ListItem","position":1,"name":"Accueil","item":"https:\/\/fatherheartfrance.com\/"},{"@type":"ListItem","position":2,"name":"Je t&rsquo;ai cr\u00e9\u00e9 \u00e0 mon image, avec ma b\u00e9n\u00e9diction particuli\u00e8re"}]},{"@type":"WebSite","@id":"https:\/\/fatherheartfrance.com\/#website","url":"https:\/\/fatherheartfrance.com\/","name":"Fatherheart - France","description":"Amour du P\u00e8re","publisher":{"@id":"https:\/\/fatherheartfrance.com\/#organization"},"potentialAction":[{"@type":"SearchAction","target":{"@type":"EntryPoint","urlTemplate":"https:\/\/fatherheartfrance.com\/?s={search_term_string}"},"query-input":{"@type":"PropertyValueSpecification","valueRequired":true,"valueName":"search_term_string"}}],"inLanguage":"fr-FR"},{"@type":"Organization","@id":"https:\/\/fatherheartfrance.com\/#organization","name":"fatherheartfrance","url":"https:\/\/fatherheartfrance.com\/","logo":{"@type":"ImageObject","inLanguage":"fr-FR","@id":"https:\/\/fatherheartfrance.com\/#\/schema\/logo\/image\/","url":"https:\/\/fatherheartfrance.com\/wp-content\/uploads\/2017\/02\/logo-3-e1488034589841.png","contentUrl":"https:\/\/fatherheartfrance.com\/wp-content\/uploads\/2017\/02\/logo-3-e1488034589841.png","width":300,"height":82,"caption":"fatherheartfrance"},"image":{"@id":"https:\/\/fatherheartfrance.com\/#\/schema\/logo\/image\/"},"sameAs":["https:\/\/www.facebook.com\/ContactFHF\/"]},{"@type":"Person","@id":"https:\/\/fatherheartfrance.com\/#\/schema\/person\/a980675cd50a6bb00fc1a61b57ba7420","name":"Fr\u00e9d\u00e9ric C","image":{"@type":"ImageObject","inLanguage":"fr-FR","@id":"https:\/\/secure.gravatar.com\/avatar\/f847814b88f468c211776e97f3b93c066195167c83d3e8cb7e6ca0612f3757a8?s=96&d=mm&r=g","url":"https:\/\/secure.gravatar.com\/avatar\/f847814b88f468c211776e97f3b93c066195167c83d3e8cb7e6ca0612f3757a8?s=96&d=mm&r=g","contentUrl":"https:\/\/secure.gravatar.com\/avatar\/f847814b88f468c211776e97f3b93c066195167c83d3e8cb7e6ca0612f3757a8?s=96&d=mm&r=g","caption":"Fr\u00e9d\u00e9ric C"},"url":"https:\/\/fatherheartfrance.com\/index.php\/author\/frederic\/"}]}},"_links":{"self":[{"href":"https:\/\/fatherheartfrance.com\/index.php\/wp-json\/wp\/v2\/posts\/1638","targetHints":{"allow":["GET"]}}],"collection":[{"href":"https:\/\/fatherheartfrance.com\/index.php\/wp-json\/wp\/v2\/posts"}],"about":[{"href":"https:\/\/fatherheartfrance.com\/index.php\/wp-json\/wp\/v2\/types\/post"}],"author":[{"embeddable":true,"href":"https:\/\/fatherheartfrance.com\/index.php\/wp-json\/wp\/v2\/users\/3"}],"replies":[{"embeddable":true,"href":"https:\/\/fatherheartfrance.com\/index.php\/wp-json\/wp\/v2\/comments?post=1638"}],"version-history":[{"count":1,"href":"https:\/\/fatherheartfrance.com\/index.php\/wp-json\/wp\/v2\/posts\/1638\/revisions"}],"predecessor-version":[{"id":1639,"href":"https:\/\/fatherheartfrance.com\/index.php\/wp-json\/wp\/v2\/posts\/1638\/revisions\/1639"}],"wp:featuredmedia":[{"embeddable":true,"href":"https:\/\/fatherheartfrance.com\/index.php\/wp-json\/wp\/v2\/media\/1612"}],"wp:attachment":[{"href":"https:\/\/fatherheartfrance.com\/index.php\/wp-json\/wp\/v2\/media?parent=1638"}],"wp:term":[{"taxonomy":"category","embeddable":true,"href":"https:\/\/fatherheartfrance.com\/index.php\/wp-json\/wp\/v2\/categories?post=1638"},{"taxonomy":"post_tag","embeddable":true,"href":"https:\/\/fatherheartfrance.com\/index.php\/wp-json\/wp\/v2\/tags?post=1638"}],"curies":[{"name":"wp","href":"https:\/\/api.w.org\/{rel}","templated":true}]}}