{"id":1622,"date":"2021-05-22T09:27:34","date_gmt":"2021-05-22T07:27:34","guid":{"rendered":"https:\/\/fatherheartfrance.com\/?p=1622"},"modified":"2021-05-22T09:27:36","modified_gmt":"2021-05-22T07:27:36","slug":"je-vais-enraciner-ton-coeur-dans-les-profondeurs-de-mon-amour","status":"publish","type":"post","link":"https:\/\/fatherheartfrance.com\/index.php\/2021\/05\/22\/je-vais-enraciner-ton-coeur-dans-les-profondeurs-de-mon-amour\/","title":{"rendered":"Je vais enraciner ton c\u0153ur dans les profondeurs de mon amour"},"content":{"rendered":"\n<p class=\"wp-block-paragraph\"><em>\u00c9ph\u00e9siens 3:17 <br>afin que le Christ habite dans vos c\u0153urs par la foi ;<br>afin que vous soyez enracin\u00e9s et fond\u00e9s dans l&rsquo;amour,<\/em><\/p>\n\n\n\n<p class=\"wp-block-paragraph\">1 Jean 4:16 dit \u00ab\u00a0<em>Dieu est amour<\/em>\u00ab\u00a0. Le Dieu trinitaire&#8230; P\u00e8re, Fils et Saint-Esprit est l&rsquo;expression parfaite de l&rsquo;amour et nous sommes pris dans le centre m\u00eame de leur relation d&rsquo;amour. L&rsquo;ap\u00f4tre Paul prie pour que, gr\u00e2ce \u00e0 la pr\u00e9sence de J\u00e9sus dans nos c\u0153urs, nous soyons enracin\u00e9s et fond\u00e9s dans l&rsquo;amour.<\/p>\n\n\n\n<p class=\"wp-block-paragraph\">La vie d&rsquo;une plante ou d&rsquo;un arbre d\u00e9pend de son syst\u00e8me de racines. Si leurs racines sont peu profondes ou peu d\u00e9velopp\u00e9es, elles risquent d&rsquo;\u00eatre emport\u00e9es par le vent ou de se dess\u00e9cher. Mais plus le syst\u00e8me racinaire est profond, plus la plante ou l&rsquo;arbre est fort. Il est \u00e9tonnant de voir comment certains arbres peuvent r\u00e9sister \u00e0 des vents de la force d&rsquo;un ouragan simplement parce qu&rsquo;ils ont un syst\u00e8me racinaire solide.<\/p>\n\n\n\n<p class=\"wp-block-paragraph\">De la m\u00eame mani\u00e8re, l&rsquo;Esprit du Dieu vivant veut enraciner nos c\u0153urs dans les profondeurs de son amour. Plus nous serons convaincus de l&rsquo;amour de Dieu (Romains 8:37), plus nous saurons que rien ne pourra jamais nous s\u00e9parer de son amour. Plus nous sommes convaincus, plus nos racines sont profondes.<\/p>\n\n\n\n<p class=\"wp-block-paragraph\">Les temp\u00eates ne pourront pas nous \u00e9mouvoir, les \u00e9preuves ne pourront pas nous faire douter de son amour, rien au monde ne pourra \u00e9branler cette r\u00e9v\u00e9lation d&rsquo;amour qui est enracin\u00e9e profond\u00e9ment dans le c\u0153ur de notre P\u00e8re.&nbsp; Qu&rsquo;aujourd&rsquo;hui soit un jour o\u00f9 cette r\u00e9v\u00e9lation d&rsquo;amour soit encore plus profonde qu&rsquo;hier, car les mis\u00e9ricordes de notre Papa sont nouvelles chaque matin.<\/p>\n","protected":false},"excerpt":{"rendered":"<p>\u00c9ph\u00e9siens 3:17 afin que le Christ habite dans vos c\u0153urs par la foi ;afin que vous soyez enracin\u00e9s et fond\u00e9s dans l&rsquo;amour, 1 Jean 4:16 dit \u00ab\u00a0Dieu est amour\u00ab\u00a0. Le Dieu trinitaire&#8230; P\u00e8re, Fils et Saint-Esprit est l&rsquo;expression parfaite de l&rsquo;amour et nous sommes pris dans le centre m\u00eame de leur relation d&rsquo;amour. L&rsquo;ap\u00f4tre Paul <a class=\"more-link\" href=\"https:\/\/fatherheartfrance.com\/index.php\/2021\/05\/22\/je-vais-enraciner-ton-coeur-dans-les-profondeurs-de-mon-amour\/\">Lire plus &#8230;<\/a><\/p>\n","protected":false},"author":3,"featured_media":1601,"comment_status":"open","ping_status":"open","sticky":false,"template":"","format":"standard","meta":{"_crdt_document":"","_exactmetrics_skip_tracking":false,"_exactmetrics_sitenote_active":false,"_exactmetrics_sitenote_note":"","_exactmetrics_sitenote_category":0,"footnotes":""},"categories":[1],"tags":[],"class_list":["post-1622","post","type-post","status-publish","format-standard","has-post-thumbnail","hentry","category-non-classe"],"yoast_head":"<!-- This site is optimized with the Yoast SEO plugin v27.5 - https:\/\/yoast.com\/product\/yoast-seo-wordpress\/ -->\n<title>Je vais enraciner ton c\u0153ur dans les profondeurs de mon amour - Fatherheart - France<\/title>\n<meta name=\"robots\" content=\"index, follow, max-snippet:-1, max-image-preview:large, max-video-preview:-1\" \/>\n<link rel=\"canonical\" href=\"https:\/\/fatherheartfrance.com\/index.php\/2021\/05\/22\/je-vais-enraciner-ton-coeur-dans-les-profondeurs-de-mon-amour\/\" \/>\n<meta property=\"og:locale\" content=\"fr_FR\" \/>\n<meta property=\"og:type\" content=\"article\" \/>\n<meta property=\"og:title\" content=\"Je vais enraciner ton c\u0153ur dans les profondeurs de mon amour - Fatherheart - France\" \/>\n<meta property=\"og:description\" content=\"\u00c9ph\u00e9siens 3:17 afin que le Christ habite dans vos c\u0153urs par la foi ;afin que vous soyez enracin\u00e9s et fond\u00e9s dans l&rsquo;amour, 1 Jean 4:16 dit \u00ab\u00a0Dieu est amour\u00ab\u00a0. Le Dieu trinitaire&#8230; P\u00e8re, Fils et Saint-Esprit est l&rsquo;expression parfaite de l&rsquo;amour et nous sommes pris dans le centre m\u00eame de leur relation d&rsquo;amour. L&rsquo;ap\u00f4tre Paul Lire plus ...\" \/>\n<meta property=\"og:url\" content=\"https:\/\/fatherheartfrance.com\/index.php\/2021\/05\/22\/je-vais-enraciner-ton-coeur-dans-les-profondeurs-de-mon-amour\/\" \/>\n<meta property=\"og:site_name\" content=\"Fatherheart - France\" \/>\n<meta property=\"article:publisher\" content=\"https:\/\/www.facebook.com\/ContactFHF\/\" \/>\n<meta property=\"article:published_time\" content=\"2021-05-22T07:27:34+00:00\" \/>\n<meta property=\"article:modified_time\" content=\"2021-05-22T07:27:36+00:00\" \/>\n<meta property=\"og:image\" content=\"https:\/\/fatherheartfrance.com\/wp-content\/uploads\/2021\/04\/mountains-3593055_1920.jpg\" \/>\n\t<meta property=\"og:image:width\" content=\"1920\" \/>\n\t<meta property=\"og:image:height\" content=\"965\" \/>\n\t<meta property=\"og:image:type\" content=\"image\/jpeg\" \/>\n<meta name=\"author\" content=\"Fr\u00e9d\u00e9ric C\" \/>\n<meta name=\"twitter:card\" content=\"summary_large_image\" \/>\n<meta name=\"twitter:label1\" content=\"\u00c9crit par\" \/>\n\t<meta name=\"twitter:data1\" content=\"Fr\u00e9d\u00e9ric C\" \/>\n\t<meta name=\"twitter:label2\" content=\"Dur\u00e9e de lecture estim\u00e9e\" \/>\n\t<meta name=\"twitter:data2\" content=\"2 minutes\" \/>\n<script type=\"application\/ld+json\" class=\"yoast-schema-graph\">{\"@context\":\"https:\\\/\\\/schema.org\",\"@graph\":[{\"@type\":\"Article\",\"@id\":\"https:\\\/\\\/fatherheartfrance.com\\\/index.php\\\/2021\\\/05\\\/22\\\/je-vais-enraciner-ton-coeur-dans-les-profondeurs-de-mon-amour\\\/#article\",\"isPartOf\":{\"@id\":\"https:\\\/\\\/fatherheartfrance.com\\\/index.php\\\/2021\\\/05\\\/22\\\/je-vais-enraciner-ton-coeur-dans-les-profondeurs-de-mon-amour\\\/\"},\"author\":{\"name\":\"Fr\u00e9d\u00e9ric C\",\"@id\":\"https:\\\/\\\/fatherheartfrance.com\\\/#\\\/schema\\\/person\\\/a980675cd50a6bb00fc1a61b57ba7420\"},\"headline\":\"Je vais enraciner ton c\u0153ur dans les profondeurs de mon amour\",\"datePublished\":\"2021-05-22T07:27:34+00:00\",\"dateModified\":\"2021-05-22T07:27:36+00:00\",\"mainEntityOfPage\":{\"@id\":\"https:\\\/\\\/fatherheartfrance.com\\\/index.php\\\/2021\\\/05\\\/22\\\/je-vais-enraciner-ton-coeur-dans-les-profondeurs-de-mon-amour\\\/\"},\"wordCount\":319,\"commentCount\":0,\"publisher\":{\"@id\":\"https:\\\/\\\/fatherheartfrance.com\\\/#organization\"},\"image\":{\"@id\":\"https:\\\/\\\/fatherheartfrance.com\\\/index.php\\\/2021\\\/05\\\/22\\\/je-vais-enraciner-ton-coeur-dans-les-profondeurs-de-mon-amour\\\/#primaryimage\"},\"thumbnailUrl\":\"https:\\\/\\\/fatherheartfrance.com\\\/wp-content\\\/uploads\\\/2021\\\/04\\\/mountains-3593055_1920.jpg\",\"inLanguage\":\"fr-FR\",\"potentialAction\":[{\"@type\":\"CommentAction\",\"name\":\"Comment\",\"target\":[\"https:\\\/\\\/fatherheartfrance.com\\\/index.php\\\/2021\\\/05\\\/22\\\/je-vais-enraciner-ton-coeur-dans-les-profondeurs-de-mon-amour\\\/#respond\"]}]},{\"@type\":\"WebPage\",\"@id\":\"https:\\\/\\\/fatherheartfrance.com\\\/index.php\\\/2021\\\/05\\\/22\\\/je-vais-enraciner-ton-coeur-dans-les-profondeurs-de-mon-amour\\\/\",\"url\":\"https:\\\/\\\/fatherheartfrance.com\\\/index.php\\\/2021\\\/05\\\/22\\\/je-vais-enraciner-ton-coeur-dans-les-profondeurs-de-mon-amour\\\/\",\"name\":\"Je vais enraciner ton c\u0153ur dans les profondeurs de mon amour - Fatherheart - France\",\"isPartOf\":{\"@id\":\"https:\\\/\\\/fatherheartfrance.com\\\/#website\"},\"primaryImageOfPage\":{\"@id\":\"https:\\\/\\\/fatherheartfrance.com\\\/index.php\\\/2021\\\/05\\\/22\\\/je-vais-enraciner-ton-coeur-dans-les-profondeurs-de-mon-amour\\\/#primaryimage\"},\"image\":{\"@id\":\"https:\\\/\\\/fatherheartfrance.com\\\/index.php\\\/2021\\\/05\\\/22\\\/je-vais-enraciner-ton-coeur-dans-les-profondeurs-de-mon-amour\\\/#primaryimage\"},\"thumbnailUrl\":\"https:\\\/\\\/fatherheartfrance.com\\\/wp-content\\\/uploads\\\/2021\\\/04\\\/mountains-3593055_1920.jpg\",\"datePublished\":\"2021-05-22T07:27:34+00:00\",\"dateModified\":\"2021-05-22T07:27:36+00:00\",\"breadcrumb\":{\"@id\":\"https:\\\/\\\/fatherheartfrance.com\\\/index.php\\\/2021\\\/05\\\/22\\\/je-vais-enraciner-ton-coeur-dans-les-profondeurs-de-mon-amour\\\/#breadcrumb\"},\"inLanguage\":\"fr-FR\",\"potentialAction\":[{\"@type\":\"ReadAction\",\"target\":[\"https:\\\/\\\/fatherheartfrance.com\\\/index.php\\\/2021\\\/05\\\/22\\\/je-vais-enraciner-ton-coeur-dans-les-profondeurs-de-mon-amour\\\/\"]}]},{\"@type\":\"ImageObject\",\"inLanguage\":\"fr-FR\",\"@id\":\"https:\\\/\\\/fatherheartfrance.com\\\/index.php\\\/2021\\\/05\\\/22\\\/je-vais-enraciner-ton-coeur-dans-les-profondeurs-de-mon-amour\\\/#primaryimage\",\"url\":\"https:\\\/\\\/fatherheartfrance.com\\\/wp-content\\\/uploads\\\/2021\\\/04\\\/mountains-3593055_1920.jpg\",\"contentUrl\":\"https:\\\/\\\/fatherheartfrance.com\\\/wp-content\\\/uploads\\\/2021\\\/04\\\/mountains-3593055_1920.jpg\",\"width\":1920,\"height\":965,\"caption\":\"mountains-Fatherheart-France\"},{\"@type\":\"BreadcrumbList\",\"@id\":\"https:\\\/\\\/fatherheartfrance.com\\\/index.php\\\/2021\\\/05\\\/22\\\/je-vais-enraciner-ton-coeur-dans-les-profondeurs-de-mon-amour\\\/#breadcrumb\",\"itemListElement\":[{\"@type\":\"ListItem\",\"position\":1,\"name\":\"Accueil\",\"item\":\"https:\\\/\\\/fatherheartfrance.com\\\/\"},{\"@type\":\"ListItem\",\"position\":2,\"name\":\"Je vais enraciner ton c\u0153ur dans les profondeurs de mon amour\"}]},{\"@type\":\"WebSite\",\"@id\":\"https:\\\/\\\/fatherheartfrance.com\\\/#website\",\"url\":\"https:\\\/\\\/fatherheartfrance.com\\\/\",\"name\":\"Fatherheart - France\",\"description\":\"Amour du P\u00e8re\",\"publisher\":{\"@id\":\"https:\\\/\\\/fatherheartfrance.com\\\/#organization\"},\"potentialAction\":[{\"@type\":\"SearchAction\",\"target\":{\"@type\":\"EntryPoint\",\"urlTemplate\":\"https:\\\/\\\/fatherheartfrance.com\\\/?s={search_term_string}\"},\"query-input\":{\"@type\":\"PropertyValueSpecification\",\"valueRequired\":true,\"valueName\":\"search_term_string\"}}],\"inLanguage\":\"fr-FR\"},{\"@type\":\"Organization\",\"@id\":\"https:\\\/\\\/fatherheartfrance.com\\\/#organization\",\"name\":\"fatherheartfrance\",\"url\":\"https:\\\/\\\/fatherheartfrance.com\\\/\",\"logo\":{\"@type\":\"ImageObject\",\"inLanguage\":\"fr-FR\",\"@id\":\"https:\\\/\\\/fatherheartfrance.com\\\/#\\\/schema\\\/logo\\\/image\\\/\",\"url\":\"https:\\\/\\\/fatherheartfrance.com\\\/wp-content\\\/uploads\\\/2017\\\/02\\\/logo-3-e1488034589841.png\",\"contentUrl\":\"https:\\\/\\\/fatherheartfrance.com\\\/wp-content\\\/uploads\\\/2017\\\/02\\\/logo-3-e1488034589841.png\",\"width\":300,\"height\":82,\"caption\":\"fatherheartfrance\"},\"image\":{\"@id\":\"https:\\\/\\\/fatherheartfrance.com\\\/#\\\/schema\\\/logo\\\/image\\\/\"},\"sameAs\":[\"https:\\\/\\\/www.facebook.com\\\/ContactFHF\\\/\"]},{\"@type\":\"Person\",\"@id\":\"https:\\\/\\\/fatherheartfrance.com\\\/#\\\/schema\\\/person\\\/a980675cd50a6bb00fc1a61b57ba7420\",\"name\":\"Fr\u00e9d\u00e9ric C\",\"image\":{\"@type\":\"ImageObject\",\"inLanguage\":\"fr-FR\",\"@id\":\"https:\\\/\\\/secure.gravatar.com\\\/avatar\\\/f847814b88f468c211776e97f3b93c066195167c83d3e8cb7e6ca0612f3757a8?s=96&d=mm&r=g\",\"url\":\"https:\\\/\\\/secure.gravatar.com\\\/avatar\\\/f847814b88f468c211776e97f3b93c066195167c83d3e8cb7e6ca0612f3757a8?s=96&d=mm&r=g\",\"contentUrl\":\"https:\\\/\\\/secure.gravatar.com\\\/avatar\\\/f847814b88f468c211776e97f3b93c066195167c83d3e8cb7e6ca0612f3757a8?s=96&d=mm&r=g\",\"caption\":\"Fr\u00e9d\u00e9ric C\"},\"url\":\"https:\\\/\\\/fatherheartfrance.com\\\/index.php\\\/author\\\/frederic\\\/\"}]}<\/script>\n<!-- \/ Yoast SEO plugin. -->","yoast_head_json":{"title":"Je vais enraciner ton c\u0153ur dans les profondeurs de mon amour - Fatherheart - France","robots":{"index":"index","follow":"follow","max-snippet":"max-snippet:-1","max-image-preview":"max-image-preview:large","max-video-preview":"max-video-preview:-1"},"canonical":"https:\/\/fatherheartfrance.com\/index.php\/2021\/05\/22\/je-vais-enraciner-ton-coeur-dans-les-profondeurs-de-mon-amour\/","og_locale":"fr_FR","og_type":"article","og_title":"Je vais enraciner ton c\u0153ur dans les profondeurs de mon amour - Fatherheart - France","og_description":"\u00c9ph\u00e9siens 3:17 afin que le Christ habite dans vos c\u0153urs par la foi ;afin que vous soyez enracin\u00e9s et fond\u00e9s dans l&rsquo;amour, 1 Jean 4:16 dit \u00ab\u00a0Dieu est amour\u00ab\u00a0. Le Dieu trinitaire&#8230; P\u00e8re, Fils et Saint-Esprit est l&rsquo;expression parfaite de l&rsquo;amour et nous sommes pris dans le centre m\u00eame de leur relation d&rsquo;amour. L&rsquo;ap\u00f4tre Paul Lire plus ...","og_url":"https:\/\/fatherheartfrance.com\/index.php\/2021\/05\/22\/je-vais-enraciner-ton-coeur-dans-les-profondeurs-de-mon-amour\/","og_site_name":"Fatherheart - France","article_publisher":"https:\/\/www.facebook.com\/ContactFHF\/","article_published_time":"2021-05-22T07:27:34+00:00","article_modified_time":"2021-05-22T07:27:36+00:00","og_image":[{"width":1920,"height":965,"url":"https:\/\/fatherheartfrance.com\/wp-content\/uploads\/2021\/04\/mountains-3593055_1920.jpg","type":"image\/jpeg"}],"author":"Fr\u00e9d\u00e9ric C","twitter_card":"summary_large_image","twitter_misc":{"\u00c9crit par":"Fr\u00e9d\u00e9ric C","Dur\u00e9e de lecture estim\u00e9e":"2 minutes"},"schema":{"@context":"https:\/\/schema.org","@graph":[{"@type":"Article","@id":"https:\/\/fatherheartfrance.com\/index.php\/2021\/05\/22\/je-vais-enraciner-ton-coeur-dans-les-profondeurs-de-mon-amour\/#article","isPartOf":{"@id":"https:\/\/fatherheartfrance.com\/index.php\/2021\/05\/22\/je-vais-enraciner-ton-coeur-dans-les-profondeurs-de-mon-amour\/"},"author":{"name":"Fr\u00e9d\u00e9ric C","@id":"https:\/\/fatherheartfrance.com\/#\/schema\/person\/a980675cd50a6bb00fc1a61b57ba7420"},"headline":"Je vais enraciner ton c\u0153ur dans les profondeurs de mon amour","datePublished":"2021-05-22T07:27:34+00:00","dateModified":"2021-05-22T07:27:36+00:00","mainEntityOfPage":{"@id":"https:\/\/fatherheartfrance.com\/index.php\/2021\/05\/22\/je-vais-enraciner-ton-coeur-dans-les-profondeurs-de-mon-amour\/"},"wordCount":319,"commentCount":0,"publisher":{"@id":"https:\/\/fatherheartfrance.com\/#organization"},"image":{"@id":"https:\/\/fatherheartfrance.com\/index.php\/2021\/05\/22\/je-vais-enraciner-ton-coeur-dans-les-profondeurs-de-mon-amour\/#primaryimage"},"thumbnailUrl":"https:\/\/fatherheartfrance.com\/wp-content\/uploads\/2021\/04\/mountains-3593055_1920.jpg","inLanguage":"fr-FR","potentialAction":[{"@type":"CommentAction","name":"Comment","target":["https:\/\/fatherheartfrance.com\/index.php\/2021\/05\/22\/je-vais-enraciner-ton-coeur-dans-les-profondeurs-de-mon-amour\/#respond"]}]},{"@type":"WebPage","@id":"https:\/\/fatherheartfrance.com\/index.php\/2021\/05\/22\/je-vais-enraciner-ton-coeur-dans-les-profondeurs-de-mon-amour\/","url":"https:\/\/fatherheartfrance.com\/index.php\/2021\/05\/22\/je-vais-enraciner-ton-coeur-dans-les-profondeurs-de-mon-amour\/","name":"Je vais enraciner ton c\u0153ur dans les profondeurs de mon amour - Fatherheart - France","isPartOf":{"@id":"https:\/\/fatherheartfrance.com\/#website"},"primaryImageOfPage":{"@id":"https:\/\/fatherheartfrance.com\/index.php\/2021\/05\/22\/je-vais-enraciner-ton-coeur-dans-les-profondeurs-de-mon-amour\/#primaryimage"},"image":{"@id":"https:\/\/fatherheartfrance.com\/index.php\/2021\/05\/22\/je-vais-enraciner-ton-coeur-dans-les-profondeurs-de-mon-amour\/#primaryimage"},"thumbnailUrl":"https:\/\/fatherheartfrance.com\/wp-content\/uploads\/2021\/04\/mountains-3593055_1920.jpg","datePublished":"2021-05-22T07:27:34+00:00","dateModified":"2021-05-22T07:27:36+00:00","breadcrumb":{"@id":"https:\/\/fatherheartfrance.com\/index.php\/2021\/05\/22\/je-vais-enraciner-ton-coeur-dans-les-profondeurs-de-mon-amour\/#breadcrumb"},"inLanguage":"fr-FR","potentialAction":[{"@type":"ReadAction","target":["https:\/\/fatherheartfrance.com\/index.php\/2021\/05\/22\/je-vais-enraciner-ton-coeur-dans-les-profondeurs-de-mon-amour\/"]}]},{"@type":"ImageObject","inLanguage":"fr-FR","@id":"https:\/\/fatherheartfrance.com\/index.php\/2021\/05\/22\/je-vais-enraciner-ton-coeur-dans-les-profondeurs-de-mon-amour\/#primaryimage","url":"https:\/\/fatherheartfrance.com\/wp-content\/uploads\/2021\/04\/mountains-3593055_1920.jpg","contentUrl":"https:\/\/fatherheartfrance.com\/wp-content\/uploads\/2021\/04\/mountains-3593055_1920.jpg","width":1920,"height":965,"caption":"mountains-Fatherheart-France"},{"@type":"BreadcrumbList","@id":"https:\/\/fatherheartfrance.com\/index.php\/2021\/05\/22\/je-vais-enraciner-ton-coeur-dans-les-profondeurs-de-mon-amour\/#breadcrumb","itemListElement":[{"@type":"ListItem","position":1,"name":"Accueil","item":"https:\/\/fatherheartfrance.com\/"},{"@type":"ListItem","position":2,"name":"Je vais enraciner ton c\u0153ur dans les profondeurs de mon amour"}]},{"@type":"WebSite","@id":"https:\/\/fatherheartfrance.com\/#website","url":"https:\/\/fatherheartfrance.com\/","name":"Fatherheart - France","description":"Amour du P\u00e8re","publisher":{"@id":"https:\/\/fatherheartfrance.com\/#organization"},"potentialAction":[{"@type":"SearchAction","target":{"@type":"EntryPoint","urlTemplate":"https:\/\/fatherheartfrance.com\/?s={search_term_string}"},"query-input":{"@type":"PropertyValueSpecification","valueRequired":true,"valueName":"search_term_string"}}],"inLanguage":"fr-FR"},{"@type":"Organization","@id":"https:\/\/fatherheartfrance.com\/#organization","name":"fatherheartfrance","url":"https:\/\/fatherheartfrance.com\/","logo":{"@type":"ImageObject","inLanguage":"fr-FR","@id":"https:\/\/fatherheartfrance.com\/#\/schema\/logo\/image\/","url":"https:\/\/fatherheartfrance.com\/wp-content\/uploads\/2017\/02\/logo-3-e1488034589841.png","contentUrl":"https:\/\/fatherheartfrance.com\/wp-content\/uploads\/2017\/02\/logo-3-e1488034589841.png","width":300,"height":82,"caption":"fatherheartfrance"},"image":{"@id":"https:\/\/fatherheartfrance.com\/#\/schema\/logo\/image\/"},"sameAs":["https:\/\/www.facebook.com\/ContactFHF\/"]},{"@type":"Person","@id":"https:\/\/fatherheartfrance.com\/#\/schema\/person\/a980675cd50a6bb00fc1a61b57ba7420","name":"Fr\u00e9d\u00e9ric C","image":{"@type":"ImageObject","inLanguage":"fr-FR","@id":"https:\/\/secure.gravatar.com\/avatar\/f847814b88f468c211776e97f3b93c066195167c83d3e8cb7e6ca0612f3757a8?s=96&d=mm&r=g","url":"https:\/\/secure.gravatar.com\/avatar\/f847814b88f468c211776e97f3b93c066195167c83d3e8cb7e6ca0612f3757a8?s=96&d=mm&r=g","contentUrl":"https:\/\/secure.gravatar.com\/avatar\/f847814b88f468c211776e97f3b93c066195167c83d3e8cb7e6ca0612f3757a8?s=96&d=mm&r=g","caption":"Fr\u00e9d\u00e9ric C"},"url":"https:\/\/fatherheartfrance.com\/index.php\/author\/frederic\/"}]}},"_links":{"self":[{"href":"https:\/\/fatherheartfrance.com\/index.php\/wp-json\/wp\/v2\/posts\/1622","targetHints":{"allow":["GET"]}}],"collection":[{"href":"https:\/\/fatherheartfrance.com\/index.php\/wp-json\/wp\/v2\/posts"}],"about":[{"href":"https:\/\/fatherheartfrance.com\/index.php\/wp-json\/wp\/v2\/types\/post"}],"author":[{"embeddable":true,"href":"https:\/\/fatherheartfrance.com\/index.php\/wp-json\/wp\/v2\/users\/3"}],"replies":[{"embeddable":true,"href":"https:\/\/fatherheartfrance.com\/index.php\/wp-json\/wp\/v2\/comments?post=1622"}],"version-history":[{"count":1,"href":"https:\/\/fatherheartfrance.com\/index.php\/wp-json\/wp\/v2\/posts\/1622\/revisions"}],"predecessor-version":[{"id":1623,"href":"https:\/\/fatherheartfrance.com\/index.php\/wp-json\/wp\/v2\/posts\/1622\/revisions\/1623"}],"wp:featuredmedia":[{"embeddable":true,"href":"https:\/\/fatherheartfrance.com\/index.php\/wp-json\/wp\/v2\/media\/1601"}],"wp:attachment":[{"href":"https:\/\/fatherheartfrance.com\/index.php\/wp-json\/wp\/v2\/media?parent=1622"}],"wp:term":[{"taxonomy":"category","embeddable":true,"href":"https:\/\/fatherheartfrance.com\/index.php\/wp-json\/wp\/v2\/categories?post=1622"},{"taxonomy":"post_tag","embeddable":true,"href":"https:\/\/fatherheartfrance.com\/index.php\/wp-json\/wp\/v2\/tags?post=1622"}],"curies":[{"name":"wp","href":"https:\/\/api.w.org\/{rel}","templated":true}]}}