{"id":1617,"date":"2021-05-08T19:31:12","date_gmt":"2021-05-08T17:31:12","guid":{"rendered":"https:\/\/fatherheartfrance.com\/?p=1617"},"modified":"2021-05-08T19:31:14","modified_gmt":"2021-05-08T17:31:14","slug":"je-suis-ta-lumiere-et-ton-salut-la-force-de-ta-vie","status":"publish","type":"post","link":"https:\/\/fatherheartfrance.com\/index.php\/2021\/05\/08\/je-suis-ta-lumiere-et-ton-salut-la-force-de-ta-vie\/","title":{"rendered":"Je suis ta lumi\u00e8re et ton salut, la force de ta vie"},"content":{"rendered":"\n<p class=\"wp-block-paragraph\"><em>Psaume 27:1 (SG21)<\/em><br><em>L&rsquo;Eternel est ma lumi\u00e8re et mon salut: de qui aurais-je peur? L&rsquo;Eternel est le soutien de ma vie: qui devrais-je redouter?<\/em><\/p>\n\n\n\n<p class=\"wp-block-paragraph\">Il y a une confiance dans laquelle le Seigneur veut que nous marchions et qui fera fuir la peur de nos vies. C&rsquo;est la confiance dans laquelle David, le jeune berger, a march\u00e9 lorsqu&rsquo;il a vaincu le lion et l&rsquo;ours en gardant les moutons. C&rsquo;est la m\u00eame confiance que David avait lorsqu&rsquo;il a couru vers un \u00e9norme g\u00e9ant nomm\u00e9 Goliath, arm\u00e9 seulement d&rsquo;une fronde et de quelques pierres.<\/p>\n\n\n\n<p class=\"wp-block-paragraph\">David savait que le Seigneur \u00e9tait sa lumi\u00e8re, son salut et la force de sa vie. Gr\u00e2ce \u00e0 cette r\u00e9v\u00e9lation, David pouvait marcher avec une sainte audace sans avoir peur. Dieu veut que nous ayons aussi cette m\u00eame r\u00e9v\u00e9lation ! J\u00e9sus-Christ est notre lumi\u00e8re, notre salut et la force m\u00eame de notre vie ! Nous n&rsquo;avons rien \u00e0 craindre car si Dieu est pour nous, qui peut s&rsquo;opposer \u00e0 nous ?<\/p>\n\n\n\n<p class=\"wp-block-paragraph\">Que l&rsquo;audace d&rsquo;un lion (Proverbes 28.1) se l\u00e8ve en vous aujourd&rsquo;hui en vous rappelant qui vous \u00eates en Christ !<\/p>\n","protected":false},"excerpt":{"rendered":"<p>Psaume 27:1 (SG21)L&rsquo;Eternel est ma lumi\u00e8re et mon salut: de qui aurais-je peur? L&rsquo;Eternel est le soutien de ma vie: qui devrais-je redouter? Il y a une confiance dans laquelle le Seigneur veut que nous marchions et qui fera fuir la peur de nos vies. C&rsquo;est la confiance dans laquelle David, le jeune berger, a <a class=\"more-link\" href=\"https:\/\/fatherheartfrance.com\/index.php\/2021\/05\/08\/je-suis-ta-lumiere-et-ton-salut-la-force-de-ta-vie\/\">Lire plus &#8230;<\/a><\/p>\n","protected":false},"author":3,"featured_media":1600,"comment_status":"open","ping_status":"open","sticky":false,"template":"","format":"standard","meta":{"_crdt_document":"","_exactmetrics_skip_tracking":false,"_exactmetrics_sitenote_active":false,"_exactmetrics_sitenote_note":"","_exactmetrics_sitenote_category":0,"footnotes":""},"categories":[1],"tags":[],"class_list":["post-1617","post","type-post","status-publish","format-standard","has-post-thumbnail","hentry","category-non-classe"],"yoast_head":"<!-- This site is optimized with the Yoast SEO plugin v27.5 - https:\/\/yoast.com\/product\/yoast-seo-wordpress\/ -->\n<title>Je suis ta lumi\u00e8re et ton salut, la force de ta vie - Fatherheart - France<\/title>\n<meta name=\"robots\" content=\"index, follow, max-snippet:-1, max-image-preview:large, max-video-preview:-1\" \/>\n<link rel=\"canonical\" href=\"https:\/\/fatherheartfrance.com\/index.php\/2021\/05\/08\/je-suis-ta-lumiere-et-ton-salut-la-force-de-ta-vie\/\" \/>\n<meta property=\"og:locale\" content=\"fr_FR\" \/>\n<meta property=\"og:type\" content=\"article\" \/>\n<meta property=\"og:title\" content=\"Je suis ta lumi\u00e8re et ton salut, la force de ta vie - Fatherheart - France\" \/>\n<meta property=\"og:description\" content=\"Psaume 27:1 (SG21)L&rsquo;Eternel est ma lumi\u00e8re et mon salut: de qui aurais-je peur? L&rsquo;Eternel est le soutien de ma vie: qui devrais-je redouter? Il y a une confiance dans laquelle le Seigneur veut que nous marchions et qui fera fuir la peur de nos vies. C&rsquo;est la confiance dans laquelle David, le jeune berger, a Lire plus ...\" \/>\n<meta property=\"og:url\" content=\"https:\/\/fatherheartfrance.com\/index.php\/2021\/05\/08\/je-suis-ta-lumiere-et-ton-salut-la-force-de-ta-vie\/\" \/>\n<meta property=\"og:site_name\" content=\"Fatherheart - France\" \/>\n<meta property=\"article:publisher\" content=\"https:\/\/www.facebook.com\/ContactFHF\/\" \/>\n<meta property=\"article:published_time\" content=\"2021-05-08T17:31:12+00:00\" \/>\n<meta property=\"article:modified_time\" content=\"2021-05-08T17:31:14+00:00\" \/>\n<meta property=\"og:image\" content=\"https:\/\/fatherheartfrance.com\/wp-content\/uploads\/2021\/04\/landscapes-5323529_1920.jpg\" \/>\n\t<meta property=\"og:image:width\" content=\"1920\" \/>\n\t<meta property=\"og:image:height\" content=\"1080\" \/>\n\t<meta property=\"og:image:type\" content=\"image\/jpeg\" \/>\n<meta name=\"author\" content=\"Fr\u00e9d\u00e9ric C\" \/>\n<meta name=\"twitter:card\" content=\"summary_large_image\" \/>\n<meta name=\"twitter:label1\" content=\"\u00c9crit par\" \/>\n\t<meta name=\"twitter:data1\" content=\"Fr\u00e9d\u00e9ric C\" \/>\n\t<meta name=\"twitter:label2\" content=\"Dur\u00e9e de lecture estim\u00e9e\" \/>\n\t<meta name=\"twitter:data2\" content=\"1 minute\" \/>\n<script type=\"application\/ld+json\" class=\"yoast-schema-graph\">{\"@context\":\"https:\\\/\\\/schema.org\",\"@graph\":[{\"@type\":\"Article\",\"@id\":\"https:\\\/\\\/fatherheartfrance.com\\\/index.php\\\/2021\\\/05\\\/08\\\/je-suis-ta-lumiere-et-ton-salut-la-force-de-ta-vie\\\/#article\",\"isPartOf\":{\"@id\":\"https:\\\/\\\/fatherheartfrance.com\\\/index.php\\\/2021\\\/05\\\/08\\\/je-suis-ta-lumiere-et-ton-salut-la-force-de-ta-vie\\\/\"},\"author\":{\"name\":\"Fr\u00e9d\u00e9ric C\",\"@id\":\"https:\\\/\\\/fatherheartfrance.com\\\/#\\\/schema\\\/person\\\/a980675cd50a6bb00fc1a61b57ba7420\"},\"headline\":\"Je suis ta lumi\u00e8re et ton salut, la force de ta vie\",\"datePublished\":\"2021-05-08T17:31:12+00:00\",\"dateModified\":\"2021-05-08T17:31:14+00:00\",\"mainEntityOfPage\":{\"@id\":\"https:\\\/\\\/fatherheartfrance.com\\\/index.php\\\/2021\\\/05\\\/08\\\/je-suis-ta-lumiere-et-ton-salut-la-force-de-ta-vie\\\/\"},\"wordCount\":214,\"commentCount\":0,\"publisher\":{\"@id\":\"https:\\\/\\\/fatherheartfrance.com\\\/#organization\"},\"image\":{\"@id\":\"https:\\\/\\\/fatherheartfrance.com\\\/index.php\\\/2021\\\/05\\\/08\\\/je-suis-ta-lumiere-et-ton-salut-la-force-de-ta-vie\\\/#primaryimage\"},\"thumbnailUrl\":\"https:\\\/\\\/fatherheartfrance.com\\\/wp-content\\\/uploads\\\/2021\\\/04\\\/landscapes-5323529_1920.jpg\",\"inLanguage\":\"fr-FR\",\"potentialAction\":[{\"@type\":\"CommentAction\",\"name\":\"Comment\",\"target\":[\"https:\\\/\\\/fatherheartfrance.com\\\/index.php\\\/2021\\\/05\\\/08\\\/je-suis-ta-lumiere-et-ton-salut-la-force-de-ta-vie\\\/#respond\"]}]},{\"@type\":\"WebPage\",\"@id\":\"https:\\\/\\\/fatherheartfrance.com\\\/index.php\\\/2021\\\/05\\\/08\\\/je-suis-ta-lumiere-et-ton-salut-la-force-de-ta-vie\\\/\",\"url\":\"https:\\\/\\\/fatherheartfrance.com\\\/index.php\\\/2021\\\/05\\\/08\\\/je-suis-ta-lumiere-et-ton-salut-la-force-de-ta-vie\\\/\",\"name\":\"Je suis ta lumi\u00e8re et ton salut, la force de ta vie - Fatherheart - France\",\"isPartOf\":{\"@id\":\"https:\\\/\\\/fatherheartfrance.com\\\/#website\"},\"primaryImageOfPage\":{\"@id\":\"https:\\\/\\\/fatherheartfrance.com\\\/index.php\\\/2021\\\/05\\\/08\\\/je-suis-ta-lumiere-et-ton-salut-la-force-de-ta-vie\\\/#primaryimage\"},\"image\":{\"@id\":\"https:\\\/\\\/fatherheartfrance.com\\\/index.php\\\/2021\\\/05\\\/08\\\/je-suis-ta-lumiere-et-ton-salut-la-force-de-ta-vie\\\/#primaryimage\"},\"thumbnailUrl\":\"https:\\\/\\\/fatherheartfrance.com\\\/wp-content\\\/uploads\\\/2021\\\/04\\\/landscapes-5323529_1920.jpg\",\"datePublished\":\"2021-05-08T17:31:12+00:00\",\"dateModified\":\"2021-05-08T17:31:14+00:00\",\"breadcrumb\":{\"@id\":\"https:\\\/\\\/fatherheartfrance.com\\\/index.php\\\/2021\\\/05\\\/08\\\/je-suis-ta-lumiere-et-ton-salut-la-force-de-ta-vie\\\/#breadcrumb\"},\"inLanguage\":\"fr-FR\",\"potentialAction\":[{\"@type\":\"ReadAction\",\"target\":[\"https:\\\/\\\/fatherheartfrance.com\\\/index.php\\\/2021\\\/05\\\/08\\\/je-suis-ta-lumiere-et-ton-salut-la-force-de-ta-vie\\\/\"]}]},{\"@type\":\"ImageObject\",\"inLanguage\":\"fr-FR\",\"@id\":\"https:\\\/\\\/fatherheartfrance.com\\\/index.php\\\/2021\\\/05\\\/08\\\/je-suis-ta-lumiere-et-ton-salut-la-force-de-ta-vie\\\/#primaryimage\",\"url\":\"https:\\\/\\\/fatherheartfrance.com\\\/wp-content\\\/uploads\\\/2021\\\/04\\\/landscapes-5323529_1920.jpg\",\"contentUrl\":\"https:\\\/\\\/fatherheartfrance.com\\\/wp-content\\\/uploads\\\/2021\\\/04\\\/landscapes-5323529_1920.jpg\",\"width\":1920,\"height\":1080,\"caption\":\"landscapes-Fatherheart-France\"},{\"@type\":\"BreadcrumbList\",\"@id\":\"https:\\\/\\\/fatherheartfrance.com\\\/index.php\\\/2021\\\/05\\\/08\\\/je-suis-ta-lumiere-et-ton-salut-la-force-de-ta-vie\\\/#breadcrumb\",\"itemListElement\":[{\"@type\":\"ListItem\",\"position\":1,\"name\":\"Accueil\",\"item\":\"https:\\\/\\\/fatherheartfrance.com\\\/\"},{\"@type\":\"ListItem\",\"position\":2,\"name\":\"Je suis ta lumi\u00e8re et ton salut, la force de ta vie\"}]},{\"@type\":\"WebSite\",\"@id\":\"https:\\\/\\\/fatherheartfrance.com\\\/#website\",\"url\":\"https:\\\/\\\/fatherheartfrance.com\\\/\",\"name\":\"Fatherheart - France\",\"description\":\"Amour du P\u00e8re\",\"publisher\":{\"@id\":\"https:\\\/\\\/fatherheartfrance.com\\\/#organization\"},\"potentialAction\":[{\"@type\":\"SearchAction\",\"target\":{\"@type\":\"EntryPoint\",\"urlTemplate\":\"https:\\\/\\\/fatherheartfrance.com\\\/?s={search_term_string}\"},\"query-input\":{\"@type\":\"PropertyValueSpecification\",\"valueRequired\":true,\"valueName\":\"search_term_string\"}}],\"inLanguage\":\"fr-FR\"},{\"@type\":\"Organization\",\"@id\":\"https:\\\/\\\/fatherheartfrance.com\\\/#organization\",\"name\":\"fatherheartfrance\",\"url\":\"https:\\\/\\\/fatherheartfrance.com\\\/\",\"logo\":{\"@type\":\"ImageObject\",\"inLanguage\":\"fr-FR\",\"@id\":\"https:\\\/\\\/fatherheartfrance.com\\\/#\\\/schema\\\/logo\\\/image\\\/\",\"url\":\"https:\\\/\\\/fatherheartfrance.com\\\/wp-content\\\/uploads\\\/2017\\\/02\\\/logo-3-e1488034589841.png\",\"contentUrl\":\"https:\\\/\\\/fatherheartfrance.com\\\/wp-content\\\/uploads\\\/2017\\\/02\\\/logo-3-e1488034589841.png\",\"width\":300,\"height\":82,\"caption\":\"fatherheartfrance\"},\"image\":{\"@id\":\"https:\\\/\\\/fatherheartfrance.com\\\/#\\\/schema\\\/logo\\\/image\\\/\"},\"sameAs\":[\"https:\\\/\\\/www.facebook.com\\\/ContactFHF\\\/\"]},{\"@type\":\"Person\",\"@id\":\"https:\\\/\\\/fatherheartfrance.com\\\/#\\\/schema\\\/person\\\/a980675cd50a6bb00fc1a61b57ba7420\",\"name\":\"Fr\u00e9d\u00e9ric C\",\"image\":{\"@type\":\"ImageObject\",\"inLanguage\":\"fr-FR\",\"@id\":\"https:\\\/\\\/secure.gravatar.com\\\/avatar\\\/f847814b88f468c211776e97f3b93c066195167c83d3e8cb7e6ca0612f3757a8?s=96&d=mm&r=g\",\"url\":\"https:\\\/\\\/secure.gravatar.com\\\/avatar\\\/f847814b88f468c211776e97f3b93c066195167c83d3e8cb7e6ca0612f3757a8?s=96&d=mm&r=g\",\"contentUrl\":\"https:\\\/\\\/secure.gravatar.com\\\/avatar\\\/f847814b88f468c211776e97f3b93c066195167c83d3e8cb7e6ca0612f3757a8?s=96&d=mm&r=g\",\"caption\":\"Fr\u00e9d\u00e9ric C\"},\"url\":\"https:\\\/\\\/fatherheartfrance.com\\\/index.php\\\/author\\\/frederic\\\/\"}]}<\/script>\n<!-- \/ Yoast SEO plugin. -->","yoast_head_json":{"title":"Je suis ta lumi\u00e8re et ton salut, la force de ta vie - Fatherheart - France","robots":{"index":"index","follow":"follow","max-snippet":"max-snippet:-1","max-image-preview":"max-image-preview:large","max-video-preview":"max-video-preview:-1"},"canonical":"https:\/\/fatherheartfrance.com\/index.php\/2021\/05\/08\/je-suis-ta-lumiere-et-ton-salut-la-force-de-ta-vie\/","og_locale":"fr_FR","og_type":"article","og_title":"Je suis ta lumi\u00e8re et ton salut, la force de ta vie - Fatherheart - France","og_description":"Psaume 27:1 (SG21)L&rsquo;Eternel est ma lumi\u00e8re et mon salut: de qui aurais-je peur? L&rsquo;Eternel est le soutien de ma vie: qui devrais-je redouter? Il y a une confiance dans laquelle le Seigneur veut que nous marchions et qui fera fuir la peur de nos vies. C&rsquo;est la confiance dans laquelle David, le jeune berger, a Lire plus ...","og_url":"https:\/\/fatherheartfrance.com\/index.php\/2021\/05\/08\/je-suis-ta-lumiere-et-ton-salut-la-force-de-ta-vie\/","og_site_name":"Fatherheart - France","article_publisher":"https:\/\/www.facebook.com\/ContactFHF\/","article_published_time":"2021-05-08T17:31:12+00:00","article_modified_time":"2021-05-08T17:31:14+00:00","og_image":[{"width":1920,"height":1080,"url":"https:\/\/fatherheartfrance.com\/wp-content\/uploads\/2021\/04\/landscapes-5323529_1920.jpg","type":"image\/jpeg"}],"author":"Fr\u00e9d\u00e9ric C","twitter_card":"summary_large_image","twitter_misc":{"\u00c9crit par":"Fr\u00e9d\u00e9ric C","Dur\u00e9e de lecture estim\u00e9e":"1 minute"},"schema":{"@context":"https:\/\/schema.org","@graph":[{"@type":"Article","@id":"https:\/\/fatherheartfrance.com\/index.php\/2021\/05\/08\/je-suis-ta-lumiere-et-ton-salut-la-force-de-ta-vie\/#article","isPartOf":{"@id":"https:\/\/fatherheartfrance.com\/index.php\/2021\/05\/08\/je-suis-ta-lumiere-et-ton-salut-la-force-de-ta-vie\/"},"author":{"name":"Fr\u00e9d\u00e9ric C","@id":"https:\/\/fatherheartfrance.com\/#\/schema\/person\/a980675cd50a6bb00fc1a61b57ba7420"},"headline":"Je suis ta lumi\u00e8re et ton salut, la force de ta vie","datePublished":"2021-05-08T17:31:12+00:00","dateModified":"2021-05-08T17:31:14+00:00","mainEntityOfPage":{"@id":"https:\/\/fatherheartfrance.com\/index.php\/2021\/05\/08\/je-suis-ta-lumiere-et-ton-salut-la-force-de-ta-vie\/"},"wordCount":214,"commentCount":0,"publisher":{"@id":"https:\/\/fatherheartfrance.com\/#organization"},"image":{"@id":"https:\/\/fatherheartfrance.com\/index.php\/2021\/05\/08\/je-suis-ta-lumiere-et-ton-salut-la-force-de-ta-vie\/#primaryimage"},"thumbnailUrl":"https:\/\/fatherheartfrance.com\/wp-content\/uploads\/2021\/04\/landscapes-5323529_1920.jpg","inLanguage":"fr-FR","potentialAction":[{"@type":"CommentAction","name":"Comment","target":["https:\/\/fatherheartfrance.com\/index.php\/2021\/05\/08\/je-suis-ta-lumiere-et-ton-salut-la-force-de-ta-vie\/#respond"]}]},{"@type":"WebPage","@id":"https:\/\/fatherheartfrance.com\/index.php\/2021\/05\/08\/je-suis-ta-lumiere-et-ton-salut-la-force-de-ta-vie\/","url":"https:\/\/fatherheartfrance.com\/index.php\/2021\/05\/08\/je-suis-ta-lumiere-et-ton-salut-la-force-de-ta-vie\/","name":"Je suis ta lumi\u00e8re et ton salut, la force de ta vie - Fatherheart - France","isPartOf":{"@id":"https:\/\/fatherheartfrance.com\/#website"},"primaryImageOfPage":{"@id":"https:\/\/fatherheartfrance.com\/index.php\/2021\/05\/08\/je-suis-ta-lumiere-et-ton-salut-la-force-de-ta-vie\/#primaryimage"},"image":{"@id":"https:\/\/fatherheartfrance.com\/index.php\/2021\/05\/08\/je-suis-ta-lumiere-et-ton-salut-la-force-de-ta-vie\/#primaryimage"},"thumbnailUrl":"https:\/\/fatherheartfrance.com\/wp-content\/uploads\/2021\/04\/landscapes-5323529_1920.jpg","datePublished":"2021-05-08T17:31:12+00:00","dateModified":"2021-05-08T17:31:14+00:00","breadcrumb":{"@id":"https:\/\/fatherheartfrance.com\/index.php\/2021\/05\/08\/je-suis-ta-lumiere-et-ton-salut-la-force-de-ta-vie\/#breadcrumb"},"inLanguage":"fr-FR","potentialAction":[{"@type":"ReadAction","target":["https:\/\/fatherheartfrance.com\/index.php\/2021\/05\/08\/je-suis-ta-lumiere-et-ton-salut-la-force-de-ta-vie\/"]}]},{"@type":"ImageObject","inLanguage":"fr-FR","@id":"https:\/\/fatherheartfrance.com\/index.php\/2021\/05\/08\/je-suis-ta-lumiere-et-ton-salut-la-force-de-ta-vie\/#primaryimage","url":"https:\/\/fatherheartfrance.com\/wp-content\/uploads\/2021\/04\/landscapes-5323529_1920.jpg","contentUrl":"https:\/\/fatherheartfrance.com\/wp-content\/uploads\/2021\/04\/landscapes-5323529_1920.jpg","width":1920,"height":1080,"caption":"landscapes-Fatherheart-France"},{"@type":"BreadcrumbList","@id":"https:\/\/fatherheartfrance.com\/index.php\/2021\/05\/08\/je-suis-ta-lumiere-et-ton-salut-la-force-de-ta-vie\/#breadcrumb","itemListElement":[{"@type":"ListItem","position":1,"name":"Accueil","item":"https:\/\/fatherheartfrance.com\/"},{"@type":"ListItem","position":2,"name":"Je suis ta lumi\u00e8re et ton salut, la force de ta vie"}]},{"@type":"WebSite","@id":"https:\/\/fatherheartfrance.com\/#website","url":"https:\/\/fatherheartfrance.com\/","name":"Fatherheart - France","description":"Amour du P\u00e8re","publisher":{"@id":"https:\/\/fatherheartfrance.com\/#organization"},"potentialAction":[{"@type":"SearchAction","target":{"@type":"EntryPoint","urlTemplate":"https:\/\/fatherheartfrance.com\/?s={search_term_string}"},"query-input":{"@type":"PropertyValueSpecification","valueRequired":true,"valueName":"search_term_string"}}],"inLanguage":"fr-FR"},{"@type":"Organization","@id":"https:\/\/fatherheartfrance.com\/#organization","name":"fatherheartfrance","url":"https:\/\/fatherheartfrance.com\/","logo":{"@type":"ImageObject","inLanguage":"fr-FR","@id":"https:\/\/fatherheartfrance.com\/#\/schema\/logo\/image\/","url":"https:\/\/fatherheartfrance.com\/wp-content\/uploads\/2017\/02\/logo-3-e1488034589841.png","contentUrl":"https:\/\/fatherheartfrance.com\/wp-content\/uploads\/2017\/02\/logo-3-e1488034589841.png","width":300,"height":82,"caption":"fatherheartfrance"},"image":{"@id":"https:\/\/fatherheartfrance.com\/#\/schema\/logo\/image\/"},"sameAs":["https:\/\/www.facebook.com\/ContactFHF\/"]},{"@type":"Person","@id":"https:\/\/fatherheartfrance.com\/#\/schema\/person\/a980675cd50a6bb00fc1a61b57ba7420","name":"Fr\u00e9d\u00e9ric C","image":{"@type":"ImageObject","inLanguage":"fr-FR","@id":"https:\/\/secure.gravatar.com\/avatar\/f847814b88f468c211776e97f3b93c066195167c83d3e8cb7e6ca0612f3757a8?s=96&d=mm&r=g","url":"https:\/\/secure.gravatar.com\/avatar\/f847814b88f468c211776e97f3b93c066195167c83d3e8cb7e6ca0612f3757a8?s=96&d=mm&r=g","contentUrl":"https:\/\/secure.gravatar.com\/avatar\/f847814b88f468c211776e97f3b93c066195167c83d3e8cb7e6ca0612f3757a8?s=96&d=mm&r=g","caption":"Fr\u00e9d\u00e9ric C"},"url":"https:\/\/fatherheartfrance.com\/index.php\/author\/frederic\/"}]}},"_links":{"self":[{"href":"https:\/\/fatherheartfrance.com\/index.php\/wp-json\/wp\/v2\/posts\/1617","targetHints":{"allow":["GET"]}}],"collection":[{"href":"https:\/\/fatherheartfrance.com\/index.php\/wp-json\/wp\/v2\/posts"}],"about":[{"href":"https:\/\/fatherheartfrance.com\/index.php\/wp-json\/wp\/v2\/types\/post"}],"author":[{"embeddable":true,"href":"https:\/\/fatherheartfrance.com\/index.php\/wp-json\/wp\/v2\/users\/3"}],"replies":[{"embeddable":true,"href":"https:\/\/fatherheartfrance.com\/index.php\/wp-json\/wp\/v2\/comments?post=1617"}],"version-history":[{"count":1,"href":"https:\/\/fatherheartfrance.com\/index.php\/wp-json\/wp\/v2\/posts\/1617\/revisions"}],"predecessor-version":[{"id":1618,"href":"https:\/\/fatherheartfrance.com\/index.php\/wp-json\/wp\/v2\/posts\/1617\/revisions\/1618"}],"wp:featuredmedia":[{"embeddable":true,"href":"https:\/\/fatherheartfrance.com\/index.php\/wp-json\/wp\/v2\/media\/1600"}],"wp:attachment":[{"href":"https:\/\/fatherheartfrance.com\/index.php\/wp-json\/wp\/v2\/media?parent=1617"}],"wp:term":[{"taxonomy":"category","embeddable":true,"href":"https:\/\/fatherheartfrance.com\/index.php\/wp-json\/wp\/v2\/categories?post=1617"},{"taxonomy":"post_tag","embeddable":true,"href":"https:\/\/fatherheartfrance.com\/index.php\/wp-json\/wp\/v2\/tags?post=1617"}],"curies":[{"name":"wp","href":"https:\/\/api.w.org\/{rel}","templated":true}]}}