{"id":1594,"date":"2021-04-10T18:41:50","date_gmt":"2021-04-10T16:41:50","guid":{"rendered":"https:\/\/fatherheartfrance.com\/?p=1594"},"modified":"2021-04-10T18:41:54","modified_gmt":"2021-04-10T16:41:54","slug":"je-suis-heureux-de-te-traiter-comme-mon-enfant-et-jespere-que-tu-mappelleras-pere","status":"publish","type":"post","link":"https:\/\/fatherheartfrance.com\/index.php\/2021\/04\/10\/je-suis-heureux-de-te-traiter-comme-mon-enfant-et-jespere-que-tu-mappelleras-pere\/","title":{"rendered":"Je suis heureux de te traiter comme mon enfant et j&rsquo;esp\u00e8re que tu m&rsquo;appelleras P\u00e8re"},"content":{"rendered":"\n<p class=\"wp-block-paragraph\"><em>J\u00e9r\u00e9mie 3:19 (OST)<\/em> <em>Et moi, j&rsquo;ai dit: Comment t&rsquo;admettrai-je au nombre de mes fils, et te donnerai-je la terre d\u00e9sirable, le plus excellent h\u00e9ritage des nations ? Et j&rsquo;ai dit: Tu me crieras: Mon p\u00e8re ! et tu ne te d\u00e9tourneras plus de moi.<\/em><\/p>\n\n\n\n<p class=\"wp-block-paragraph\">Dans l&rsquo;Ancien Testament, Dieu est r\u00e9v\u00e9l\u00e9 par de nombreux noms. Il y a en fait plus de 300 noms diff\u00e9rents qui se r\u00e9f\u00e8rent \u00e0 Dieu, le nom de \u00ab\u00a0<em>P\u00e8re<\/em>\u00a0\u00bb est l&rsquo;un d&rsquo;entre eux. Ce passage de l&rsquo;\u00c9criture r\u00e9v\u00e8le vraiment l&rsquo;incroyable c\u0153ur de Dieu d&rsquo;\u00eatre un P\u00e8re pour Isra\u00ebl.<\/p>\n\n\n\n<p class=\"wp-block-paragraph\">La Bible NIV le dit ainsi&#8230;<br><em>\u00a0\u00bb J&rsquo;ai dit moi-m\u00eame ,<br>\u00ab\u00a0&lsquo;Je vous traiterais volontiers comme mes enfants<br>et vous donnerais un pays agr\u00e9able, <br>le plus bel h\u00e9ritage d&rsquo;une nation.<br>Je pensais que vous m&rsquo;appelleriez &lsquo;P\u00e8re&rsquo;.<br>et que vous ne vous d\u00e9tourneriez pas de moi.<\/em><\/p>\n\n\n\n<p class=\"wp-block-paragraph\">Lorsqu\u2019on lit ce passage de l&rsquo;\u00c9criture, on ressent le d\u00e9sir ardent que Dieu a d&rsquo;\u00eatre un P\u00e8re pour nous. Comme il est heureux de nous traiter comme des fils et comme il esp\u00e8re que nous l&rsquo;appellerons \u00ab\u00a0P\u00e8re\u00a0\u00bb. Bien que Dieu soit r\u00e9v\u00e9l\u00e9 par de nombreux noms dans l&rsquo;Ancien Testament, c&rsquo;est surtout J\u00e9sus qui l&rsquo;a r\u00e9v\u00e9l\u00e9 comme P\u00e8re dans le Nouveau Testament.<\/p>\n\n\n\n<p class=\"wp-block-paragraph\">Gr\u00e2ce \u00e0 la mort, \u00e0 l&rsquo;enterrement et \u00e0 la r\u00e9surrection de J\u00e9sus, nous avons la possibilit\u00e9 de l&rsquo;appeler notre P\u00e8re maintenant ! En Jean 20:17, apr\u00e8s \u00eatre sorti du tombeau, J\u00e9sus r\u00e9sume ainsi son c\u0153ur apr\u00e8s sa r\u00e9surrection&#8230; J\u00e9sus lui dit : \u00ab\u00a0<em>Ne me retiens pas, car je ne suis pas encore mont\u00e9 vers mon P\u00e8re ; mais va vers mes fr\u00e8res, et dis-leur : Je monte vers mon P\u00e8re et votre P\u00e8re, vers mon Dieu et votre Dieu<\/em>\u00ab\u00a0. (WEB)<\/p>\n\n\n\n<p class=\"wp-block-paragraph\">Le d\u00e9sir ardent de votre P\u00e8re est que vous l&rsquo;appeliez \u00ab\u00a0P\u00e8re\u00a0\u00bb. Qu&rsquo;aujourd&rsquo;hui soit le jour o\u00f9 cette r\u00e9v\u00e9lation de sa nature paternelle p\u00e9n\u00e8tre plus profond\u00e9ment que jamais dans votre c\u0153ur.<\/p>\n","protected":false},"excerpt":{"rendered":"<p>J\u00e9r\u00e9mie 3:19 (OST) Et moi, j&rsquo;ai dit: Comment t&rsquo;admettrai-je au nombre de mes fils, et te donnerai-je la terre d\u00e9sirable, le plus excellent h\u00e9ritage des nations ? Et j&rsquo;ai dit: Tu me crieras: Mon p\u00e8re ! et tu ne te d\u00e9tourneras plus de moi. Dans l&rsquo;Ancien Testament, Dieu est r\u00e9v\u00e9l\u00e9 par de nombreux noms. Il <a class=\"more-link\" href=\"https:\/\/fatherheartfrance.com\/index.php\/2021\/04\/10\/je-suis-heureux-de-te-traiter-comme-mon-enfant-et-jespere-que-tu-mappelleras-pere\/\">Lire plus &#8230;<\/a><\/p>\n","protected":false},"author":3,"featured_media":1548,"comment_status":"open","ping_status":"open","sticky":false,"template":"","format":"standard","meta":{"_crdt_document":"","_exactmetrics_skip_tracking":false,"_exactmetrics_sitenote_active":false,"_exactmetrics_sitenote_note":"","_exactmetrics_sitenote_category":0,"footnotes":""},"categories":[1],"tags":[],"class_list":["post-1594","post","type-post","status-publish","format-standard","has-post-thumbnail","hentry","category-non-classe"],"yoast_head":"<!-- This site is optimized with the Yoast SEO plugin v27.5 - https:\/\/yoast.com\/product\/yoast-seo-wordpress\/ -->\n<title>Je suis heureux de te traiter comme mon enfant et j&#039;esp\u00e8re que tu m&#039;appelleras P\u00e8re - Fatherheart - France<\/title>\n<meta name=\"robots\" content=\"index, follow, max-snippet:-1, max-image-preview:large, max-video-preview:-1\" \/>\n<link rel=\"canonical\" href=\"https:\/\/fatherheartfrance.com\/index.php\/2021\/04\/10\/je-suis-heureux-de-te-traiter-comme-mon-enfant-et-jespere-que-tu-mappelleras-pere\/\" \/>\n<meta property=\"og:locale\" content=\"fr_FR\" \/>\n<meta property=\"og:type\" content=\"article\" \/>\n<meta property=\"og:title\" content=\"Je suis heureux de te traiter comme mon enfant et j&#039;esp\u00e8re que tu m&#039;appelleras P\u00e8re - Fatherheart - France\" \/>\n<meta property=\"og:description\" content=\"J\u00e9r\u00e9mie 3:19 (OST) Et moi, j&rsquo;ai dit: Comment t&rsquo;admettrai-je au nombre de mes fils, et te donnerai-je la terre d\u00e9sirable, le plus excellent h\u00e9ritage des nations ? Et j&rsquo;ai dit: Tu me crieras: Mon p\u00e8re ! et tu ne te d\u00e9tourneras plus de moi. Dans l&rsquo;Ancien Testament, Dieu est r\u00e9v\u00e9l\u00e9 par de nombreux noms. Il Lire plus ...\" \/>\n<meta property=\"og:url\" content=\"https:\/\/fatherheartfrance.com\/index.php\/2021\/04\/10\/je-suis-heureux-de-te-traiter-comme-mon-enfant-et-jespere-que-tu-mappelleras-pere\/\" \/>\n<meta property=\"og:site_name\" content=\"Fatherheart - France\" \/>\n<meta property=\"article:publisher\" content=\"https:\/\/www.facebook.com\/ContactFHF\/\" \/>\n<meta property=\"article:published_time\" content=\"2021-04-10T16:41:50+00:00\" \/>\n<meta property=\"article:modified_time\" content=\"2021-04-10T16:41:54+00:00\" \/>\n<meta property=\"og:image\" content=\"https:\/\/fatherheartfrance.com\/wp-content\/uploads\/2021\/01\/mountains-209956_1920.jpg\" \/>\n\t<meta property=\"og:image:width\" content=\"1920\" \/>\n\t<meta property=\"og:image:height\" content=\"1280\" \/>\n\t<meta property=\"og:image:type\" content=\"image\/jpeg\" \/>\n<meta name=\"author\" content=\"Fr\u00e9d\u00e9ric C\" \/>\n<meta name=\"twitter:card\" content=\"summary_large_image\" \/>\n<meta name=\"twitter:label1\" content=\"\u00c9crit par\" \/>\n\t<meta name=\"twitter:data1\" content=\"Fr\u00e9d\u00e9ric C\" \/>\n\t<meta name=\"twitter:label2\" content=\"Dur\u00e9e de lecture estim\u00e9e\" \/>\n\t<meta name=\"twitter:data2\" content=\"2 minutes\" \/>\n<script type=\"application\/ld+json\" class=\"yoast-schema-graph\">{\"@context\":\"https:\\\/\\\/schema.org\",\"@graph\":[{\"@type\":\"Article\",\"@id\":\"https:\\\/\\\/fatherheartfrance.com\\\/index.php\\\/2021\\\/04\\\/10\\\/je-suis-heureux-de-te-traiter-comme-mon-enfant-et-jespere-que-tu-mappelleras-pere\\\/#article\",\"isPartOf\":{\"@id\":\"https:\\\/\\\/fatherheartfrance.com\\\/index.php\\\/2021\\\/04\\\/10\\\/je-suis-heureux-de-te-traiter-comme-mon-enfant-et-jespere-que-tu-mappelleras-pere\\\/\"},\"author\":{\"name\":\"Fr\u00e9d\u00e9ric C\",\"@id\":\"https:\\\/\\\/fatherheartfrance.com\\\/#\\\/schema\\\/person\\\/a980675cd50a6bb00fc1a61b57ba7420\"},\"headline\":\"Je suis heureux de te traiter comme mon enfant et j&rsquo;esp\u00e8re que tu m&rsquo;appelleras P\u00e8re\",\"datePublished\":\"2021-04-10T16:41:50+00:00\",\"dateModified\":\"2021-04-10T16:41:54+00:00\",\"mainEntityOfPage\":{\"@id\":\"https:\\\/\\\/fatherheartfrance.com\\\/index.php\\\/2021\\\/04\\\/10\\\/je-suis-heureux-de-te-traiter-comme-mon-enfant-et-jespere-que-tu-mappelleras-pere\\\/\"},\"wordCount\":391,\"commentCount\":0,\"publisher\":{\"@id\":\"https:\\\/\\\/fatherheartfrance.com\\\/#organization\"},\"image\":{\"@id\":\"https:\\\/\\\/fatherheartfrance.com\\\/index.php\\\/2021\\\/04\\\/10\\\/je-suis-heureux-de-te-traiter-comme-mon-enfant-et-jespere-que-tu-mappelleras-pere\\\/#primaryimage\"},\"thumbnailUrl\":\"https:\\\/\\\/fatherheartfrance.com\\\/wp-content\\\/uploads\\\/2021\\\/01\\\/mountains-209956_1920.jpg\",\"inLanguage\":\"fr-FR\",\"potentialAction\":[{\"@type\":\"CommentAction\",\"name\":\"Comment\",\"target\":[\"https:\\\/\\\/fatherheartfrance.com\\\/index.php\\\/2021\\\/04\\\/10\\\/je-suis-heureux-de-te-traiter-comme-mon-enfant-et-jespere-que-tu-mappelleras-pere\\\/#respond\"]}]},{\"@type\":\"WebPage\",\"@id\":\"https:\\\/\\\/fatherheartfrance.com\\\/index.php\\\/2021\\\/04\\\/10\\\/je-suis-heureux-de-te-traiter-comme-mon-enfant-et-jespere-que-tu-mappelleras-pere\\\/\",\"url\":\"https:\\\/\\\/fatherheartfrance.com\\\/index.php\\\/2021\\\/04\\\/10\\\/je-suis-heureux-de-te-traiter-comme-mon-enfant-et-jespere-que-tu-mappelleras-pere\\\/\",\"name\":\"Je suis heureux de te traiter comme mon enfant et j'esp\u00e8re que tu m'appelleras P\u00e8re - Fatherheart - France\",\"isPartOf\":{\"@id\":\"https:\\\/\\\/fatherheartfrance.com\\\/#website\"},\"primaryImageOfPage\":{\"@id\":\"https:\\\/\\\/fatherheartfrance.com\\\/index.php\\\/2021\\\/04\\\/10\\\/je-suis-heureux-de-te-traiter-comme-mon-enfant-et-jespere-que-tu-mappelleras-pere\\\/#primaryimage\"},\"image\":{\"@id\":\"https:\\\/\\\/fatherheartfrance.com\\\/index.php\\\/2021\\\/04\\\/10\\\/je-suis-heureux-de-te-traiter-comme-mon-enfant-et-jespere-que-tu-mappelleras-pere\\\/#primaryimage\"},\"thumbnailUrl\":\"https:\\\/\\\/fatherheartfrance.com\\\/wp-content\\\/uploads\\\/2021\\\/01\\\/mountains-209956_1920.jpg\",\"datePublished\":\"2021-04-10T16:41:50+00:00\",\"dateModified\":\"2021-04-10T16:41:54+00:00\",\"breadcrumb\":{\"@id\":\"https:\\\/\\\/fatherheartfrance.com\\\/index.php\\\/2021\\\/04\\\/10\\\/je-suis-heureux-de-te-traiter-comme-mon-enfant-et-jespere-que-tu-mappelleras-pere\\\/#breadcrumb\"},\"inLanguage\":\"fr-FR\",\"potentialAction\":[{\"@type\":\"ReadAction\",\"target\":[\"https:\\\/\\\/fatherheartfrance.com\\\/index.php\\\/2021\\\/04\\\/10\\\/je-suis-heureux-de-te-traiter-comme-mon-enfant-et-jespere-que-tu-mappelleras-pere\\\/\"]}]},{\"@type\":\"ImageObject\",\"inLanguage\":\"fr-FR\",\"@id\":\"https:\\\/\\\/fatherheartfrance.com\\\/index.php\\\/2021\\\/04\\\/10\\\/je-suis-heureux-de-te-traiter-comme-mon-enfant-et-jespere-que-tu-mappelleras-pere\\\/#primaryimage\",\"url\":\"https:\\\/\\\/fatherheartfrance.com\\\/wp-content\\\/uploads\\\/2021\\\/01\\\/mountains-209956_1920.jpg\",\"contentUrl\":\"https:\\\/\\\/fatherheartfrance.com\\\/wp-content\\\/uploads\\\/2021\\\/01\\\/mountains-209956_1920.jpg\",\"width\":1920,\"height\":1280,\"caption\":\"mountains-Fatherheart-France\"},{\"@type\":\"BreadcrumbList\",\"@id\":\"https:\\\/\\\/fatherheartfrance.com\\\/index.php\\\/2021\\\/04\\\/10\\\/je-suis-heureux-de-te-traiter-comme-mon-enfant-et-jespere-que-tu-mappelleras-pere\\\/#breadcrumb\",\"itemListElement\":[{\"@type\":\"ListItem\",\"position\":1,\"name\":\"Accueil\",\"item\":\"https:\\\/\\\/fatherheartfrance.com\\\/\"},{\"@type\":\"ListItem\",\"position\":2,\"name\":\"Je suis heureux de te traiter comme mon enfant et j&rsquo;esp\u00e8re que tu m&rsquo;appelleras P\u00e8re\"}]},{\"@type\":\"WebSite\",\"@id\":\"https:\\\/\\\/fatherheartfrance.com\\\/#website\",\"url\":\"https:\\\/\\\/fatherheartfrance.com\\\/\",\"name\":\"Fatherheart - France\",\"description\":\"Amour du P\u00e8re\",\"publisher\":{\"@id\":\"https:\\\/\\\/fatherheartfrance.com\\\/#organization\"},\"potentialAction\":[{\"@type\":\"SearchAction\",\"target\":{\"@type\":\"EntryPoint\",\"urlTemplate\":\"https:\\\/\\\/fatherheartfrance.com\\\/?s={search_term_string}\"},\"query-input\":{\"@type\":\"PropertyValueSpecification\",\"valueRequired\":true,\"valueName\":\"search_term_string\"}}],\"inLanguage\":\"fr-FR\"},{\"@type\":\"Organization\",\"@id\":\"https:\\\/\\\/fatherheartfrance.com\\\/#organization\",\"name\":\"fatherheartfrance\",\"url\":\"https:\\\/\\\/fatherheartfrance.com\\\/\",\"logo\":{\"@type\":\"ImageObject\",\"inLanguage\":\"fr-FR\",\"@id\":\"https:\\\/\\\/fatherheartfrance.com\\\/#\\\/schema\\\/logo\\\/image\\\/\",\"url\":\"https:\\\/\\\/fatherheartfrance.com\\\/wp-content\\\/uploads\\\/2017\\\/02\\\/logo-3-e1488034589841.png\",\"contentUrl\":\"https:\\\/\\\/fatherheartfrance.com\\\/wp-content\\\/uploads\\\/2017\\\/02\\\/logo-3-e1488034589841.png\",\"width\":300,\"height\":82,\"caption\":\"fatherheartfrance\"},\"image\":{\"@id\":\"https:\\\/\\\/fatherheartfrance.com\\\/#\\\/schema\\\/logo\\\/image\\\/\"},\"sameAs\":[\"https:\\\/\\\/www.facebook.com\\\/ContactFHF\\\/\"]},{\"@type\":\"Person\",\"@id\":\"https:\\\/\\\/fatherheartfrance.com\\\/#\\\/schema\\\/person\\\/a980675cd50a6bb00fc1a61b57ba7420\",\"name\":\"Fr\u00e9d\u00e9ric C\",\"image\":{\"@type\":\"ImageObject\",\"inLanguage\":\"fr-FR\",\"@id\":\"https:\\\/\\\/secure.gravatar.com\\\/avatar\\\/f847814b88f468c211776e97f3b93c066195167c83d3e8cb7e6ca0612f3757a8?s=96&d=mm&r=g\",\"url\":\"https:\\\/\\\/secure.gravatar.com\\\/avatar\\\/f847814b88f468c211776e97f3b93c066195167c83d3e8cb7e6ca0612f3757a8?s=96&d=mm&r=g\",\"contentUrl\":\"https:\\\/\\\/secure.gravatar.com\\\/avatar\\\/f847814b88f468c211776e97f3b93c066195167c83d3e8cb7e6ca0612f3757a8?s=96&d=mm&r=g\",\"caption\":\"Fr\u00e9d\u00e9ric C\"},\"url\":\"https:\\\/\\\/fatherheartfrance.com\\\/index.php\\\/author\\\/frederic\\\/\"}]}<\/script>\n<!-- \/ Yoast SEO plugin. -->","yoast_head_json":{"title":"Je suis heureux de te traiter comme mon enfant et j'esp\u00e8re que tu m'appelleras P\u00e8re - Fatherheart - France","robots":{"index":"index","follow":"follow","max-snippet":"max-snippet:-1","max-image-preview":"max-image-preview:large","max-video-preview":"max-video-preview:-1"},"canonical":"https:\/\/fatherheartfrance.com\/index.php\/2021\/04\/10\/je-suis-heureux-de-te-traiter-comme-mon-enfant-et-jespere-que-tu-mappelleras-pere\/","og_locale":"fr_FR","og_type":"article","og_title":"Je suis heureux de te traiter comme mon enfant et j'esp\u00e8re que tu m'appelleras P\u00e8re - Fatherheart - France","og_description":"J\u00e9r\u00e9mie 3:19 (OST) Et moi, j&rsquo;ai dit: Comment t&rsquo;admettrai-je au nombre de mes fils, et te donnerai-je la terre d\u00e9sirable, le plus excellent h\u00e9ritage des nations ? Et j&rsquo;ai dit: Tu me crieras: Mon p\u00e8re ! et tu ne te d\u00e9tourneras plus de moi. Dans l&rsquo;Ancien Testament, Dieu est r\u00e9v\u00e9l\u00e9 par de nombreux noms. Il Lire plus ...","og_url":"https:\/\/fatherheartfrance.com\/index.php\/2021\/04\/10\/je-suis-heureux-de-te-traiter-comme-mon-enfant-et-jespere-que-tu-mappelleras-pere\/","og_site_name":"Fatherheart - France","article_publisher":"https:\/\/www.facebook.com\/ContactFHF\/","article_published_time":"2021-04-10T16:41:50+00:00","article_modified_time":"2021-04-10T16:41:54+00:00","og_image":[{"width":1920,"height":1280,"url":"https:\/\/fatherheartfrance.com\/wp-content\/uploads\/2021\/01\/mountains-209956_1920.jpg","type":"image\/jpeg"}],"author":"Fr\u00e9d\u00e9ric C","twitter_card":"summary_large_image","twitter_misc":{"\u00c9crit par":"Fr\u00e9d\u00e9ric C","Dur\u00e9e de lecture estim\u00e9e":"2 minutes"},"schema":{"@context":"https:\/\/schema.org","@graph":[{"@type":"Article","@id":"https:\/\/fatherheartfrance.com\/index.php\/2021\/04\/10\/je-suis-heureux-de-te-traiter-comme-mon-enfant-et-jespere-que-tu-mappelleras-pere\/#article","isPartOf":{"@id":"https:\/\/fatherheartfrance.com\/index.php\/2021\/04\/10\/je-suis-heureux-de-te-traiter-comme-mon-enfant-et-jespere-que-tu-mappelleras-pere\/"},"author":{"name":"Fr\u00e9d\u00e9ric C","@id":"https:\/\/fatherheartfrance.com\/#\/schema\/person\/a980675cd50a6bb00fc1a61b57ba7420"},"headline":"Je suis heureux de te traiter comme mon enfant et j&rsquo;esp\u00e8re que tu m&rsquo;appelleras P\u00e8re","datePublished":"2021-04-10T16:41:50+00:00","dateModified":"2021-04-10T16:41:54+00:00","mainEntityOfPage":{"@id":"https:\/\/fatherheartfrance.com\/index.php\/2021\/04\/10\/je-suis-heureux-de-te-traiter-comme-mon-enfant-et-jespere-que-tu-mappelleras-pere\/"},"wordCount":391,"commentCount":0,"publisher":{"@id":"https:\/\/fatherheartfrance.com\/#organization"},"image":{"@id":"https:\/\/fatherheartfrance.com\/index.php\/2021\/04\/10\/je-suis-heureux-de-te-traiter-comme-mon-enfant-et-jespere-que-tu-mappelleras-pere\/#primaryimage"},"thumbnailUrl":"https:\/\/fatherheartfrance.com\/wp-content\/uploads\/2021\/01\/mountains-209956_1920.jpg","inLanguage":"fr-FR","potentialAction":[{"@type":"CommentAction","name":"Comment","target":["https:\/\/fatherheartfrance.com\/index.php\/2021\/04\/10\/je-suis-heureux-de-te-traiter-comme-mon-enfant-et-jespere-que-tu-mappelleras-pere\/#respond"]}]},{"@type":"WebPage","@id":"https:\/\/fatherheartfrance.com\/index.php\/2021\/04\/10\/je-suis-heureux-de-te-traiter-comme-mon-enfant-et-jespere-que-tu-mappelleras-pere\/","url":"https:\/\/fatherheartfrance.com\/index.php\/2021\/04\/10\/je-suis-heureux-de-te-traiter-comme-mon-enfant-et-jespere-que-tu-mappelleras-pere\/","name":"Je suis heureux de te traiter comme mon enfant et j'esp\u00e8re que tu m'appelleras P\u00e8re - Fatherheart - France","isPartOf":{"@id":"https:\/\/fatherheartfrance.com\/#website"},"primaryImageOfPage":{"@id":"https:\/\/fatherheartfrance.com\/index.php\/2021\/04\/10\/je-suis-heureux-de-te-traiter-comme-mon-enfant-et-jespere-que-tu-mappelleras-pere\/#primaryimage"},"image":{"@id":"https:\/\/fatherheartfrance.com\/index.php\/2021\/04\/10\/je-suis-heureux-de-te-traiter-comme-mon-enfant-et-jespere-que-tu-mappelleras-pere\/#primaryimage"},"thumbnailUrl":"https:\/\/fatherheartfrance.com\/wp-content\/uploads\/2021\/01\/mountains-209956_1920.jpg","datePublished":"2021-04-10T16:41:50+00:00","dateModified":"2021-04-10T16:41:54+00:00","breadcrumb":{"@id":"https:\/\/fatherheartfrance.com\/index.php\/2021\/04\/10\/je-suis-heureux-de-te-traiter-comme-mon-enfant-et-jespere-que-tu-mappelleras-pere\/#breadcrumb"},"inLanguage":"fr-FR","potentialAction":[{"@type":"ReadAction","target":["https:\/\/fatherheartfrance.com\/index.php\/2021\/04\/10\/je-suis-heureux-de-te-traiter-comme-mon-enfant-et-jespere-que-tu-mappelleras-pere\/"]}]},{"@type":"ImageObject","inLanguage":"fr-FR","@id":"https:\/\/fatherheartfrance.com\/index.php\/2021\/04\/10\/je-suis-heureux-de-te-traiter-comme-mon-enfant-et-jespere-que-tu-mappelleras-pere\/#primaryimage","url":"https:\/\/fatherheartfrance.com\/wp-content\/uploads\/2021\/01\/mountains-209956_1920.jpg","contentUrl":"https:\/\/fatherheartfrance.com\/wp-content\/uploads\/2021\/01\/mountains-209956_1920.jpg","width":1920,"height":1280,"caption":"mountains-Fatherheart-France"},{"@type":"BreadcrumbList","@id":"https:\/\/fatherheartfrance.com\/index.php\/2021\/04\/10\/je-suis-heureux-de-te-traiter-comme-mon-enfant-et-jespere-que-tu-mappelleras-pere\/#breadcrumb","itemListElement":[{"@type":"ListItem","position":1,"name":"Accueil","item":"https:\/\/fatherheartfrance.com\/"},{"@type":"ListItem","position":2,"name":"Je suis heureux de te traiter comme mon enfant et j&rsquo;esp\u00e8re que tu m&rsquo;appelleras P\u00e8re"}]},{"@type":"WebSite","@id":"https:\/\/fatherheartfrance.com\/#website","url":"https:\/\/fatherheartfrance.com\/","name":"Fatherheart - France","description":"Amour du P\u00e8re","publisher":{"@id":"https:\/\/fatherheartfrance.com\/#organization"},"potentialAction":[{"@type":"SearchAction","target":{"@type":"EntryPoint","urlTemplate":"https:\/\/fatherheartfrance.com\/?s={search_term_string}"},"query-input":{"@type":"PropertyValueSpecification","valueRequired":true,"valueName":"search_term_string"}}],"inLanguage":"fr-FR"},{"@type":"Organization","@id":"https:\/\/fatherheartfrance.com\/#organization","name":"fatherheartfrance","url":"https:\/\/fatherheartfrance.com\/","logo":{"@type":"ImageObject","inLanguage":"fr-FR","@id":"https:\/\/fatherheartfrance.com\/#\/schema\/logo\/image\/","url":"https:\/\/fatherheartfrance.com\/wp-content\/uploads\/2017\/02\/logo-3-e1488034589841.png","contentUrl":"https:\/\/fatherheartfrance.com\/wp-content\/uploads\/2017\/02\/logo-3-e1488034589841.png","width":300,"height":82,"caption":"fatherheartfrance"},"image":{"@id":"https:\/\/fatherheartfrance.com\/#\/schema\/logo\/image\/"},"sameAs":["https:\/\/www.facebook.com\/ContactFHF\/"]},{"@type":"Person","@id":"https:\/\/fatherheartfrance.com\/#\/schema\/person\/a980675cd50a6bb00fc1a61b57ba7420","name":"Fr\u00e9d\u00e9ric C","image":{"@type":"ImageObject","inLanguage":"fr-FR","@id":"https:\/\/secure.gravatar.com\/avatar\/f847814b88f468c211776e97f3b93c066195167c83d3e8cb7e6ca0612f3757a8?s=96&d=mm&r=g","url":"https:\/\/secure.gravatar.com\/avatar\/f847814b88f468c211776e97f3b93c066195167c83d3e8cb7e6ca0612f3757a8?s=96&d=mm&r=g","contentUrl":"https:\/\/secure.gravatar.com\/avatar\/f847814b88f468c211776e97f3b93c066195167c83d3e8cb7e6ca0612f3757a8?s=96&d=mm&r=g","caption":"Fr\u00e9d\u00e9ric C"},"url":"https:\/\/fatherheartfrance.com\/index.php\/author\/frederic\/"}]}},"_links":{"self":[{"href":"https:\/\/fatherheartfrance.com\/index.php\/wp-json\/wp\/v2\/posts\/1594","targetHints":{"allow":["GET"]}}],"collection":[{"href":"https:\/\/fatherheartfrance.com\/index.php\/wp-json\/wp\/v2\/posts"}],"about":[{"href":"https:\/\/fatherheartfrance.com\/index.php\/wp-json\/wp\/v2\/types\/post"}],"author":[{"embeddable":true,"href":"https:\/\/fatherheartfrance.com\/index.php\/wp-json\/wp\/v2\/users\/3"}],"replies":[{"embeddable":true,"href":"https:\/\/fatherheartfrance.com\/index.php\/wp-json\/wp\/v2\/comments?post=1594"}],"version-history":[{"count":1,"href":"https:\/\/fatherheartfrance.com\/index.php\/wp-json\/wp\/v2\/posts\/1594\/revisions"}],"predecessor-version":[{"id":1595,"href":"https:\/\/fatherheartfrance.com\/index.php\/wp-json\/wp\/v2\/posts\/1594\/revisions\/1595"}],"wp:featuredmedia":[{"embeddable":true,"href":"https:\/\/fatherheartfrance.com\/index.php\/wp-json\/wp\/v2\/media\/1548"}],"wp:attachment":[{"href":"https:\/\/fatherheartfrance.com\/index.php\/wp-json\/wp\/v2\/media?parent=1594"}],"wp:term":[{"taxonomy":"category","embeddable":true,"href":"https:\/\/fatherheartfrance.com\/index.php\/wp-json\/wp\/v2\/categories?post=1594"},{"taxonomy":"post_tag","embeddable":true,"href":"https:\/\/fatherheartfrance.com\/index.php\/wp-json\/wp\/v2\/tags?post=1594"}],"curies":[{"name":"wp","href":"https:\/\/api.w.org\/{rel}","templated":true}]}}